{"id":3492,"date":"2026-03-05T12:11:17","date_gmt":"2026-03-05T15:11:17","guid":{"rendered":"https:\/\/www.fiemg.com.br\/regional-norte\/?post_type=noticias&#038;p=3492"},"modified":"2026-03-06T09:21:30","modified_gmt":"2026-03-06T12:21:30","slug":"panicon-2026-comeca-a-ser-organizada-pelo-sindpan-e-fiemg-regional-norte","status":"publish","type":"noticias","link":"https:\/\/www.fiemg.com.br\/regional-norte\/noticias\/panicon-2026-comeca-a-ser-organizada-pelo-sindpan-e-fiemg-regional-norte\/","title":{"rendered":"PANICON 2026 come\u00e7a a ser organizada pelo SINDPAN e FIEMG Regional Norte"},"content":{"rendered":"\n<p>No dia 3 de mar\u00e7o, aconteceu na sede da FIEMG Regional Norte uma reuni\u00e3o estrat\u00e9gica para alinhamento e defini\u00e7\u00e3o de pontos fundamentais relacionados \u00e0 organiza\u00e7\u00e3o e ao lan\u00e7amento da 1\u00aa PANICON \u2013 Feira da Panifica\u00e7\u00e3o e Conex\u00e3o do Norte de Minas.<\/p>\n\n\n\n<p>Durante o encontro foram discutidos aspectos estruturantes do evento, incluindo o formato da Feira, o modelo de participa\u00e7\u00e3o das empresas, a estrutura de exposi\u00e7\u00e3o e a defini\u00e7\u00e3o das cotas de patroc\u00ednio, al\u00e9m de diretrizes estrat\u00e9gicas para posicionamento e mobiliza\u00e7\u00e3o do setor.<\/p>\n\n\n\n<p>Na oportunidade tamb\u00e9m foi alinhada a previs\u00e3o de lan\u00e7amento oficial da PANICON, que dever\u00e1 ocorrer no dia 24 de mar\u00e7o de 2026, \u00e0s 10h, em local ainda a ser definido, reunindo empres\u00e1rios do setor, fornecedores da cadeia produtiva, institui\u00e7\u00f5es parceiras e lideran\u00e7as empresariais da regi\u00e3o.<\/p>\n\n\n\n<p>Participaram da reuni\u00e3o: o presidente do SINDPAN\/Norte, Ricardo Dias Alencar, o analista de Rela\u00e7\u00f5es Empresariais da FIEMG Regional Norte e coordenador do projeto PANICON, \u00c2ngelo Vieira, o CEO da Hive Marketing, Emanoel Mur\u00e7a, e o decorador Cezar Costa, parceiro respons\u00e1vel pela montagem e produ\u00e7\u00e3o do evento.<\/p>\n\n\n\n<p><strong>PANICON 2026<\/strong><\/p>\n\n\n\n<p>A PANICON \u00e9 uma iniciativa do SINDPAN Norte, em parceria com a FIEMG Regional Norte, e conta com o Apoio M\u00e1ster do SEBRAE Minas. O evento nasce com o objetivo de fortalecer o setor de panifica\u00e7\u00e3o, massas e confeitaria do Norte de Minas, promovendo conex\u00f5es empresariais, inova\u00e7\u00e3o, capacita\u00e7\u00e3o e oportunidades de neg\u00f3cios para toda a cadeia produtiva.<\/p>\n\n\n\n<p>A expectativa \u00e9 que a feira se consolide como um importante ponto de encontro do setor na regi\u00e3o, contribuindo para o desenvolvimento empresarial, o fortalecimento do associativismo e a gera\u00e7\u00e3o de novas oportunidades para os empres\u00e1rios da panifica\u00e7\u00e3o.<\/p>\n\n\n\n<p>Rosangela Silveira<\/p>\n\n\n\n<p><strong>Imprensa FIEMG Regional Norte<\/strong><\/p>\n\n\n\n<p><\/p>\n","protected":false},"featured_media":3494,"template":"","categories":[],"tags":[],"class_list":["post-3492","noticias","type-noticias","status-publish","has-post-thumbnail","hentry"],"acf":[],"yoast_head":"<!-- This site is optimized with the Yoast SEO plugin v26.2 - https:\/\/yoast.com\/wordpress\/plugins\/seo\/ -->\n<title>PANICON 2026 come\u00e7a a ser organizada pelo SINDPAN e FIEMG Regional Norte - Regional Norte<\/title>\n<meta name=\"robots\" content=\"index, follow, max-snippet:-1, max-image-preview:large, max-video-preview:-1\" \/>\n<link rel=\"canonical\" href=\"https:\/\/www.fiemg.com.br\/regional-norte\/noticias\/panicon-2026-comeca-a-ser-organizada-pelo-sindpan-e-fiemg-regional-norte\/\" \/>\n<meta property=\"og:locale\" content=\"pt_BR\" \/>\n<meta property=\"og:type\" content=\"article\" \/>\n<meta property=\"og:title\" content=\"PANICON 2026 come\u00e7a a ser organizada pelo SINDPAN e FIEMG Regional Norte - Regional Norte\" \/>\n<meta property=\"og:description\" content=\"No dia 3 de mar\u00e7o, aconteceu na sede da FIEMG Regional Norte uma reuni\u00e3o estrat\u00e9gica para alinhamento e defini\u00e7\u00e3o de pontos fundamentais relacionados \u00e0 organiza\u00e7\u00e3o e ao lan\u00e7amento da 1\u00aa PANICON \u2013 Feira da Panifica\u00e7\u00e3o e Conex\u00e3o do Norte de Minas. Durante o encontro foram discutidos aspectos estruturantes do evento, incluindo o formato da Feira, [&hellip;]\" \/>\n<meta property=\"og:url\" content=\"https:\/\/www.fiemg.com.br\/regional-norte\/noticias\/panicon-2026-comeca-a-ser-organizada-pelo-sindpan-e-fiemg-regional-norte\/\" \/>\n<meta property=\"og:site_name\" content=\"Regional Norte\" \/>\n<meta property=\"article:modified_time\" content=\"2026-03-06T12:21:30+00:00\" \/>\n<meta property=\"og:image\" content=\"https:\/\/www.fiemg.com.br\/regional-norte\/wp-content\/uploads\/sites\/17\/2026\/03\/Apresentacao-Panicon-Decorador.jpg\" \/>\n\t<meta property=\"og:image:width\" content=\"300\" \/>\n\t<meta property=\"og:image:height\" content=\"340\" \/>\n\t<meta property=\"og:image:type\" content=\"image\/jpeg\" \/>\n<meta name=\"twitter:card\" content=\"summary_large_image\" \/>\n<meta name=\"twitter:label1\" content=\"Est. tempo de leitura\" \/>\n\t<meta name=\"twitter:data1\" content=\"2 minutos\" \/>\n<script type=\"application\/ld+json\" class=\"yoast-schema-graph\">{\"@context\":\"https:\/\/schema.org\",\"@graph\":[{\"@type\":\"WebPage\",\"@id\":\"https:\/\/www.fiemg.com.br\/regional-norte\/noticias\/panicon-2026-comeca-a-ser-organizada-pelo-sindpan-e-fiemg-regional-norte\/\",\"url\":\"https:\/\/www.fiemg.com.br\/regional-norte\/noticias\/panicon-2026-comeca-a-ser-organizada-pelo-sindpan-e-fiemg-regional-norte\/\",\"name\":\"PANICON 2026 come\u00e7a a ser organizada pelo SINDPAN e FIEMG Regional Norte - Regional Norte\",\"isPartOf\":{\"@id\":\"https:\/\/www.fiemg.com.br\/regional-norte\/#website\"},\"primaryImageOfPage\":{\"@id\":\"https:\/\/www.fiemg.com.br\/regional-norte\/noticias\/panicon-2026-comeca-a-ser-organizada-pelo-sindpan-e-fiemg-regional-norte\/#primaryimage\"},\"image\":{\"@id\":\"https:\/\/www.fiemg.com.br\/regional-norte\/noticias\/panicon-2026-comeca-a-ser-organizada-pelo-sindpan-e-fiemg-regional-norte\/#primaryimage\"},\"thumbnailUrl\":\"https:\/\/www.fiemg.com.br\/regional-norte\/wp-content\/uploads\/sites\/17\/2026\/03\/Apresentacao-Panicon-Decorador.jpg\",\"datePublished\":\"2026-03-05T15:11:17+00:00\",\"dateModified\":\"2026-03-06T12:21:30+00:00\",\"breadcrumb\":{\"@id\":\"https:\/\/www.fiemg.com.br\/regional-norte\/noticias\/panicon-2026-comeca-a-ser-organizada-pelo-sindpan-e-fiemg-regional-norte\/#breadcrumb\"},\"inLanguage\":\"pt-BR\",\"potentialAction\":[{\"@type\":\"ReadAction\",\"target\":[\"https:\/\/www.fiemg.com.br\/regional-norte\/noticias\/panicon-2026-comeca-a-ser-organizada-pelo-sindpan-e-fiemg-regional-norte\/\"]}]},{\"@type\":\"ImageObject\",\"inLanguage\":\"pt-BR\",\"@id\":\"https:\/\/www.fiemg.com.br\/regional-norte\/noticias\/panicon-2026-comeca-a-ser-organizada-pelo-sindpan-e-fiemg-regional-norte\/#primaryimage\",\"url\":\"https:\/\/www.fiemg.com.br\/regional-norte\/wp-content\/uploads\/sites\/17\/2026\/03\/Apresentacao-Panicon-Decorador.jpg\",\"contentUrl\":\"https:\/\/www.fiemg.com.br\/regional-norte\/wp-content\/uploads\/sites\/17\/2026\/03\/Apresentacao-Panicon-Decorador.jpg\",\"width\":300,\"height\":340},{\"@type\":\"BreadcrumbList\",\"@id\":\"https:\/\/www.fiemg.com.br\/regional-norte\/noticias\/panicon-2026-comeca-a-ser-organizada-pelo-sindpan-e-fiemg-regional-norte\/#breadcrumb\",\"itemListElement\":[{\"@type\":\"ListItem\",\"position\":1,\"name\":\"In\u00edcio\",\"item\":\"https:\/\/www.fiemg.com.br\/regional-norte\/\"},{\"@type\":\"ListItem\",\"position\":2,\"name\":\"PANICON 2026 come\u00e7a a ser organizada pelo SINDPAN e FIEMG Regional Norte\"}]},{\"@type\":\"WebSite\",\"@id\":\"https:\/\/www.fiemg.com.br\/regional-norte\/#website\",\"url\":\"https:\/\/www.fiemg.com.br\/regional-norte\/\",\"name\":\"Regional Norte\",\"description\":\"Federa\u00e7\u00e3o das Ind\u00fastrias do Estado de Minas Gerais\",\"publisher\":{\"@id\":\"https:\/\/www.fiemg.com.br\/regional-norte\/#organization\"},\"potentialAction\":[{\"@type\":\"SearchAction\",\"target\":{\"@type\":\"EntryPoint\",\"urlTemplate\":\"https:\/\/www.fiemg.com.br\/regional-norte\/?s={search_term_string}\"},\"query-input\":{\"@type\":\"PropertyValueSpecification\",\"valueRequired\":true,\"valueName\":\"search_term_string\"}}],\"inLanguage\":\"pt-BR\"},{\"@type\":\"Organization\",\"@id\":\"https:\/\/www.fiemg.com.br\/regional-norte\/#organization\",\"name\":\"Regional Norte\",\"url\":\"https:\/\/www.fiemg.com.br\/regional-norte\/\",\"logo\":{\"@type\":\"ImageObject\",\"inLanguage\":\"pt-BR\",\"@id\":\"https:\/\/www.fiemg.com.br\/regional-norte\/#\/schema\/logo\/image\/\",\"url\":\"https:\/\/www.fiemg.com.br\/regional-norte\/wp-content\/uploads\/sites\/17\/2023\/02\/Ativo-1.png\",\"contentUrl\":\"https:\/\/www.fiemg.com.br\/regional-norte\/wp-content\/uploads\/sites\/17\/2023\/02\/Ativo-1.png\",\"width\":563,\"height\":149,\"caption\":\"Regional Norte\"},\"image\":{\"@id\":\"https:\/\/www.fiemg.com.br\/regional-norte\/#\/schema\/logo\/image\/\"}}]}<\/script>\n<!-- \/ Yoast SEO plugin. -->","yoast_head_json":{"title":"PANICON 2026 come\u00e7a a ser organizada pelo SINDPAN e FIEMG Regional Norte - Regional Norte","robots":{"index":"index","follow":"follow","max-snippet":"max-snippet:-1","max-image-preview":"max-image-preview:large","max-video-preview":"max-video-preview:-1"},"canonical":"https:\/\/www.fiemg.com.br\/regional-norte\/noticias\/panicon-2026-comeca-a-ser-organizada-pelo-sindpan-e-fiemg-regional-norte\/","og_locale":"pt_BR","og_type":"article","og_title":"PANICON 2026 come\u00e7a a ser organizada pelo SINDPAN e FIEMG Regional Norte - Regional Norte","og_description":"No dia 3 de mar\u00e7o, aconteceu na sede da FIEMG Regional Norte uma reuni\u00e3o estrat\u00e9gica para alinhamento e defini\u00e7\u00e3o de pontos fundamentais relacionados \u00e0 organiza\u00e7\u00e3o e ao lan\u00e7amento da 1\u00aa PANICON \u2013 Feira da Panifica\u00e7\u00e3o e Conex\u00e3o do Norte de Minas. Durante o encontro foram discutidos aspectos estruturantes do evento, incluindo o formato da Feira, [&hellip;]","og_url":"https:\/\/www.fiemg.com.br\/regional-norte\/noticias\/panicon-2026-comeca-a-ser-organizada-pelo-sindpan-e-fiemg-regional-norte\/","og_site_name":"Regional Norte","article_modified_time":"2026-03-06T12:21:30+00:00","og_image":[{"width":300,"height":340,"url":"https:\/\/www.fiemg.com.br\/regional-norte\/wp-content\/uploads\/sites\/17\/2026\/03\/Apresentacao-Panicon-Decorador.jpg","type":"image\/jpeg"}],"twitter_card":"summary_large_image","twitter_misc":{"Est. tempo de leitura":"2 minutos"},"schema":{"@context":"https:\/\/schema.org","@graph":[{"@type":"WebPage","@id":"https:\/\/www.fiemg.com.br\/regional-norte\/noticias\/panicon-2026-comeca-a-ser-organizada-pelo-sindpan-e-fiemg-regional-norte\/","url":"https:\/\/www.fiemg.com.br\/regional-norte\/noticias\/panicon-2026-comeca-a-ser-organizada-pelo-sindpan-e-fiemg-regional-norte\/","name":"PANICON 2026 come\u00e7a a ser organizada pelo SINDPAN e FIEMG Regional Norte - Regional Norte","isPartOf":{"@id":"https:\/\/www.fiemg.com.br\/regional-norte\/#website"},"primaryImageOfPage":{"@id":"https:\/\/www.fiemg.com.br\/regional-norte\/noticias\/panicon-2026-comeca-a-ser-organizada-pelo-sindpan-e-fiemg-regional-norte\/#primaryimage"},"image":{"@id":"https:\/\/www.fiemg.com.br\/regional-norte\/noticias\/panicon-2026-comeca-a-ser-organizada-pelo-sindpan-e-fiemg-regional-norte\/#primaryimage"},"thumbnailUrl":"https:\/\/www.fiemg.com.br\/regional-norte\/wp-content\/uploads\/sites\/17\/2026\/03\/Apresentacao-Panicon-Decorador.jpg","datePublished":"2026-03-05T15:11:17+00:00","dateModified":"2026-03-06T12:21:30+00:00","breadcrumb":{"@id":"https:\/\/www.fiemg.com.br\/regional-norte\/noticias\/panicon-2026-comeca-a-ser-organizada-pelo-sindpan-e-fiemg-regional-norte\/#breadcrumb"},"inLanguage":"pt-BR","potentialAction":[{"@type":"ReadAction","target":["https:\/\/www.fiemg.com.br\/regional-norte\/noticias\/panicon-2026-comeca-a-ser-organizada-pelo-sindpan-e-fiemg-regional-norte\/"]}]},{"@type":"ImageObject","inLanguage":"pt-BR","@id":"https:\/\/www.fiemg.com.br\/regional-norte\/noticias\/panicon-2026-comeca-a-ser-organizada-pelo-sindpan-e-fiemg-regional-norte\/#primaryimage","url":"https:\/\/www.fiemg.com.br\/regional-norte\/wp-content\/uploads\/sites\/17\/2026\/03\/Apresentacao-Panicon-Decorador.jpg","contentUrl":"https:\/\/www.fiemg.com.br\/regional-norte\/wp-content\/uploads\/sites\/17\/2026\/03\/Apresentacao-Panicon-Decorador.jpg","width":300,"height":340},{"@type":"BreadcrumbList","@id":"https:\/\/www.fiemg.com.br\/regional-norte\/noticias\/panicon-2026-comeca-a-ser-organizada-pelo-sindpan-e-fiemg-regional-norte\/#breadcrumb","itemListElement":[{"@type":"ListItem","position":1,"name":"In\u00edcio","item":"https:\/\/www.fiemg.com.br\/regional-norte\/"},{"@type":"ListItem","position":2,"name":"PANICON 2026 come\u00e7a a ser organizada pelo SINDPAN e FIEMG Regional Norte"}]},{"@type":"WebSite","@id":"https:\/\/www.fiemg.com.br\/regional-norte\/#website","url":"https:\/\/www.fiemg.com.br\/regional-norte\/","name":"Regional Norte","description":"Federa\u00e7\u00e3o das Ind\u00fastrias do Estado de Minas Gerais","publisher":{"@id":"https:\/\/www.fiemg.com.br\/regional-norte\/#organization"},"potentialAction":[{"@type":"SearchAction","target":{"@type":"EntryPoint","urlTemplate":"https:\/\/www.fiemg.com.br\/regional-norte\/?s={search_term_string}"},"query-input":{"@type":"PropertyValueSpecification","valueRequired":true,"valueName":"search_term_string"}}],"inLanguage":"pt-BR"},{"@type":"Organization","@id":"https:\/\/www.fiemg.com.br\/regional-norte\/#organization","name":"Regional Norte","url":"https:\/\/www.fiemg.com.br\/regional-norte\/","logo":{"@type":"ImageObject","inLanguage":"pt-BR","@id":"https:\/\/www.fiemg.com.br\/regional-norte\/#\/schema\/logo\/image\/","url":"https:\/\/www.fiemg.com.br\/regional-norte\/wp-content\/uploads\/sites\/17\/2023\/02\/Ativo-1.png","contentUrl":"https:\/\/www.fiemg.com.br\/regional-norte\/wp-content\/uploads\/sites\/17\/2023\/02\/Ativo-1.png","width":563,"height":149,"caption":"Regional Norte"},"image":{"@id":"https:\/\/www.fiemg.com.br\/regional-norte\/#\/schema\/logo\/image\/"}}]}},"_links":{"self":[{"href":"https:\/\/www.fiemg.com.br\/regional-norte\/wp-json\/wp\/v2\/noticias\/3492","targetHints":{"allow":["GET"]}}],"collection":[{"href":"https:\/\/www.fiemg.com.br\/regional-norte\/wp-json\/wp\/v2\/noticias"}],"about":[{"href":"https:\/\/www.fiemg.com.br\/regional-norte\/wp-json\/wp\/v2\/types\/noticias"}],"wp:featuredmedia":[{"embeddable":true,"href":"https:\/\/www.fiemg.com.br\/regional-norte\/wp-json\/wp\/v2\/media\/3494"}],"wp:attachment":[{"href":"https:\/\/www.fiemg.com.br\/regional-norte\/wp-json\/wp\/v2\/media?parent=3492"}],"wp:term":[{"taxonomy":"category","embeddable":true,"href":"https:\/\/www.fiemg.com.br\/regional-norte\/wp-json\/wp\/v2\/categories?post=3492"},{"taxonomy":"post_tag","embeddable":true,"href":"https:\/\/www.fiemg.com.br\/regional-norte\/wp-json\/wp\/v2\/tags?post=3492"}],"curies":[{"name":"wp","href":"https:\/\/api.w.org\/{rel}","templated":true}]}}