{"id":3500,"date":"2026-03-06T11:06:15","date_gmt":"2026-03-06T14:06:15","guid":{"rendered":"https:\/\/www.fiemg.com.br\/regional-norte\/?post_type=noticias&#038;p=3500"},"modified":"2026-03-06T11:09:04","modified_gmt":"2026-03-06T14:09:04","slug":"fiemg-regional-norte-promove-cafe-especial-em-homenagem-ao-dia-internacional-da-mulher","status":"publish","type":"noticias","link":"https:\/\/www.fiemg.com.br\/regional-norte\/noticias\/fiemg-regional-norte-promove-cafe-especial-em-homenagem-ao-dia-internacional-da-mulher\/","title":{"rendered":"FIEMG Regional Norte vai promover Caf\u00e9 Especial em homenagem ao Dia Internacional da Mulher"},"content":{"rendered":"\n<p>A FIEMG Regional Norte, com apoio da unidade SESI SST Montes Claros, promove na pr\u00f3xima segunda-feira, 9 de mar\u00e7o, um Caf\u00e9 Especial dedicado \u00e0s mulheres. A iniciativa celebra o Dia Internacional da Mulher, comemorado em 8 de mar\u00e7o, e prop\u00f5e um momento de valoriza\u00e7\u00e3o, integra\u00e7\u00e3o e reconhecimento da for\u00e7a feminina.<\/p>\n\n\n\n<p>A programa\u00e7\u00e3o contar\u00e1 com a palestra \u201cFortalecendo La\u00e7os: A Uni\u00e3o Feminina como Caminho para a Transforma\u00e7\u00e3o\u201d, ministrada pela mentora, jornalista e palestrante Ariane Galdino. O encontro busca promover reflex\u00f5es sobre lideran\u00e7a, colabora\u00e7\u00e3o e o papel da uni\u00e3o entre mulheres como instrumento de transforma\u00e7\u00e3o pessoal e profissional.<\/p>\n\n\n\n<p>Durante o evento, tamb\u00e9m haver\u00e1 sorteio de brindes e de vouchers para o Curso de Automaquiagem, com dura\u00e7\u00e3o de duas horas, ministrado por Ana Clara L\u00e9lis.<\/p>\n\n\n\n<p>O Caf\u00e9 Especial \u00e9 voltado para convidadas da institui\u00e7\u00e3o e ser\u00e1 realizado no Audit\u00f3rio da FIEMG Regional Norte, em Montes Claros, proporcionando uma manh\u00e3 de inspira\u00e7\u00e3o, troca de experi\u00eancias e fortalecimento de v\u00ednculos.<\/p>\n\n\n\n<p><strong>Servi\u00e7o<\/strong><br>\ud83d\udcc5 <strong>Data:<\/strong> 9 de mar\u00e7o de 2026<br>\u23f0 <strong>Hor\u00e1rio:<\/strong> 8h30<br>\ud83d\udccd <strong>Local:<\/strong> Audit\u00f3rio da FIEMG Regional Norte \u2013 Montes Claros<\/p>\n\n\n\n<p>Rosangela Silveira<\/p>\n\n\n\n<p><strong>Imprensa FIEMG Regional Norte <\/strong><\/p>\n\n\n\n<p><\/p>\n","protected":false},"featured_media":3502,"template":"","categories":[276],"tags":[],"class_list":["post-3500","noticias","type-noticias","status-publish","has-post-thumbnail","hentry","category-dia-da-mulher"],"acf":[],"yoast_head":"<!-- This site is optimized with the Yoast SEO plugin v26.2 - https:\/\/yoast.com\/wordpress\/plugins\/seo\/ -->\n<title>FIEMG Regional Norte vai promover Caf\u00e9 Especial em homenagem ao Dia Internacional da Mulher - Regional Norte<\/title>\n<meta name=\"robots\" content=\"index, follow, max-snippet:-1, max-image-preview:large, max-video-preview:-1\" \/>\n<link rel=\"canonical\" href=\"https:\/\/www.fiemg.com.br\/regional-norte\/noticias\/fiemg-regional-norte-promove-cafe-especial-em-homenagem-ao-dia-internacional-da-mulher\/\" \/>\n<meta property=\"og:locale\" content=\"pt_BR\" \/>\n<meta property=\"og:type\" content=\"article\" \/>\n<meta property=\"og:title\" content=\"FIEMG Regional Norte vai promover Caf\u00e9 Especial em homenagem ao Dia Internacional da Mulher - Regional Norte\" \/>\n<meta property=\"og:description\" content=\"A FIEMG Regional Norte, com apoio da unidade SESI SST Montes Claros, promove na pr\u00f3xima segunda-feira, 9 de mar\u00e7o, um Caf\u00e9 Especial dedicado \u00e0s mulheres. A iniciativa celebra o Dia Internacional da Mulher, comemorado em 8 de mar\u00e7o, e prop\u00f5e um momento de valoriza\u00e7\u00e3o, integra\u00e7\u00e3o e reconhecimento da for\u00e7a feminina. A programa\u00e7\u00e3o contar\u00e1 com a [&hellip;]\" \/>\n<meta property=\"og:url\" content=\"https:\/\/www.fiemg.com.br\/regional-norte\/noticias\/fiemg-regional-norte-promove-cafe-especial-em-homenagem-ao-dia-internacional-da-mulher\/\" \/>\n<meta property=\"og:site_name\" content=\"Regional Norte\" \/>\n<meta property=\"article:modified_time\" content=\"2026-03-06T14:09:04+00:00\" \/>\n<meta property=\"og:image\" content=\"https:\/\/www.fiemg.com.br\/regional-norte\/wp-content\/uploads\/sites\/17\/2026\/03\/Ariane-Galdino.jpg\" \/>\n\t<meta property=\"og:image:width\" content=\"300\" \/>\n\t<meta property=\"og:image:height\" content=\"387\" \/>\n\t<meta property=\"og:image:type\" content=\"image\/jpeg\" \/>\n<meta name=\"twitter:card\" content=\"summary_large_image\" \/>\n<meta name=\"twitter:label1\" content=\"Est. tempo de leitura\" \/>\n\t<meta name=\"twitter:data1\" content=\"2 minutos\" \/>\n<script type=\"application\/ld+json\" class=\"yoast-schema-graph\">{\"@context\":\"https:\/\/schema.org\",\"@graph\":[{\"@type\":\"WebPage\",\"@id\":\"https:\/\/www.fiemg.com.br\/regional-norte\/noticias\/fiemg-regional-norte-promove-cafe-especial-em-homenagem-ao-dia-internacional-da-mulher\/\",\"url\":\"https:\/\/www.fiemg.com.br\/regional-norte\/noticias\/fiemg-regional-norte-promove-cafe-especial-em-homenagem-ao-dia-internacional-da-mulher\/\",\"name\":\"FIEMG Regional Norte vai promover Caf\u00e9 Especial em homenagem ao Dia Internacional da Mulher - Regional Norte\",\"isPartOf\":{\"@id\":\"https:\/\/www.fiemg.com.br\/regional-norte\/#website\"},\"primaryImageOfPage\":{\"@id\":\"https:\/\/www.fiemg.com.br\/regional-norte\/noticias\/fiemg-regional-norte-promove-cafe-especial-em-homenagem-ao-dia-internacional-da-mulher\/#primaryimage\"},\"image\":{\"@id\":\"https:\/\/www.fiemg.com.br\/regional-norte\/noticias\/fiemg-regional-norte-promove-cafe-especial-em-homenagem-ao-dia-internacional-da-mulher\/#primaryimage\"},\"thumbnailUrl\":\"https:\/\/www.fiemg.com.br\/regional-norte\/wp-content\/uploads\/sites\/17\/2026\/03\/Ariane-Galdino.jpg\",\"datePublished\":\"2026-03-06T14:06:15+00:00\",\"dateModified\":\"2026-03-06T14:09:04+00:00\",\"breadcrumb\":{\"@id\":\"https:\/\/www.fiemg.com.br\/regional-norte\/noticias\/fiemg-regional-norte-promove-cafe-especial-em-homenagem-ao-dia-internacional-da-mulher\/#breadcrumb\"},\"inLanguage\":\"pt-BR\",\"potentialAction\":[{\"@type\":\"ReadAction\",\"target\":[\"https:\/\/www.fiemg.com.br\/regional-norte\/noticias\/fiemg-regional-norte-promove-cafe-especial-em-homenagem-ao-dia-internacional-da-mulher\/\"]}]},{\"@type\":\"ImageObject\",\"inLanguage\":\"pt-BR\",\"@id\":\"https:\/\/www.fiemg.com.br\/regional-norte\/noticias\/fiemg-regional-norte-promove-cafe-especial-em-homenagem-ao-dia-internacional-da-mulher\/#primaryimage\",\"url\":\"https:\/\/www.fiemg.com.br\/regional-norte\/wp-content\/uploads\/sites\/17\/2026\/03\/Ariane-Galdino.jpg\",\"contentUrl\":\"https:\/\/www.fiemg.com.br\/regional-norte\/wp-content\/uploads\/sites\/17\/2026\/03\/Ariane-Galdino.jpg\",\"width\":300,\"height\":387,\"caption\":\"Jornalista e palestrante Ariane Galdino\"},{\"@type\":\"BreadcrumbList\",\"@id\":\"https:\/\/www.fiemg.com.br\/regional-norte\/noticias\/fiemg-regional-norte-promove-cafe-especial-em-homenagem-ao-dia-internacional-da-mulher\/#breadcrumb\",\"itemListElement\":[{\"@type\":\"ListItem\",\"position\":1,\"name\":\"In\u00edcio\",\"item\":\"https:\/\/www.fiemg.com.br\/regional-norte\/\"},{\"@type\":\"ListItem\",\"position\":2,\"name\":\"FIEMG Regional Norte vai promover Caf\u00e9 Especial em homenagem ao Dia Internacional da Mulher\"}]},{\"@type\":\"WebSite\",\"@id\":\"https:\/\/www.fiemg.com.br\/regional-norte\/#website\",\"url\":\"https:\/\/www.fiemg.com.br\/regional-norte\/\",\"name\":\"Regional Norte\",\"description\":\"Federa\u00e7\u00e3o das Ind\u00fastrias do Estado de Minas Gerais\",\"publisher\":{\"@id\":\"https:\/\/www.fiemg.com.br\/regional-norte\/#organization\"},\"potentialAction\":[{\"@type\":\"SearchAction\",\"target\":{\"@type\":\"EntryPoint\",\"urlTemplate\":\"https:\/\/www.fiemg.com.br\/regional-norte\/?s={search_term_string}\"},\"query-input\":{\"@type\":\"PropertyValueSpecification\",\"valueRequired\":true,\"valueName\":\"search_term_string\"}}],\"inLanguage\":\"pt-BR\"},{\"@type\":\"Organization\",\"@id\":\"https:\/\/www.fiemg.com.br\/regional-norte\/#organization\",\"name\":\"Regional Norte\",\"url\":\"https:\/\/www.fiemg.com.br\/regional-norte\/\",\"logo\":{\"@type\":\"ImageObject\",\"inLanguage\":\"pt-BR\",\"@id\":\"https:\/\/www.fiemg.com.br\/regional-norte\/#\/schema\/logo\/image\/\",\"url\":\"https:\/\/www.fiemg.com.br\/regional-norte\/wp-content\/uploads\/sites\/17\/2023\/02\/Ativo-1.png\",\"contentUrl\":\"https:\/\/www.fiemg.com.br\/regional-norte\/wp-content\/uploads\/sites\/17\/2023\/02\/Ativo-1.png\",\"width\":563,\"height\":149,\"caption\":\"Regional Norte\"},\"image\":{\"@id\":\"https:\/\/www.fiemg.com.br\/regional-norte\/#\/schema\/logo\/image\/\"}}]}<\/script>\n<!-- \/ Yoast SEO plugin. -->","yoast_head_json":{"title":"FIEMG Regional Norte vai promover Caf\u00e9 Especial em homenagem ao Dia Internacional da Mulher - Regional Norte","robots":{"index":"index","follow":"follow","max-snippet":"max-snippet:-1","max-image-preview":"max-image-preview:large","max-video-preview":"max-video-preview:-1"},"canonical":"https:\/\/www.fiemg.com.br\/regional-norte\/noticias\/fiemg-regional-norte-promove-cafe-especial-em-homenagem-ao-dia-internacional-da-mulher\/","og_locale":"pt_BR","og_type":"article","og_title":"FIEMG Regional Norte vai promover Caf\u00e9 Especial em homenagem ao Dia Internacional da Mulher - Regional Norte","og_description":"A FIEMG Regional Norte, com apoio da unidade SESI SST Montes Claros, promove na pr\u00f3xima segunda-feira, 9 de mar\u00e7o, um Caf\u00e9 Especial dedicado \u00e0s mulheres. A iniciativa celebra o Dia Internacional da Mulher, comemorado em 8 de mar\u00e7o, e prop\u00f5e um momento de valoriza\u00e7\u00e3o, integra\u00e7\u00e3o e reconhecimento da for\u00e7a feminina. A programa\u00e7\u00e3o contar\u00e1 com a [&hellip;]","og_url":"https:\/\/www.fiemg.com.br\/regional-norte\/noticias\/fiemg-regional-norte-promove-cafe-especial-em-homenagem-ao-dia-internacional-da-mulher\/","og_site_name":"Regional Norte","article_modified_time":"2026-03-06T14:09:04+00:00","og_image":[{"width":300,"height":387,"url":"https:\/\/www.fiemg.com.br\/regional-norte\/wp-content\/uploads\/sites\/17\/2026\/03\/Ariane-Galdino.jpg","type":"image\/jpeg"}],"twitter_card":"summary_large_image","twitter_misc":{"Est. tempo de leitura":"2 minutos"},"schema":{"@context":"https:\/\/schema.org","@graph":[{"@type":"WebPage","@id":"https:\/\/www.fiemg.com.br\/regional-norte\/noticias\/fiemg-regional-norte-promove-cafe-especial-em-homenagem-ao-dia-internacional-da-mulher\/","url":"https:\/\/www.fiemg.com.br\/regional-norte\/noticias\/fiemg-regional-norte-promove-cafe-especial-em-homenagem-ao-dia-internacional-da-mulher\/","name":"FIEMG Regional Norte vai promover Caf\u00e9 Especial em homenagem ao Dia Internacional da Mulher - Regional Norte","isPartOf":{"@id":"https:\/\/www.fiemg.com.br\/regional-norte\/#website"},"primaryImageOfPage":{"@id":"https:\/\/www.fiemg.com.br\/regional-norte\/noticias\/fiemg-regional-norte-promove-cafe-especial-em-homenagem-ao-dia-internacional-da-mulher\/#primaryimage"},"image":{"@id":"https:\/\/www.fiemg.com.br\/regional-norte\/noticias\/fiemg-regional-norte-promove-cafe-especial-em-homenagem-ao-dia-internacional-da-mulher\/#primaryimage"},"thumbnailUrl":"https:\/\/www.fiemg.com.br\/regional-norte\/wp-content\/uploads\/sites\/17\/2026\/03\/Ariane-Galdino.jpg","datePublished":"2026-03-06T14:06:15+00:00","dateModified":"2026-03-06T14:09:04+00:00","breadcrumb":{"@id":"https:\/\/www.fiemg.com.br\/regional-norte\/noticias\/fiemg-regional-norte-promove-cafe-especial-em-homenagem-ao-dia-internacional-da-mulher\/#breadcrumb"},"inLanguage":"pt-BR","potentialAction":[{"@type":"ReadAction","target":["https:\/\/www.fiemg.com.br\/regional-norte\/noticias\/fiemg-regional-norte-promove-cafe-especial-em-homenagem-ao-dia-internacional-da-mulher\/"]}]},{"@type":"ImageObject","inLanguage":"pt-BR","@id":"https:\/\/www.fiemg.com.br\/regional-norte\/noticias\/fiemg-regional-norte-promove-cafe-especial-em-homenagem-ao-dia-internacional-da-mulher\/#primaryimage","url":"https:\/\/www.fiemg.com.br\/regional-norte\/wp-content\/uploads\/sites\/17\/2026\/03\/Ariane-Galdino.jpg","contentUrl":"https:\/\/www.fiemg.com.br\/regional-norte\/wp-content\/uploads\/sites\/17\/2026\/03\/Ariane-Galdino.jpg","width":300,"height":387,"caption":"Jornalista e palestrante Ariane Galdino"},{"@type":"BreadcrumbList","@id":"https:\/\/www.fiemg.com.br\/regional-norte\/noticias\/fiemg-regional-norte-promove-cafe-especial-em-homenagem-ao-dia-internacional-da-mulher\/#breadcrumb","itemListElement":[{"@type":"ListItem","position":1,"name":"In\u00edcio","item":"https:\/\/www.fiemg.com.br\/regional-norte\/"},{"@type":"ListItem","position":2,"name":"FIEMG Regional Norte vai promover Caf\u00e9 Especial em homenagem ao Dia Internacional da Mulher"}]},{"@type":"WebSite","@id":"https:\/\/www.fiemg.com.br\/regional-norte\/#website","url":"https:\/\/www.fiemg.com.br\/regional-norte\/","name":"Regional Norte","description":"Federa\u00e7\u00e3o das Ind\u00fastrias do Estado de Minas Gerais","publisher":{"@id":"https:\/\/www.fiemg.com.br\/regional-norte\/#organization"},"potentialAction":[{"@type":"SearchAction","target":{"@type":"EntryPoint","urlTemplate":"https:\/\/www.fiemg.com.br\/regional-norte\/?s={search_term_string}"},"query-input":{"@type":"PropertyValueSpecification","valueRequired":true,"valueName":"search_term_string"}}],"inLanguage":"pt-BR"},{"@type":"Organization","@id":"https:\/\/www.fiemg.com.br\/regional-norte\/#organization","name":"Regional Norte","url":"https:\/\/www.fiemg.com.br\/regional-norte\/","logo":{"@type":"ImageObject","inLanguage":"pt-BR","@id":"https:\/\/www.fiemg.com.br\/regional-norte\/#\/schema\/logo\/image\/","url":"https:\/\/www.fiemg.com.br\/regional-norte\/wp-content\/uploads\/sites\/17\/2023\/02\/Ativo-1.png","contentUrl":"https:\/\/www.fiemg.com.br\/regional-norte\/wp-content\/uploads\/sites\/17\/2023\/02\/Ativo-1.png","width":563,"height":149,"caption":"Regional Norte"},"image":{"@id":"https:\/\/www.fiemg.com.br\/regional-norte\/#\/schema\/logo\/image\/"}}]}},"_links":{"self":[{"href":"https:\/\/www.fiemg.com.br\/regional-norte\/wp-json\/wp\/v2\/noticias\/3500","targetHints":{"allow":["GET"]}}],"collection":[{"href":"https:\/\/www.fiemg.com.br\/regional-norte\/wp-json\/wp\/v2\/noticias"}],"about":[{"href":"https:\/\/www.fiemg.com.br\/regional-norte\/wp-json\/wp\/v2\/types\/noticias"}],"wp:featuredmedia":[{"embeddable":true,"href":"https:\/\/www.fiemg.com.br\/regional-norte\/wp-json\/wp\/v2\/media\/3502"}],"wp:attachment":[{"href":"https:\/\/www.fiemg.com.br\/regional-norte\/wp-json\/wp\/v2\/media?parent=3500"}],"wp:term":[{"taxonomy":"category","embeddable":true,"href":"https:\/\/www.fiemg.com.br\/regional-norte\/wp-json\/wp\/v2\/categories?post=3500"},{"taxonomy":"post_tag","embeddable":true,"href":"https:\/\/www.fiemg.com.br\/regional-norte\/wp-json\/wp\/v2\/tags?post=3500"}],"curies":[{"name":"wp","href":"https:\/\/api.w.org\/{rel}","templated":true}]}}