{"id":3544,"date":"2026-03-13T10:29:10","date_gmt":"2026-03-13T13:29:10","guid":{"rendered":"https:\/\/www.fiemg.com.br\/regional-norte\/?post_type=noticias&#038;p=3544"},"modified":"2026-03-13T10:37:40","modified_gmt":"2026-03-13T13:37:40","slug":"fiemg-regional-norte-promove-oficina-de-comunicacao-e-oratoria-para-profissionais-da-regiao","status":"publish","type":"noticias","link":"https:\/\/www.fiemg.com.br\/regional-norte\/noticias\/fiemg-regional-norte-promove-oficina-de-comunicacao-e-oratoria-para-profissionais-da-regiao\/","title":{"rendered":"FIEMG Regional Norte promove oficina de comunica\u00e7\u00e3o e orat\u00f3ria para profissionais da regi\u00e3o"},"content":{"rendered":"\n<p>Em parceria com a Escola Vox2You, a FIEMG Regional Norte realizar\u00e1 no dia 24 de mar\u00e7o, \u00e0s 19h, no audit\u00f3rio da sua sede em Montes Claros, a oficina PowerTalk \u2013 Comunica\u00e7\u00e3o e Orat\u00f3ria de Alta Performance. O treinamento tem como objetivo desenvolver habilidades de comunica\u00e7\u00e3o estrat\u00e9gica e aprimorar a capacidade de express\u00e3o de profissionais que desejam fortalecer sua atua\u00e7\u00e3o no ambiente corporativo e institucional.<\/p>\n\n\n\n<p>Com dura\u00e7\u00e3o de aproximadamente 90 minutos, a oficina apresenta uma abordagem pr\u00e1tica voltada ao desenvolvimento da voz, da linguagem corporal e de t\u00e9cnicas de influ\u00eancia, elementos essenciais para uma comunica\u00e7\u00e3o mais clara, segura e persuasiva.<\/p>\n\n\n\n<p>O analista de Rela\u00e7\u00f5es Empresariais da Regional Norte, \u00c2ngelo Vieira, explica que a iniciativa busca contribuir para o desenvolvimento profissional de executivos, l\u00edderes e colaboradores de empresas da regi\u00e3o, refor\u00e7ando a import\u00e2ncia da comunica\u00e7\u00e3o como uma das compet\u00eancias mais relevantes no ambiente de neg\u00f3cios contempor\u00e2neo. \u201cDurante a oficina, os participantes ter\u00e3o contato com t\u00e9cnicas utilizadas por profissionais de alta performance para aprimorar apresenta\u00e7\u00f5es, conduzir reuni\u00f5es, se posicionar com mais seguran\u00e7a em ambientes corporativos e ampliar a capacidade de conex\u00e3o com diferentes p\u00fablicos\u201d, acrescenta Vieira.<\/p>\n\n\n\n<p>Entre os temas abordados na oficia, est\u00e3o linguagem corporal e presen\u00e7a c\u00eanica, controle do tom e ritmo da voz, comunica\u00e7\u00e3o n\u00e3o verbal, t\u00e9cnicas de rapport e conex\u00e3o com o p\u00fablico, storytelling aplicado \u00e0 comunica\u00e7\u00e3o profissional e estrat\u00e9gias para superar o medo de falar em p\u00fablico.<\/p>\n\n\n\n<p>De acordo com a organiza\u00e7\u00e3o, o objetivo do encontro \u00e9 estimular o desenvolvimento de lideran\u00e7as mais preparadas para comunicar ideias, inspirar equipes e fortalecer relacionamentos profissionais, compet\u00eancias cada vez mais demandadas no mercado de trabalho.<\/p>\n\n\n\n<p>A oficina \u00e9 gratuita, mas as vagas s\u00e3o limitadas, sendo destinada principalmente a diretores, gerentes, supervisores e colaboradores interessados em aprimorar sua performance pessoal e profissional por meio da comunica\u00e7\u00e3o eficaz.<\/p>\n\n\n\n<p>O presidente da FIEMG Regional Norte, Adauto Marques, destaca que \u201ca a\u00e7\u00e3o integra as iniciativas da FIEMG Regional Norte voltadas \u00e0 qualifica\u00e7\u00e3o profissional, ao fortalecimento da lideran\u00e7a empresarial e ao desenvolvimento do ambiente de neg\u00f3cios no Norte de Minas\u201d.<\/p>\n\n\n\n<p><strong>Servi\u00e7o:<\/strong><\/p>\n\n\n\n<p><strong>PowerTalk \u2013 Oficina de Comunica\u00e7\u00e3o e Orat\u00f3ria de Alta Performance<\/strong><\/p>\n\n\n\n<p><strong>Dia: 24 de mar\u00e7o (ter\u00e7a-feira) &#8211; 19h<\/strong><\/p>\n\n\n\n<p><strong>Local: Audit\u00f3rio da FIEMG Regional Norte<\/strong><\/p>\n\n\n\n<p><strong>Av. Arm\u00eanio Veloso, 46 \u2013 Centro \u2013 Montes Claros\/MG<\/strong><\/p>\n\n\n\n<p><strong>&nbsp;Evento gratuito com vagas limitadas<\/strong><\/p>\n\n\n\n<p><strong>Inscri\u00e7\u00e3o por meio do link https:\/\/forms.gle\/mC7aDdjwZZ3MZDJw5<\/strong><\/p>\n\n\n\n<p><\/p>\n","protected":false},"featured_media":3545,"template":"","categories":[5],"tags":[],"class_list":["post-3544","noticias","type-noticias","status-publish","has-post-thumbnail","hentry","category-capacitacao-empresarial"],"acf":[],"yoast_head":"<!-- This site is optimized with the Yoast SEO plugin v26.2 - https:\/\/yoast.com\/wordpress\/plugins\/seo\/ -->\n<title>FIEMG Regional Norte promove oficina de comunica\u00e7\u00e3o e orat\u00f3ria para profissionais da regi\u00e3o - Regional Norte<\/title>\n<meta name=\"robots\" content=\"index, follow, max-snippet:-1, max-image-preview:large, max-video-preview:-1\" \/>\n<link rel=\"canonical\" href=\"https:\/\/www.fiemg.com.br\/regional-norte\/noticias\/fiemg-regional-norte-promove-oficina-de-comunicacao-e-oratoria-para-profissionais-da-regiao\/\" \/>\n<meta property=\"og:locale\" content=\"pt_BR\" \/>\n<meta property=\"og:type\" content=\"article\" \/>\n<meta property=\"og:title\" content=\"FIEMG Regional Norte promove oficina de comunica\u00e7\u00e3o e orat\u00f3ria para profissionais da regi\u00e3o - Regional Norte\" \/>\n<meta property=\"og:description\" content=\"Em parceria com a Escola Vox2You, a FIEMG Regional Norte realizar\u00e1 no dia 24 de mar\u00e7o, \u00e0s 19h, no audit\u00f3rio da sua sede em Montes Claros, a oficina PowerTalk \u2013 Comunica\u00e7\u00e3o e Orat\u00f3ria de Alta Performance. O treinamento tem como objetivo desenvolver habilidades de comunica\u00e7\u00e3o estrat\u00e9gica e aprimorar a capacidade de express\u00e3o de profissionais que [&hellip;]\" \/>\n<meta property=\"og:url\" content=\"https:\/\/www.fiemg.com.br\/regional-norte\/noticias\/fiemg-regional-norte-promove-oficina-de-comunicacao-e-oratoria-para-profissionais-da-regiao\/\" \/>\n<meta property=\"og:site_name\" content=\"Regional Norte\" \/>\n<meta property=\"article:modified_time\" content=\"2026-03-13T13:37:40+00:00\" \/>\n<meta property=\"og:image\" content=\"https:\/\/www.fiemg.com.br\/regional-norte\/wp-content\/uploads\/sites\/17\/2026\/03\/Curso-Oratoria-PowerTalk.jpg\" \/>\n\t<meta property=\"og:image:width\" content=\"300\" \/>\n\t<meta property=\"og:image:height\" content=\"431\" \/>\n\t<meta property=\"og:image:type\" content=\"image\/jpeg\" \/>\n<meta name=\"twitter:card\" content=\"summary_large_image\" \/>\n<meta name=\"twitter:label1\" content=\"Est. tempo de leitura\" \/>\n\t<meta name=\"twitter:data1\" content=\"3 minutos\" \/>\n<script type=\"application\/ld+json\" class=\"yoast-schema-graph\">{\"@context\":\"https:\/\/schema.org\",\"@graph\":[{\"@type\":\"WebPage\",\"@id\":\"https:\/\/www.fiemg.com.br\/regional-norte\/noticias\/fiemg-regional-norte-promove-oficina-de-comunicacao-e-oratoria-para-profissionais-da-regiao\/\",\"url\":\"https:\/\/www.fiemg.com.br\/regional-norte\/noticias\/fiemg-regional-norte-promove-oficina-de-comunicacao-e-oratoria-para-profissionais-da-regiao\/\",\"name\":\"FIEMG Regional Norte promove oficina de comunica\u00e7\u00e3o e orat\u00f3ria para profissionais da regi\u00e3o - Regional Norte\",\"isPartOf\":{\"@id\":\"https:\/\/www.fiemg.com.br\/regional-norte\/#website\"},\"primaryImageOfPage\":{\"@id\":\"https:\/\/www.fiemg.com.br\/regional-norte\/noticias\/fiemg-regional-norte-promove-oficina-de-comunicacao-e-oratoria-para-profissionais-da-regiao\/#primaryimage\"},\"image\":{\"@id\":\"https:\/\/www.fiemg.com.br\/regional-norte\/noticias\/fiemg-regional-norte-promove-oficina-de-comunicacao-e-oratoria-para-profissionais-da-regiao\/#primaryimage\"},\"thumbnailUrl\":\"https:\/\/www.fiemg.com.br\/regional-norte\/wp-content\/uploads\/sites\/17\/2026\/03\/Curso-Oratoria-PowerTalk.jpg\",\"datePublished\":\"2026-03-13T13:29:10+00:00\",\"dateModified\":\"2026-03-13T13:37:40+00:00\",\"breadcrumb\":{\"@id\":\"https:\/\/www.fiemg.com.br\/regional-norte\/noticias\/fiemg-regional-norte-promove-oficina-de-comunicacao-e-oratoria-para-profissionais-da-regiao\/#breadcrumb\"},\"inLanguage\":\"pt-BR\",\"potentialAction\":[{\"@type\":\"ReadAction\",\"target\":[\"https:\/\/www.fiemg.com.br\/regional-norte\/noticias\/fiemg-regional-norte-promove-oficina-de-comunicacao-e-oratoria-para-profissionais-da-regiao\/\"]}]},{\"@type\":\"ImageObject\",\"inLanguage\":\"pt-BR\",\"@id\":\"https:\/\/www.fiemg.com.br\/regional-norte\/noticias\/fiemg-regional-norte-promove-oficina-de-comunicacao-e-oratoria-para-profissionais-da-regiao\/#primaryimage\",\"url\":\"https:\/\/www.fiemg.com.br\/regional-norte\/wp-content\/uploads\/sites\/17\/2026\/03\/Curso-Oratoria-PowerTalk.jpg\",\"contentUrl\":\"https:\/\/www.fiemg.com.br\/regional-norte\/wp-content\/uploads\/sites\/17\/2026\/03\/Curso-Oratoria-PowerTalk.jpg\",\"width\":300,\"height\":431},{\"@type\":\"BreadcrumbList\",\"@id\":\"https:\/\/www.fiemg.com.br\/regional-norte\/noticias\/fiemg-regional-norte-promove-oficina-de-comunicacao-e-oratoria-para-profissionais-da-regiao\/#breadcrumb\",\"itemListElement\":[{\"@type\":\"ListItem\",\"position\":1,\"name\":\"In\u00edcio\",\"item\":\"https:\/\/www.fiemg.com.br\/regional-norte\/\"},{\"@type\":\"ListItem\",\"position\":2,\"name\":\"FIEMG Regional Norte promove oficina de comunica\u00e7\u00e3o e orat\u00f3ria para profissionais da regi\u00e3o\"}]},{\"@type\":\"WebSite\",\"@id\":\"https:\/\/www.fiemg.com.br\/regional-norte\/#website\",\"url\":\"https:\/\/www.fiemg.com.br\/regional-norte\/\",\"name\":\"Regional Norte\",\"description\":\"Federa\u00e7\u00e3o das Ind\u00fastrias do Estado de Minas Gerais\",\"publisher\":{\"@id\":\"https:\/\/www.fiemg.com.br\/regional-norte\/#organization\"},\"potentialAction\":[{\"@type\":\"SearchAction\",\"target\":{\"@type\":\"EntryPoint\",\"urlTemplate\":\"https:\/\/www.fiemg.com.br\/regional-norte\/?s={search_term_string}\"},\"query-input\":{\"@type\":\"PropertyValueSpecification\",\"valueRequired\":true,\"valueName\":\"search_term_string\"}}],\"inLanguage\":\"pt-BR\"},{\"@type\":\"Organization\",\"@id\":\"https:\/\/www.fiemg.com.br\/regional-norte\/#organization\",\"name\":\"Regional Norte\",\"url\":\"https:\/\/www.fiemg.com.br\/regional-norte\/\",\"logo\":{\"@type\":\"ImageObject\",\"inLanguage\":\"pt-BR\",\"@id\":\"https:\/\/www.fiemg.com.br\/regional-norte\/#\/schema\/logo\/image\/\",\"url\":\"https:\/\/www.fiemg.com.br\/regional-norte\/wp-content\/uploads\/sites\/17\/2023\/02\/Ativo-1.png\",\"contentUrl\":\"https:\/\/www.fiemg.com.br\/regional-norte\/wp-content\/uploads\/sites\/17\/2023\/02\/Ativo-1.png\",\"width\":563,\"height\":149,\"caption\":\"Regional Norte\"},\"image\":{\"@id\":\"https:\/\/www.fiemg.com.br\/regional-norte\/#\/schema\/logo\/image\/\"}}]}<\/script>\n<!-- \/ Yoast SEO plugin. -->","yoast_head_json":{"title":"FIEMG Regional Norte promove oficina de comunica\u00e7\u00e3o e orat\u00f3ria para profissionais da regi\u00e3o - Regional Norte","robots":{"index":"index","follow":"follow","max-snippet":"max-snippet:-1","max-image-preview":"max-image-preview:large","max-video-preview":"max-video-preview:-1"},"canonical":"https:\/\/www.fiemg.com.br\/regional-norte\/noticias\/fiemg-regional-norte-promove-oficina-de-comunicacao-e-oratoria-para-profissionais-da-regiao\/","og_locale":"pt_BR","og_type":"article","og_title":"FIEMG Regional Norte promove oficina de comunica\u00e7\u00e3o e orat\u00f3ria para profissionais da regi\u00e3o - Regional Norte","og_description":"Em parceria com a Escola Vox2You, a FIEMG Regional Norte realizar\u00e1 no dia 24 de mar\u00e7o, \u00e0s 19h, no audit\u00f3rio da sua sede em Montes Claros, a oficina PowerTalk \u2013 Comunica\u00e7\u00e3o e Orat\u00f3ria de Alta Performance. O treinamento tem como objetivo desenvolver habilidades de comunica\u00e7\u00e3o estrat\u00e9gica e aprimorar a capacidade de express\u00e3o de profissionais que [&hellip;]","og_url":"https:\/\/www.fiemg.com.br\/regional-norte\/noticias\/fiemg-regional-norte-promove-oficina-de-comunicacao-e-oratoria-para-profissionais-da-regiao\/","og_site_name":"Regional Norte","article_modified_time":"2026-03-13T13:37:40+00:00","og_image":[{"width":300,"height":431,"url":"https:\/\/www.fiemg.com.br\/regional-norte\/wp-content\/uploads\/sites\/17\/2026\/03\/Curso-Oratoria-PowerTalk.jpg","type":"image\/jpeg"}],"twitter_card":"summary_large_image","twitter_misc":{"Est. tempo de leitura":"3 minutos"},"schema":{"@context":"https:\/\/schema.org","@graph":[{"@type":"WebPage","@id":"https:\/\/www.fiemg.com.br\/regional-norte\/noticias\/fiemg-regional-norte-promove-oficina-de-comunicacao-e-oratoria-para-profissionais-da-regiao\/","url":"https:\/\/www.fiemg.com.br\/regional-norte\/noticias\/fiemg-regional-norte-promove-oficina-de-comunicacao-e-oratoria-para-profissionais-da-regiao\/","name":"FIEMG Regional Norte promove oficina de comunica\u00e7\u00e3o e orat\u00f3ria para profissionais da regi\u00e3o - Regional Norte","isPartOf":{"@id":"https:\/\/www.fiemg.com.br\/regional-norte\/#website"},"primaryImageOfPage":{"@id":"https:\/\/www.fiemg.com.br\/regional-norte\/noticias\/fiemg-regional-norte-promove-oficina-de-comunicacao-e-oratoria-para-profissionais-da-regiao\/#primaryimage"},"image":{"@id":"https:\/\/www.fiemg.com.br\/regional-norte\/noticias\/fiemg-regional-norte-promove-oficina-de-comunicacao-e-oratoria-para-profissionais-da-regiao\/#primaryimage"},"thumbnailUrl":"https:\/\/www.fiemg.com.br\/regional-norte\/wp-content\/uploads\/sites\/17\/2026\/03\/Curso-Oratoria-PowerTalk.jpg","datePublished":"2026-03-13T13:29:10+00:00","dateModified":"2026-03-13T13:37:40+00:00","breadcrumb":{"@id":"https:\/\/www.fiemg.com.br\/regional-norte\/noticias\/fiemg-regional-norte-promove-oficina-de-comunicacao-e-oratoria-para-profissionais-da-regiao\/#breadcrumb"},"inLanguage":"pt-BR","potentialAction":[{"@type":"ReadAction","target":["https:\/\/www.fiemg.com.br\/regional-norte\/noticias\/fiemg-regional-norte-promove-oficina-de-comunicacao-e-oratoria-para-profissionais-da-regiao\/"]}]},{"@type":"ImageObject","inLanguage":"pt-BR","@id":"https:\/\/www.fiemg.com.br\/regional-norte\/noticias\/fiemg-regional-norte-promove-oficina-de-comunicacao-e-oratoria-para-profissionais-da-regiao\/#primaryimage","url":"https:\/\/www.fiemg.com.br\/regional-norte\/wp-content\/uploads\/sites\/17\/2026\/03\/Curso-Oratoria-PowerTalk.jpg","contentUrl":"https:\/\/www.fiemg.com.br\/regional-norte\/wp-content\/uploads\/sites\/17\/2026\/03\/Curso-Oratoria-PowerTalk.jpg","width":300,"height":431},{"@type":"BreadcrumbList","@id":"https:\/\/www.fiemg.com.br\/regional-norte\/noticias\/fiemg-regional-norte-promove-oficina-de-comunicacao-e-oratoria-para-profissionais-da-regiao\/#breadcrumb","itemListElement":[{"@type":"ListItem","position":1,"name":"In\u00edcio","item":"https:\/\/www.fiemg.com.br\/regional-norte\/"},{"@type":"ListItem","position":2,"name":"FIEMG Regional Norte promove oficina de comunica\u00e7\u00e3o e orat\u00f3ria para profissionais da regi\u00e3o"}]},{"@type":"WebSite","@id":"https:\/\/www.fiemg.com.br\/regional-norte\/#website","url":"https:\/\/www.fiemg.com.br\/regional-norte\/","name":"Regional Norte","description":"Federa\u00e7\u00e3o das Ind\u00fastrias do Estado de Minas Gerais","publisher":{"@id":"https:\/\/www.fiemg.com.br\/regional-norte\/#organization"},"potentialAction":[{"@type":"SearchAction","target":{"@type":"EntryPoint","urlTemplate":"https:\/\/www.fiemg.com.br\/regional-norte\/?s={search_term_string}"},"query-input":{"@type":"PropertyValueSpecification","valueRequired":true,"valueName":"search_term_string"}}],"inLanguage":"pt-BR"},{"@type":"Organization","@id":"https:\/\/www.fiemg.com.br\/regional-norte\/#organization","name":"Regional Norte","url":"https:\/\/www.fiemg.com.br\/regional-norte\/","logo":{"@type":"ImageObject","inLanguage":"pt-BR","@id":"https:\/\/www.fiemg.com.br\/regional-norte\/#\/schema\/logo\/image\/","url":"https:\/\/www.fiemg.com.br\/regional-norte\/wp-content\/uploads\/sites\/17\/2023\/02\/Ativo-1.png","contentUrl":"https:\/\/www.fiemg.com.br\/regional-norte\/wp-content\/uploads\/sites\/17\/2023\/02\/Ativo-1.png","width":563,"height":149,"caption":"Regional Norte"},"image":{"@id":"https:\/\/www.fiemg.com.br\/regional-norte\/#\/schema\/logo\/image\/"}}]}},"_links":{"self":[{"href":"https:\/\/www.fiemg.com.br\/regional-norte\/wp-json\/wp\/v2\/noticias\/3544","targetHints":{"allow":["GET"]}}],"collection":[{"href":"https:\/\/www.fiemg.com.br\/regional-norte\/wp-json\/wp\/v2\/noticias"}],"about":[{"href":"https:\/\/www.fiemg.com.br\/regional-norte\/wp-json\/wp\/v2\/types\/noticias"}],"wp:featuredmedia":[{"embeddable":true,"href":"https:\/\/www.fiemg.com.br\/regional-norte\/wp-json\/wp\/v2\/media\/3545"}],"wp:attachment":[{"href":"https:\/\/www.fiemg.com.br\/regional-norte\/wp-json\/wp\/v2\/media?parent=3544"}],"wp:term":[{"taxonomy":"category","embeddable":true,"href":"https:\/\/www.fiemg.com.br\/regional-norte\/wp-json\/wp\/v2\/categories?post=3544"},{"taxonomy":"post_tag","embeddable":true,"href":"https:\/\/www.fiemg.com.br\/regional-norte\/wp-json\/wp\/v2\/tags?post=3544"}],"curies":[{"name":"wp","href":"https:\/\/api.w.org\/{rel}","templated":true}]}}