{"id":3672,"date":"2026-04-30T12:04:30","date_gmt":"2026-04-30T15:04:30","guid":{"rendered":"https:\/\/www.fiemg.com.br\/regional-norte\/?post_type=noticias&#038;p=3672"},"modified":"2026-04-30T12:04:32","modified_gmt":"2026-04-30T15:04:32","slug":"fiemg-norte-e-corpo-de-bombeiros-articulam-acoes-conjuntas-voltadas-a-seguranca-industrial","status":"publish","type":"noticias","link":"https:\/\/www.fiemg.com.br\/regional-norte\/noticias\/fiemg-norte-e-corpo-de-bombeiros-articulam-acoes-conjuntas-voltadas-a-seguranca-industrial\/","title":{"rendered":"FIEMG Norte e Corpo de Bombeiros articulam a\u00e7\u00f5es conjuntas voltadas \u00e0 seguran\u00e7a industrial"},"content":{"rendered":"\n<p>Na manh\u00e3 de quarta-feira, 29 de abril, o presidente da FIEMG Regional Norte, Adauto Marques Batista, recebeu a visita institucional do tenente-coronel Sp\u00ednola e do major Luiz Paulo, comandante e sub-comandante do 7\u00ba Batalh\u00e3o de Bombeiros Militar de Montes Claros.<\/p>\n\n\n\n<p>Durante o encontro, foram discutidas a\u00e7\u00f5es estrat\u00e9gicas voltadas ao fortalecimento da seguran\u00e7a nas \u00e1reas industriais do munic\u00edpio, com destaque para a proposta de cria\u00e7\u00e3o de parcerias voltadas \u00e0 preven\u00e7\u00e3o aos inc\u00eandios industriais e manejo de produtos perigosos na cadeia produtiva. A iniciativa tem como objetivo estruturar uma atua\u00e7\u00e3o integrada entre o Corpo de Bombeiros Militar de Minas Gerais e as empresas instaladas na regi\u00e3o, com foco em preven\u00e7\u00e3o, mitiga\u00e7\u00e3o e resposta a riscos espec\u00edficos do ambiente industrial.<\/p>\n\n\n\n<p>A proposta prev\u00ea especializa\u00e7\u00e3o de militares e respons\u00e1veis pela seguran\u00e7a nas plantas industriais em situa\u00e7\u00e3o peculiares ao ambiente industrial, incluindo inc\u00eandios industriais, vazamentos de produtos perigosos, explos\u00f5es e outros eventos cr\u00edticos. A proposta tamb\u00e9m contempla a realiza\u00e7\u00e3o de treinamentos t\u00e9cnicos, elabora\u00e7\u00e3o de planos de emerg\u00eancia espec\u00edficos e a\u00e7\u00f5es preventivas, alinhadas \u00e0s normas de seguran\u00e7a vigentes, como as diretrizes do Corpo de Bombeiros e legisla\u00e7\u00f5es de seguran\u00e7a do trabalho.<\/p>\n\n\n\n<p>Outro ponto relevante da pauta foi o pleito de apoio institucional para viabilizar, junto \u00e0 SUDENE, a aquisi\u00e7\u00e3o de uma auto escada para o Batalh\u00e3o de Montes Claros, considerando o crescimento industrial e a verticaliza\u00e7\u00e3o da cidade que \u00e9 um p\u00f3lo regional de Minas Gerais.<\/p>\n\n\n\n<p>O tenente-coronel Sp\u00ednola destacou que o batalh\u00e3o vem passando por um processo de reestrutura\u00e7\u00e3o f\u00edsica e moderniza\u00e7\u00e3o operacional, o que amplia a necessidade de investimentos em equipamentos e tecnologia para garantir maior efici\u00eancia no atendimento a ocorr\u00eancias e na preven\u00e7\u00e3o de sinistros.<\/p>\n\n\n\n<p>Adauto Marques Batista, que tamb\u00e9m representa a Confedera\u00e7\u00e3o Nacional da Ind\u00fastria no Conselho Deliberativo da SUDENE, comprometeu-se a articular o pleito junto \u00e0 autarquia, refor\u00e7ando a import\u00e2ncia de investimentos para a seguran\u00e7a da popula\u00e7\u00e3o e para a sustentabilidade do crescimento industrial de Montes Claros.<\/p>\n\n\n\n<p>\u201cA reuni\u00e3o refor\u00e7a a converg\u00eancia de esfor\u00e7os entre setor produtivo e institui\u00e7\u00f5es de seguran\u00e7a p\u00fablica, visando criar um ambiente industrial mais seguro, competitivo e preparado para os desafios do desenvolvimento regional\u201d, destacou Marques.<\/p>\n\n\n\n<p>Rosangela Silveira<\/p>\n\n\n\n<p><strong>Imprensa FIEMG Regional Norte<\/strong><\/p>\n\n\n\n<p><\/p>\n","protected":false},"featured_media":3674,"template":"","categories":[291],"tags":[],"class_list":["post-3672","noticias","type-noticias","status-publish","has-post-thumbnail","hentry","category-parceria-institucional"],"acf":[],"yoast_head":"<!-- This site is optimized with the Yoast SEO plugin v26.2 - https:\/\/yoast.com\/wordpress\/plugins\/seo\/ -->\n<title>FIEMG Norte e Corpo de Bombeiros articulam a\u00e7\u00f5es conjuntas voltadas \u00e0 seguran\u00e7a industrial - Regional Norte<\/title>\n<meta name=\"robots\" content=\"index, follow, max-snippet:-1, max-image-preview:large, max-video-preview:-1\" \/>\n<link rel=\"canonical\" href=\"https:\/\/www.fiemg.com.br\/regional-norte\/noticias\/fiemg-norte-e-corpo-de-bombeiros-articulam-acoes-conjuntas-voltadas-a-seguranca-industrial\/\" \/>\n<meta property=\"og:locale\" content=\"pt_BR\" \/>\n<meta property=\"og:type\" content=\"article\" \/>\n<meta property=\"og:title\" content=\"FIEMG Norte e Corpo de Bombeiros articulam a\u00e7\u00f5es conjuntas voltadas \u00e0 seguran\u00e7a industrial - Regional Norte\" \/>\n<meta property=\"og:description\" content=\"Na manh\u00e3 de quarta-feira, 29 de abril, o presidente da FIEMG Regional Norte, Adauto Marques Batista, recebeu a visita institucional do tenente-coronel Sp\u00ednola e do major Luiz Paulo, comandante e sub-comandante do 7\u00ba Batalh\u00e3o de Bombeiros Militar de Montes Claros. Durante o encontro, foram discutidas a\u00e7\u00f5es estrat\u00e9gicas voltadas ao fortalecimento da seguran\u00e7a nas \u00e1reas industriais [&hellip;]\" \/>\n<meta property=\"og:url\" content=\"https:\/\/www.fiemg.com.br\/regional-norte\/noticias\/fiemg-norte-e-corpo-de-bombeiros-articulam-acoes-conjuntas-voltadas-a-seguranca-industrial\/\" \/>\n<meta property=\"og:site_name\" content=\"Regional Norte\" \/>\n<meta property=\"article:modified_time\" content=\"2026-04-30T15:04:32+00:00\" \/>\n<meta property=\"og:image\" content=\"https:\/\/www.fiemg.com.br\/regional-norte\/wp-content\/uploads\/sites\/17\/2026\/04\/Adauto-e-comandantes-Bombeiros.jpg\" \/>\n\t<meta property=\"og:image:width\" content=\"300\" \/>\n\t<meta property=\"og:image:height\" content=\"400\" \/>\n\t<meta property=\"og:image:type\" content=\"image\/jpeg\" \/>\n<meta name=\"twitter:card\" content=\"summary_large_image\" \/>\n<meta name=\"twitter:label1\" content=\"Est. tempo de leitura\" \/>\n\t<meta name=\"twitter:data1\" content=\"3 minutos\" \/>\n<script type=\"application\/ld+json\" class=\"yoast-schema-graph\">{\"@context\":\"https:\/\/schema.org\",\"@graph\":[{\"@type\":\"WebPage\",\"@id\":\"https:\/\/www.fiemg.com.br\/regional-norte\/noticias\/fiemg-norte-e-corpo-de-bombeiros-articulam-acoes-conjuntas-voltadas-a-seguranca-industrial\/\",\"url\":\"https:\/\/www.fiemg.com.br\/regional-norte\/noticias\/fiemg-norte-e-corpo-de-bombeiros-articulam-acoes-conjuntas-voltadas-a-seguranca-industrial\/\",\"name\":\"FIEMG Norte e Corpo de Bombeiros articulam a\u00e7\u00f5es conjuntas voltadas \u00e0 seguran\u00e7a industrial - Regional Norte\",\"isPartOf\":{\"@id\":\"https:\/\/www.fiemg.com.br\/regional-norte\/#website\"},\"primaryImageOfPage\":{\"@id\":\"https:\/\/www.fiemg.com.br\/regional-norte\/noticias\/fiemg-norte-e-corpo-de-bombeiros-articulam-acoes-conjuntas-voltadas-a-seguranca-industrial\/#primaryimage\"},\"image\":{\"@id\":\"https:\/\/www.fiemg.com.br\/regional-norte\/noticias\/fiemg-norte-e-corpo-de-bombeiros-articulam-acoes-conjuntas-voltadas-a-seguranca-industrial\/#primaryimage\"},\"thumbnailUrl\":\"https:\/\/www.fiemg.com.br\/regional-norte\/wp-content\/uploads\/sites\/17\/2026\/04\/Adauto-e-comandantes-Bombeiros.jpg\",\"datePublished\":\"2026-04-30T15:04:30+00:00\",\"dateModified\":\"2026-04-30T15:04:32+00:00\",\"breadcrumb\":{\"@id\":\"https:\/\/www.fiemg.com.br\/regional-norte\/noticias\/fiemg-norte-e-corpo-de-bombeiros-articulam-acoes-conjuntas-voltadas-a-seguranca-industrial\/#breadcrumb\"},\"inLanguage\":\"pt-BR\",\"potentialAction\":[{\"@type\":\"ReadAction\",\"target\":[\"https:\/\/www.fiemg.com.br\/regional-norte\/noticias\/fiemg-norte-e-corpo-de-bombeiros-articulam-acoes-conjuntas-voltadas-a-seguranca-industrial\/\"]}]},{\"@type\":\"ImageObject\",\"inLanguage\":\"pt-BR\",\"@id\":\"https:\/\/www.fiemg.com.br\/regional-norte\/noticias\/fiemg-norte-e-corpo-de-bombeiros-articulam-acoes-conjuntas-voltadas-a-seguranca-industrial\/#primaryimage\",\"url\":\"https:\/\/www.fiemg.com.br\/regional-norte\/wp-content\/uploads\/sites\/17\/2026\/04\/Adauto-e-comandantes-Bombeiros.jpg\",\"contentUrl\":\"https:\/\/www.fiemg.com.br\/regional-norte\/wp-content\/uploads\/sites\/17\/2026\/04\/Adauto-e-comandantes-Bombeiros.jpg\",\"width\":300,\"height\":400},{\"@type\":\"BreadcrumbList\",\"@id\":\"https:\/\/www.fiemg.com.br\/regional-norte\/noticias\/fiemg-norte-e-corpo-de-bombeiros-articulam-acoes-conjuntas-voltadas-a-seguranca-industrial\/#breadcrumb\",\"itemListElement\":[{\"@type\":\"ListItem\",\"position\":1,\"name\":\"In\u00edcio\",\"item\":\"https:\/\/www.fiemg.com.br\/regional-norte\/\"},{\"@type\":\"ListItem\",\"position\":2,\"name\":\"FIEMG Norte e Corpo de Bombeiros articulam a\u00e7\u00f5es conjuntas voltadas \u00e0 seguran\u00e7a industrial\"}]},{\"@type\":\"WebSite\",\"@id\":\"https:\/\/www.fiemg.com.br\/regional-norte\/#website\",\"url\":\"https:\/\/www.fiemg.com.br\/regional-norte\/\",\"name\":\"Regional Norte\",\"description\":\"Federa\u00e7\u00e3o das Ind\u00fastrias do Estado de Minas Gerais\",\"publisher\":{\"@id\":\"https:\/\/www.fiemg.com.br\/regional-norte\/#organization\"},\"potentialAction\":[{\"@type\":\"SearchAction\",\"target\":{\"@type\":\"EntryPoint\",\"urlTemplate\":\"https:\/\/www.fiemg.com.br\/regional-norte\/?s={search_term_string}\"},\"query-input\":{\"@type\":\"PropertyValueSpecification\",\"valueRequired\":true,\"valueName\":\"search_term_string\"}}],\"inLanguage\":\"pt-BR\"},{\"@type\":\"Organization\",\"@id\":\"https:\/\/www.fiemg.com.br\/regional-norte\/#organization\",\"name\":\"Regional Norte\",\"url\":\"https:\/\/www.fiemg.com.br\/regional-norte\/\",\"logo\":{\"@type\":\"ImageObject\",\"inLanguage\":\"pt-BR\",\"@id\":\"https:\/\/www.fiemg.com.br\/regional-norte\/#\/schema\/logo\/image\/\",\"url\":\"https:\/\/www.fiemg.com.br\/regional-norte\/wp-content\/uploads\/sites\/17\/2023\/02\/Ativo-1.png\",\"contentUrl\":\"https:\/\/www.fiemg.com.br\/regional-norte\/wp-content\/uploads\/sites\/17\/2023\/02\/Ativo-1.png\",\"width\":563,\"height\":149,\"caption\":\"Regional Norte\"},\"image\":{\"@id\":\"https:\/\/www.fiemg.com.br\/regional-norte\/#\/schema\/logo\/image\/\"}}]}<\/script>\n<!-- \/ Yoast SEO plugin. -->","yoast_head_json":{"title":"FIEMG Norte e Corpo de Bombeiros articulam a\u00e7\u00f5es conjuntas voltadas \u00e0 seguran\u00e7a industrial - Regional Norte","robots":{"index":"index","follow":"follow","max-snippet":"max-snippet:-1","max-image-preview":"max-image-preview:large","max-video-preview":"max-video-preview:-1"},"canonical":"https:\/\/www.fiemg.com.br\/regional-norte\/noticias\/fiemg-norte-e-corpo-de-bombeiros-articulam-acoes-conjuntas-voltadas-a-seguranca-industrial\/","og_locale":"pt_BR","og_type":"article","og_title":"FIEMG Norte e Corpo de Bombeiros articulam a\u00e7\u00f5es conjuntas voltadas \u00e0 seguran\u00e7a industrial - Regional Norte","og_description":"Na manh\u00e3 de quarta-feira, 29 de abril, o presidente da FIEMG Regional Norte, Adauto Marques Batista, recebeu a visita institucional do tenente-coronel Sp\u00ednola e do major Luiz Paulo, comandante e sub-comandante do 7\u00ba Batalh\u00e3o de Bombeiros Militar de Montes Claros. Durante o encontro, foram discutidas a\u00e7\u00f5es estrat\u00e9gicas voltadas ao fortalecimento da seguran\u00e7a nas \u00e1reas industriais [&hellip;]","og_url":"https:\/\/www.fiemg.com.br\/regional-norte\/noticias\/fiemg-norte-e-corpo-de-bombeiros-articulam-acoes-conjuntas-voltadas-a-seguranca-industrial\/","og_site_name":"Regional Norte","article_modified_time":"2026-04-30T15:04:32+00:00","og_image":[{"width":300,"height":400,"url":"https:\/\/www.fiemg.com.br\/regional-norte\/wp-content\/uploads\/sites\/17\/2026\/04\/Adauto-e-comandantes-Bombeiros.jpg","type":"image\/jpeg"}],"twitter_card":"summary_large_image","twitter_misc":{"Est. tempo de leitura":"3 minutos"},"schema":{"@context":"https:\/\/schema.org","@graph":[{"@type":"WebPage","@id":"https:\/\/www.fiemg.com.br\/regional-norte\/noticias\/fiemg-norte-e-corpo-de-bombeiros-articulam-acoes-conjuntas-voltadas-a-seguranca-industrial\/","url":"https:\/\/www.fiemg.com.br\/regional-norte\/noticias\/fiemg-norte-e-corpo-de-bombeiros-articulam-acoes-conjuntas-voltadas-a-seguranca-industrial\/","name":"FIEMG Norte e Corpo de Bombeiros articulam a\u00e7\u00f5es conjuntas voltadas \u00e0 seguran\u00e7a industrial - Regional Norte","isPartOf":{"@id":"https:\/\/www.fiemg.com.br\/regional-norte\/#website"},"primaryImageOfPage":{"@id":"https:\/\/www.fiemg.com.br\/regional-norte\/noticias\/fiemg-norte-e-corpo-de-bombeiros-articulam-acoes-conjuntas-voltadas-a-seguranca-industrial\/#primaryimage"},"image":{"@id":"https:\/\/www.fiemg.com.br\/regional-norte\/noticias\/fiemg-norte-e-corpo-de-bombeiros-articulam-acoes-conjuntas-voltadas-a-seguranca-industrial\/#primaryimage"},"thumbnailUrl":"https:\/\/www.fiemg.com.br\/regional-norte\/wp-content\/uploads\/sites\/17\/2026\/04\/Adauto-e-comandantes-Bombeiros.jpg","datePublished":"2026-04-30T15:04:30+00:00","dateModified":"2026-04-30T15:04:32+00:00","breadcrumb":{"@id":"https:\/\/www.fiemg.com.br\/regional-norte\/noticias\/fiemg-norte-e-corpo-de-bombeiros-articulam-acoes-conjuntas-voltadas-a-seguranca-industrial\/#breadcrumb"},"inLanguage":"pt-BR","potentialAction":[{"@type":"ReadAction","target":["https:\/\/www.fiemg.com.br\/regional-norte\/noticias\/fiemg-norte-e-corpo-de-bombeiros-articulam-acoes-conjuntas-voltadas-a-seguranca-industrial\/"]}]},{"@type":"ImageObject","inLanguage":"pt-BR","@id":"https:\/\/www.fiemg.com.br\/regional-norte\/noticias\/fiemg-norte-e-corpo-de-bombeiros-articulam-acoes-conjuntas-voltadas-a-seguranca-industrial\/#primaryimage","url":"https:\/\/www.fiemg.com.br\/regional-norte\/wp-content\/uploads\/sites\/17\/2026\/04\/Adauto-e-comandantes-Bombeiros.jpg","contentUrl":"https:\/\/www.fiemg.com.br\/regional-norte\/wp-content\/uploads\/sites\/17\/2026\/04\/Adauto-e-comandantes-Bombeiros.jpg","width":300,"height":400},{"@type":"BreadcrumbList","@id":"https:\/\/www.fiemg.com.br\/regional-norte\/noticias\/fiemg-norte-e-corpo-de-bombeiros-articulam-acoes-conjuntas-voltadas-a-seguranca-industrial\/#breadcrumb","itemListElement":[{"@type":"ListItem","position":1,"name":"In\u00edcio","item":"https:\/\/www.fiemg.com.br\/regional-norte\/"},{"@type":"ListItem","position":2,"name":"FIEMG Norte e Corpo de Bombeiros articulam a\u00e7\u00f5es conjuntas voltadas \u00e0 seguran\u00e7a industrial"}]},{"@type":"WebSite","@id":"https:\/\/www.fiemg.com.br\/regional-norte\/#website","url":"https:\/\/www.fiemg.com.br\/regional-norte\/","name":"Regional Norte","description":"Federa\u00e7\u00e3o das Ind\u00fastrias do Estado de Minas Gerais","publisher":{"@id":"https:\/\/www.fiemg.com.br\/regional-norte\/#organization"},"potentialAction":[{"@type":"SearchAction","target":{"@type":"EntryPoint","urlTemplate":"https:\/\/www.fiemg.com.br\/regional-norte\/?s={search_term_string}"},"query-input":{"@type":"PropertyValueSpecification","valueRequired":true,"valueName":"search_term_string"}}],"inLanguage":"pt-BR"},{"@type":"Organization","@id":"https:\/\/www.fiemg.com.br\/regional-norte\/#organization","name":"Regional Norte","url":"https:\/\/www.fiemg.com.br\/regional-norte\/","logo":{"@type":"ImageObject","inLanguage":"pt-BR","@id":"https:\/\/www.fiemg.com.br\/regional-norte\/#\/schema\/logo\/image\/","url":"https:\/\/www.fiemg.com.br\/regional-norte\/wp-content\/uploads\/sites\/17\/2023\/02\/Ativo-1.png","contentUrl":"https:\/\/www.fiemg.com.br\/regional-norte\/wp-content\/uploads\/sites\/17\/2023\/02\/Ativo-1.png","width":563,"height":149,"caption":"Regional Norte"},"image":{"@id":"https:\/\/www.fiemg.com.br\/regional-norte\/#\/schema\/logo\/image\/"}}]}},"_links":{"self":[{"href":"https:\/\/www.fiemg.com.br\/regional-norte\/wp-json\/wp\/v2\/noticias\/3672","targetHints":{"allow":["GET"]}}],"collection":[{"href":"https:\/\/www.fiemg.com.br\/regional-norte\/wp-json\/wp\/v2\/noticias"}],"about":[{"href":"https:\/\/www.fiemg.com.br\/regional-norte\/wp-json\/wp\/v2\/types\/noticias"}],"wp:featuredmedia":[{"embeddable":true,"href":"https:\/\/www.fiemg.com.br\/regional-norte\/wp-json\/wp\/v2\/media\/3674"}],"wp:attachment":[{"href":"https:\/\/www.fiemg.com.br\/regional-norte\/wp-json\/wp\/v2\/media?parent=3672"}],"wp:term":[{"taxonomy":"category","embeddable":true,"href":"https:\/\/www.fiemg.com.br\/regional-norte\/wp-json\/wp\/v2\/categories?post=3672"},{"taxonomy":"post_tag","embeddable":true,"href":"https:\/\/www.fiemg.com.br\/regional-norte\/wp-json\/wp\/v2\/tags?post=3672"}],"curies":[{"name":"wp","href":"https:\/\/api.w.org\/{rel}","templated":true}]}}