{"id":3675,"date":"2026-04-30T15:00:19","date_gmt":"2026-04-30T18:00:19","guid":{"rendered":"https:\/\/www.fiemg.com.br\/regional-norte\/noticias\/demissoes-voluntarias-aumentam-148-em-minas-gerais-em-seis-anos-aponta-fiemg\/"},"modified":"2026-04-30T15:00:21","modified_gmt":"2026-04-30T18:00:21","slug":"demissoes-voluntarias-aumentam-148-em-minas-gerais-em-seis-anos-aponta-fiemg","status":"publish","type":"noticias","link":"https:\/\/www.fiemg.com.br\/regional-norte\/noticias\/demissoes-voluntarias-aumentam-148-em-minas-gerais-em-seis-anos-aponta-fiemg\/","title":{"rendered":"Demiss\u00f5es volunt\u00e1rias aumentam 148% em Minas Gerais em seis anos, aponta FIEMG"},"content":{"rendered":"\n<p>As demiss\u00f5es volunt\u00e1rias em Minas Gerais cresceram 148%, passando de 384,1 mil para 952,7 mil entre 2020 a 2025, segundo levantamento da Federa\u00e7\u00e3o das Ind\u00fastrias do Estado de Minas Gerais (FIEMG). O avan\u00e7o expressivo ocorre em um contexto de aquecimento do mercado de trabalho, marcado por um maior dinamismo e amplia\u00e7\u00e3o das oportunidades de emprego.<\/p>\n\n\n\n<p>A participa\u00e7\u00e3o das demiss\u00f5es a pedido no total de desligamentos aumentou de 23% em 2020 para 35% no ano passado. Para compreender esse movimento, a Ger\u00eancia de Economia da FIEMG analisou o perfil das pessoas que deixaram de trabalhar voluntariamente no Estado, em 2025, considerando faixa et\u00e1ria, escolaridade, setor de atividade e sal\u00e1rios m\u00e9dios.<\/p>\n\n\n\n<p>Segundo o economista-chefe da FIEMG, Jo\u00e3o Gabriel Pio, \u201ca mobilidade no mercado est\u00e1 associada a trabalhadores no in\u00edcio de carreira e a fun\u00e7\u00f5es com menor exig\u00eancia de qualifica\u00e7\u00e3o, caracterizadas por baixas barreiras de entrada, nas quais predominam movimentos horizontais entre postos semelhantes, com ganhos marginais de renda ou melhores condi\u00e7\u00f5es imediatas, mais do que avan\u00e7os estruturais na trajet\u00f3ria profissional\u201d, disse.<\/p>\n\n\n\n<p><strong>Jovens lideram sa\u00eddas<\/strong><\/p>\n\n\n\n<p>Os resultados mostram que as sa\u00eddas se concentram entre os mais jovens. A faixa de 18 a 24 anos respondeu por 30% dos desligamentos, e, somada ao grupo de 25 a 29 anos, alcan\u00e7ou cerca de 48% do total. Esse padr\u00e3o reflete maior mobilidade e trajet\u00f3rias ainda em consolida\u00e7\u00e3o. Na sequ\u00eancia, os trabalhadores de 30 a 39 anos representaram 25%, grupo em que a decis\u00e3o tende a estar mais associada \u00e0 progress\u00e3o de carreira e ganhos salariais. J\u00e1 as faixas et\u00e1rias mais elevadas tiveram menor participa\u00e7\u00e3o: 16% entre 40 e 49 anos e 9% entre aqueles com 50 anos ou mais.<\/p>\n\n\n\n<p>Em rela\u00e7\u00e3o \u00e0 escolaridade, trabalhadores com ensino m\u00e9dio completo respondem por cerca de 63% dos casos, indicando maior mobilidade em ocupa\u00e7\u00f5es de entrada. J\u00e1 aqueles com ensino superior completo representam 9% e tendem a mudar de trabalho em busca de melhores oportunidades.<\/p>\n\n\n\n<p><strong>Com\u00e9rcio com mais desligamentos<\/strong><\/p>\n\n\n\n<p>No recorte setorial, o com\u00e9rcio concentra 41% das demiss\u00f5es a pedido, seguido por servi\u00e7os (37%) e ind\u00fastria (35%), enquanto agricultura (28%) e constru\u00e7\u00e3o (20%) apresentam menor participa\u00e7\u00e3o relativa. Em termos salariais, as maiores m\u00e9dias s\u00e3o observadas na constru\u00e7\u00e3o (R$ 2.387), na ind\u00fastria (R$ 2.311) e nos servi\u00e7os (R$ 2.249). J\u00e1 com\u00e9rcio (R$ 1.872) e agricultura (R$ 2.029) registram os menores valores.<\/p>\n\n\n\n<p>Em 2025, as cinco fun\u00e7\u00f5es que mais registraram demiss\u00f5es a pedido em Minas Gerais foram vendedor de com\u00e9rcio varejista, faxineiro, alimentador de linha de produ\u00e7\u00e3o, operador de caixa e atendente de lojas e mercados. \u201cEssas atividades, t\u00edpicas de base e presentes, sobretudo no com\u00e9rcio, nos servi\u00e7os e na ind\u00fastria de transforma\u00e7\u00e3o, s\u00e3o marcadas por alta mobilidade entre postos semelhantes e menor n\u00edvel de qualifica\u00e7\u00e3o\u201d, explica o economista-chefe da FIEMG.<\/p>\n\n\n\n<p>Nessas fun\u00e7\u00f5es, os sal\u00e1rios variam de R$ 1.670, no caso de faxineiro, a R$ 1.800 para alimentador de linha de produ\u00e7\u00e3o. Conforme ainda o economista, esse padr\u00e3o de remunera\u00e7\u00e3o mais baixo indica que as sa\u00eddas volunt\u00e1rias se concentram em atividades com maior substituibilidade e menor barreira de entrada, onde a troca de emprego tende a ser mais frequente.<\/p>\n\n\n\n<p>\u201cO recorde de demiss\u00f5es a pedido em 2025 n\u00e3o apenas evidencia o maior dinamismo do mercado de trabalho, como tamb\u00e9m sinaliza uma mudan\u00e7a no padr\u00e3o de mobilidade ocupacional no Brasil. Embora inserido em um contexto de mercado aquecido, esse movimento se concentra em perfis espec\u00edficos, especialmente entre trabalhadores mais jovens, com ensino m\u00e9dio completo e em fun\u00e7\u00f5es de menor qualifica\u00e7\u00e3o, o que mostra que o fen\u00f4meno n\u00e3o ocorre de forma homog\u00eanea\u201d, conclui Pio.<\/p>\n\n\n\n<p>Confira <a href=\"https:\/\/www.fiemg.com.br\/wp-content\/uploads\/2026\/04\/EA202604_03-Demissoes-a-pedido.pdf\"><strong>aqui<\/strong><\/a> o estudo completo.<\/p>\n\n\n\n<p><em>Rafael Passos<\/em><br><strong>Imprensa FIEMG<\/strong><\/p>\n","protected":false},"featured_media":3676,"template":"","categories":[20],"tags":[],"class_list":["post-3675","noticias","type-noticias","status-publish","has-post-thumbnail","hentry","category-estudos-economicos"],"acf":[],"yoast_head":"<!-- This site is optimized with the Yoast SEO plugin v26.2 - https:\/\/yoast.com\/wordpress\/plugins\/seo\/ -->\n<title>Demiss\u00f5es volunt\u00e1rias aumentam 148% em Minas Gerais em seis anos, aponta FIEMG - Regional Norte<\/title>\n<meta name=\"robots\" content=\"index, follow, max-snippet:-1, max-image-preview:large, max-video-preview:-1\" \/>\n<link rel=\"canonical\" href=\"https:\/\/www.fiemg.com.br\/regional-norte\/noticias\/demissoes-voluntarias-aumentam-148-em-minas-gerais-em-seis-anos-aponta-fiemg\/\" \/>\n<meta property=\"og:locale\" content=\"pt_BR\" \/>\n<meta property=\"og:type\" content=\"article\" \/>\n<meta property=\"og:title\" content=\"Demiss\u00f5es volunt\u00e1rias aumentam 148% em Minas Gerais em seis anos, aponta FIEMG - Regional Norte\" \/>\n<meta property=\"og:description\" content=\"As demiss\u00f5es volunt\u00e1rias em Minas Gerais cresceram 148%, passando de 384,1 mil para 952,7 mil entre 2020 a 2025, segundo levantamento da Federa\u00e7\u00e3o das Ind\u00fastrias do Estado de Minas Gerais (FIEMG). O avan\u00e7o expressivo ocorre em um contexto de aquecimento do mercado de trabalho, marcado por um maior dinamismo e amplia\u00e7\u00e3o das oportunidades de emprego. [&hellip;]\" \/>\n<meta property=\"og:url\" content=\"https:\/\/www.fiemg.com.br\/regional-norte\/noticias\/demissoes-voluntarias-aumentam-148-em-minas-gerais-em-seis-anos-aponta-fiemg\/\" \/>\n<meta property=\"og:site_name\" content=\"Regional Norte\" \/>\n<meta property=\"article:modified_time\" content=\"2026-04-30T18:00:21+00:00\" \/>\n<meta property=\"og:image\" content=\"https:\/\/www.fiemg.com.br\/regional-norte\/wp-content\/uploads\/sites\/17\/2026\/04\/demissao-voluntaria-estudo-minas-gerais.jpg\" \/>\n\t<meta property=\"og:image:width\" content=\"512\" \/>\n\t<meta property=\"og:image:height\" content=\"512\" \/>\n\t<meta property=\"og:image:type\" content=\"image\/jpeg\" \/>\n<meta name=\"twitter:card\" content=\"summary_large_image\" \/>\n<meta name=\"twitter:label1\" content=\"Est. tempo de leitura\" \/>\n\t<meta name=\"twitter:data1\" content=\"4 minutos\" \/>\n<script type=\"application\/ld+json\" class=\"yoast-schema-graph\">{\"@context\":\"https:\/\/schema.org\",\"@graph\":[{\"@type\":\"WebPage\",\"@id\":\"https:\/\/www.fiemg.com.br\/regional-norte\/noticias\/demissoes-voluntarias-aumentam-148-em-minas-gerais-em-seis-anos-aponta-fiemg\/\",\"url\":\"https:\/\/www.fiemg.com.br\/regional-norte\/noticias\/demissoes-voluntarias-aumentam-148-em-minas-gerais-em-seis-anos-aponta-fiemg\/\",\"name\":\"Demiss\u00f5es volunt\u00e1rias aumentam 148% em Minas Gerais em seis anos, aponta FIEMG - Regional Norte\",\"isPartOf\":{\"@id\":\"https:\/\/www.fiemg.com.br\/regional-norte\/#website\"},\"primaryImageOfPage\":{\"@id\":\"https:\/\/www.fiemg.com.br\/regional-norte\/noticias\/demissoes-voluntarias-aumentam-148-em-minas-gerais-em-seis-anos-aponta-fiemg\/#primaryimage\"},\"image\":{\"@id\":\"https:\/\/www.fiemg.com.br\/regional-norte\/noticias\/demissoes-voluntarias-aumentam-148-em-minas-gerais-em-seis-anos-aponta-fiemg\/#primaryimage\"},\"thumbnailUrl\":\"https:\/\/www.fiemg.com.br\/regional-norte\/wp-content\/uploads\/sites\/17\/2026\/04\/demissao-voluntaria-estudo-minas-gerais.jpg\",\"datePublished\":\"2026-04-30T18:00:19+00:00\",\"dateModified\":\"2026-04-30T18:00:21+00:00\",\"breadcrumb\":{\"@id\":\"https:\/\/www.fiemg.com.br\/regional-norte\/noticias\/demissoes-voluntarias-aumentam-148-em-minas-gerais-em-seis-anos-aponta-fiemg\/#breadcrumb\"},\"inLanguage\":\"pt-BR\",\"potentialAction\":[{\"@type\":\"ReadAction\",\"target\":[\"https:\/\/www.fiemg.com.br\/regional-norte\/noticias\/demissoes-voluntarias-aumentam-148-em-minas-gerais-em-seis-anos-aponta-fiemg\/\"]}]},{\"@type\":\"ImageObject\",\"inLanguage\":\"pt-BR\",\"@id\":\"https:\/\/www.fiemg.com.br\/regional-norte\/noticias\/demissoes-voluntarias-aumentam-148-em-minas-gerais-em-seis-anos-aponta-fiemg\/#primaryimage\",\"url\":\"https:\/\/www.fiemg.com.br\/regional-norte\/wp-content\/uploads\/sites\/17\/2026\/04\/demissao-voluntaria-estudo-minas-gerais.jpg\",\"contentUrl\":\"https:\/\/www.fiemg.com.br\/regional-norte\/wp-content\/uploads\/sites\/17\/2026\/04\/demissao-voluntaria-estudo-minas-gerais.jpg\",\"width\":512,\"height\":512},{\"@type\":\"BreadcrumbList\",\"@id\":\"https:\/\/www.fiemg.com.br\/regional-norte\/noticias\/demissoes-voluntarias-aumentam-148-em-minas-gerais-em-seis-anos-aponta-fiemg\/#breadcrumb\",\"itemListElement\":[{\"@type\":\"ListItem\",\"position\":1,\"name\":\"In\u00edcio\",\"item\":\"https:\/\/www.fiemg.com.br\/regional-norte\/\"},{\"@type\":\"ListItem\",\"position\":2,\"name\":\"Demiss\u00f5es volunt\u00e1rias aumentam 148% em Minas Gerais em seis anos, aponta FIEMG\"}]},{\"@type\":\"WebSite\",\"@id\":\"https:\/\/www.fiemg.com.br\/regional-norte\/#website\",\"url\":\"https:\/\/www.fiemg.com.br\/regional-norte\/\",\"name\":\"Regional Norte\",\"description\":\"Federa\u00e7\u00e3o das Ind\u00fastrias do Estado de Minas Gerais\",\"publisher\":{\"@id\":\"https:\/\/www.fiemg.com.br\/regional-norte\/#organization\"},\"potentialAction\":[{\"@type\":\"SearchAction\",\"target\":{\"@type\":\"EntryPoint\",\"urlTemplate\":\"https:\/\/www.fiemg.com.br\/regional-norte\/?s={search_term_string}\"},\"query-input\":{\"@type\":\"PropertyValueSpecification\",\"valueRequired\":true,\"valueName\":\"search_term_string\"}}],\"inLanguage\":\"pt-BR\"},{\"@type\":\"Organization\",\"@id\":\"https:\/\/www.fiemg.com.br\/regional-norte\/#organization\",\"name\":\"Regional Norte\",\"url\":\"https:\/\/www.fiemg.com.br\/regional-norte\/\",\"logo\":{\"@type\":\"ImageObject\",\"inLanguage\":\"pt-BR\",\"@id\":\"https:\/\/www.fiemg.com.br\/regional-norte\/#\/schema\/logo\/image\/\",\"url\":\"https:\/\/www.fiemg.com.br\/regional-norte\/wp-content\/uploads\/sites\/17\/2023\/02\/Ativo-1.png\",\"contentUrl\":\"https:\/\/www.fiemg.com.br\/regional-norte\/wp-content\/uploads\/sites\/17\/2023\/02\/Ativo-1.png\",\"width\":563,\"height\":149,\"caption\":\"Regional Norte\"},\"image\":{\"@id\":\"https:\/\/www.fiemg.com.br\/regional-norte\/#\/schema\/logo\/image\/\"}}]}<\/script>\n<!-- \/ Yoast SEO plugin. -->","yoast_head_json":{"title":"Demiss\u00f5es volunt\u00e1rias aumentam 148% em Minas Gerais em seis anos, aponta FIEMG - Regional Norte","robots":{"index":"index","follow":"follow","max-snippet":"max-snippet:-1","max-image-preview":"max-image-preview:large","max-video-preview":"max-video-preview:-1"},"canonical":"https:\/\/www.fiemg.com.br\/regional-norte\/noticias\/demissoes-voluntarias-aumentam-148-em-minas-gerais-em-seis-anos-aponta-fiemg\/","og_locale":"pt_BR","og_type":"article","og_title":"Demiss\u00f5es volunt\u00e1rias aumentam 148% em Minas Gerais em seis anos, aponta FIEMG - Regional Norte","og_description":"As demiss\u00f5es volunt\u00e1rias em Minas Gerais cresceram 148%, passando de 384,1 mil para 952,7 mil entre 2020 a 2025, segundo levantamento da Federa\u00e7\u00e3o das Ind\u00fastrias do Estado de Minas Gerais (FIEMG). O avan\u00e7o expressivo ocorre em um contexto de aquecimento do mercado de trabalho, marcado por um maior dinamismo e amplia\u00e7\u00e3o das oportunidades de emprego. [&hellip;]","og_url":"https:\/\/www.fiemg.com.br\/regional-norte\/noticias\/demissoes-voluntarias-aumentam-148-em-minas-gerais-em-seis-anos-aponta-fiemg\/","og_site_name":"Regional Norte","article_modified_time":"2026-04-30T18:00:21+00:00","og_image":[{"width":512,"height":512,"url":"https:\/\/www.fiemg.com.br\/regional-norte\/wp-content\/uploads\/sites\/17\/2026\/04\/demissao-voluntaria-estudo-minas-gerais.jpg","type":"image\/jpeg"}],"twitter_card":"summary_large_image","twitter_misc":{"Est. tempo de leitura":"4 minutos"},"schema":{"@context":"https:\/\/schema.org","@graph":[{"@type":"WebPage","@id":"https:\/\/www.fiemg.com.br\/regional-norte\/noticias\/demissoes-voluntarias-aumentam-148-em-minas-gerais-em-seis-anos-aponta-fiemg\/","url":"https:\/\/www.fiemg.com.br\/regional-norte\/noticias\/demissoes-voluntarias-aumentam-148-em-minas-gerais-em-seis-anos-aponta-fiemg\/","name":"Demiss\u00f5es volunt\u00e1rias aumentam 148% em Minas Gerais em seis anos, aponta FIEMG - Regional Norte","isPartOf":{"@id":"https:\/\/www.fiemg.com.br\/regional-norte\/#website"},"primaryImageOfPage":{"@id":"https:\/\/www.fiemg.com.br\/regional-norte\/noticias\/demissoes-voluntarias-aumentam-148-em-minas-gerais-em-seis-anos-aponta-fiemg\/#primaryimage"},"image":{"@id":"https:\/\/www.fiemg.com.br\/regional-norte\/noticias\/demissoes-voluntarias-aumentam-148-em-minas-gerais-em-seis-anos-aponta-fiemg\/#primaryimage"},"thumbnailUrl":"https:\/\/www.fiemg.com.br\/regional-norte\/wp-content\/uploads\/sites\/17\/2026\/04\/demissao-voluntaria-estudo-minas-gerais.jpg","datePublished":"2026-04-30T18:00:19+00:00","dateModified":"2026-04-30T18:00:21+00:00","breadcrumb":{"@id":"https:\/\/www.fiemg.com.br\/regional-norte\/noticias\/demissoes-voluntarias-aumentam-148-em-minas-gerais-em-seis-anos-aponta-fiemg\/#breadcrumb"},"inLanguage":"pt-BR","potentialAction":[{"@type":"ReadAction","target":["https:\/\/www.fiemg.com.br\/regional-norte\/noticias\/demissoes-voluntarias-aumentam-148-em-minas-gerais-em-seis-anos-aponta-fiemg\/"]}]},{"@type":"ImageObject","inLanguage":"pt-BR","@id":"https:\/\/www.fiemg.com.br\/regional-norte\/noticias\/demissoes-voluntarias-aumentam-148-em-minas-gerais-em-seis-anos-aponta-fiemg\/#primaryimage","url":"https:\/\/www.fiemg.com.br\/regional-norte\/wp-content\/uploads\/sites\/17\/2026\/04\/demissao-voluntaria-estudo-minas-gerais.jpg","contentUrl":"https:\/\/www.fiemg.com.br\/regional-norte\/wp-content\/uploads\/sites\/17\/2026\/04\/demissao-voluntaria-estudo-minas-gerais.jpg","width":512,"height":512},{"@type":"BreadcrumbList","@id":"https:\/\/www.fiemg.com.br\/regional-norte\/noticias\/demissoes-voluntarias-aumentam-148-em-minas-gerais-em-seis-anos-aponta-fiemg\/#breadcrumb","itemListElement":[{"@type":"ListItem","position":1,"name":"In\u00edcio","item":"https:\/\/www.fiemg.com.br\/regional-norte\/"},{"@type":"ListItem","position":2,"name":"Demiss\u00f5es volunt\u00e1rias aumentam 148% em Minas Gerais em seis anos, aponta FIEMG"}]},{"@type":"WebSite","@id":"https:\/\/www.fiemg.com.br\/regional-norte\/#website","url":"https:\/\/www.fiemg.com.br\/regional-norte\/","name":"Regional Norte","description":"Federa\u00e7\u00e3o das Ind\u00fastrias do Estado de Minas Gerais","publisher":{"@id":"https:\/\/www.fiemg.com.br\/regional-norte\/#organization"},"potentialAction":[{"@type":"SearchAction","target":{"@type":"EntryPoint","urlTemplate":"https:\/\/www.fiemg.com.br\/regional-norte\/?s={search_term_string}"},"query-input":{"@type":"PropertyValueSpecification","valueRequired":true,"valueName":"search_term_string"}}],"inLanguage":"pt-BR"},{"@type":"Organization","@id":"https:\/\/www.fiemg.com.br\/regional-norte\/#organization","name":"Regional Norte","url":"https:\/\/www.fiemg.com.br\/regional-norte\/","logo":{"@type":"ImageObject","inLanguage":"pt-BR","@id":"https:\/\/www.fiemg.com.br\/regional-norte\/#\/schema\/logo\/image\/","url":"https:\/\/www.fiemg.com.br\/regional-norte\/wp-content\/uploads\/sites\/17\/2023\/02\/Ativo-1.png","contentUrl":"https:\/\/www.fiemg.com.br\/regional-norte\/wp-content\/uploads\/sites\/17\/2023\/02\/Ativo-1.png","width":563,"height":149,"caption":"Regional Norte"},"image":{"@id":"https:\/\/www.fiemg.com.br\/regional-norte\/#\/schema\/logo\/image\/"}}]}},"_links":{"self":[{"href":"https:\/\/www.fiemg.com.br\/regional-norte\/wp-json\/wp\/v2\/noticias\/3675","targetHints":{"allow":["GET"]}}],"collection":[{"href":"https:\/\/www.fiemg.com.br\/regional-norte\/wp-json\/wp\/v2\/noticias"}],"about":[{"href":"https:\/\/www.fiemg.com.br\/regional-norte\/wp-json\/wp\/v2\/types\/noticias"}],"wp:featuredmedia":[{"embeddable":true,"href":"https:\/\/www.fiemg.com.br\/regional-norte\/wp-json\/wp\/v2\/media\/3676"}],"wp:attachment":[{"href":"https:\/\/www.fiemg.com.br\/regional-norte\/wp-json\/wp\/v2\/media?parent=3675"}],"wp:term":[{"taxonomy":"category","embeddable":true,"href":"https:\/\/www.fiemg.com.br\/regional-norte\/wp-json\/wp\/v2\/categories?post=3675"},{"taxonomy":"post_tag","embeddable":true,"href":"https:\/\/www.fiemg.com.br\/regional-norte\/wp-json\/wp\/v2\/tags?post=3675"}],"curies":[{"name":"wp","href":"https:\/\/api.w.org\/{rel}","templated":true}]}}