{"id":4353,"date":"2026-08-31T12:02:58","date_gmt":"2026-08-31T15:02:58","guid":{"rendered":"https:\/\/www.fiemg.com.br\/regional-norte\/?post_type=noticias&#038;p=4353"},"modified":"2026-08-31T14:01:39","modified_gmt":"2026-08-31T17:01:39","slug":"panicon-feira-da-panificacao-do-sindpan-e-fiemg-comeca-amanha-em-montes-claros","status":"publish","type":"noticias","link":"https:\/\/www.fiemg.com.br\/regional-norte\/noticias\/panicon-feira-da-panificacao-do-sindpan-e-fiemg-comeca-amanha-em-montes-claros\/","title":{"rendered":"PANICON-Feira da Panifica\u00e7\u00e3o do SINDPAN e FIEMG, come\u00e7a amanh\u00e3 em Montes Claros"},"content":{"rendered":"\n<p class=\"wp-block-paragraph\">Come\u00e7a nessa ter\u00e7a-feira, 1\u00ba de setembro, em Montes Claros, a primeira edi\u00e7\u00e3o da PANICON-Feira da Panifica\u00e7\u00e3o. Com o conceito \u201cConectando sabores e gerando neg\u00f3cios\u201d, esse novo encontro empresarial dedicado ao fortalecimento da cadeia da panifica\u00e7\u00e3o, confeitaria e massas aliment\u00edcias no Norte de Minas, ser\u00e1<br>realizado no Lilia Buffet, reunindo empresas, profissionais e fornecedores em uma programa\u00e7\u00e3o voltada \u00e0 inova\u00e7\u00e3o, conhecimento, relacionamento e gera\u00e7\u00e3o de neg\u00f3cios.<\/p>\n\n\n\n<p class=\"wp-block-paragraph\">Promovida pelo Sindicato Intermunicipal das Ind\u00fastrias da Panifica\u00e7\u00e3o, Confeitaria e de Massas Aliment\u00edcias do Norte de Minas (SIDPAN\/Norte) e pela FIEMG Regional Norte, com apoio M\u00e1ster do SEBRAE MG, a PANICON ter\u00e1 como um dos seus principais atrativos a Padaria Show Fermontes, espa\u00e7o que promete transformar conhecimento e sabor em uma experi\u00eancia pr\u00e1tica para os participantes.<\/p>\n\n\n\n<p class=\"wp-block-paragraph\">Na Padaria Show Fermontes, profissionais far\u00e3o demonstra\u00e7\u00f5es ao vivo de t\u00e9cnicas, tend\u00eancias e processos de produ\u00e7\u00e3o, proporcionando ao p\u00fablico a oportunidade de acompanhar de perto o preparo de diferentes produtos e conhecer novidades que podem ser aplicadas aos neg\u00f3cios. Entre as atra\u00e7\u00f5es est\u00e3o demonstra\u00e7\u00f5es e degusta\u00e7\u00f5es de pizzas, panetones e outras del\u00edcias, aproximando conhecimento t\u00e9cnico, criatividade e gastronomia. Um dos convidados da FERMONTES para a Padaria Show e o consagrado chef Ricardo Souza, um renomado profissional da gastronomia brasileira com mais de 28 anos de experi\u00eancia no setor de panifica\u00e7\u00e3o, confeitaria e pizzaria.<\/p>\n\n\n\n<p class=\"wp-block-paragraph\"> Rosangela Silveira<\/p>\n\n\n\n<p class=\"wp-block-paragraph\"><strong>Imprensa FIEMG Regional Norte<\/strong><\/p>\n\n\n\n<p class=\"wp-block-paragraph\"><\/p>\n","protected":false},"featured_media":4359,"template":"","categories":[263],"tags":[],"class_list":["post-4353","noticias","type-noticias","status-publish","has-post-thumbnail","hentry","category-panicon"],"acf":[],"yoast_head":"<!-- This site is optimized with the Yoast SEO plugin v27.7 - https:\/\/yoast.com\/product\/yoast-seo-wordpress\/ -->\n<title>PANICON-Feira da Panifica\u00e7\u00e3o do SINDPAN e FIEMG, come\u00e7a amanh\u00e3 em Montes Claros - Regional Norte<\/title>\n<meta name=\"robots\" content=\"index, follow, max-snippet:-1, max-image-preview:large, max-video-preview:-1\" \/>\n<link rel=\"canonical\" href=\"https:\/\/www.fiemg.com.br\/regional-norte\/noticias\/panicon-feira-da-panificacao-do-sindpan-e-fiemg-comeca-amanha-em-montes-claros\/\" \/>\n<meta property=\"og:locale\" content=\"pt_BR\" \/>\n<meta property=\"og:type\" content=\"article\" \/>\n<meta property=\"og:title\" content=\"PANICON-Feira da Panifica\u00e7\u00e3o do SINDPAN e FIEMG, come\u00e7a amanh\u00e3 em Montes Claros - Regional Norte\" \/>\n<meta property=\"og:description\" content=\"Come\u00e7a nessa ter\u00e7a-feira, 1\u00ba de setembro, em Montes Claros, a primeira edi\u00e7\u00e3o da PANICON-Feira da Panifica\u00e7\u00e3o. Com o conceito \u201cConectando sabores e gerando neg\u00f3cios\u201d, esse novo encontro empresarial dedicado ao fortalecimento da cadeia da panifica\u00e7\u00e3o, confeitaria e massas aliment\u00edcias no Norte de Minas, ser\u00e1realizado no Lilia Buffet, reunindo empresas, profissionais e fornecedores em uma programa\u00e7\u00e3o [&hellip;]\" \/>\n<meta property=\"og:url\" content=\"https:\/\/www.fiemg.com.br\/regional-norte\/noticias\/panicon-feira-da-panificacao-do-sindpan-e-fiemg-comeca-amanha-em-montes-claros\/\" \/>\n<meta property=\"og:site_name\" content=\"Regional Norte\" \/>\n<meta property=\"article:modified_time\" content=\"2026-08-31T17:01:39+00:00\" \/>\n<meta property=\"og:image\" content=\"https:\/\/www.fiemg.com.br\/regional-norte\/wp-content\/uploads\/sites\/17\/2026\/08\/Programacao-Panicon-2026-1.jpg\" \/>\n\t<meta property=\"og:image:width\" content=\"512\" \/>\n\t<meta property=\"og:image:height\" content=\"490\" \/>\n\t<meta property=\"og:image:type\" content=\"image\/jpeg\" \/>\n<meta name=\"twitter:card\" content=\"summary_large_image\" \/>\n<meta name=\"twitter:label1\" content=\"Est. tempo de leitura\" \/>\n\t<meta name=\"twitter:data1\" content=\"2 minutos\" \/>\n<script type=\"application\/ld+json\" class=\"yoast-schema-graph\">{\"@context\":\"https:\\\/\\\/schema.org\",\"@graph\":[{\"@type\":\"WebPage\",\"@id\":\"https:\\\/\\\/www.fiemg.com.br\\\/regional-norte\\\/noticias\\\/panicon-feira-da-panificacao-do-sindpan-e-fiemg-comeca-amanha-em-montes-claros\\\/\",\"url\":\"https:\\\/\\\/www.fiemg.com.br\\\/regional-norte\\\/noticias\\\/panicon-feira-da-panificacao-do-sindpan-e-fiemg-comeca-amanha-em-montes-claros\\\/\",\"name\":\"PANICON-Feira da Panifica\u00e7\u00e3o do SINDPAN e FIEMG, come\u00e7a amanh\u00e3 em Montes Claros - Regional Norte\",\"isPartOf\":{\"@id\":\"https:\\\/\\\/www.fiemg.com.br\\\/regional-norte\\\/#website\"},\"primaryImageOfPage\":{\"@id\":\"https:\\\/\\\/www.fiemg.com.br\\\/regional-norte\\\/noticias\\\/panicon-feira-da-panificacao-do-sindpan-e-fiemg-comeca-amanha-em-montes-claros\\\/#primaryimage\"},\"image\":{\"@id\":\"https:\\\/\\\/www.fiemg.com.br\\\/regional-norte\\\/noticias\\\/panicon-feira-da-panificacao-do-sindpan-e-fiemg-comeca-amanha-em-montes-claros\\\/#primaryimage\"},\"thumbnailUrl\":\"https:\\\/\\\/www.fiemg.com.br\\\/regional-norte\\\/wp-content\\\/uploads\\\/sites\\\/17\\\/2026\\\/08\\\/Programacao-Panicon-2026-1.jpg\",\"datePublished\":\"2026-08-31T15:02:58+00:00\",\"dateModified\":\"2026-08-31T17:01:39+00:00\",\"breadcrumb\":{\"@id\":\"https:\\\/\\\/www.fiemg.com.br\\\/regional-norte\\\/noticias\\\/panicon-feira-da-panificacao-do-sindpan-e-fiemg-comeca-amanha-em-montes-claros\\\/#breadcrumb\"},\"inLanguage\":\"pt-BR\",\"potentialAction\":[{\"@type\":\"ReadAction\",\"target\":[\"https:\\\/\\\/www.fiemg.com.br\\\/regional-norte\\\/noticias\\\/panicon-feira-da-panificacao-do-sindpan-e-fiemg-comeca-amanha-em-montes-claros\\\/\"]}]},{\"@type\":\"ImageObject\",\"inLanguage\":\"pt-BR\",\"@id\":\"https:\\\/\\\/www.fiemg.com.br\\\/regional-norte\\\/noticias\\\/panicon-feira-da-panificacao-do-sindpan-e-fiemg-comeca-amanha-em-montes-claros\\\/#primaryimage\",\"url\":\"https:\\\/\\\/www.fiemg.com.br\\\/regional-norte\\\/wp-content\\\/uploads\\\/sites\\\/17\\\/2026\\\/08\\\/Programacao-Panicon-2026-1.jpg\",\"contentUrl\":\"https:\\\/\\\/www.fiemg.com.br\\\/regional-norte\\\/wp-content\\\/uploads\\\/sites\\\/17\\\/2026\\\/08\\\/Programacao-Panicon-2026-1.jpg\",\"width\":512,\"height\":490},{\"@type\":\"BreadcrumbList\",\"@id\":\"https:\\\/\\\/www.fiemg.com.br\\\/regional-norte\\\/noticias\\\/panicon-feira-da-panificacao-do-sindpan-e-fiemg-comeca-amanha-em-montes-claros\\\/#breadcrumb\",\"itemListElement\":[{\"@type\":\"ListItem\",\"position\":1,\"name\":\"In\u00edcio\",\"item\":\"https:\\\/\\\/www.fiemg.com.br\\\/regional-norte\\\/\"},{\"@type\":\"ListItem\",\"position\":2,\"name\":\"PANICON\",\"item\":\"https:\\\/\\\/www.fiemg.com.br\\\/regional-norte\\\/category\\\/panicon\\\/\"},{\"@type\":\"ListItem\",\"position\":3,\"name\":\"PANICON-Feira da Panifica\u00e7\u00e3o do SINDPAN e FIEMG, come\u00e7a amanh\u00e3 em Montes Claros\"}]},{\"@type\":\"WebSite\",\"@id\":\"https:\\\/\\\/www.fiemg.com.br\\\/regional-norte\\\/#website\",\"url\":\"https:\\\/\\\/www.fiemg.com.br\\\/regional-norte\\\/\",\"name\":\"Regional Norte\",\"description\":\"Federa\u00e7\u00e3o das Ind\u00fastrias do Estado de Minas Gerais\",\"publisher\":{\"@id\":\"https:\\\/\\\/www.fiemg.com.br\\\/regional-norte\\\/#organization\"},\"potentialAction\":[{\"@type\":\"SearchAction\",\"target\":{\"@type\":\"EntryPoint\",\"urlTemplate\":\"https:\\\/\\\/www.fiemg.com.br\\\/regional-norte\\\/?s={search_term_string}\"},\"query-input\":{\"@type\":\"PropertyValueSpecification\",\"valueRequired\":true,\"valueName\":\"search_term_string\"}}],\"inLanguage\":\"pt-BR\"},{\"@type\":\"Organization\",\"@id\":\"https:\\\/\\\/www.fiemg.com.br\\\/regional-norte\\\/#organization\",\"name\":\"Regional Norte\",\"url\":\"https:\\\/\\\/www.fiemg.com.br\\\/regional-norte\\\/\",\"logo\":{\"@type\":\"ImageObject\",\"inLanguage\":\"pt-BR\",\"@id\":\"https:\\\/\\\/www.fiemg.com.br\\\/regional-norte\\\/#\\\/schema\\\/logo\\\/image\\\/\",\"url\":\"https:\\\/\\\/www.fiemg.com.br\\\/regional-norte\\\/wp-content\\\/uploads\\\/sites\\\/17\\\/2023\\\/02\\\/Ativo-1.png\",\"contentUrl\":\"https:\\\/\\\/www.fiemg.com.br\\\/regional-norte\\\/wp-content\\\/uploads\\\/sites\\\/17\\\/2023\\\/02\\\/Ativo-1.png\",\"width\":563,\"height\":149,\"caption\":\"Regional Norte\"},\"image\":{\"@id\":\"https:\\\/\\\/www.fiemg.com.br\\\/regional-norte\\\/#\\\/schema\\\/logo\\\/image\\\/\"}}]}<\/script>\n<!-- \/ Yoast SEO plugin. -->","yoast_head_json":{"title":"PANICON-Feira da Panifica\u00e7\u00e3o do SINDPAN e FIEMG, come\u00e7a amanh\u00e3 em Montes Claros - Regional Norte","robots":{"index":"index","follow":"follow","max-snippet":"max-snippet:-1","max-image-preview":"max-image-preview:large","max-video-preview":"max-video-preview:-1"},"canonical":"https:\/\/www.fiemg.com.br\/regional-norte\/noticias\/panicon-feira-da-panificacao-do-sindpan-e-fiemg-comeca-amanha-em-montes-claros\/","og_locale":"pt_BR","og_type":"article","og_title":"PANICON-Feira da Panifica\u00e7\u00e3o do SINDPAN e FIEMG, come\u00e7a amanh\u00e3 em Montes Claros - Regional Norte","og_description":"Come\u00e7a nessa ter\u00e7a-feira, 1\u00ba de setembro, em Montes Claros, a primeira edi\u00e7\u00e3o da PANICON-Feira da Panifica\u00e7\u00e3o. Com o conceito \u201cConectando sabores e gerando neg\u00f3cios\u201d, esse novo encontro empresarial dedicado ao fortalecimento da cadeia da panifica\u00e7\u00e3o, confeitaria e massas aliment\u00edcias no Norte de Minas, ser\u00e1realizado no Lilia Buffet, reunindo empresas, profissionais e fornecedores em uma programa\u00e7\u00e3o [&hellip;]","og_url":"https:\/\/www.fiemg.com.br\/regional-norte\/noticias\/panicon-feira-da-panificacao-do-sindpan-e-fiemg-comeca-amanha-em-montes-claros\/","og_site_name":"Regional Norte","article_modified_time":"2026-08-31T17:01:39+00:00","og_image":[{"width":512,"height":490,"url":"https:\/\/www.fiemg.com.br\/regional-norte\/wp-content\/uploads\/sites\/17\/2026\/08\/Programacao-Panicon-2026-1.jpg","type":"image\/jpeg"}],"twitter_card":"summary_large_image","twitter_misc":{"Est. tempo de leitura":"2 minutos"},"schema":{"@context":"https:\/\/schema.org","@graph":[{"@type":"WebPage","@id":"https:\/\/www.fiemg.com.br\/regional-norte\/noticias\/panicon-feira-da-panificacao-do-sindpan-e-fiemg-comeca-amanha-em-montes-claros\/","url":"https:\/\/www.fiemg.com.br\/regional-norte\/noticias\/panicon-feira-da-panificacao-do-sindpan-e-fiemg-comeca-amanha-em-montes-claros\/","name":"PANICON-Feira da Panifica\u00e7\u00e3o do SINDPAN e FIEMG, come\u00e7a amanh\u00e3 em Montes Claros - Regional Norte","isPartOf":{"@id":"https:\/\/www.fiemg.com.br\/regional-norte\/#website"},"primaryImageOfPage":{"@id":"https:\/\/www.fiemg.com.br\/regional-norte\/noticias\/panicon-feira-da-panificacao-do-sindpan-e-fiemg-comeca-amanha-em-montes-claros\/#primaryimage"},"image":{"@id":"https:\/\/www.fiemg.com.br\/regional-norte\/noticias\/panicon-feira-da-panificacao-do-sindpan-e-fiemg-comeca-amanha-em-montes-claros\/#primaryimage"},"thumbnailUrl":"https:\/\/www.fiemg.com.br\/regional-norte\/wp-content\/uploads\/sites\/17\/2026\/08\/Programacao-Panicon-2026-1.jpg","datePublished":"2026-08-31T15:02:58+00:00","dateModified":"2026-08-31T17:01:39+00:00","breadcrumb":{"@id":"https:\/\/www.fiemg.com.br\/regional-norte\/noticias\/panicon-feira-da-panificacao-do-sindpan-e-fiemg-comeca-amanha-em-montes-claros\/#breadcrumb"},"inLanguage":"pt-BR","potentialAction":[{"@type":"ReadAction","target":["https:\/\/www.fiemg.com.br\/regional-norte\/noticias\/panicon-feira-da-panificacao-do-sindpan-e-fiemg-comeca-amanha-em-montes-claros\/"]}]},{"@type":"ImageObject","inLanguage":"pt-BR","@id":"https:\/\/www.fiemg.com.br\/regional-norte\/noticias\/panicon-feira-da-panificacao-do-sindpan-e-fiemg-comeca-amanha-em-montes-claros\/#primaryimage","url":"https:\/\/www.fiemg.com.br\/regional-norte\/wp-content\/uploads\/sites\/17\/2026\/08\/Programacao-Panicon-2026-1.jpg","contentUrl":"https:\/\/www.fiemg.com.br\/regional-norte\/wp-content\/uploads\/sites\/17\/2026\/08\/Programacao-Panicon-2026-1.jpg","width":512,"height":490},{"@type":"BreadcrumbList","@id":"https:\/\/www.fiemg.com.br\/regional-norte\/noticias\/panicon-feira-da-panificacao-do-sindpan-e-fiemg-comeca-amanha-em-montes-claros\/#breadcrumb","itemListElement":[{"@type":"ListItem","position":1,"name":"In\u00edcio","item":"https:\/\/www.fiemg.com.br\/regional-norte\/"},{"@type":"ListItem","position":2,"name":"PANICON","item":"https:\/\/www.fiemg.com.br\/regional-norte\/category\/panicon\/"},{"@type":"ListItem","position":3,"name":"PANICON-Feira da Panifica\u00e7\u00e3o do SINDPAN e FIEMG, come\u00e7a amanh\u00e3 em Montes Claros"}]},{"@type":"WebSite","@id":"https:\/\/www.fiemg.com.br\/regional-norte\/#website","url":"https:\/\/www.fiemg.com.br\/regional-norte\/","name":"Regional Norte","description":"Federa\u00e7\u00e3o das Ind\u00fastrias do Estado de Minas Gerais","publisher":{"@id":"https:\/\/www.fiemg.com.br\/regional-norte\/#organization"},"potentialAction":[{"@type":"SearchAction","target":{"@type":"EntryPoint","urlTemplate":"https:\/\/www.fiemg.com.br\/regional-norte\/?s={search_term_string}"},"query-input":{"@type":"PropertyValueSpecification","valueRequired":true,"valueName":"search_term_string"}}],"inLanguage":"pt-BR"},{"@type":"Organization","@id":"https:\/\/www.fiemg.com.br\/regional-norte\/#organization","name":"Regional Norte","url":"https:\/\/www.fiemg.com.br\/regional-norte\/","logo":{"@type":"ImageObject","inLanguage":"pt-BR","@id":"https:\/\/www.fiemg.com.br\/regional-norte\/#\/schema\/logo\/image\/","url":"https:\/\/www.fiemg.com.br\/regional-norte\/wp-content\/uploads\/sites\/17\/2023\/02\/Ativo-1.png","contentUrl":"https:\/\/www.fiemg.com.br\/regional-norte\/wp-content\/uploads\/sites\/17\/2023\/02\/Ativo-1.png","width":563,"height":149,"caption":"Regional Norte"},"image":{"@id":"https:\/\/www.fiemg.com.br\/regional-norte\/#\/schema\/logo\/image\/"}}]}},"_links":{"self":[{"href":"https:\/\/www.fiemg.com.br\/regional-norte\/wp-json\/wp\/v2\/noticias\/4353","targetHints":{"allow":["GET"]}}],"collection":[{"href":"https:\/\/www.fiemg.com.br\/regional-norte\/wp-json\/wp\/v2\/noticias"}],"about":[{"href":"https:\/\/www.fiemg.com.br\/regional-norte\/wp-json\/wp\/v2\/types\/noticias"}],"wp:featuredmedia":[{"embeddable":true,"href":"https:\/\/www.fiemg.com.br\/regional-norte\/wp-json\/wp\/v2\/media\/4359"}],"wp:attachment":[{"href":"https:\/\/www.fiemg.com.br\/regional-norte\/wp-json\/wp\/v2\/media?parent=4353"}],"wp:term":[{"taxonomy":"category","embeddable":true,"href":"https:\/\/www.fiemg.com.br\/regional-norte\/wp-json\/wp\/v2\/categories?post=4353"},{"taxonomy":"post_tag","embeddable":true,"href":"https:\/\/www.fiemg.com.br\/regional-norte\/wp-json\/wp\/v2\/tags?post=4353"}],"curies":[{"name":"wp","href":"https:\/\/api.w.org\/{rel}","templated":true}]}}