{"id":4360,"date":"2026-09-01T09:56:28","date_gmt":"2026-09-01T12:56:28","guid":{"rendered":"https:\/\/www.fiemg.com.br\/regional-norte\/?post_type=noticias&#038;p=4360"},"modified":"2026-09-01T09:56:29","modified_gmt":"2026-09-01T12:56:29","slug":"unidades-sesi-sst-e-fiemg-regional-norte-festejam-os-profissionais-de-educacao-fisica","status":"publish","type":"noticias","link":"https:\/\/www.fiemg.com.br\/regional-norte\/noticias\/unidades-sesi-sst-e-fiemg-regional-norte-festejam-os-profissionais-de-educacao-fisica\/","title":{"rendered":"Unidades SESI SST e FIEMG Regional Norte festejam os profissionais de Educa\u00e7\u00e3o F\u00edsica"},"content":{"rendered":"\n<p class=\"wp-block-paragraph\">O profissional de Educa\u00e7\u00e3o F\u00edsica, cujo dia \u00e9 celebrado nesse primeiro de setembro, desempenha, na unidade SESI SST de Montes Claros, um papel fundamental na promo\u00e7\u00e3o da sa\u00fade, da qualidade de vida e do bem-estar dos trabalhadores, seus dependentes e da comunidade. Por meio de conhecimentos t\u00e9cnicos e cient\u00edficos, esse profissional desenvolve e orienta atividades f\u00edsicas, esportivas e recreativas, contribuindo para a melhoria da aptid\u00e3o f\u00edsica, da preven\u00e7\u00e3o de doen\u00e7as e da ado\u00e7\u00e3o de h\u00e1bitos de vida mais saud\u00e1veis.<\/p>\n\n\n\n<p class=\"wp-block-paragraph\">A gerente da unidade SESI SST Montes Claros, Catherine Leal, explica que \u201cno ambiente da unidade, sua atua\u00e7\u00e3o vai al\u00e9m da orienta\u00e7\u00e3o de exerc\u00edcios. O profissional busca compreender as necessidades e caracter\u00edsticas de cada p\u00fablico, planejando atividades seguras, inclusivas e adequadas aos diferentes n\u00edveis de condicionamento f\u00edsico. Tamb\u00e9m atua na promo\u00e7\u00e3o da integra\u00e7\u00e3o social, da disciplina, do trabalho em equipe e de valores como respeito, coopera\u00e7\u00e3o e responsabilidade\u201d.<\/p>\n\n\n\n<p class=\"wp-block-paragraph\">Segundo a Supervisora T\u00e9cnica da unidade SESI SST, Ludmila Lopes, a atua\u00e7\u00e3o desse profissional est\u00e1 diretamente relacionada \u00e0 miss\u00e3o de promover sa\u00fade e qualidade de vida, contribuindo para ambientes de trabalho mais saud\u00e1veis e para o desenvolvimento integral das pessoas. \u201cSeu trabalho \u00e9 realizado com \u00e9tica, responsabilidade e compromisso, valorizando a individualidade de cada participante e incentivando a pr\u00e1tica regular de atividades f\u00edsicas\u201d, conclui Ludmila.<\/p>\n\n\n\n<p class=\"wp-block-paragraph\">J\u00e1 o presidente da FIEMG Regional Norte, Adauto Marques, desta que \u201co profissional de Educa\u00e7\u00e3o F\u00edsica do SESI FIEMG \u00e9 um importante agente de transforma\u00e7\u00e3o, ajudando as pessoas a desenvolverem uma rela\u00e7\u00e3o mais positiva com a atividade f\u00edsica e a incorporarem h\u00e1bitos saud\u00e1veis \u00e0 sua rotina. Sua atua\u00e7\u00e3o contribui n\u00e3o apenas para o desempenho f\u00edsico, mas tamb\u00e9m para o bem-estar, a autoestima, a conviv\u00eancia social e uma melhor qualidade de vida\u201d.<\/p>\n\n\n\n<p class=\"wp-block-paragraph\">Rosangela Silveira<\/p>\n\n\n\n<p class=\"wp-block-paragraph\"><strong>Imprensa FIEMG Regional Norte<\/strong><\/p>\n\n\n\n<p class=\"wp-block-paragraph\"><\/p>\n","protected":false},"featured_media":4362,"template":"","categories":[334],"tags":[],"class_list":["post-4360","noticias","type-noticias","status-publish","has-post-thumbnail","hentry","category-sesi-vida"],"acf":[],"yoast_head":"<!-- This site is optimized with the Yoast SEO plugin v27.7 - https:\/\/yoast.com\/product\/yoast-seo-wordpress\/ -->\n<title>Unidades SESI SST e FIEMG Regional Norte festejam os profissionais de Educa\u00e7\u00e3o F\u00edsica - Regional Norte<\/title>\n<meta name=\"robots\" content=\"index, follow, max-snippet:-1, max-image-preview:large, max-video-preview:-1\" \/>\n<link rel=\"canonical\" href=\"https:\/\/www.fiemg.com.br\/regional-norte\/noticias\/unidades-sesi-sst-e-fiemg-regional-norte-festejam-os-profissionais-de-educacao-fisica\/\" \/>\n<meta property=\"og:locale\" content=\"pt_BR\" \/>\n<meta property=\"og:type\" content=\"article\" \/>\n<meta property=\"og:title\" content=\"Unidades SESI SST e FIEMG Regional Norte festejam os profissionais de Educa\u00e7\u00e3o F\u00edsica - Regional Norte\" \/>\n<meta property=\"og:description\" content=\"O profissional de Educa\u00e7\u00e3o F\u00edsica, cujo dia \u00e9 celebrado nesse primeiro de setembro, desempenha, na unidade SESI SST de Montes Claros, um papel fundamental na promo\u00e7\u00e3o da sa\u00fade, da qualidade de vida e do bem-estar dos trabalhadores, seus dependentes e da comunidade. Por meio de conhecimentos t\u00e9cnicos e cient\u00edficos, esse profissional desenvolve e orienta atividades [&hellip;]\" \/>\n<meta property=\"og:url\" content=\"https:\/\/www.fiemg.com.br\/regional-norte\/noticias\/unidades-sesi-sst-e-fiemg-regional-norte-festejam-os-profissionais-de-educacao-fisica\/\" \/>\n<meta property=\"og:site_name\" content=\"Regional Norte\" \/>\n<meta property=\"article:modified_time\" content=\"2026-09-01T12:56:29+00:00\" \/>\n<meta property=\"og:image\" content=\"https:\/\/www.fiemg.com.br\/regional-norte\/wp-content\/uploads\/sites\/17\/2026\/09\/FOTO-PROFISSIONAIS-ED-FISICA-SESI.jpg\" \/>\n\t<meta property=\"og:image:width\" content=\"512\" \/>\n\t<meta property=\"og:image:height\" content=\"630\" \/>\n\t<meta property=\"og:image:type\" content=\"image\/jpeg\" \/>\n<meta name=\"twitter:card\" content=\"summary_large_image\" \/>\n<meta name=\"twitter:label1\" content=\"Est. tempo de leitura\" \/>\n\t<meta name=\"twitter:data1\" content=\"2 minutos\" \/>\n<script type=\"application\/ld+json\" class=\"yoast-schema-graph\">{\"@context\":\"https:\\\/\\\/schema.org\",\"@graph\":[{\"@type\":\"WebPage\",\"@id\":\"https:\\\/\\\/www.fiemg.com.br\\\/regional-norte\\\/noticias\\\/unidades-sesi-sst-e-fiemg-regional-norte-festejam-os-profissionais-de-educacao-fisica\\\/\",\"url\":\"https:\\\/\\\/www.fiemg.com.br\\\/regional-norte\\\/noticias\\\/unidades-sesi-sst-e-fiemg-regional-norte-festejam-os-profissionais-de-educacao-fisica\\\/\",\"name\":\"Unidades SESI SST e FIEMG Regional Norte festejam os profissionais de Educa\u00e7\u00e3o F\u00edsica - Regional Norte\",\"isPartOf\":{\"@id\":\"https:\\\/\\\/www.fiemg.com.br\\\/regional-norte\\\/#website\"},\"primaryImageOfPage\":{\"@id\":\"https:\\\/\\\/www.fiemg.com.br\\\/regional-norte\\\/noticias\\\/unidades-sesi-sst-e-fiemg-regional-norte-festejam-os-profissionais-de-educacao-fisica\\\/#primaryimage\"},\"image\":{\"@id\":\"https:\\\/\\\/www.fiemg.com.br\\\/regional-norte\\\/noticias\\\/unidades-sesi-sst-e-fiemg-regional-norte-festejam-os-profissionais-de-educacao-fisica\\\/#primaryimage\"},\"thumbnailUrl\":\"https:\\\/\\\/www.fiemg.com.br\\\/regional-norte\\\/wp-content\\\/uploads\\\/sites\\\/17\\\/2026\\\/09\\\/FOTO-PROFISSIONAIS-ED-FISICA-SESI.jpg\",\"datePublished\":\"2026-09-01T12:56:28+00:00\",\"dateModified\":\"2026-09-01T12:56:29+00:00\",\"breadcrumb\":{\"@id\":\"https:\\\/\\\/www.fiemg.com.br\\\/regional-norte\\\/noticias\\\/unidades-sesi-sst-e-fiemg-regional-norte-festejam-os-profissionais-de-educacao-fisica\\\/#breadcrumb\"},\"inLanguage\":\"pt-BR\",\"potentialAction\":[{\"@type\":\"ReadAction\",\"target\":[\"https:\\\/\\\/www.fiemg.com.br\\\/regional-norte\\\/noticias\\\/unidades-sesi-sst-e-fiemg-regional-norte-festejam-os-profissionais-de-educacao-fisica\\\/\"]}]},{\"@type\":\"ImageObject\",\"inLanguage\":\"pt-BR\",\"@id\":\"https:\\\/\\\/www.fiemg.com.br\\\/regional-norte\\\/noticias\\\/unidades-sesi-sst-e-fiemg-regional-norte-festejam-os-profissionais-de-educacao-fisica\\\/#primaryimage\",\"url\":\"https:\\\/\\\/www.fiemg.com.br\\\/regional-norte\\\/wp-content\\\/uploads\\\/sites\\\/17\\\/2026\\\/09\\\/FOTO-PROFISSIONAIS-ED-FISICA-SESI.jpg\",\"contentUrl\":\"https:\\\/\\\/www.fiemg.com.br\\\/regional-norte\\\/wp-content\\\/uploads\\\/sites\\\/17\\\/2026\\\/09\\\/FOTO-PROFISSIONAIS-ED-FISICA-SESI.jpg\",\"width\":512,\"height\":630},{\"@type\":\"BreadcrumbList\",\"@id\":\"https:\\\/\\\/www.fiemg.com.br\\\/regional-norte\\\/noticias\\\/unidades-sesi-sst-e-fiemg-regional-norte-festejam-os-profissionais-de-educacao-fisica\\\/#breadcrumb\",\"itemListElement\":[{\"@type\":\"ListItem\",\"position\":1,\"name\":\"In\u00edcio\",\"item\":\"https:\\\/\\\/www.fiemg.com.br\\\/regional-norte\\\/\"},{\"@type\":\"ListItem\",\"position\":2,\"name\":\"Unidades SESI SST e FIEMG Regional Norte festejam os profissionais de Educa\u00e7\u00e3o F\u00edsica\"}]},{\"@type\":\"WebSite\",\"@id\":\"https:\\\/\\\/www.fiemg.com.br\\\/regional-norte\\\/#website\",\"url\":\"https:\\\/\\\/www.fiemg.com.br\\\/regional-norte\\\/\",\"name\":\"Regional Norte\",\"description\":\"Federa\u00e7\u00e3o das Ind\u00fastrias do Estado de Minas Gerais\",\"publisher\":{\"@id\":\"https:\\\/\\\/www.fiemg.com.br\\\/regional-norte\\\/#organization\"},\"potentialAction\":[{\"@type\":\"SearchAction\",\"target\":{\"@type\":\"EntryPoint\",\"urlTemplate\":\"https:\\\/\\\/www.fiemg.com.br\\\/regional-norte\\\/?s={search_term_string}\"},\"query-input\":{\"@type\":\"PropertyValueSpecification\",\"valueRequired\":true,\"valueName\":\"search_term_string\"}}],\"inLanguage\":\"pt-BR\"},{\"@type\":\"Organization\",\"@id\":\"https:\\\/\\\/www.fiemg.com.br\\\/regional-norte\\\/#organization\",\"name\":\"Regional Norte\",\"url\":\"https:\\\/\\\/www.fiemg.com.br\\\/regional-norte\\\/\",\"logo\":{\"@type\":\"ImageObject\",\"inLanguage\":\"pt-BR\",\"@id\":\"https:\\\/\\\/www.fiemg.com.br\\\/regional-norte\\\/#\\\/schema\\\/logo\\\/image\\\/\",\"url\":\"https:\\\/\\\/www.fiemg.com.br\\\/regional-norte\\\/wp-content\\\/uploads\\\/sites\\\/17\\\/2023\\\/02\\\/Ativo-1.png\",\"contentUrl\":\"https:\\\/\\\/www.fiemg.com.br\\\/regional-norte\\\/wp-content\\\/uploads\\\/sites\\\/17\\\/2023\\\/02\\\/Ativo-1.png\",\"width\":563,\"height\":149,\"caption\":\"Regional Norte\"},\"image\":{\"@id\":\"https:\\\/\\\/www.fiemg.com.br\\\/regional-norte\\\/#\\\/schema\\\/logo\\\/image\\\/\"}}]}<\/script>\n<!-- \/ Yoast SEO plugin. -->","yoast_head_json":{"title":"Unidades SESI SST e FIEMG Regional Norte festejam os profissionais de Educa\u00e7\u00e3o F\u00edsica - Regional Norte","robots":{"index":"index","follow":"follow","max-snippet":"max-snippet:-1","max-image-preview":"max-image-preview:large","max-video-preview":"max-video-preview:-1"},"canonical":"https:\/\/www.fiemg.com.br\/regional-norte\/noticias\/unidades-sesi-sst-e-fiemg-regional-norte-festejam-os-profissionais-de-educacao-fisica\/","og_locale":"pt_BR","og_type":"article","og_title":"Unidades SESI SST e FIEMG Regional Norte festejam os profissionais de Educa\u00e7\u00e3o F\u00edsica - Regional Norte","og_description":"O profissional de Educa\u00e7\u00e3o F\u00edsica, cujo dia \u00e9 celebrado nesse primeiro de setembro, desempenha, na unidade SESI SST de Montes Claros, um papel fundamental na promo\u00e7\u00e3o da sa\u00fade, da qualidade de vida e do bem-estar dos trabalhadores, seus dependentes e da comunidade. Por meio de conhecimentos t\u00e9cnicos e cient\u00edficos, esse profissional desenvolve e orienta atividades [&hellip;]","og_url":"https:\/\/www.fiemg.com.br\/regional-norte\/noticias\/unidades-sesi-sst-e-fiemg-regional-norte-festejam-os-profissionais-de-educacao-fisica\/","og_site_name":"Regional Norte","article_modified_time":"2026-09-01T12:56:29+00:00","og_image":[{"width":512,"height":630,"url":"https:\/\/www.fiemg.com.br\/regional-norte\/wp-content\/uploads\/sites\/17\/2026\/09\/FOTO-PROFISSIONAIS-ED-FISICA-SESI.jpg","type":"image\/jpeg"}],"twitter_card":"summary_large_image","twitter_misc":{"Est. tempo de leitura":"2 minutos"},"schema":{"@context":"https:\/\/schema.org","@graph":[{"@type":"WebPage","@id":"https:\/\/www.fiemg.com.br\/regional-norte\/noticias\/unidades-sesi-sst-e-fiemg-regional-norte-festejam-os-profissionais-de-educacao-fisica\/","url":"https:\/\/www.fiemg.com.br\/regional-norte\/noticias\/unidades-sesi-sst-e-fiemg-regional-norte-festejam-os-profissionais-de-educacao-fisica\/","name":"Unidades SESI SST e FIEMG Regional Norte festejam os profissionais de Educa\u00e7\u00e3o F\u00edsica - Regional Norte","isPartOf":{"@id":"https:\/\/www.fiemg.com.br\/regional-norte\/#website"},"primaryImageOfPage":{"@id":"https:\/\/www.fiemg.com.br\/regional-norte\/noticias\/unidades-sesi-sst-e-fiemg-regional-norte-festejam-os-profissionais-de-educacao-fisica\/#primaryimage"},"image":{"@id":"https:\/\/www.fiemg.com.br\/regional-norte\/noticias\/unidades-sesi-sst-e-fiemg-regional-norte-festejam-os-profissionais-de-educacao-fisica\/#primaryimage"},"thumbnailUrl":"https:\/\/www.fiemg.com.br\/regional-norte\/wp-content\/uploads\/sites\/17\/2026\/09\/FOTO-PROFISSIONAIS-ED-FISICA-SESI.jpg","datePublished":"2026-09-01T12:56:28+00:00","dateModified":"2026-09-01T12:56:29+00:00","breadcrumb":{"@id":"https:\/\/www.fiemg.com.br\/regional-norte\/noticias\/unidades-sesi-sst-e-fiemg-regional-norte-festejam-os-profissionais-de-educacao-fisica\/#breadcrumb"},"inLanguage":"pt-BR","potentialAction":[{"@type":"ReadAction","target":["https:\/\/www.fiemg.com.br\/regional-norte\/noticias\/unidades-sesi-sst-e-fiemg-regional-norte-festejam-os-profissionais-de-educacao-fisica\/"]}]},{"@type":"ImageObject","inLanguage":"pt-BR","@id":"https:\/\/www.fiemg.com.br\/regional-norte\/noticias\/unidades-sesi-sst-e-fiemg-regional-norte-festejam-os-profissionais-de-educacao-fisica\/#primaryimage","url":"https:\/\/www.fiemg.com.br\/regional-norte\/wp-content\/uploads\/sites\/17\/2026\/09\/FOTO-PROFISSIONAIS-ED-FISICA-SESI.jpg","contentUrl":"https:\/\/www.fiemg.com.br\/regional-norte\/wp-content\/uploads\/sites\/17\/2026\/09\/FOTO-PROFISSIONAIS-ED-FISICA-SESI.jpg","width":512,"height":630},{"@type":"BreadcrumbList","@id":"https:\/\/www.fiemg.com.br\/regional-norte\/noticias\/unidades-sesi-sst-e-fiemg-regional-norte-festejam-os-profissionais-de-educacao-fisica\/#breadcrumb","itemListElement":[{"@type":"ListItem","position":1,"name":"In\u00edcio","item":"https:\/\/www.fiemg.com.br\/regional-norte\/"},{"@type":"ListItem","position":2,"name":"Unidades SESI SST e FIEMG Regional Norte festejam os profissionais de Educa\u00e7\u00e3o F\u00edsica"}]},{"@type":"WebSite","@id":"https:\/\/www.fiemg.com.br\/regional-norte\/#website","url":"https:\/\/www.fiemg.com.br\/regional-norte\/","name":"Regional Norte","description":"Federa\u00e7\u00e3o das Ind\u00fastrias do Estado de Minas Gerais","publisher":{"@id":"https:\/\/www.fiemg.com.br\/regional-norte\/#organization"},"potentialAction":[{"@type":"SearchAction","target":{"@type":"EntryPoint","urlTemplate":"https:\/\/www.fiemg.com.br\/regional-norte\/?s={search_term_string}"},"query-input":{"@type":"PropertyValueSpecification","valueRequired":true,"valueName":"search_term_string"}}],"inLanguage":"pt-BR"},{"@type":"Organization","@id":"https:\/\/www.fiemg.com.br\/regional-norte\/#organization","name":"Regional Norte","url":"https:\/\/www.fiemg.com.br\/regional-norte\/","logo":{"@type":"ImageObject","inLanguage":"pt-BR","@id":"https:\/\/www.fiemg.com.br\/regional-norte\/#\/schema\/logo\/image\/","url":"https:\/\/www.fiemg.com.br\/regional-norte\/wp-content\/uploads\/sites\/17\/2023\/02\/Ativo-1.png","contentUrl":"https:\/\/www.fiemg.com.br\/regional-norte\/wp-content\/uploads\/sites\/17\/2023\/02\/Ativo-1.png","width":563,"height":149,"caption":"Regional Norte"},"image":{"@id":"https:\/\/www.fiemg.com.br\/regional-norte\/#\/schema\/logo\/image\/"}}]}},"_links":{"self":[{"href":"https:\/\/www.fiemg.com.br\/regional-norte\/wp-json\/wp\/v2\/noticias\/4360","targetHints":{"allow":["GET"]}}],"collection":[{"href":"https:\/\/www.fiemg.com.br\/regional-norte\/wp-json\/wp\/v2\/noticias"}],"about":[{"href":"https:\/\/www.fiemg.com.br\/regional-norte\/wp-json\/wp\/v2\/types\/noticias"}],"wp:featuredmedia":[{"embeddable":true,"href":"https:\/\/www.fiemg.com.br\/regional-norte\/wp-json\/wp\/v2\/media\/4362"}],"wp:attachment":[{"href":"https:\/\/www.fiemg.com.br\/regional-norte\/wp-json\/wp\/v2\/media?parent=4360"}],"wp:term":[{"taxonomy":"category","embeddable":true,"href":"https:\/\/www.fiemg.com.br\/regional-norte\/wp-json\/wp\/v2\/categories?post=4360"},{"taxonomy":"post_tag","embeddable":true,"href":"https:\/\/www.fiemg.com.br\/regional-norte\/wp-json\/wp\/v2\/tags?post=4360"}],"curies":[{"name":"wp","href":"https:\/\/api.w.org\/{rel}","templated":true}]}}