{"id":4363,"date":"2026-09-01T16:18:14","date_gmt":"2026-09-01T19:18:14","guid":{"rendered":"https:\/\/www.fiemg.com.br\/regional-norte\/noticias\/industria-se-mantem-estavel-no-2o-trimestre-sustentada-pela-atividade-extrativa\/"},"modified":"2026-09-01T16:18:17","modified_gmt":"2026-09-01T19:18:17","slug":"industria-se-mantem-estavel-no-2o-trimestre-sustentada-pela-atividade-extrativa","status":"publish","type":"noticias","link":"https:\/\/www.fiemg.com.br\/regional-norte\/noticias\/industria-se-mantem-estavel-no-2o-trimestre-sustentada-pela-atividade-extrativa\/","title":{"rendered":"Ind\u00fastria se mant\u00e9m est\u00e1vel no 2\u00ba trimestre, sustentada pela atividade extrativa"},"content":{"rendered":"\n<p class=\"wp-block-paragraph\">A ind\u00fastria brasileira cresceu 0,1% no segundo trimestre de 2026, na compara\u00e7\u00e3o com os tr\u00eas meses anteriores, segundo dados do Instituto Brasileiro de Geografia e Estat\u00edstica (IBGE) analisados pela Ger\u00eancia de Economia da FIEMG. O resultado indica estabilidade da atividade industrial no per\u00edodo, em um cen\u00e1rio de perda de ritmo da economia, e foi sustentado pelo desempenho da ind\u00fastria extrativa, que avan\u00e7ou 3,4% e compensou as retra\u00e7\u00f5es registradas nos demais segmentos. A ind\u00fastria de transforma\u00e7\u00e3o e a constru\u00e7\u00e3o recuaram 0,4% cada, enquanto energia e saneamento registrou queda de 1%.<\/p>\n\n\n\n<p class=\"wp-block-paragraph\">Na compara\u00e7\u00e3o com o segundo trimestre de 2025, a ind\u00fastria avan\u00e7ou 1,5%, impulsionada principalmente pelo desempenho da ind\u00fastria extrativa, que cresceu 12% no per\u00edodo, favorecida pelo aumento da produ\u00e7\u00e3o de petr\u00f3leo e g\u00e1s natural. J\u00e1 a ind\u00fastria de transforma\u00e7\u00e3o recuou 0,9%, enquanto energia e saneamento registrou queda de 0,5%.<\/p>\n\n\n\n<p class=\"wp-block-paragraph\">O resultado acompanha um cen\u00e1rio de desacelera\u00e7\u00e3o da economia brasileira, com impactos tamb\u00e9m sobre a atividade industrial. O Produto Interno Bruto (PIB) cresceu 0,5% no segundo trimestre de 2026 em rela\u00e7\u00e3o ao trimestre anterior, abaixo do avan\u00e7o de 1% registrado nos primeiros tr\u00eas meses do ano.<\/p>\n\n\n\n<p class=\"wp-block-paragraph\">Para a economista da FIEMG Juliana Gagliardi, um dos principais pontos de aten\u00e7\u00e3o est\u00e1 no comportamento do consumo das fam\u00edlias, que apresentou retra\u00e7\u00e3o no per\u00edodo. Segundo ela, embora os investimentos tenham avan\u00e7ado, a perda de dinamismo da demanda interna j\u00e1 sinaliza uma modera\u00e7\u00e3o da atividade econ\u00f4mica. \u201cO crescimento do PIB no segundo trimestre ocorreu em um cen\u00e1rio de movimentos diferentes entre os componentes da demanda. Os investimentos avan\u00e7aram, mas o consumo das fam\u00edlias recuou, sinalizando menor dinamismo do mercado interno. Esse resultado est\u00e1 relacionado, principalmente, aos juros ainda elevados e ao n\u00edvel de endividamento das fam\u00edlias, que limitam a capacidade de consumo\u201d, afirmou Gagliardi.<\/p>\n\n\n\n<p class=\"wp-block-paragraph\">Na avalia\u00e7\u00e3o da FIEMG, os pr\u00f3ximos meses devem continuar marcados por desempenhos distintos entre os segmentos industriais. A ind\u00fastria extrativa segue como principal suporte do setor, favorecida pela expans\u00e3o da produ\u00e7\u00e3o de petr\u00f3leo e g\u00e1s e pela demanda externa por commodities. J\u00e1 a ind\u00fastria de transforma\u00e7\u00e3o enfrenta um ambiente mais desafiador, diante de uma demanda dom\u00e9stica menos aquecida e de condi\u00e7\u00f5es financeiras ainda restritivas.<\/p>\n\n\n\n<p class=\"wp-block-paragraph\">\u201cA ind\u00fastria extrativa deve continuar sendo favorecida pela expans\u00e3o da produ\u00e7\u00e3o de petr\u00f3leo e g\u00e1s e pela demanda externa. J\u00e1 a ind\u00fastria de transforma\u00e7\u00e3o deve enfrentar desafios diante de uma demanda dom\u00e9stica menos din\u00e2mica, condi\u00e7\u00f5es financeiras ainda restritivas e um cen\u00e1rio internacional mais complexo, com juros elevados e maior protecionismo comercial\u201d, destacou Gagliardi.<\/p>\n\n\n\n<p class=\"wp-block-paragraph\">Para 2026, a FIEMG projeta crescimento de quase 2% para a ind\u00fastria brasileira, com trajet\u00f3rias diferentes entre seus segmentos. A expectativa \u00e9 de continuidade do desempenho positivo da ind\u00fastria extrativa, enquanto a ind\u00fastria de transforma\u00e7\u00e3o deve apresentar avan\u00e7o mais moderado, diante das restri\u00e7\u00f5es da demanda interna e das condi\u00e7\u00f5es financeiras.<\/p>\n\n\n\n<p class=\"wp-block-paragraph\">Para 2027, a proje\u00e7\u00e3o indica desacelera\u00e7\u00e3o da atividade industrial, com crescimento estimado de 1,2%. O cen\u00e1rio aponta para uma expans\u00e3o mais moderada da economia, ap\u00f3s um per\u00edodo de perda gradual de ritmo ao longo de 2026.<\/p>\n\n\n\n<p class=\"wp-block-paragraph\">Confira a an\u00e1lise completa clicando <a href=\"https:\/\/www.fiemg.com.br\/observatorio\/wp-content\/uploads\/sites\/35\/2026\/06\/pib_br_2tri26.pdf\" id=\"https:\/\/www.fiemg.com.br\/observatorio\/wp-content\/uploads\/sites\/35\/2026\/06\/pib_br_2tri26.pdf\">aqui<\/a>.<\/p>\n\n\n\n<p class=\"wp-block-paragraph\"><strong>Imprensa FIEMG<\/strong><\/p>\n","protected":false},"featured_media":4364,"template":"","categories":[20],"tags":[],"class_list":["post-4363","noticias","type-noticias","status-publish","has-post-thumbnail","hentry","category-estudos-economicos"],"acf":[],"yoast_head":"<!-- This site is optimized with the Yoast SEO plugin v27.7 - https:\/\/yoast.com\/product\/yoast-seo-wordpress\/ -->\n<title>Ind\u00fastria se mant\u00e9m est\u00e1vel no 2\u00ba trimestre, sustentada pela atividade extrativa - Regional Norte<\/title>\n<meta name=\"description\" content=\"Resultado reflete sinais de desacelera\u00e7\u00e3o da economia e desafios para segmentos como transforma\u00e7\u00e3o e constru\u00e7\u00e3o\" \/>\n<meta name=\"robots\" content=\"index, follow, max-snippet:-1, max-image-preview:large, max-video-preview:-1\" \/>\n<link rel=\"canonical\" href=\"https:\/\/www.fiemg.com.br\/regional-norte\/noticias\/industria-se-mantem-estavel-no-2o-trimestre-sustentada-pela-atividade-extrativa\/\" \/>\n<meta property=\"og:locale\" content=\"pt_BR\" \/>\n<meta property=\"og:type\" content=\"article\" \/>\n<meta property=\"og:title\" content=\"Ind\u00fastria se mant\u00e9m est\u00e1vel no 2\u00ba trimestre, sustentada pela atividade extrativa - Regional Norte\" \/>\n<meta property=\"og:description\" content=\"Resultado reflete sinais de desacelera\u00e7\u00e3o da economia e desafios para segmentos como transforma\u00e7\u00e3o e constru\u00e7\u00e3o\" \/>\n<meta property=\"og:url\" content=\"https:\/\/www.fiemg.com.br\/regional-norte\/noticias\/industria-se-mantem-estavel-no-2o-trimestre-sustentada-pela-atividade-extrativa\/\" \/>\n<meta property=\"og:site_name\" content=\"Regional Norte\" \/>\n<meta property=\"article:modified_time\" content=\"2026-09-01T19:18:17+00:00\" \/>\n<meta property=\"og:image\" content=\"https:\/\/www.fiemg.com.br\/regional-norte\/wp-content\/uploads\/sites\/17\/2026\/09\/Thumb-95.png\" \/>\n\t<meta property=\"og:image:width\" content=\"512\" \/>\n\t<meta property=\"og:image:height\" content=\"512\" \/>\n\t<meta property=\"og:image:type\" content=\"image\/png\" \/>\n<meta name=\"twitter:card\" content=\"summary_large_image\" \/>\n<meta name=\"twitter:label1\" content=\"Est. tempo de leitura\" \/>\n\t<meta name=\"twitter:data1\" content=\"3 minutos\" \/>\n<script type=\"application\/ld+json\" class=\"yoast-schema-graph\">{\"@context\":\"https:\\\/\\\/schema.org\",\"@graph\":[{\"@type\":\"WebPage\",\"@id\":\"https:\\\/\\\/www.fiemg.com.br\\\/regional-norte\\\/noticias\\\/industria-se-mantem-estavel-no-2o-trimestre-sustentada-pela-atividade-extrativa\\\/\",\"url\":\"https:\\\/\\\/www.fiemg.com.br\\\/regional-norte\\\/noticias\\\/industria-se-mantem-estavel-no-2o-trimestre-sustentada-pela-atividade-extrativa\\\/\",\"name\":\"Ind\u00fastria se mant\u00e9m est\u00e1vel no 2\u00ba trimestre, sustentada pela atividade extrativa - Regional Norte\",\"isPartOf\":{\"@id\":\"https:\\\/\\\/www.fiemg.com.br\\\/regional-norte\\\/#website\"},\"primaryImageOfPage\":{\"@id\":\"https:\\\/\\\/www.fiemg.com.br\\\/regional-norte\\\/noticias\\\/industria-se-mantem-estavel-no-2o-trimestre-sustentada-pela-atividade-extrativa\\\/#primaryimage\"},\"image\":{\"@id\":\"https:\\\/\\\/www.fiemg.com.br\\\/regional-norte\\\/noticias\\\/industria-se-mantem-estavel-no-2o-trimestre-sustentada-pela-atividade-extrativa\\\/#primaryimage\"},\"thumbnailUrl\":\"https:\\\/\\\/www.fiemg.com.br\\\/regional-norte\\\/wp-content\\\/uploads\\\/sites\\\/17\\\/2026\\\/09\\\/Thumb-95.png\",\"datePublished\":\"2026-09-01T19:18:14+00:00\",\"dateModified\":\"2026-09-01T19:18:17+00:00\",\"description\":\"Resultado reflete sinais de desacelera\u00e7\u00e3o da economia e desafios para segmentos como transforma\u00e7\u00e3o e constru\u00e7\u00e3o\",\"breadcrumb\":{\"@id\":\"https:\\\/\\\/www.fiemg.com.br\\\/regional-norte\\\/noticias\\\/industria-se-mantem-estavel-no-2o-trimestre-sustentada-pela-atividade-extrativa\\\/#breadcrumb\"},\"inLanguage\":\"pt-BR\",\"potentialAction\":[{\"@type\":\"ReadAction\",\"target\":[\"https:\\\/\\\/www.fiemg.com.br\\\/regional-norte\\\/noticias\\\/industria-se-mantem-estavel-no-2o-trimestre-sustentada-pela-atividade-extrativa\\\/\"]}]},{\"@type\":\"ImageObject\",\"inLanguage\":\"pt-BR\",\"@id\":\"https:\\\/\\\/www.fiemg.com.br\\\/regional-norte\\\/noticias\\\/industria-se-mantem-estavel-no-2o-trimestre-sustentada-pela-atividade-extrativa\\\/#primaryimage\",\"url\":\"https:\\\/\\\/www.fiemg.com.br\\\/regional-norte\\\/wp-content\\\/uploads\\\/sites\\\/17\\\/2026\\\/09\\\/Thumb-95.png\",\"contentUrl\":\"https:\\\/\\\/www.fiemg.com.br\\\/regional-norte\\\/wp-content\\\/uploads\\\/sites\\\/17\\\/2026\\\/09\\\/Thumb-95.png\",\"width\":512,\"height\":512},{\"@type\":\"BreadcrumbList\",\"@id\":\"https:\\\/\\\/www.fiemg.com.br\\\/regional-norte\\\/noticias\\\/industria-se-mantem-estavel-no-2o-trimestre-sustentada-pela-atividade-extrativa\\\/#breadcrumb\",\"itemListElement\":[{\"@type\":\"ListItem\",\"position\":1,\"name\":\"In\u00edcio\",\"item\":\"https:\\\/\\\/www.fiemg.com.br\\\/regional-norte\\\/\"},{\"@type\":\"ListItem\",\"position\":2,\"name\":\"Ind\u00fastria se mant\u00e9m est\u00e1vel no 2\u00ba trimestre, sustentada pela atividade extrativa\"}]},{\"@type\":\"WebSite\",\"@id\":\"https:\\\/\\\/www.fiemg.com.br\\\/regional-norte\\\/#website\",\"url\":\"https:\\\/\\\/www.fiemg.com.br\\\/regional-norte\\\/\",\"name\":\"Regional Norte\",\"description\":\"Federa\u00e7\u00e3o das Ind\u00fastrias do Estado de Minas Gerais\",\"publisher\":{\"@id\":\"https:\\\/\\\/www.fiemg.com.br\\\/regional-norte\\\/#organization\"},\"potentialAction\":[{\"@type\":\"SearchAction\",\"target\":{\"@type\":\"EntryPoint\",\"urlTemplate\":\"https:\\\/\\\/www.fiemg.com.br\\\/regional-norte\\\/?s={search_term_string}\"},\"query-input\":{\"@type\":\"PropertyValueSpecification\",\"valueRequired\":true,\"valueName\":\"search_term_string\"}}],\"inLanguage\":\"pt-BR\"},{\"@type\":\"Organization\",\"@id\":\"https:\\\/\\\/www.fiemg.com.br\\\/regional-norte\\\/#organization\",\"name\":\"Regional Norte\",\"url\":\"https:\\\/\\\/www.fiemg.com.br\\\/regional-norte\\\/\",\"logo\":{\"@type\":\"ImageObject\",\"inLanguage\":\"pt-BR\",\"@id\":\"https:\\\/\\\/www.fiemg.com.br\\\/regional-norte\\\/#\\\/schema\\\/logo\\\/image\\\/\",\"url\":\"https:\\\/\\\/www.fiemg.com.br\\\/regional-norte\\\/wp-content\\\/uploads\\\/sites\\\/17\\\/2023\\\/02\\\/Ativo-1.png\",\"contentUrl\":\"https:\\\/\\\/www.fiemg.com.br\\\/regional-norte\\\/wp-content\\\/uploads\\\/sites\\\/17\\\/2023\\\/02\\\/Ativo-1.png\",\"width\":563,\"height\":149,\"caption\":\"Regional Norte\"},\"image\":{\"@id\":\"https:\\\/\\\/www.fiemg.com.br\\\/regional-norte\\\/#\\\/schema\\\/logo\\\/image\\\/\"}}]}<\/script>\n<!-- \/ Yoast SEO plugin. -->","yoast_head_json":{"title":"Ind\u00fastria se mant\u00e9m est\u00e1vel no 2\u00ba trimestre, sustentada pela atividade extrativa - Regional Norte","description":"Resultado reflete sinais de desacelera\u00e7\u00e3o da economia e desafios para segmentos como transforma\u00e7\u00e3o e constru\u00e7\u00e3o","robots":{"index":"index","follow":"follow","max-snippet":"max-snippet:-1","max-image-preview":"max-image-preview:large","max-video-preview":"max-video-preview:-1"},"canonical":"https:\/\/www.fiemg.com.br\/regional-norte\/noticias\/industria-se-mantem-estavel-no-2o-trimestre-sustentada-pela-atividade-extrativa\/","og_locale":"pt_BR","og_type":"article","og_title":"Ind\u00fastria se mant\u00e9m est\u00e1vel no 2\u00ba trimestre, sustentada pela atividade extrativa - Regional Norte","og_description":"Resultado reflete sinais de desacelera\u00e7\u00e3o da economia e desafios para segmentos como transforma\u00e7\u00e3o e constru\u00e7\u00e3o","og_url":"https:\/\/www.fiemg.com.br\/regional-norte\/noticias\/industria-se-mantem-estavel-no-2o-trimestre-sustentada-pela-atividade-extrativa\/","og_site_name":"Regional Norte","article_modified_time":"2026-09-01T19:18:17+00:00","og_image":[{"width":512,"height":512,"url":"https:\/\/www.fiemg.com.br\/regional-norte\/wp-content\/uploads\/sites\/17\/2026\/09\/Thumb-95.png","type":"image\/png"}],"twitter_card":"summary_large_image","twitter_misc":{"Est. tempo de leitura":"3 minutos"},"schema":{"@context":"https:\/\/schema.org","@graph":[{"@type":"WebPage","@id":"https:\/\/www.fiemg.com.br\/regional-norte\/noticias\/industria-se-mantem-estavel-no-2o-trimestre-sustentada-pela-atividade-extrativa\/","url":"https:\/\/www.fiemg.com.br\/regional-norte\/noticias\/industria-se-mantem-estavel-no-2o-trimestre-sustentada-pela-atividade-extrativa\/","name":"Ind\u00fastria se mant\u00e9m est\u00e1vel no 2\u00ba trimestre, sustentada pela atividade extrativa - Regional Norte","isPartOf":{"@id":"https:\/\/www.fiemg.com.br\/regional-norte\/#website"},"primaryImageOfPage":{"@id":"https:\/\/www.fiemg.com.br\/regional-norte\/noticias\/industria-se-mantem-estavel-no-2o-trimestre-sustentada-pela-atividade-extrativa\/#primaryimage"},"image":{"@id":"https:\/\/www.fiemg.com.br\/regional-norte\/noticias\/industria-se-mantem-estavel-no-2o-trimestre-sustentada-pela-atividade-extrativa\/#primaryimage"},"thumbnailUrl":"https:\/\/www.fiemg.com.br\/regional-norte\/wp-content\/uploads\/sites\/17\/2026\/09\/Thumb-95.png","datePublished":"2026-09-01T19:18:14+00:00","dateModified":"2026-09-01T19:18:17+00:00","description":"Resultado reflete sinais de desacelera\u00e7\u00e3o da economia e desafios para segmentos como transforma\u00e7\u00e3o e constru\u00e7\u00e3o","breadcrumb":{"@id":"https:\/\/www.fiemg.com.br\/regional-norte\/noticias\/industria-se-mantem-estavel-no-2o-trimestre-sustentada-pela-atividade-extrativa\/#breadcrumb"},"inLanguage":"pt-BR","potentialAction":[{"@type":"ReadAction","target":["https:\/\/www.fiemg.com.br\/regional-norte\/noticias\/industria-se-mantem-estavel-no-2o-trimestre-sustentada-pela-atividade-extrativa\/"]}]},{"@type":"ImageObject","inLanguage":"pt-BR","@id":"https:\/\/www.fiemg.com.br\/regional-norte\/noticias\/industria-se-mantem-estavel-no-2o-trimestre-sustentada-pela-atividade-extrativa\/#primaryimage","url":"https:\/\/www.fiemg.com.br\/regional-norte\/wp-content\/uploads\/sites\/17\/2026\/09\/Thumb-95.png","contentUrl":"https:\/\/www.fiemg.com.br\/regional-norte\/wp-content\/uploads\/sites\/17\/2026\/09\/Thumb-95.png","width":512,"height":512},{"@type":"BreadcrumbList","@id":"https:\/\/www.fiemg.com.br\/regional-norte\/noticias\/industria-se-mantem-estavel-no-2o-trimestre-sustentada-pela-atividade-extrativa\/#breadcrumb","itemListElement":[{"@type":"ListItem","position":1,"name":"In\u00edcio","item":"https:\/\/www.fiemg.com.br\/regional-norte\/"},{"@type":"ListItem","position":2,"name":"Ind\u00fastria se mant\u00e9m est\u00e1vel no 2\u00ba trimestre, sustentada pela atividade extrativa"}]},{"@type":"WebSite","@id":"https:\/\/www.fiemg.com.br\/regional-norte\/#website","url":"https:\/\/www.fiemg.com.br\/regional-norte\/","name":"Regional Norte","description":"Federa\u00e7\u00e3o das Ind\u00fastrias do Estado de Minas Gerais","publisher":{"@id":"https:\/\/www.fiemg.com.br\/regional-norte\/#organization"},"potentialAction":[{"@type":"SearchAction","target":{"@type":"EntryPoint","urlTemplate":"https:\/\/www.fiemg.com.br\/regional-norte\/?s={search_term_string}"},"query-input":{"@type":"PropertyValueSpecification","valueRequired":true,"valueName":"search_term_string"}}],"inLanguage":"pt-BR"},{"@type":"Organization","@id":"https:\/\/www.fiemg.com.br\/regional-norte\/#organization","name":"Regional Norte","url":"https:\/\/www.fiemg.com.br\/regional-norte\/","logo":{"@type":"ImageObject","inLanguage":"pt-BR","@id":"https:\/\/www.fiemg.com.br\/regional-norte\/#\/schema\/logo\/image\/","url":"https:\/\/www.fiemg.com.br\/regional-norte\/wp-content\/uploads\/sites\/17\/2023\/02\/Ativo-1.png","contentUrl":"https:\/\/www.fiemg.com.br\/regional-norte\/wp-content\/uploads\/sites\/17\/2023\/02\/Ativo-1.png","width":563,"height":149,"caption":"Regional Norte"},"image":{"@id":"https:\/\/www.fiemg.com.br\/regional-norte\/#\/schema\/logo\/image\/"}}]}},"_links":{"self":[{"href":"https:\/\/www.fiemg.com.br\/regional-norte\/wp-json\/wp\/v2\/noticias\/4363","targetHints":{"allow":["GET"]}}],"collection":[{"href":"https:\/\/www.fiemg.com.br\/regional-norte\/wp-json\/wp\/v2\/noticias"}],"about":[{"href":"https:\/\/www.fiemg.com.br\/regional-norte\/wp-json\/wp\/v2\/types\/noticias"}],"wp:featuredmedia":[{"embeddable":true,"href":"https:\/\/www.fiemg.com.br\/regional-norte\/wp-json\/wp\/v2\/media\/4364"}],"wp:attachment":[{"href":"https:\/\/www.fiemg.com.br\/regional-norte\/wp-json\/wp\/v2\/media?parent=4363"}],"wp:term":[{"taxonomy":"category","embeddable":true,"href":"https:\/\/www.fiemg.com.br\/regional-norte\/wp-json\/wp\/v2\/categories?post=4363"},{"taxonomy":"post_tag","embeddable":true,"href":"https:\/\/www.fiemg.com.br\/regional-norte\/wp-json\/wp\/v2\/tags?post=4363"}],"curies":[{"name":"wp","href":"https:\/\/api.w.org\/{rel}","templated":true}]}}