{"id":4378,"date":"2026-09-03T10:43:10","date_gmt":"2026-09-03T13:43:10","guid":{"rendered":"https:\/\/www.fiemg.com.br\/regional-norte\/?post_type=noticias&#038;p=4378"},"modified":"2026-09-03T11:02:49","modified_gmt":"2026-09-03T14:02:49","slug":"panicon-encerra-primeira-edicao-com-cerca-de-600-participantes-e-consolida-setor-da-panificacao-como-forca-economica-regional","status":"publish","type":"noticias","link":"https:\/\/www.fiemg.com.br\/regional-norte\/noticias\/panicon-encerra-primeira-edicao-com-cerca-de-600-participantes-e-consolida-setor-da-panificacao-como-forca-economica-regional\/","title":{"rendered":"PANICON encerra primeira edi\u00e7\u00e3o com cerca de 600 participantes e consolida setor da panifica\u00e7\u00e3o como for\u00e7a econ\u00f4mica regional"},"content":{"rendered":"\n<p class=\"wp-block-paragraph\">A primeira edi\u00e7\u00e3o da <strong>PANICON \u2013 Feira da Panifica\u00e7\u00e3o<\/strong> terminou com saldo positivo e a expectativa de se tornar um dos principais encontros do setor no Norte de Minas. Realizada durante dois dias em Montes Claros, a feira reuniu cerca de 20 expositores, entre fornecedores e prestadores de servi\u00e7o, e 600 participantes &#8211; aproximadamente 300 pessoas por dia -, entre empres\u00e1rios, profissionais, fornecedores e representantes de grandes marcas da panifica\u00e7\u00e3o, confeitaria e alimenta\u00e7\u00e3o.<\/p>\n\n\n\n<p class=\"wp-block-paragraph\">Al\u00e9m de apresentar produtos, equipamentos, insumos e novas solu\u00e7\u00f5es para o mercado, a PANICON criou um ambiente favor\u00e1vel \u00e0 aproxima\u00e7\u00e3o entre empresas e \u00e0 gera\u00e7\u00e3o de neg\u00f3cios, fortalecendo uma cadeia produtiva que possui forte presen\u00e7a na economia regional.<\/p>\n\n\n\n<p class=\"wp-block-paragraph\">Para o presidente do <strong>Sindicato Intermunicipal das Ind\u00fastrias da Panifica\u00e7\u00e3o, Confeitaria e de Massas Aliment\u00edcias do Norte de Minas (SINDPAN-Norte), Ricardo Alencar,<\/strong> criador do evento, o resultado da primeira edi\u00e7\u00e3o demonstra a capacidade do setor de se mobilizar e buscar inova\u00e7\u00e3o.<\/p>\n\n\n\n<p class=\"wp-block-paragraph\">\u201cA PANICON mostrou que existe uma demanda muito grande por conhecimento, tecnologia, relacionamento e novas oportunidades dentro da cadeia da panifica\u00e7\u00e3o e da alimenta\u00e7\u00e3o. Quando aproximamos empres\u00e1rios, fornecedores e profissionais, criamos um ambiente que favorece a troca de experi\u00eancias e, principalmente, a realiza\u00e7\u00e3o de neg\u00f3cios. O sucesso desta primeira edi\u00e7\u00e3o demonstra que estamos no caminho certo e que a PANICON tem potencial para crescer ainda mais\u201d, destaca Ricardo.<\/p>\n\n\n\n<p class=\"wp-block-paragraph\"><strong>Conhecimento dentro da ind\u00fastria<\/strong><\/p>\n\n\n\n<p class=\"wp-block-paragraph\">Um dos momentos de destaque da programa\u00e7\u00e3o foi a visita t\u00e9cnica \u00e0 <strong>Industria e Comercio de Alimentos Nova Pan Ltda<\/strong>, especializada em fabrica\u00e7\u00e3o de produtos de panifica\u00e7\u00e3o industrial, que permitiu aos participantes conhecer de perto as etapas do processo industrial, a organiza\u00e7\u00e3o da produ\u00e7\u00e3o e o funcionamento dos equipamentos utilizados pela empresa.<\/p>\n\n\n\n<p class=\"wp-block-paragraph\">A atividade possibilitou aos empres\u00e1rios e profissionais conhecer solu\u00e7\u00f5es aplicadas \u00e0 rotina industrial e trocar experi\u00eancias sobre temas como produtividade, agilidade, organiza\u00e7\u00e3o e padroniza\u00e7\u00e3o dos processos.<\/p>\n\n\n\n<p class=\"wp-block-paragraph\">Para o presidente do SINDPAN, levar os participantes para dentro de uma ind\u00fastria foi uma forma de transformar conhecimento em experi\u00eancia pr\u00e1tica.<\/p>\n\n\n\n<p class=\"wp-block-paragraph\">\u201cA proposta da PANICON foi justamente ir al\u00e9m de uma feira tradicional. Quer\u00edamos criar oportunidades para que o participante tivesse contato com conhecimento, tecnologia e experi\u00eancias que pudessem ser aplicadas no seu neg\u00f3cio. A visita t\u00e9cnica \u00e0 Novapan cumpriu muito bem esse papel\u201d, avalia o organizador da Feira.<\/p>\n\n\n\n<p class=\"wp-block-paragraph\"><strong>Conex\u00f5es que geram neg\u00f3cios<\/strong><\/p>\n\n\n\n<p class=\"wp-block-paragraph\">Com o conceito <strong>\u201cConectando sabores e gerando neg\u00f3cios\u201d<\/strong>, a PANICON reuniu diferentes elos da cadeia produtiva em um mesmo ambiente. A presen\u00e7a de fornecedores, empres\u00e1rios e profissionais permitiu a cria\u00e7\u00e3o de novas conex\u00f5es comerciais e a apresenta\u00e7\u00e3o de solu\u00e7\u00f5es para empresas de diferentes portes. Na avalia\u00e7\u00e3o dos organizadores, esse foi um dos principais resultados da primeira edi\u00e7\u00e3o.<\/p>\n\n\n\n<p class=\"wp-block-paragraph\">Para <strong>Adauto Marques Batista, presidente da FIEMG Regional Norte<\/strong>, a realiza\u00e7\u00e3o do evento tamb\u00e9m refor\u00e7a o papel da <strong>FIEMG <\/strong>na cria\u00e7\u00e3o de ambientes que estimulem o desenvolvimento da ind\u00fastria e de toda a sua cadeia de fornecedores.<\/p>\n\n\n\n<p class=\"wp-block-paragraph\">\u201cA ind\u00fastria precisa de ambientes de conex\u00e3o. Eventos como a PANICON ajudam a aproximar quem produz, quem fornece tecnologia e insumos e quem est\u00e1 na ponta do neg\u00f3cio. \u00c9 essa integra\u00e7\u00e3o que permite aumentar a produtividade, inovar e gerar novas oportunidades. A FIEMG Regional Norte tem orgulho de fazer parte desse movimento\u201d, afirma.<\/p>\n\n\n\n<p class=\"wp-block-paragraph\">Promovida pelo <strong>Sindicato Intermunicipal das Ind\u00fastrias da Panifica\u00e7\u00e3o, Confeitaria e de Massas Aliment\u00edcias do Norte de Minas (SIDPAN\/Norte)<\/strong> e pela <strong>FIEMG Regional Norte<\/strong>, com apoio master do <strong>SEBRAE Minas<\/strong>, a PANICON encerra sua primeira edi\u00e7\u00e3o deixando como resultado n\u00e3o apenas a movimenta\u00e7\u00e3o de aproximadamente 600 participantes, mas tamb\u00e9m novas conex\u00f5es e oportunidades para o setor.<\/p>\n\n\n\n<p class=\"wp-block-paragraph\">O sucesso da estreia abre caminho para a continuidade da iniciativa e para a amplia\u00e7\u00e3o do encontro, que termina com a perspectiva de fortalecer ainda mais a panifica\u00e7\u00e3o, a confeitaria e a ind\u00fastria de alimentos como segmentos estrat\u00e9gicos para o desenvolvimento econ\u00f4mico do Norte de Minas.<\/p>\n\n\n\n<p class=\"wp-block-paragraph\">O sucesso da estreia abre caminho para a continuidade da iniciativa e para a amplia\u00e7\u00e3o do encontro, que termina com a perspectiva de fortalecer ainda mais a panifica\u00e7\u00e3o, a confeitaria e a ind\u00fastria de alimentos como segmentos estrat\u00e9gicos para o desenvolvimento econ\u00f4mico do Norte de Minas.<\/p>\n\n\n\n<p class=\"wp-block-paragraph\"><strong>Padaria Show leva t\u00e9cnica e inova\u00e7\u00e3o ao p\u00fablico<\/strong><\/p>\n\n\n\n<p class=\"wp-block-paragraph\">Um destaque da PANICON foi a <strong>Padaria Show Fermontes<\/strong>, comandada pelo chef <strong>Ricardo Souza<\/strong>. A programa\u00e7\u00e3o apresentou demonstra\u00e7\u00f5es pr\u00e1ticas, t\u00e9cnicas e tend\u00eancias do setor, proporcionando ao p\u00fablico contato direto com diferentes possibilidades de produ\u00e7\u00e3o e estimulando a troca de experi\u00eancias.<\/p>\n\n\n\n<p class=\"wp-block-paragraph\">A iniciativa refor\u00e7ou um dos principais conceitos da feira: aproximar conhecimento e pr\u00e1tica para ajudar os empreendedores a identificar novas oportunidades e melhorar seus processos.<\/p>\n\n\n\n<p class=\"wp-block-paragraph\">Considerada uma das maiores distribuidoras de insumos aliment\u00edcios do interior de Minas Gerais, a Fermontes atende empresas do Norte e Noroeste de Minas e do Vale do Jequitinhonha.<\/p>\n\n\n\n<p class=\"wp-block-paragraph\">\u201cMais do que o n\u00famero de visitantes, o que nos deixa satisfeitos \u00e9 perceber que a nossa participa\u00e7\u00e3o na feira conseguiu gerar relacionamento. Pudemos perceber que pessoas que trabalham no mesmo segmento, mas muitas vezes n\u00e3o t\u00eam oportunidade de se encontrar, estiveram juntas, conheceram novos fornecedores, trocaram informa\u00e7\u00f5es e abriram possibilidades de parceria\u201d, ressalta a diretora da FERMONTES, Ana Paula Guimar\u00e3es. Segundo ela, \u201cO p\u00e3o nosso de cada dia\u201d \u00e9 uma express\u00e3o que a Fermontes entende bem\u201d.<\/p>\n\n\n\n<p class=\"wp-block-paragraph\">Rosangela Silveira<\/p>\n\n\n\n<p class=\"wp-block-paragraph\"><strong>Imprensa FIEMG Regional Norte<\/strong><\/p>\n\n\n\n<p class=\"wp-block-paragraph\"><\/p>\n","protected":false},"featured_media":4380,"template":"","categories":[263],"tags":[],"class_list":["post-4378","noticias","type-noticias","status-publish","has-post-thumbnail","hentry","category-panicon"],"acf":[],"yoast_head":"<!-- This site is optimized with the Yoast SEO plugin v27.7 - https:\/\/yoast.com\/product\/yoast-seo-wordpress\/ -->\n<title>PANICON encerra primeira edi\u00e7\u00e3o com cerca de 600 participantes e consolida setor da panifica\u00e7\u00e3o como for\u00e7a econ\u00f4mica regional - Regional Norte<\/title>\n<meta name=\"robots\" content=\"index, follow, max-snippet:-1, max-image-preview:large, max-video-preview:-1\" \/>\n<link rel=\"canonical\" href=\"https:\/\/www.fiemg.com.br\/regional-norte\/noticias\/panicon-encerra-primeira-edicao-com-cerca-de-600-participantes-e-consolida-setor-da-panificacao-como-forca-economica-regional\/\" \/>\n<meta property=\"og:locale\" content=\"pt_BR\" \/>\n<meta property=\"og:type\" content=\"article\" \/>\n<meta property=\"og:title\" content=\"PANICON encerra primeira edi\u00e7\u00e3o com cerca de 600 participantes e consolida setor da panifica\u00e7\u00e3o como for\u00e7a econ\u00f4mica regional - Regional Norte\" \/>\n<meta property=\"og:description\" content=\"A primeira edi\u00e7\u00e3o da PANICON \u2013 Feira da Panifica\u00e7\u00e3o terminou com saldo positivo e a expectativa de se tornar um dos principais encontros do setor no Norte de Minas. Realizada durante dois dias em Montes Claros, a feira reuniu cerca de 20 expositores, entre fornecedores e prestadores de servi\u00e7o, e 600 participantes &#8211; aproximadamente 300 [&hellip;]\" \/>\n<meta property=\"og:url\" content=\"https:\/\/www.fiemg.com.br\/regional-norte\/noticias\/panicon-encerra-primeira-edicao-com-cerca-de-600-participantes-e-consolida-setor-da-panificacao-como-forca-economica-regional\/\" \/>\n<meta property=\"og:site_name\" content=\"Regional Norte\" \/>\n<meta property=\"article:modified_time\" content=\"2026-09-03T14:02:49+00:00\" \/>\n<meta property=\"og:image\" content=\"https:\/\/www.fiemg.com.br\/regional-norte\/wp-content\/uploads\/sites\/17\/2026\/09\/PANICON-2026.jpg\" \/>\n\t<meta property=\"og:image:width\" content=\"512\" \/>\n\t<meta property=\"og:image:height\" content=\"683\" \/>\n\t<meta property=\"og:image:type\" content=\"image\/jpeg\" \/>\n<meta name=\"twitter:card\" content=\"summary_large_image\" \/>\n<meta name=\"twitter:label1\" content=\"Est. tempo de leitura\" \/>\n\t<meta name=\"twitter:data1\" content=\"5 minutos\" \/>\n<script type=\"application\/ld+json\" class=\"yoast-schema-graph\">{\"@context\":\"https:\\\/\\\/schema.org\",\"@graph\":[{\"@type\":\"WebPage\",\"@id\":\"https:\\\/\\\/www.fiemg.com.br\\\/regional-norte\\\/noticias\\\/panicon-encerra-primeira-edicao-com-cerca-de-600-participantes-e-consolida-setor-da-panificacao-como-forca-economica-regional\\\/\",\"url\":\"https:\\\/\\\/www.fiemg.com.br\\\/regional-norte\\\/noticias\\\/panicon-encerra-primeira-edicao-com-cerca-de-600-participantes-e-consolida-setor-da-panificacao-como-forca-economica-regional\\\/\",\"name\":\"PANICON encerra primeira edi\u00e7\u00e3o com cerca de 600 participantes e consolida setor da panifica\u00e7\u00e3o como for\u00e7a econ\u00f4mica regional - Regional Norte\",\"isPartOf\":{\"@id\":\"https:\\\/\\\/www.fiemg.com.br\\\/regional-norte\\\/#website\"},\"primaryImageOfPage\":{\"@id\":\"https:\\\/\\\/www.fiemg.com.br\\\/regional-norte\\\/noticias\\\/panicon-encerra-primeira-edicao-com-cerca-de-600-participantes-e-consolida-setor-da-panificacao-como-forca-economica-regional\\\/#primaryimage\"},\"image\":{\"@id\":\"https:\\\/\\\/www.fiemg.com.br\\\/regional-norte\\\/noticias\\\/panicon-encerra-primeira-edicao-com-cerca-de-600-participantes-e-consolida-setor-da-panificacao-como-forca-economica-regional\\\/#primaryimage\"},\"thumbnailUrl\":\"https:\\\/\\\/www.fiemg.com.br\\\/regional-norte\\\/wp-content\\\/uploads\\\/sites\\\/17\\\/2026\\\/09\\\/PANICON-2026.jpg\",\"datePublished\":\"2026-09-03T13:43:10+00:00\",\"dateModified\":\"2026-09-03T14:02:49+00:00\",\"breadcrumb\":{\"@id\":\"https:\\\/\\\/www.fiemg.com.br\\\/regional-norte\\\/noticias\\\/panicon-encerra-primeira-edicao-com-cerca-de-600-participantes-e-consolida-setor-da-panificacao-como-forca-economica-regional\\\/#breadcrumb\"},\"inLanguage\":\"pt-BR\",\"potentialAction\":[{\"@type\":\"ReadAction\",\"target\":[\"https:\\\/\\\/www.fiemg.com.br\\\/regional-norte\\\/noticias\\\/panicon-encerra-primeira-edicao-com-cerca-de-600-participantes-e-consolida-setor-da-panificacao-como-forca-economica-regional\\\/\"]}]},{\"@type\":\"ImageObject\",\"inLanguage\":\"pt-BR\",\"@id\":\"https:\\\/\\\/www.fiemg.com.br\\\/regional-norte\\\/noticias\\\/panicon-encerra-primeira-edicao-com-cerca-de-600-participantes-e-consolida-setor-da-panificacao-como-forca-economica-regional\\\/#primaryimage\",\"url\":\"https:\\\/\\\/www.fiemg.com.br\\\/regional-norte\\\/wp-content\\\/uploads\\\/sites\\\/17\\\/2026\\\/09\\\/PANICON-2026.jpg\",\"contentUrl\":\"https:\\\/\\\/www.fiemg.com.br\\\/regional-norte\\\/wp-content\\\/uploads\\\/sites\\\/17\\\/2026\\\/09\\\/PANICON-2026.jpg\",\"width\":512,\"height\":683},{\"@type\":\"BreadcrumbList\",\"@id\":\"https:\\\/\\\/www.fiemg.com.br\\\/regional-norte\\\/noticias\\\/panicon-encerra-primeira-edicao-com-cerca-de-600-participantes-e-consolida-setor-da-panificacao-como-forca-economica-regional\\\/#breadcrumb\",\"itemListElement\":[{\"@type\":\"ListItem\",\"position\":1,\"name\":\"In\u00edcio\",\"item\":\"https:\\\/\\\/www.fiemg.com.br\\\/regional-norte\\\/\"},{\"@type\":\"ListItem\",\"position\":2,\"name\":\"PANICON encerra primeira edi\u00e7\u00e3o com cerca de 600 participantes e consolida setor da panifica\u00e7\u00e3o como for\u00e7a econ\u00f4mica regional\"}]},{\"@type\":\"WebSite\",\"@id\":\"https:\\\/\\\/www.fiemg.com.br\\\/regional-norte\\\/#website\",\"url\":\"https:\\\/\\\/www.fiemg.com.br\\\/regional-norte\\\/\",\"name\":\"Regional Norte\",\"description\":\"Federa\u00e7\u00e3o das Ind\u00fastrias do Estado de Minas Gerais\",\"publisher\":{\"@id\":\"https:\\\/\\\/www.fiemg.com.br\\\/regional-norte\\\/#organization\"},\"potentialAction\":[{\"@type\":\"SearchAction\",\"target\":{\"@type\":\"EntryPoint\",\"urlTemplate\":\"https:\\\/\\\/www.fiemg.com.br\\\/regional-norte\\\/?s={search_term_string}\"},\"query-input\":{\"@type\":\"PropertyValueSpecification\",\"valueRequired\":true,\"valueName\":\"search_term_string\"}}],\"inLanguage\":\"pt-BR\"},{\"@type\":\"Organization\",\"@id\":\"https:\\\/\\\/www.fiemg.com.br\\\/regional-norte\\\/#organization\",\"name\":\"Regional Norte\",\"url\":\"https:\\\/\\\/www.fiemg.com.br\\\/regional-norte\\\/\",\"logo\":{\"@type\":\"ImageObject\",\"inLanguage\":\"pt-BR\",\"@id\":\"https:\\\/\\\/www.fiemg.com.br\\\/regional-norte\\\/#\\\/schema\\\/logo\\\/image\\\/\",\"url\":\"https:\\\/\\\/www.fiemg.com.br\\\/regional-norte\\\/wp-content\\\/uploads\\\/sites\\\/17\\\/2023\\\/02\\\/Ativo-1.png\",\"contentUrl\":\"https:\\\/\\\/www.fiemg.com.br\\\/regional-norte\\\/wp-content\\\/uploads\\\/sites\\\/17\\\/2023\\\/02\\\/Ativo-1.png\",\"width\":563,\"height\":149,\"caption\":\"Regional Norte\"},\"image\":{\"@id\":\"https:\\\/\\\/www.fiemg.com.br\\\/regional-norte\\\/#\\\/schema\\\/logo\\\/image\\\/\"}}]}<\/script>\n<!-- \/ Yoast SEO plugin. -->","yoast_head_json":{"title":"PANICON encerra primeira edi\u00e7\u00e3o com cerca de 600 participantes e consolida setor da panifica\u00e7\u00e3o como for\u00e7a econ\u00f4mica regional - Regional Norte","robots":{"index":"index","follow":"follow","max-snippet":"max-snippet:-1","max-image-preview":"max-image-preview:large","max-video-preview":"max-video-preview:-1"},"canonical":"https:\/\/www.fiemg.com.br\/regional-norte\/noticias\/panicon-encerra-primeira-edicao-com-cerca-de-600-participantes-e-consolida-setor-da-panificacao-como-forca-economica-regional\/","og_locale":"pt_BR","og_type":"article","og_title":"PANICON encerra primeira edi\u00e7\u00e3o com cerca de 600 participantes e consolida setor da panifica\u00e7\u00e3o como for\u00e7a econ\u00f4mica regional - Regional Norte","og_description":"A primeira edi\u00e7\u00e3o da PANICON \u2013 Feira da Panifica\u00e7\u00e3o terminou com saldo positivo e a expectativa de se tornar um dos principais encontros do setor no Norte de Minas. Realizada durante dois dias em Montes Claros, a feira reuniu cerca de 20 expositores, entre fornecedores e prestadores de servi\u00e7o, e 600 participantes &#8211; aproximadamente 300 [&hellip;]","og_url":"https:\/\/www.fiemg.com.br\/regional-norte\/noticias\/panicon-encerra-primeira-edicao-com-cerca-de-600-participantes-e-consolida-setor-da-panificacao-como-forca-economica-regional\/","og_site_name":"Regional Norte","article_modified_time":"2026-09-03T14:02:49+00:00","og_image":[{"width":512,"height":683,"url":"https:\/\/www.fiemg.com.br\/regional-norte\/wp-content\/uploads\/sites\/17\/2026\/09\/PANICON-2026.jpg","type":"image\/jpeg"}],"twitter_card":"summary_large_image","twitter_misc":{"Est. tempo de leitura":"5 minutos"},"schema":{"@context":"https:\/\/schema.org","@graph":[{"@type":"WebPage","@id":"https:\/\/www.fiemg.com.br\/regional-norte\/noticias\/panicon-encerra-primeira-edicao-com-cerca-de-600-participantes-e-consolida-setor-da-panificacao-como-forca-economica-regional\/","url":"https:\/\/www.fiemg.com.br\/regional-norte\/noticias\/panicon-encerra-primeira-edicao-com-cerca-de-600-participantes-e-consolida-setor-da-panificacao-como-forca-economica-regional\/","name":"PANICON encerra primeira edi\u00e7\u00e3o com cerca de 600 participantes e consolida setor da panifica\u00e7\u00e3o como for\u00e7a econ\u00f4mica regional - Regional Norte","isPartOf":{"@id":"https:\/\/www.fiemg.com.br\/regional-norte\/#website"},"primaryImageOfPage":{"@id":"https:\/\/www.fiemg.com.br\/regional-norte\/noticias\/panicon-encerra-primeira-edicao-com-cerca-de-600-participantes-e-consolida-setor-da-panificacao-como-forca-economica-regional\/#primaryimage"},"image":{"@id":"https:\/\/www.fiemg.com.br\/regional-norte\/noticias\/panicon-encerra-primeira-edicao-com-cerca-de-600-participantes-e-consolida-setor-da-panificacao-como-forca-economica-regional\/#primaryimage"},"thumbnailUrl":"https:\/\/www.fiemg.com.br\/regional-norte\/wp-content\/uploads\/sites\/17\/2026\/09\/PANICON-2026.jpg","datePublished":"2026-09-03T13:43:10+00:00","dateModified":"2026-09-03T14:02:49+00:00","breadcrumb":{"@id":"https:\/\/www.fiemg.com.br\/regional-norte\/noticias\/panicon-encerra-primeira-edicao-com-cerca-de-600-participantes-e-consolida-setor-da-panificacao-como-forca-economica-regional\/#breadcrumb"},"inLanguage":"pt-BR","potentialAction":[{"@type":"ReadAction","target":["https:\/\/www.fiemg.com.br\/regional-norte\/noticias\/panicon-encerra-primeira-edicao-com-cerca-de-600-participantes-e-consolida-setor-da-panificacao-como-forca-economica-regional\/"]}]},{"@type":"ImageObject","inLanguage":"pt-BR","@id":"https:\/\/www.fiemg.com.br\/regional-norte\/noticias\/panicon-encerra-primeira-edicao-com-cerca-de-600-participantes-e-consolida-setor-da-panificacao-como-forca-economica-regional\/#primaryimage","url":"https:\/\/www.fiemg.com.br\/regional-norte\/wp-content\/uploads\/sites\/17\/2026\/09\/PANICON-2026.jpg","contentUrl":"https:\/\/www.fiemg.com.br\/regional-norte\/wp-content\/uploads\/sites\/17\/2026\/09\/PANICON-2026.jpg","width":512,"height":683},{"@type":"BreadcrumbList","@id":"https:\/\/www.fiemg.com.br\/regional-norte\/noticias\/panicon-encerra-primeira-edicao-com-cerca-de-600-participantes-e-consolida-setor-da-panificacao-como-forca-economica-regional\/#breadcrumb","itemListElement":[{"@type":"ListItem","position":1,"name":"In\u00edcio","item":"https:\/\/www.fiemg.com.br\/regional-norte\/"},{"@type":"ListItem","position":2,"name":"PANICON encerra primeira edi\u00e7\u00e3o com cerca de 600 participantes e consolida setor da panifica\u00e7\u00e3o como for\u00e7a econ\u00f4mica regional"}]},{"@type":"WebSite","@id":"https:\/\/www.fiemg.com.br\/regional-norte\/#website","url":"https:\/\/www.fiemg.com.br\/regional-norte\/","name":"Regional Norte","description":"Federa\u00e7\u00e3o das Ind\u00fastrias do Estado de Minas Gerais","publisher":{"@id":"https:\/\/www.fiemg.com.br\/regional-norte\/#organization"},"potentialAction":[{"@type":"SearchAction","target":{"@type":"EntryPoint","urlTemplate":"https:\/\/www.fiemg.com.br\/regional-norte\/?s={search_term_string}"},"query-input":{"@type":"PropertyValueSpecification","valueRequired":true,"valueName":"search_term_string"}}],"inLanguage":"pt-BR"},{"@type":"Organization","@id":"https:\/\/www.fiemg.com.br\/regional-norte\/#organization","name":"Regional Norte","url":"https:\/\/www.fiemg.com.br\/regional-norte\/","logo":{"@type":"ImageObject","inLanguage":"pt-BR","@id":"https:\/\/www.fiemg.com.br\/regional-norte\/#\/schema\/logo\/image\/","url":"https:\/\/www.fiemg.com.br\/regional-norte\/wp-content\/uploads\/sites\/17\/2023\/02\/Ativo-1.png","contentUrl":"https:\/\/www.fiemg.com.br\/regional-norte\/wp-content\/uploads\/sites\/17\/2023\/02\/Ativo-1.png","width":563,"height":149,"caption":"Regional Norte"},"image":{"@id":"https:\/\/www.fiemg.com.br\/regional-norte\/#\/schema\/logo\/image\/"}}]}},"_links":{"self":[{"href":"https:\/\/www.fiemg.com.br\/regional-norte\/wp-json\/wp\/v2\/noticias\/4378","targetHints":{"allow":["GET"]}}],"collection":[{"href":"https:\/\/www.fiemg.com.br\/regional-norte\/wp-json\/wp\/v2\/noticias"}],"about":[{"href":"https:\/\/www.fiemg.com.br\/regional-norte\/wp-json\/wp\/v2\/types\/noticias"}],"wp:featuredmedia":[{"embeddable":true,"href":"https:\/\/www.fiemg.com.br\/regional-norte\/wp-json\/wp\/v2\/media\/4380"}],"wp:attachment":[{"href":"https:\/\/www.fiemg.com.br\/regional-norte\/wp-json\/wp\/v2\/media?parent=4378"}],"wp:term":[{"taxonomy":"category","embeddable":true,"href":"https:\/\/www.fiemg.com.br\/regional-norte\/wp-json\/wp\/v2\/categories?post=4378"},{"taxonomy":"post_tag","embeddable":true,"href":"https:\/\/www.fiemg.com.br\/regional-norte\/wp-json\/wp\/v2\/tags?post=4378"}],"curies":[{"name":"wp","href":"https:\/\/api.w.org\/{rel}","templated":true}]}}