{"id":1591,"date":"2023-11-10T10:42:35","date_gmt":"2023-11-10T13:42:35","guid":{"rendered":"https:\/\/www.fiemg.com.br\/regional-pontal-do-triangulo\/noticias\/pedro-spina-presidente-em-exercicio-da-fiemg-participa-do-premio-cidades-excelentes\/"},"modified":"2023-11-10T11:37:38","modified_gmt":"2023-11-10T14:37:38","slug":"pedro-spina-presidente-em-exercicio-da-fiemg-participa-do-premio-cidades-excelentes","status":"publish","type":"noticias","link":"https:\/\/www.fiemg.com.br\/regional-pontal-do-triangulo\/noticias\/pedro-spina-presidente-em-exercicio-da-fiemg-participa-do-premio-cidades-excelentes\/","title":{"rendered":"Pedro Spina, presidente em exerc\u00edcio da FIEMG, participa do Pr\u00eamio Cidades Excelentes"},"content":{"rendered":"\n<figure class=\"wp-block-image aligncenter size-full\"><img fetchpriority=\"high\" decoding=\"async\" width=\"748\" height=\"311\" src=\"https:\/\/www.fiemg.com.br\/regional-pontal-do-triangulo\/wp-content\/uploads\/sites\/18\/2023\/11\/WhatsApp-Image-2023-11-09-at-20.53.21.jpeg\" alt=\"\" class=\"wp-image-1593\" srcset=\"https:\/\/www.fiemg.com.br\/regional-pontal-do-triangulo\/wp-content\/uploads\/sites\/18\/2023\/11\/WhatsApp-Image-2023-11-09-at-20.53.21.jpeg 748w, https:\/\/www.fiemg.com.br\/regional-pontal-do-triangulo\/wp-content\/uploads\/sites\/18\/2023\/11\/WhatsApp-Image-2023-11-09-at-20.53.21-300x125.jpeg 300w\" sizes=\"(max-width: 748px) 100vw, 748px\" \/><\/figure>\n\n\n\n<p><br><br>No dia 10\/11 foi realizado o&nbsp; Pr\u00eamio Cidades Excelentes, uma iniciativa da TV Band Minas, em parceria com o&nbsp; Instituto Aquila e patroc\u00ednio da FIEMG, por meio do SESI. O objetivo da premia\u00e7\u00e3o foi reconhecer,&nbsp; dentre os 853 munic\u00edpios mineiros, aqueles que se destacaram neste ano de 2023 em seis pilares: Governan\u00e7a, Efici\u00eancia Fiscal e Transpar\u00eancia; Educa\u00e7\u00e3o; Sa\u00fade e Bem-Estar; Infraestrutura e Mobilidade Urbana; Sustentabilidade; Desenvolvimento Socioecon\u00f4mico e Ordem P\u00fablica.<br><\/p>\n\n\n\n<figure class=\"wp-block-image alignleft size-full is-resized\"><img decoding=\"async\" src=\"https:\/\/www.fiemg.com.br\/regional-pontal-do-triangulo\/wp-content\/uploads\/sites\/18\/2023\/11\/WhatsApp-Image-2023-11-09-at-20.53.16.jpeg\" alt=\"\" class=\"wp-image-1592\" style=\"width:250px\" width=\"250\" srcset=\"https:\/\/www.fiemg.com.br\/regional-pontal-do-triangulo\/wp-content\/uploads\/sites\/18\/2023\/11\/WhatsApp-Image-2023-11-09-at-20.53.16.jpeg 526w, https:\/\/www.fiemg.com.br\/regional-pontal-do-triangulo\/wp-content\/uploads\/sites\/18\/2023\/11\/WhatsApp-Image-2023-11-09-at-20.53.16-249x300.jpeg 249w\" sizes=\"(max-width: 526px) 100vw, 526px\" \/><\/figure>\n\n\n\n<p>Pedro Spina, presidente em exerc\u00edcio da FIEMG, participou do evento e foi o respons\u00e1vel por entregar a premia\u00e7\u00e3o das cidades que se destacaram na categoria Educa\u00e7\u00e3o. Os vencedores, de acordo com o n\u00famero de habitantes, foram: Japara\u00edba, at\u00e9 30 mil, Cl\u00e1udio, at\u00e9 100 mil, e Muria\u00e9, acima de 100 mil.&nbsp;<br><br>\u201c\u00c9 encorajador ver que os munic\u00edpios s\u00e3o avaliados em diferentes categorias, levando em considera\u00e7\u00e3o o tamanho de sua popula\u00e7\u00e3o, o que torna uma competi\u00e7\u00e3o mais justa e inclusiva. Al\u00e9m disso, a \u00eanfase na contribui\u00e7\u00e3o dos projetos locais para a qualidade de vida da popula\u00e7\u00e3o \u00e9 louv\u00e1vel, pois incentiva iniciativas que realmente fazem a diferen\u00e7a\u201d, disse, cumprimentando os participantes. \u201cParab\u00e9ns aos munic\u00edpios de Minas Gerais que participam deste pr\u00eamio e aqueles que se esfor\u00e7am para melhorar a qualidade de vida de seus cidad\u00e3os. Que este evento inspire outras regi\u00f5es a buscar a excel\u00eancia na gest\u00e3o p\u00fablica, evoluindo para o desenvolvimento sustent\u00e1vel e para o bem-estar de todos os seus habitantes\u201d, ressaltou.<\/p>\n\n\n\n<p><strong>Pr\u00eamio principal<\/strong> &#8211; A cidade vencedora da categoria Ordem P\u00fablica, considerada a principal, foi Uberl\u00e2ndia. O munic\u00edpio tamb\u00e9m foi destaque nos quesitos Governan\u00e7a, Sa\u00fade e Bem-Estar e Infraestrutura e Mobilidade Urbana e ir\u00e1 representar Minas Gerais na etapa nacional da premia\u00e7\u00e3o, que ser\u00e1 realizada em dezembro deste ano.<\/p>\n\n\n\n<p><\/p>\n\n\n\n<p class=\"has-white-color has-text-color\">..<\/p>\n\n\n\n<p><strong>Veja abaixo a premia\u00e7\u00e3o completa:<\/strong><\/p>\n\n\n\n<figure class=\"wp-block-embed aligncenter is-type-video is-provider-youtube wp-block-embed-youtube wp-embed-aspect-16-9 wp-has-aspect-ratio\"><div class=\"wp-block-embed__wrapper\">\n<iframe title=\"PR\u00caMIO BAND CIDADES EXCELENTES\" width=\"800\" height=\"450\" src=\"https:\/\/www.youtube.com\/embed\/RI_nz25JoRg?feature=oembed\" frameborder=\"0\" allow=\"accelerometer; autoplay; clipboard-write; encrypted-media; gyroscope; picture-in-picture; web-share\" allowfullscreen><\/iframe>\n<\/div><\/figure>\n\n\n\n<p><\/p>\n\n\n\n<p>Denise Lucas<br>Imprensa FIEMG<\/p>\n","protected":false},"featured_media":1594,"template":"","categories":[15],"tags":[96,69,97],"class_list":["post-1591","noticias","type-noticias","status-publish","has-post-thumbnail","hentry","category-desenvolvimento-industrial","tag-band","tag-fiemg","tag-sesi"],"acf":[],"yoast_head":"<!-- This site is optimized with the Yoast SEO plugin v26.2 - https:\/\/yoast.com\/wordpress\/plugins\/seo\/ -->\n<title>Pedro Spina, presidente em exerc\u00edcio da FIEMG, participa do Pr\u00eamio Cidades Excelentes - Regional Pontal do Triangulo<\/title>\n<meta name=\"description\" content=\"Objetivo da premia\u00e7\u00e3o foi reconhecer,\u00a0 dentre os 853 munic\u00edpios mineiros, aqueles que se destacaram neste ano de 2023\" \/>\n<meta name=\"robots\" content=\"index, follow, max-snippet:-1, max-image-preview:large, max-video-preview:-1\" \/>\n<link rel=\"canonical\" href=\"https:\/\/www.fiemg.com.br\/regional-pontal-do-triangulo\/noticias\/pedro-spina-presidente-em-exercicio-da-fiemg-participa-do-premio-cidades-excelentes\/\" \/>\n<meta property=\"og:locale\" content=\"pt_BR\" \/>\n<meta property=\"og:type\" content=\"article\" \/>\n<meta property=\"og:title\" content=\"Pedro Spina, presidente em exerc\u00edcio da FIEMG, participa do Pr\u00eamio Cidades Excelentes - Regional Pontal do Triangulo\" \/>\n<meta property=\"og:description\" content=\"Objetivo da premia\u00e7\u00e3o foi reconhecer,\u00a0 dentre os 853 munic\u00edpios mineiros, aqueles que se destacaram neste ano de 2023\" \/>\n<meta property=\"og:url\" content=\"https:\/\/www.fiemg.com.br\/regional-pontal-do-triangulo\/noticias\/pedro-spina-presidente-em-exercicio-da-fiemg-participa-do-premio-cidades-excelentes\/\" \/>\n<meta property=\"og:site_name\" content=\"Regional Pontal do Triangulo\" \/>\n<meta property=\"article:modified_time\" content=\"2023-11-10T14:37:38+00:00\" \/>\n<meta property=\"og:image\" content=\"https:\/\/www.fiemg.com.br\/regional-pontal-do-triangulo\/wp-content\/uploads\/sites\/18\/2023\/11\/ca48a28d-927e-45ac-86b2-17d2e64749b4.jpeg\" \/>\n\t<meta property=\"og:image:width\" content=\"1024\" \/>\n\t<meta property=\"og:image:height\" content=\"768\" \/>\n\t<meta property=\"og:image:type\" content=\"image\/jpeg\" \/>\n<meta name=\"twitter:card\" content=\"summary_large_image\" \/>\n<meta name=\"twitter:label1\" content=\"Est. tempo de leitura\" \/>\n\t<meta name=\"twitter:data1\" content=\"2 minutos\" \/>\n<script type=\"application\/ld+json\" class=\"yoast-schema-graph\">{\"@context\":\"https:\/\/schema.org\",\"@graph\":[{\"@type\":\"WebPage\",\"@id\":\"https:\/\/www.fiemg.com.br\/regional-pontal-do-triangulo\/noticias\/pedro-spina-presidente-em-exercicio-da-fiemg-participa-do-premio-cidades-excelentes\/\",\"url\":\"https:\/\/www.fiemg.com.br\/regional-pontal-do-triangulo\/noticias\/pedro-spina-presidente-em-exercicio-da-fiemg-participa-do-premio-cidades-excelentes\/\",\"name\":\"Pedro Spina, presidente em exerc\u00edcio da FIEMG, participa do Pr\u00eamio Cidades Excelentes - Regional Pontal do Triangulo\",\"isPartOf\":{\"@id\":\"https:\/\/www.fiemg.com.br\/regional-pontal-do-triangulo\/#website\"},\"primaryImageOfPage\":{\"@id\":\"https:\/\/www.fiemg.com.br\/regional-pontal-do-triangulo\/noticias\/pedro-spina-presidente-em-exercicio-da-fiemg-participa-do-premio-cidades-excelentes\/#primaryimage\"},\"image\":{\"@id\":\"https:\/\/www.fiemg.com.br\/regional-pontal-do-triangulo\/noticias\/pedro-spina-presidente-em-exercicio-da-fiemg-participa-do-premio-cidades-excelentes\/#primaryimage\"},\"thumbnailUrl\":\"https:\/\/www.fiemg.com.br\/regional-pontal-do-triangulo\/wp-content\/uploads\/sites\/18\/2023\/11\/ca48a28d-927e-45ac-86b2-17d2e64749b4.jpeg\",\"datePublished\":\"2023-11-10T13:42:35+00:00\",\"dateModified\":\"2023-11-10T14:37:38+00:00\",\"description\":\"Objetivo da premia\u00e7\u00e3o foi reconhecer,\u00a0 dentre os 853 munic\u00edpios mineiros, aqueles que se destacaram neste ano de 2023\",\"breadcrumb\":{\"@id\":\"https:\/\/www.fiemg.com.br\/regional-pontal-do-triangulo\/noticias\/pedro-spina-presidente-em-exercicio-da-fiemg-participa-do-premio-cidades-excelentes\/#breadcrumb\"},\"inLanguage\":\"pt-BR\",\"potentialAction\":[{\"@type\":\"ReadAction\",\"target\":[\"https:\/\/www.fiemg.com.br\/regional-pontal-do-triangulo\/noticias\/pedro-spina-presidente-em-exercicio-da-fiemg-participa-do-premio-cidades-excelentes\/\"]}]},{\"@type\":\"ImageObject\",\"inLanguage\":\"pt-BR\",\"@id\":\"https:\/\/www.fiemg.com.br\/regional-pontal-do-triangulo\/noticias\/pedro-spina-presidente-em-exercicio-da-fiemg-participa-do-premio-cidades-excelentes\/#primaryimage\",\"url\":\"https:\/\/www.fiemg.com.br\/regional-pontal-do-triangulo\/wp-content\/uploads\/sites\/18\/2023\/11\/ca48a28d-927e-45ac-86b2-17d2e64749b4.jpeg\",\"contentUrl\":\"https:\/\/www.fiemg.com.br\/regional-pontal-do-triangulo\/wp-content\/uploads\/sites\/18\/2023\/11\/ca48a28d-927e-45ac-86b2-17d2e64749b4.jpeg\",\"width\":1024,\"height\":768},{\"@type\":\"BreadcrumbList\",\"@id\":\"https:\/\/www.fiemg.com.br\/regional-pontal-do-triangulo\/noticias\/pedro-spina-presidente-em-exercicio-da-fiemg-participa-do-premio-cidades-excelentes\/#breadcrumb\",\"itemListElement\":[{\"@type\":\"ListItem\",\"position\":1,\"name\":\"In\u00edcio\",\"item\":\"https:\/\/www.fiemg.com.br\/regional-pontal-do-triangulo\/\"},{\"@type\":\"ListItem\",\"position\":2,\"name\":\"Pedro Spina, presidente em exerc\u00edcio da FIEMG, participa do Pr\u00eamio Cidades Excelentes\"}]},{\"@type\":\"WebSite\",\"@id\":\"https:\/\/www.fiemg.com.br\/regional-pontal-do-triangulo\/#website\",\"url\":\"https:\/\/www.fiemg.com.br\/regional-pontal-do-triangulo\/\",\"name\":\"Regional Pontal do Triangulo\",\"description\":\"Federa\u00e7\u00e3o das Ind\u00fastrias do Estado de Minas Gerais\",\"publisher\":{\"@id\":\"https:\/\/www.fiemg.com.br\/regional-pontal-do-triangulo\/#organization\"},\"potentialAction\":[{\"@type\":\"SearchAction\",\"target\":{\"@type\":\"EntryPoint\",\"urlTemplate\":\"https:\/\/www.fiemg.com.br\/regional-pontal-do-triangulo\/?s={search_term_string}\"},\"query-input\":{\"@type\":\"PropertyValueSpecification\",\"valueRequired\":true,\"valueName\":\"search_term_string\"}}],\"inLanguage\":\"pt-BR\"},{\"@type\":\"Organization\",\"@id\":\"https:\/\/www.fiemg.com.br\/regional-pontal-do-triangulo\/#organization\",\"name\":\"Regional Pontal do Triangulo\",\"url\":\"https:\/\/www.fiemg.com.br\/regional-pontal-do-triangulo\/\",\"logo\":{\"@type\":\"ImageObject\",\"inLanguage\":\"pt-BR\",\"@id\":\"https:\/\/www.fiemg.com.br\/regional-pontal-do-triangulo\/#\/schema\/logo\/image\/\",\"url\":\"https:\/\/www.fiemg.com.br\/regional-pontal-do-triangulo\/wp-content\/uploads\/sites\/18\/2023\/02\/Ativo-1.png\",\"contentUrl\":\"https:\/\/www.fiemg.com.br\/regional-pontal-do-triangulo\/wp-content\/uploads\/sites\/18\/2023\/02\/Ativo-1.png\",\"width\":563,\"height\":149,\"caption\":\"Regional Pontal do Triangulo\"},\"image\":{\"@id\":\"https:\/\/www.fiemg.com.br\/regional-pontal-do-triangulo\/#\/schema\/logo\/image\/\"}}]}<\/script>\n<!-- \/ Yoast SEO plugin. -->","yoast_head_json":{"title":"Pedro Spina, presidente em exerc\u00edcio da FIEMG, participa do Pr\u00eamio Cidades Excelentes - Regional Pontal do Triangulo","description":"Objetivo da premia\u00e7\u00e3o foi reconhecer,\u00a0 dentre os 853 munic\u00edpios mineiros, aqueles que se destacaram neste ano de 2023","robots":{"index":"index","follow":"follow","max-snippet":"max-snippet:-1","max-image-preview":"max-image-preview:large","max-video-preview":"max-video-preview:-1"},"canonical":"https:\/\/www.fiemg.com.br\/regional-pontal-do-triangulo\/noticias\/pedro-spina-presidente-em-exercicio-da-fiemg-participa-do-premio-cidades-excelentes\/","og_locale":"pt_BR","og_type":"article","og_title":"Pedro Spina, presidente em exerc\u00edcio da FIEMG, participa do Pr\u00eamio Cidades Excelentes - Regional Pontal do Triangulo","og_description":"Objetivo da premia\u00e7\u00e3o foi reconhecer,\u00a0 dentre os 853 munic\u00edpios mineiros, aqueles que se destacaram neste ano de 2023","og_url":"https:\/\/www.fiemg.com.br\/regional-pontal-do-triangulo\/noticias\/pedro-spina-presidente-em-exercicio-da-fiemg-participa-do-premio-cidades-excelentes\/","og_site_name":"Regional Pontal do Triangulo","article_modified_time":"2023-11-10T14:37:38+00:00","og_image":[{"width":1024,"height":768,"url":"https:\/\/www.fiemg.com.br\/regional-pontal-do-triangulo\/wp-content\/uploads\/sites\/18\/2023\/11\/ca48a28d-927e-45ac-86b2-17d2e64749b4.jpeg","type":"image\/jpeg"}],"twitter_card":"summary_large_image","twitter_misc":{"Est. tempo de leitura":"2 minutos"},"schema":{"@context":"https:\/\/schema.org","@graph":[{"@type":"WebPage","@id":"https:\/\/www.fiemg.com.br\/regional-pontal-do-triangulo\/noticias\/pedro-spina-presidente-em-exercicio-da-fiemg-participa-do-premio-cidades-excelentes\/","url":"https:\/\/www.fiemg.com.br\/regional-pontal-do-triangulo\/noticias\/pedro-spina-presidente-em-exercicio-da-fiemg-participa-do-premio-cidades-excelentes\/","name":"Pedro Spina, presidente em exerc\u00edcio da FIEMG, participa do Pr\u00eamio Cidades Excelentes - Regional Pontal do Triangulo","isPartOf":{"@id":"https:\/\/www.fiemg.com.br\/regional-pontal-do-triangulo\/#website"},"primaryImageOfPage":{"@id":"https:\/\/www.fiemg.com.br\/regional-pontal-do-triangulo\/noticias\/pedro-spina-presidente-em-exercicio-da-fiemg-participa-do-premio-cidades-excelentes\/#primaryimage"},"image":{"@id":"https:\/\/www.fiemg.com.br\/regional-pontal-do-triangulo\/noticias\/pedro-spina-presidente-em-exercicio-da-fiemg-participa-do-premio-cidades-excelentes\/#primaryimage"},"thumbnailUrl":"https:\/\/www.fiemg.com.br\/regional-pontal-do-triangulo\/wp-content\/uploads\/sites\/18\/2023\/11\/ca48a28d-927e-45ac-86b2-17d2e64749b4.jpeg","datePublished":"2023-11-10T13:42:35+00:00","dateModified":"2023-11-10T14:37:38+00:00","description":"Objetivo da premia\u00e7\u00e3o foi reconhecer,\u00a0 dentre os 853 munic\u00edpios mineiros, aqueles que se destacaram neste ano de 2023","breadcrumb":{"@id":"https:\/\/www.fiemg.com.br\/regional-pontal-do-triangulo\/noticias\/pedro-spina-presidente-em-exercicio-da-fiemg-participa-do-premio-cidades-excelentes\/#breadcrumb"},"inLanguage":"pt-BR","potentialAction":[{"@type":"ReadAction","target":["https:\/\/www.fiemg.com.br\/regional-pontal-do-triangulo\/noticias\/pedro-spina-presidente-em-exercicio-da-fiemg-participa-do-premio-cidades-excelentes\/"]}]},{"@type":"ImageObject","inLanguage":"pt-BR","@id":"https:\/\/www.fiemg.com.br\/regional-pontal-do-triangulo\/noticias\/pedro-spina-presidente-em-exercicio-da-fiemg-participa-do-premio-cidades-excelentes\/#primaryimage","url":"https:\/\/www.fiemg.com.br\/regional-pontal-do-triangulo\/wp-content\/uploads\/sites\/18\/2023\/11\/ca48a28d-927e-45ac-86b2-17d2e64749b4.jpeg","contentUrl":"https:\/\/www.fiemg.com.br\/regional-pontal-do-triangulo\/wp-content\/uploads\/sites\/18\/2023\/11\/ca48a28d-927e-45ac-86b2-17d2e64749b4.jpeg","width":1024,"height":768},{"@type":"BreadcrumbList","@id":"https:\/\/www.fiemg.com.br\/regional-pontal-do-triangulo\/noticias\/pedro-spina-presidente-em-exercicio-da-fiemg-participa-do-premio-cidades-excelentes\/#breadcrumb","itemListElement":[{"@type":"ListItem","position":1,"name":"In\u00edcio","item":"https:\/\/www.fiemg.com.br\/regional-pontal-do-triangulo\/"},{"@type":"ListItem","position":2,"name":"Pedro Spina, presidente em exerc\u00edcio da FIEMG, participa do Pr\u00eamio Cidades Excelentes"}]},{"@type":"WebSite","@id":"https:\/\/www.fiemg.com.br\/regional-pontal-do-triangulo\/#website","url":"https:\/\/www.fiemg.com.br\/regional-pontal-do-triangulo\/","name":"Regional Pontal do Triangulo","description":"Federa\u00e7\u00e3o das Ind\u00fastrias do Estado de Minas Gerais","publisher":{"@id":"https:\/\/www.fiemg.com.br\/regional-pontal-do-triangulo\/#organization"},"potentialAction":[{"@type":"SearchAction","target":{"@type":"EntryPoint","urlTemplate":"https:\/\/www.fiemg.com.br\/regional-pontal-do-triangulo\/?s={search_term_string}"},"query-input":{"@type":"PropertyValueSpecification","valueRequired":true,"valueName":"search_term_string"}}],"inLanguage":"pt-BR"},{"@type":"Organization","@id":"https:\/\/www.fiemg.com.br\/regional-pontal-do-triangulo\/#organization","name":"Regional Pontal do Triangulo","url":"https:\/\/www.fiemg.com.br\/regional-pontal-do-triangulo\/","logo":{"@type":"ImageObject","inLanguage":"pt-BR","@id":"https:\/\/www.fiemg.com.br\/regional-pontal-do-triangulo\/#\/schema\/logo\/image\/","url":"https:\/\/www.fiemg.com.br\/regional-pontal-do-triangulo\/wp-content\/uploads\/sites\/18\/2023\/02\/Ativo-1.png","contentUrl":"https:\/\/www.fiemg.com.br\/regional-pontal-do-triangulo\/wp-content\/uploads\/sites\/18\/2023\/02\/Ativo-1.png","width":563,"height":149,"caption":"Regional Pontal do Triangulo"},"image":{"@id":"https:\/\/www.fiemg.com.br\/regional-pontal-do-triangulo\/#\/schema\/logo\/image\/"}}]}},"_links":{"self":[{"href":"https:\/\/www.fiemg.com.br\/regional-pontal-do-triangulo\/wp-json\/wp\/v2\/noticias\/1591","targetHints":{"allow":["GET"]}}],"collection":[{"href":"https:\/\/www.fiemg.com.br\/regional-pontal-do-triangulo\/wp-json\/wp\/v2\/noticias"}],"about":[{"href":"https:\/\/www.fiemg.com.br\/regional-pontal-do-triangulo\/wp-json\/wp\/v2\/types\/noticias"}],"wp:featuredmedia":[{"embeddable":true,"href":"https:\/\/www.fiemg.com.br\/regional-pontal-do-triangulo\/wp-json\/wp\/v2\/media\/1594"}],"wp:attachment":[{"href":"https:\/\/www.fiemg.com.br\/regional-pontal-do-triangulo\/wp-json\/wp\/v2\/media?parent=1591"}],"wp:term":[{"taxonomy":"category","embeddable":true,"href":"https:\/\/www.fiemg.com.br\/regional-pontal-do-triangulo\/wp-json\/wp\/v2\/categories?post=1591"},{"taxonomy":"post_tag","embeddable":true,"href":"https:\/\/www.fiemg.com.br\/regional-pontal-do-triangulo\/wp-json\/wp\/v2\/tags?post=1591"}],"curies":[{"name":"wp","href":"https:\/\/api.w.org\/{rel}","templated":true}]}}