{"id":1614,"date":"2023-12-19T10:37:34","date_gmt":"2023-12-19T13:37:34","guid":{"rendered":"https:\/\/www.fiemg.com.br\/regional-pontal-do-triangulo\/?post_type=noticias&#038;p=1614"},"modified":"2023-12-19T10:55:35","modified_gmt":"2023-12-19T13:55:35","slug":"fiemg-regional-pontal-do-triangulo-sincotap-e-sinpama-promoveram-confraternizacao-de-final-de-ano","status":"publish","type":"noticias","link":"https:\/\/www.fiemg.com.br\/regional-pontal-do-triangulo\/noticias\/fiemg-regional-pontal-do-triangulo-sincotap-e-sinpama-promoveram-confraternizacao-de-final-de-ano\/","title":{"rendered":"FIEMG Regional Pontal do Tri\u00e2ngulo, Sincotap e Sinpama promoveram confraterniza\u00e7\u00e3o de final de ano"},"content":{"rendered":"\n<p>Encontro refor\u00e7ou os la\u00e7os fundamentais que fortalecem os setores produtivos da regi\u00e3o Pontal do Tri\u00e2ngulo.<br>O evento reuniu Diretoria dos Sindicatos patronais filiados a FIEMG em uma atmosfera festiva e parcerias que marcaram o ano de 2023.<\/p>\n\n\n\n<p>Para Ivan Abr\u00e3o Filho, presidente do Sindicato das Ind\u00fastrias de Cer\u00e2mica e Olaria da Regi\u00e3o Pontal e Alto Parana\u00edba &#8211; Sincotap, o ano de 2023 foi muito produtivo para o setor cer\u00e2mico e dentre as inova\u00e7\u00f5es tecnol\u00f3gicas estamos submetendo um projeto de exporta\u00e7\u00e3o de telhas para os EUA e M\u00e9xico. O Sincotap recentemente  foi reconhecido como destaque sindical em 2023 pelo Desenvolvimento Sindical da FIEMG  pela realiza\u00e7\u00e3o de uma miss\u00e3o t\u00e9cnica em parceria com o SEBRAE e FIEMG Competitiva.                            <\/p>\n\n\n\n<p>O presidente da FIEMG Regional Pontal e do Sinpama, Roberto Revelino ressaltou a import\u00e2ncia das entidades para o crescimento das ind\u00fastrias da regi\u00e3o e agradeceu a todos pela parceria, colabora\u00e7\u00e3o, dedica\u00e7\u00e3o. \u201cMais um ano de conquistas, fortalecimento das ind\u00fastrias, a uni\u00e3o de esfor\u00e7os e o comprometimento de cada diretor e associado foram fundamentais para consolidar o papel atuante dos sindicatos para a competitividade das ind\u00fastrias da regi\u00e3o\u201d. E ainda desejou a todos um Feliz Natal e um 2024 repleto de grandes conquistas e realiza\u00e7\u00f5es. <\/p>\n\n\n\n<p><\/p>\n\n\n\n<p><\/p>\n","protected":false},"featured_media":1617,"template":"","categories":[14],"tags":[],"class_list":["post-1614","noticias","type-noticias","status-publish","has-post-thumbnail","hentry","category-noticias"],"acf":[],"yoast_head":"<!-- This site is optimized with the Yoast SEO plugin v26.2 - https:\/\/yoast.com\/wordpress\/plugins\/seo\/ -->\n<title>FIEMG Regional Pontal do Tri\u00e2ngulo, Sincotap e Sinpama promoveram confraterniza\u00e7\u00e3o de final de ano - Regional Pontal do Triangulo<\/title>\n<meta name=\"robots\" content=\"index, follow, max-snippet:-1, max-image-preview:large, max-video-preview:-1\" \/>\n<link rel=\"canonical\" href=\"https:\/\/www.fiemg.com.br\/regional-pontal-do-triangulo\/noticias\/fiemg-regional-pontal-do-triangulo-sincotap-e-sinpama-promoveram-confraternizacao-de-final-de-ano\/\" \/>\n<meta property=\"og:locale\" content=\"pt_BR\" \/>\n<meta property=\"og:type\" content=\"article\" \/>\n<meta property=\"og:title\" content=\"FIEMG Regional Pontal do Tri\u00e2ngulo, Sincotap e Sinpama promoveram confraterniza\u00e7\u00e3o de final de ano - Regional Pontal do Triangulo\" \/>\n<meta property=\"og:description\" content=\"Encontro refor\u00e7ou os la\u00e7os fundamentais que fortalecem os setores produtivos da regi\u00e3o Pontal do Tri\u00e2ngulo.O evento reuniu Diretoria dos Sindicatos patronais filiados a FIEMG em uma atmosfera festiva e parcerias que marcaram o ano de 2023. Para Ivan Abr\u00e3o Filho, presidente do Sindicato das Ind\u00fastrias de Cer\u00e2mica e Olaria da Regi\u00e3o Pontal e Alto Parana\u00edba [&hellip;]\" \/>\n<meta property=\"og:url\" content=\"https:\/\/www.fiemg.com.br\/regional-pontal-do-triangulo\/noticias\/fiemg-regional-pontal-do-triangulo-sincotap-e-sinpama-promoveram-confraternizacao-de-final-de-ano\/\" \/>\n<meta property=\"og:site_name\" content=\"Regional Pontal do Triangulo\" \/>\n<meta property=\"article:modified_time\" content=\"2023-12-19T13:55:35+00:00\" \/>\n<meta property=\"og:image\" content=\"https:\/\/www.fiemg.com.br\/regional-pontal-do-triangulo\/wp-content\/uploads\/sites\/18\/2023\/12\/PUBLICO-CONFRATERNIZACAO.jpg\" \/>\n\t<meta property=\"og:image:width\" content=\"1364\" \/>\n\t<meta property=\"og:image:height\" content=\"1167\" \/>\n\t<meta property=\"og:image:type\" content=\"image\/jpeg\" \/>\n<meta name=\"twitter:card\" content=\"summary_large_image\" \/>\n<meta name=\"twitter:label1\" content=\"Est. tempo de leitura\" \/>\n\t<meta name=\"twitter:data1\" content=\"2 minutos\" \/>\n<script type=\"application\/ld+json\" class=\"yoast-schema-graph\">{\"@context\":\"https:\/\/schema.org\",\"@graph\":[{\"@type\":\"WebPage\",\"@id\":\"https:\/\/www.fiemg.com.br\/regional-pontal-do-triangulo\/noticias\/fiemg-regional-pontal-do-triangulo-sincotap-e-sinpama-promoveram-confraternizacao-de-final-de-ano\/\",\"url\":\"https:\/\/www.fiemg.com.br\/regional-pontal-do-triangulo\/noticias\/fiemg-regional-pontal-do-triangulo-sincotap-e-sinpama-promoveram-confraternizacao-de-final-de-ano\/\",\"name\":\"FIEMG Regional Pontal do Tri\u00e2ngulo, Sincotap e Sinpama promoveram confraterniza\u00e7\u00e3o de final de ano - Regional Pontal do Triangulo\",\"isPartOf\":{\"@id\":\"https:\/\/www.fiemg.com.br\/regional-pontal-do-triangulo\/#website\"},\"primaryImageOfPage\":{\"@id\":\"https:\/\/www.fiemg.com.br\/regional-pontal-do-triangulo\/noticias\/fiemg-regional-pontal-do-triangulo-sincotap-e-sinpama-promoveram-confraternizacao-de-final-de-ano\/#primaryimage\"},\"image\":{\"@id\":\"https:\/\/www.fiemg.com.br\/regional-pontal-do-triangulo\/noticias\/fiemg-regional-pontal-do-triangulo-sincotap-e-sinpama-promoveram-confraternizacao-de-final-de-ano\/#primaryimage\"},\"thumbnailUrl\":\"https:\/\/www.fiemg.com.br\/regional-pontal-do-triangulo\/wp-content\/uploads\/sites\/18\/2023\/12\/PUBLICO-CONFRATERNIZACAO.jpg\",\"datePublished\":\"2023-12-19T13:37:34+00:00\",\"dateModified\":\"2023-12-19T13:55:35+00:00\",\"breadcrumb\":{\"@id\":\"https:\/\/www.fiemg.com.br\/regional-pontal-do-triangulo\/noticias\/fiemg-regional-pontal-do-triangulo-sincotap-e-sinpama-promoveram-confraternizacao-de-final-de-ano\/#breadcrumb\"},\"inLanguage\":\"pt-BR\",\"potentialAction\":[{\"@type\":\"ReadAction\",\"target\":[\"https:\/\/www.fiemg.com.br\/regional-pontal-do-triangulo\/noticias\/fiemg-regional-pontal-do-triangulo-sincotap-e-sinpama-promoveram-confraternizacao-de-final-de-ano\/\"]}]},{\"@type\":\"ImageObject\",\"inLanguage\":\"pt-BR\",\"@id\":\"https:\/\/www.fiemg.com.br\/regional-pontal-do-triangulo\/noticias\/fiemg-regional-pontal-do-triangulo-sincotap-e-sinpama-promoveram-confraternizacao-de-final-de-ano\/#primaryimage\",\"url\":\"https:\/\/www.fiemg.com.br\/regional-pontal-do-triangulo\/wp-content\/uploads\/sites\/18\/2023\/12\/PUBLICO-CONFRATERNIZACAO.jpg\",\"contentUrl\":\"https:\/\/www.fiemg.com.br\/regional-pontal-do-triangulo\/wp-content\/uploads\/sites\/18\/2023\/12\/PUBLICO-CONFRATERNIZACAO.jpg\",\"width\":1364,\"height\":1167,\"caption\":\"PUBLICO CONFRATERNIZA\u00c7\u00c3O\"},{\"@type\":\"BreadcrumbList\",\"@id\":\"https:\/\/www.fiemg.com.br\/regional-pontal-do-triangulo\/noticias\/fiemg-regional-pontal-do-triangulo-sincotap-e-sinpama-promoveram-confraternizacao-de-final-de-ano\/#breadcrumb\",\"itemListElement\":[{\"@type\":\"ListItem\",\"position\":1,\"name\":\"In\u00edcio\",\"item\":\"https:\/\/www.fiemg.com.br\/regional-pontal-do-triangulo\/\"},{\"@type\":\"ListItem\",\"position\":2,\"name\":\"FIEMG Regional Pontal do Tri\u00e2ngulo, Sincotap e Sinpama promoveram confraterniza\u00e7\u00e3o de final de ano\"}]},{\"@type\":\"WebSite\",\"@id\":\"https:\/\/www.fiemg.com.br\/regional-pontal-do-triangulo\/#website\",\"url\":\"https:\/\/www.fiemg.com.br\/regional-pontal-do-triangulo\/\",\"name\":\"Regional Pontal do Triangulo\",\"description\":\"Federa\u00e7\u00e3o das Ind\u00fastrias do Estado de Minas Gerais\",\"publisher\":{\"@id\":\"https:\/\/www.fiemg.com.br\/regional-pontal-do-triangulo\/#organization\"},\"potentialAction\":[{\"@type\":\"SearchAction\",\"target\":{\"@type\":\"EntryPoint\",\"urlTemplate\":\"https:\/\/www.fiemg.com.br\/regional-pontal-do-triangulo\/?s={search_term_string}\"},\"query-input\":{\"@type\":\"PropertyValueSpecification\",\"valueRequired\":true,\"valueName\":\"search_term_string\"}}],\"inLanguage\":\"pt-BR\"},{\"@type\":\"Organization\",\"@id\":\"https:\/\/www.fiemg.com.br\/regional-pontal-do-triangulo\/#organization\",\"name\":\"Regional Pontal do Triangulo\",\"url\":\"https:\/\/www.fiemg.com.br\/regional-pontal-do-triangulo\/\",\"logo\":{\"@type\":\"ImageObject\",\"inLanguage\":\"pt-BR\",\"@id\":\"https:\/\/www.fiemg.com.br\/regional-pontal-do-triangulo\/#\/schema\/logo\/image\/\",\"url\":\"https:\/\/www.fiemg.com.br\/regional-pontal-do-triangulo\/wp-content\/uploads\/sites\/18\/2023\/02\/Ativo-1.png\",\"contentUrl\":\"https:\/\/www.fiemg.com.br\/regional-pontal-do-triangulo\/wp-content\/uploads\/sites\/18\/2023\/02\/Ativo-1.png\",\"width\":563,\"height\":149,\"caption\":\"Regional Pontal do Triangulo\"},\"image\":{\"@id\":\"https:\/\/www.fiemg.com.br\/regional-pontal-do-triangulo\/#\/schema\/logo\/image\/\"}}]}<\/script>\n<!-- \/ Yoast SEO plugin. -->","yoast_head_json":{"title":"FIEMG Regional Pontal do Tri\u00e2ngulo, Sincotap e Sinpama promoveram confraterniza\u00e7\u00e3o de final de ano - Regional Pontal do Triangulo","robots":{"index":"index","follow":"follow","max-snippet":"max-snippet:-1","max-image-preview":"max-image-preview:large","max-video-preview":"max-video-preview:-1"},"canonical":"https:\/\/www.fiemg.com.br\/regional-pontal-do-triangulo\/noticias\/fiemg-regional-pontal-do-triangulo-sincotap-e-sinpama-promoveram-confraternizacao-de-final-de-ano\/","og_locale":"pt_BR","og_type":"article","og_title":"FIEMG Regional Pontal do Tri\u00e2ngulo, Sincotap e Sinpama promoveram confraterniza\u00e7\u00e3o de final de ano - Regional Pontal do Triangulo","og_description":"Encontro refor\u00e7ou os la\u00e7os fundamentais que fortalecem os setores produtivos da regi\u00e3o Pontal do Tri\u00e2ngulo.O evento reuniu Diretoria dos Sindicatos patronais filiados a FIEMG em uma atmosfera festiva e parcerias que marcaram o ano de 2023. Para Ivan Abr\u00e3o Filho, presidente do Sindicato das Ind\u00fastrias de Cer\u00e2mica e Olaria da Regi\u00e3o Pontal e Alto Parana\u00edba [&hellip;]","og_url":"https:\/\/www.fiemg.com.br\/regional-pontal-do-triangulo\/noticias\/fiemg-regional-pontal-do-triangulo-sincotap-e-sinpama-promoveram-confraternizacao-de-final-de-ano\/","og_site_name":"Regional Pontal do Triangulo","article_modified_time":"2023-12-19T13:55:35+00:00","og_image":[{"width":1364,"height":1167,"url":"https:\/\/www.fiemg.com.br\/regional-pontal-do-triangulo\/wp-content\/uploads\/sites\/18\/2023\/12\/PUBLICO-CONFRATERNIZACAO.jpg","type":"image\/jpeg"}],"twitter_card":"summary_large_image","twitter_misc":{"Est. tempo de leitura":"2 minutos"},"schema":{"@context":"https:\/\/schema.org","@graph":[{"@type":"WebPage","@id":"https:\/\/www.fiemg.com.br\/regional-pontal-do-triangulo\/noticias\/fiemg-regional-pontal-do-triangulo-sincotap-e-sinpama-promoveram-confraternizacao-de-final-de-ano\/","url":"https:\/\/www.fiemg.com.br\/regional-pontal-do-triangulo\/noticias\/fiemg-regional-pontal-do-triangulo-sincotap-e-sinpama-promoveram-confraternizacao-de-final-de-ano\/","name":"FIEMG Regional Pontal do Tri\u00e2ngulo, Sincotap e Sinpama promoveram confraterniza\u00e7\u00e3o de final de ano - Regional Pontal do Triangulo","isPartOf":{"@id":"https:\/\/www.fiemg.com.br\/regional-pontal-do-triangulo\/#website"},"primaryImageOfPage":{"@id":"https:\/\/www.fiemg.com.br\/regional-pontal-do-triangulo\/noticias\/fiemg-regional-pontal-do-triangulo-sincotap-e-sinpama-promoveram-confraternizacao-de-final-de-ano\/#primaryimage"},"image":{"@id":"https:\/\/www.fiemg.com.br\/regional-pontal-do-triangulo\/noticias\/fiemg-regional-pontal-do-triangulo-sincotap-e-sinpama-promoveram-confraternizacao-de-final-de-ano\/#primaryimage"},"thumbnailUrl":"https:\/\/www.fiemg.com.br\/regional-pontal-do-triangulo\/wp-content\/uploads\/sites\/18\/2023\/12\/PUBLICO-CONFRATERNIZACAO.jpg","datePublished":"2023-12-19T13:37:34+00:00","dateModified":"2023-12-19T13:55:35+00:00","breadcrumb":{"@id":"https:\/\/www.fiemg.com.br\/regional-pontal-do-triangulo\/noticias\/fiemg-regional-pontal-do-triangulo-sincotap-e-sinpama-promoveram-confraternizacao-de-final-de-ano\/#breadcrumb"},"inLanguage":"pt-BR","potentialAction":[{"@type":"ReadAction","target":["https:\/\/www.fiemg.com.br\/regional-pontal-do-triangulo\/noticias\/fiemg-regional-pontal-do-triangulo-sincotap-e-sinpama-promoveram-confraternizacao-de-final-de-ano\/"]}]},{"@type":"ImageObject","inLanguage":"pt-BR","@id":"https:\/\/www.fiemg.com.br\/regional-pontal-do-triangulo\/noticias\/fiemg-regional-pontal-do-triangulo-sincotap-e-sinpama-promoveram-confraternizacao-de-final-de-ano\/#primaryimage","url":"https:\/\/www.fiemg.com.br\/regional-pontal-do-triangulo\/wp-content\/uploads\/sites\/18\/2023\/12\/PUBLICO-CONFRATERNIZACAO.jpg","contentUrl":"https:\/\/www.fiemg.com.br\/regional-pontal-do-triangulo\/wp-content\/uploads\/sites\/18\/2023\/12\/PUBLICO-CONFRATERNIZACAO.jpg","width":1364,"height":1167,"caption":"PUBLICO CONFRATERNIZA\u00c7\u00c3O"},{"@type":"BreadcrumbList","@id":"https:\/\/www.fiemg.com.br\/regional-pontal-do-triangulo\/noticias\/fiemg-regional-pontal-do-triangulo-sincotap-e-sinpama-promoveram-confraternizacao-de-final-de-ano\/#breadcrumb","itemListElement":[{"@type":"ListItem","position":1,"name":"In\u00edcio","item":"https:\/\/www.fiemg.com.br\/regional-pontal-do-triangulo\/"},{"@type":"ListItem","position":2,"name":"FIEMG Regional Pontal do Tri\u00e2ngulo, Sincotap e Sinpama promoveram confraterniza\u00e7\u00e3o de final de ano"}]},{"@type":"WebSite","@id":"https:\/\/www.fiemg.com.br\/regional-pontal-do-triangulo\/#website","url":"https:\/\/www.fiemg.com.br\/regional-pontal-do-triangulo\/","name":"Regional Pontal do Triangulo","description":"Federa\u00e7\u00e3o das Ind\u00fastrias do Estado de Minas Gerais","publisher":{"@id":"https:\/\/www.fiemg.com.br\/regional-pontal-do-triangulo\/#organization"},"potentialAction":[{"@type":"SearchAction","target":{"@type":"EntryPoint","urlTemplate":"https:\/\/www.fiemg.com.br\/regional-pontal-do-triangulo\/?s={search_term_string}"},"query-input":{"@type":"PropertyValueSpecification","valueRequired":true,"valueName":"search_term_string"}}],"inLanguage":"pt-BR"},{"@type":"Organization","@id":"https:\/\/www.fiemg.com.br\/regional-pontal-do-triangulo\/#organization","name":"Regional Pontal do Triangulo","url":"https:\/\/www.fiemg.com.br\/regional-pontal-do-triangulo\/","logo":{"@type":"ImageObject","inLanguage":"pt-BR","@id":"https:\/\/www.fiemg.com.br\/regional-pontal-do-triangulo\/#\/schema\/logo\/image\/","url":"https:\/\/www.fiemg.com.br\/regional-pontal-do-triangulo\/wp-content\/uploads\/sites\/18\/2023\/02\/Ativo-1.png","contentUrl":"https:\/\/www.fiemg.com.br\/regional-pontal-do-triangulo\/wp-content\/uploads\/sites\/18\/2023\/02\/Ativo-1.png","width":563,"height":149,"caption":"Regional Pontal do Triangulo"},"image":{"@id":"https:\/\/www.fiemg.com.br\/regional-pontal-do-triangulo\/#\/schema\/logo\/image\/"}}]}},"_links":{"self":[{"href":"https:\/\/www.fiemg.com.br\/regional-pontal-do-triangulo\/wp-json\/wp\/v2\/noticias\/1614","targetHints":{"allow":["GET"]}}],"collection":[{"href":"https:\/\/www.fiemg.com.br\/regional-pontal-do-triangulo\/wp-json\/wp\/v2\/noticias"}],"about":[{"href":"https:\/\/www.fiemg.com.br\/regional-pontal-do-triangulo\/wp-json\/wp\/v2\/types\/noticias"}],"wp:featuredmedia":[{"embeddable":true,"href":"https:\/\/www.fiemg.com.br\/regional-pontal-do-triangulo\/wp-json\/wp\/v2\/media\/1617"}],"wp:attachment":[{"href":"https:\/\/www.fiemg.com.br\/regional-pontal-do-triangulo\/wp-json\/wp\/v2\/media?parent=1614"}],"wp:term":[{"taxonomy":"category","embeddable":true,"href":"https:\/\/www.fiemg.com.br\/regional-pontal-do-triangulo\/wp-json\/wp\/v2\/categories?post=1614"},{"taxonomy":"post_tag","embeddable":true,"href":"https:\/\/www.fiemg.com.br\/regional-pontal-do-triangulo\/wp-json\/wp\/v2\/tags?post=1614"}],"curies":[{"name":"wp","href":"https:\/\/api.w.org\/{rel}","templated":true}]}}