{"id":1715,"date":"2024-05-28T17:19:03","date_gmt":"2024-05-28T20:19:03","guid":{"rendered":"https:\/\/www.fiemg.com.br\/regional-pontal-do-triangulo\/?post_type=noticias&#038;p=1715"},"modified":"2024-05-28T18:24:54","modified_gmt":"2024-05-28T21:24:54","slug":"thiago-jorge-florentino-foi-homenageado-pela-fiemg-com-o-merito-industrial-2024-em-comemoracao-ao-dia-da-industria-2024","status":"publish","type":"noticias","link":"https:\/\/www.fiemg.com.br\/regional-pontal-do-triangulo\/noticias\/thiago-jorge-florentino-foi-homenageado-pela-fiemg-com-o-merito-industrial-2024-em-comemoracao-ao-dia-da-industria-2024\/","title":{"rendered":"Thiago Jorge Florentino foi homenageado pela FIEMG com o M\u00e9rito Industrial 2024, em comemora\u00e7\u00e3o ao Dia da Ind\u00fastria 2024"},"content":{"rendered":"\n<p>Uma noite para celebrar a ind\u00fastria, homenagear quem inspira e contribui para o desenvolvimento de Minas Gerais<\/p>\n\n\n\n<p><br>A FIEMG realizou em Belo Horizonte, 23 de maio, no Minascentro, o Dia da Ind\u00fastria, uma cerim\u00f4nia dedicada a reconhecer os industriais que se destacam em nosso estado pelo seu pioneirismo, lideran\u00e7a, empreendedorismo e que transforma o futuro. A cerim\u00f4nia teve como tema \u201dAtitudes que inspiram Transforma\u00e7\u00e3o. A\u00e7\u00f5es que impactam o futuro\u201d.<\/p>\n\n\n\n<p>Por indica\u00e7\u00e3o da <a href=\"https:\/\/www.instagram.com\/sesisenaifiemgitba\/\">FIEMG Regional Pontal do Tri\u00e2ngulo<\/a> e pelos sindicatos patronais SINPAMA e SINCOTAP, o homenageado com o pr\u00eamio M\u00e9rito Industrial 2024 da regi\u00e3o Pontal, foi o empres\u00e1rio Thiago Jorge Florentino, que atua junto com o seu pai, Nivaldo Gomes Florentino a frente das empresas Rural Pec e Florentino &amp; Cia Ltda.&nbsp;<\/p>\n\n\n\n<p>Para prestigiar o homenageado estavam presentes no evento o presidente da FIEMG Regional Pontal do Tri\u00e2ngulo e Sinpama, Roberto Revelino Silva, O vice-presidente do Sincotap, M\u00e1rio Yunes Jacob Jr, o diretor da MBA Construtora Clayton Pires, al\u00e9m de sua esposa Ana Claudia Cancella Pinheiro Marchiori e seu filho.&nbsp;<\/p>\n\n\n\n<p><a href=\"https:\/\/www.instagram.com\/roscoe.flavio\/\">Fl\u00e1vio Roscoe<\/a>, presidente da <a href=\"https:\/\/www.fiemg.com.br\/\">Federa\u00e7\u00e3o das Ind\u00fastrias do Estado de Minas Gerais<\/a>, destacou a import\u00e2ncia das ind\u00fastrias para o fortalecimento econ\u00f4mico e social do Estado. Ap\u00f3s parabenizar os homenageados, ele tamb\u00e9m celebrou os resultados alcan\u00e7ados pela Federa\u00e7\u00e3o desde 2018, com foco no associativismo e na gera\u00e7\u00e3o de empregos e amplia\u00e7\u00e3o das unidades SESI e SENAI.<\/p>\n\n\n\n<p>\u201cEu e todos de nossa empresa estamos muito honrados em termos nosso nome indicado pela Regional Pontal e pelos sindicatos Sinpama e Sincotap para receber o pr\u00eamio M\u00e9rito Industrial 2024, mais honrados ainda, sermos acolhidos e aprovados pela Comiss\u00e3o do M\u00e9rito Industrial e pela Diretoria Executiva da FIEMG em Belo Horizonte, presidido pelo presidente Fl\u00e1vio Roscoe, este que, transformou a FIEMG hoje na mais pujante e ativa entidade empresarial do pa\u00eds, modelo de gest\u00e3o e efici\u00eancia na aplica\u00e7\u00e3o dos recursos e em todas as a\u00e7\u00f5es em prol do desenvolvimento dos setores produtivos de todo o estado de Minas Gerais\u201d, expressou o homenageado, Thiago Jorge Florentino.<\/p>\n\n\n\n<p>No evento os Professores e alunos do SESI e do SENAI que se destacaram ao longo dos \u00faltimos meses tamb\u00e9m foram agraciados na categoria \u2018\u2019Portadores de Futuro\u2019\u2019, e um grupo de colaboradores da ind\u00fastria foi homenageado com a medalha \u2018\u2019M\u00e9rito da Trabalhador\u2019\u2019.<\/p>\n\n\n\n<p>O <a href=\"https:\/\/www.mg.gov.br\/vicegovernadoratual\">vice-governador de Minas Gerais<\/a>, Professor Mateus Sim\u00f5es, ressaltou atua\u00e7\u00e3o da FIEMG \u2018\u2019a favor de toda a sociedade mineira.\u2019\u2019 Ele afirmou que, por meio de parcerias entre os poderes p\u00fablico e privado, Minas Gerais alcan\u00e7ou o menor \u00edndice de desemprego de toda a sua hist\u00f3ria.<\/p>\n\n\n\n<p><br><strong>Dia da Ind\u00fastria<\/strong>&nbsp;\u2013 A data foi institu\u00edda pelo presidente Juscelino Kubitschek, em 1957, por meio do Decreto n\u00ba 43.769. No mesmo ano, a CNI criou a Medalha do M\u00e9rito Industrial, para homenagear industriais de destaque na cena nacional. A medalha n\u00ba 1 foi entregue ao Presidente JK, pelo industrial L\u00eddio Lunardi, ent\u00e3o presidente da Confedera\u00e7\u00e3o e da FIEMG.&nbsp;<br><\/p>\n","protected":false},"featured_media":1718,"template":"","categories":[13,14],"tags":[121,69,82,123,122],"class_list":["post-1715","noticias","type-noticias","status-publish","has-post-thumbnail","hentry","category-destaques","category-noticias","tag-dia-da-industria","tag-fiemg","tag-fiemg-pontal","tag-flavio-roscoe","tag-homenageado"],"acf":[],"yoast_head":"<!-- This site is optimized with the Yoast SEO plugin v26.2 - https:\/\/yoast.com\/wordpress\/plugins\/seo\/ -->\n<title>Thiago Jorge Florentino foi homenageado pela FIEMG com o M\u00e9rito Industrial 2024, em comemora\u00e7\u00e3o ao Dia da Ind\u00fastria 2024 - Regional Pontal do Triangulo<\/title>\n<meta name=\"robots\" content=\"index, follow, max-snippet:-1, max-image-preview:large, max-video-preview:-1\" \/>\n<link rel=\"canonical\" href=\"https:\/\/www.fiemg.com.br\/regional-pontal-do-triangulo\/noticias\/thiago-jorge-florentino-foi-homenageado-pela-fiemg-com-o-merito-industrial-2024-em-comemoracao-ao-dia-da-industria-2024\/\" \/>\n<meta property=\"og:locale\" content=\"pt_BR\" \/>\n<meta property=\"og:type\" content=\"article\" \/>\n<meta property=\"og:title\" content=\"Thiago Jorge Florentino foi homenageado pela FIEMG com o M\u00e9rito Industrial 2024, em comemora\u00e7\u00e3o ao Dia da Ind\u00fastria 2024 - Regional Pontal do Triangulo\" \/>\n<meta property=\"og:description\" content=\"Uma noite para celebrar a ind\u00fastria, homenagear quem inspira e contribui para o desenvolvimento de Minas Gerais A FIEMG realizou em Belo Horizonte, 23 de maio, no Minascentro, o Dia da Ind\u00fastria, uma cerim\u00f4nia dedicada a reconhecer os industriais que se destacam em nosso estado pelo seu pioneirismo, lideran\u00e7a, empreendedorismo e que transforma o futuro. [&hellip;]\" \/>\n<meta property=\"og:url\" content=\"https:\/\/www.fiemg.com.br\/regional-pontal-do-triangulo\/noticias\/thiago-jorge-florentino-foi-homenageado-pela-fiemg-com-o-merito-industrial-2024-em-comemoracao-ao-dia-da-industria-2024\/\" \/>\n<meta property=\"og:site_name\" content=\"Regional Pontal do Triangulo\" \/>\n<meta property=\"article:modified_time\" content=\"2024-05-28T21:24:54+00:00\" \/>\n<meta property=\"og:image\" content=\"https:\/\/www.fiemg.com.br\/regional-pontal-do-triangulo\/wp-content\/uploads\/sites\/18\/2024\/05\/Thiago-entrega-medalha-1.jpg\" \/>\n\t<meta property=\"og:image:width\" content=\"864\" \/>\n\t<meta property=\"og:image:height\" content=\"601\" \/>\n\t<meta property=\"og:image:type\" content=\"image\/jpeg\" \/>\n<meta name=\"twitter:card\" content=\"summary_large_image\" \/>\n<meta name=\"twitter:label1\" content=\"Est. tempo de leitura\" \/>\n\t<meta name=\"twitter:data1\" content=\"3 minutos\" \/>\n<script type=\"application\/ld+json\" class=\"yoast-schema-graph\">{\"@context\":\"https:\/\/schema.org\",\"@graph\":[{\"@type\":\"WebPage\",\"@id\":\"https:\/\/www.fiemg.com.br\/regional-pontal-do-triangulo\/noticias\/thiago-jorge-florentino-foi-homenageado-pela-fiemg-com-o-merito-industrial-2024-em-comemoracao-ao-dia-da-industria-2024\/\",\"url\":\"https:\/\/www.fiemg.com.br\/regional-pontal-do-triangulo\/noticias\/thiago-jorge-florentino-foi-homenageado-pela-fiemg-com-o-merito-industrial-2024-em-comemoracao-ao-dia-da-industria-2024\/\",\"name\":\"Thiago Jorge Florentino foi homenageado pela FIEMG com o M\u00e9rito Industrial 2024, em comemora\u00e7\u00e3o ao Dia da Ind\u00fastria 2024 - Regional Pontal do Triangulo\",\"isPartOf\":{\"@id\":\"https:\/\/www.fiemg.com.br\/regional-pontal-do-triangulo\/#website\"},\"primaryImageOfPage\":{\"@id\":\"https:\/\/www.fiemg.com.br\/regional-pontal-do-triangulo\/noticias\/thiago-jorge-florentino-foi-homenageado-pela-fiemg-com-o-merito-industrial-2024-em-comemoracao-ao-dia-da-industria-2024\/#primaryimage\"},\"image\":{\"@id\":\"https:\/\/www.fiemg.com.br\/regional-pontal-do-triangulo\/noticias\/thiago-jorge-florentino-foi-homenageado-pela-fiemg-com-o-merito-industrial-2024-em-comemoracao-ao-dia-da-industria-2024\/#primaryimage\"},\"thumbnailUrl\":\"https:\/\/www.fiemg.com.br\/regional-pontal-do-triangulo\/wp-content\/uploads\/sites\/18\/2024\/05\/Thiago-entrega-medalha-1.jpg\",\"datePublished\":\"2024-05-28T20:19:03+00:00\",\"dateModified\":\"2024-05-28T21:24:54+00:00\",\"breadcrumb\":{\"@id\":\"https:\/\/www.fiemg.com.br\/regional-pontal-do-triangulo\/noticias\/thiago-jorge-florentino-foi-homenageado-pela-fiemg-com-o-merito-industrial-2024-em-comemoracao-ao-dia-da-industria-2024\/#breadcrumb\"},\"inLanguage\":\"pt-BR\",\"potentialAction\":[{\"@type\":\"ReadAction\",\"target\":[\"https:\/\/www.fiemg.com.br\/regional-pontal-do-triangulo\/noticias\/thiago-jorge-florentino-foi-homenageado-pela-fiemg-com-o-merito-industrial-2024-em-comemoracao-ao-dia-da-industria-2024\/\"]}]},{\"@type\":\"ImageObject\",\"inLanguage\":\"pt-BR\",\"@id\":\"https:\/\/www.fiemg.com.br\/regional-pontal-do-triangulo\/noticias\/thiago-jorge-florentino-foi-homenageado-pela-fiemg-com-o-merito-industrial-2024-em-comemoracao-ao-dia-da-industria-2024\/#primaryimage\",\"url\":\"https:\/\/www.fiemg.com.br\/regional-pontal-do-triangulo\/wp-content\/uploads\/sites\/18\/2024\/05\/Thiago-entrega-medalha-1.jpg\",\"contentUrl\":\"https:\/\/www.fiemg.com.br\/regional-pontal-do-triangulo\/wp-content\/uploads\/sites\/18\/2024\/05\/Thiago-entrega-medalha-1.jpg\",\"width\":864,\"height\":601},{\"@type\":\"BreadcrumbList\",\"@id\":\"https:\/\/www.fiemg.com.br\/regional-pontal-do-triangulo\/noticias\/thiago-jorge-florentino-foi-homenageado-pela-fiemg-com-o-merito-industrial-2024-em-comemoracao-ao-dia-da-industria-2024\/#breadcrumb\",\"itemListElement\":[{\"@type\":\"ListItem\",\"position\":1,\"name\":\"In\u00edcio\",\"item\":\"https:\/\/www.fiemg.com.br\/regional-pontal-do-triangulo\/\"},{\"@type\":\"ListItem\",\"position\":2,\"name\":\"Thiago Jorge Florentino foi homenageado pela FIEMG com o M\u00e9rito Industrial 2024, em comemora\u00e7\u00e3o ao Dia da Ind\u00fastria 2024\"}]},{\"@type\":\"WebSite\",\"@id\":\"https:\/\/www.fiemg.com.br\/regional-pontal-do-triangulo\/#website\",\"url\":\"https:\/\/www.fiemg.com.br\/regional-pontal-do-triangulo\/\",\"name\":\"Regional Pontal do Triangulo\",\"description\":\"Federa\u00e7\u00e3o das Ind\u00fastrias do Estado de Minas Gerais\",\"publisher\":{\"@id\":\"https:\/\/www.fiemg.com.br\/regional-pontal-do-triangulo\/#organization\"},\"potentialAction\":[{\"@type\":\"SearchAction\",\"target\":{\"@type\":\"EntryPoint\",\"urlTemplate\":\"https:\/\/www.fiemg.com.br\/regional-pontal-do-triangulo\/?s={search_term_string}\"},\"query-input\":{\"@type\":\"PropertyValueSpecification\",\"valueRequired\":true,\"valueName\":\"search_term_string\"}}],\"inLanguage\":\"pt-BR\"},{\"@type\":\"Organization\",\"@id\":\"https:\/\/www.fiemg.com.br\/regional-pontal-do-triangulo\/#organization\",\"name\":\"Regional Pontal do Triangulo\",\"url\":\"https:\/\/www.fiemg.com.br\/regional-pontal-do-triangulo\/\",\"logo\":{\"@type\":\"ImageObject\",\"inLanguage\":\"pt-BR\",\"@id\":\"https:\/\/www.fiemg.com.br\/regional-pontal-do-triangulo\/#\/schema\/logo\/image\/\",\"url\":\"https:\/\/www.fiemg.com.br\/regional-pontal-do-triangulo\/wp-content\/uploads\/sites\/18\/2023\/02\/Ativo-1.png\",\"contentUrl\":\"https:\/\/www.fiemg.com.br\/regional-pontal-do-triangulo\/wp-content\/uploads\/sites\/18\/2023\/02\/Ativo-1.png\",\"width\":563,\"height\":149,\"caption\":\"Regional Pontal do Triangulo\"},\"image\":{\"@id\":\"https:\/\/www.fiemg.com.br\/regional-pontal-do-triangulo\/#\/schema\/logo\/image\/\"}}]}<\/script>\n<!-- \/ Yoast SEO plugin. -->","yoast_head_json":{"title":"Thiago Jorge Florentino foi homenageado pela FIEMG com o M\u00e9rito Industrial 2024, em comemora\u00e7\u00e3o ao Dia da Ind\u00fastria 2024 - Regional Pontal do Triangulo","robots":{"index":"index","follow":"follow","max-snippet":"max-snippet:-1","max-image-preview":"max-image-preview:large","max-video-preview":"max-video-preview:-1"},"canonical":"https:\/\/www.fiemg.com.br\/regional-pontal-do-triangulo\/noticias\/thiago-jorge-florentino-foi-homenageado-pela-fiemg-com-o-merito-industrial-2024-em-comemoracao-ao-dia-da-industria-2024\/","og_locale":"pt_BR","og_type":"article","og_title":"Thiago Jorge Florentino foi homenageado pela FIEMG com o M\u00e9rito Industrial 2024, em comemora\u00e7\u00e3o ao Dia da Ind\u00fastria 2024 - Regional Pontal do Triangulo","og_description":"Uma noite para celebrar a ind\u00fastria, homenagear quem inspira e contribui para o desenvolvimento de Minas Gerais A FIEMG realizou em Belo Horizonte, 23 de maio, no Minascentro, o Dia da Ind\u00fastria, uma cerim\u00f4nia dedicada a reconhecer os industriais que se destacam em nosso estado pelo seu pioneirismo, lideran\u00e7a, empreendedorismo e que transforma o futuro. [&hellip;]","og_url":"https:\/\/www.fiemg.com.br\/regional-pontal-do-triangulo\/noticias\/thiago-jorge-florentino-foi-homenageado-pela-fiemg-com-o-merito-industrial-2024-em-comemoracao-ao-dia-da-industria-2024\/","og_site_name":"Regional Pontal do Triangulo","article_modified_time":"2024-05-28T21:24:54+00:00","og_image":[{"width":864,"height":601,"url":"https:\/\/www.fiemg.com.br\/regional-pontal-do-triangulo\/wp-content\/uploads\/sites\/18\/2024\/05\/Thiago-entrega-medalha-1.jpg","type":"image\/jpeg"}],"twitter_card":"summary_large_image","twitter_misc":{"Est. tempo de leitura":"3 minutos"},"schema":{"@context":"https:\/\/schema.org","@graph":[{"@type":"WebPage","@id":"https:\/\/www.fiemg.com.br\/regional-pontal-do-triangulo\/noticias\/thiago-jorge-florentino-foi-homenageado-pela-fiemg-com-o-merito-industrial-2024-em-comemoracao-ao-dia-da-industria-2024\/","url":"https:\/\/www.fiemg.com.br\/regional-pontal-do-triangulo\/noticias\/thiago-jorge-florentino-foi-homenageado-pela-fiemg-com-o-merito-industrial-2024-em-comemoracao-ao-dia-da-industria-2024\/","name":"Thiago Jorge Florentino foi homenageado pela FIEMG com o M\u00e9rito Industrial 2024, em comemora\u00e7\u00e3o ao Dia da Ind\u00fastria 2024 - Regional Pontal do Triangulo","isPartOf":{"@id":"https:\/\/www.fiemg.com.br\/regional-pontal-do-triangulo\/#website"},"primaryImageOfPage":{"@id":"https:\/\/www.fiemg.com.br\/regional-pontal-do-triangulo\/noticias\/thiago-jorge-florentino-foi-homenageado-pela-fiemg-com-o-merito-industrial-2024-em-comemoracao-ao-dia-da-industria-2024\/#primaryimage"},"image":{"@id":"https:\/\/www.fiemg.com.br\/regional-pontal-do-triangulo\/noticias\/thiago-jorge-florentino-foi-homenageado-pela-fiemg-com-o-merito-industrial-2024-em-comemoracao-ao-dia-da-industria-2024\/#primaryimage"},"thumbnailUrl":"https:\/\/www.fiemg.com.br\/regional-pontal-do-triangulo\/wp-content\/uploads\/sites\/18\/2024\/05\/Thiago-entrega-medalha-1.jpg","datePublished":"2024-05-28T20:19:03+00:00","dateModified":"2024-05-28T21:24:54+00:00","breadcrumb":{"@id":"https:\/\/www.fiemg.com.br\/regional-pontal-do-triangulo\/noticias\/thiago-jorge-florentino-foi-homenageado-pela-fiemg-com-o-merito-industrial-2024-em-comemoracao-ao-dia-da-industria-2024\/#breadcrumb"},"inLanguage":"pt-BR","potentialAction":[{"@type":"ReadAction","target":["https:\/\/www.fiemg.com.br\/regional-pontal-do-triangulo\/noticias\/thiago-jorge-florentino-foi-homenageado-pela-fiemg-com-o-merito-industrial-2024-em-comemoracao-ao-dia-da-industria-2024\/"]}]},{"@type":"ImageObject","inLanguage":"pt-BR","@id":"https:\/\/www.fiemg.com.br\/regional-pontal-do-triangulo\/noticias\/thiago-jorge-florentino-foi-homenageado-pela-fiemg-com-o-merito-industrial-2024-em-comemoracao-ao-dia-da-industria-2024\/#primaryimage","url":"https:\/\/www.fiemg.com.br\/regional-pontal-do-triangulo\/wp-content\/uploads\/sites\/18\/2024\/05\/Thiago-entrega-medalha-1.jpg","contentUrl":"https:\/\/www.fiemg.com.br\/regional-pontal-do-triangulo\/wp-content\/uploads\/sites\/18\/2024\/05\/Thiago-entrega-medalha-1.jpg","width":864,"height":601},{"@type":"BreadcrumbList","@id":"https:\/\/www.fiemg.com.br\/regional-pontal-do-triangulo\/noticias\/thiago-jorge-florentino-foi-homenageado-pela-fiemg-com-o-merito-industrial-2024-em-comemoracao-ao-dia-da-industria-2024\/#breadcrumb","itemListElement":[{"@type":"ListItem","position":1,"name":"In\u00edcio","item":"https:\/\/www.fiemg.com.br\/regional-pontal-do-triangulo\/"},{"@type":"ListItem","position":2,"name":"Thiago Jorge Florentino foi homenageado pela FIEMG com o M\u00e9rito Industrial 2024, em comemora\u00e7\u00e3o ao Dia da Ind\u00fastria 2024"}]},{"@type":"WebSite","@id":"https:\/\/www.fiemg.com.br\/regional-pontal-do-triangulo\/#website","url":"https:\/\/www.fiemg.com.br\/regional-pontal-do-triangulo\/","name":"Regional Pontal do Triangulo","description":"Federa\u00e7\u00e3o das Ind\u00fastrias do Estado de Minas Gerais","publisher":{"@id":"https:\/\/www.fiemg.com.br\/regional-pontal-do-triangulo\/#organization"},"potentialAction":[{"@type":"SearchAction","target":{"@type":"EntryPoint","urlTemplate":"https:\/\/www.fiemg.com.br\/regional-pontal-do-triangulo\/?s={search_term_string}"},"query-input":{"@type":"PropertyValueSpecification","valueRequired":true,"valueName":"search_term_string"}}],"inLanguage":"pt-BR"},{"@type":"Organization","@id":"https:\/\/www.fiemg.com.br\/regional-pontal-do-triangulo\/#organization","name":"Regional Pontal do Triangulo","url":"https:\/\/www.fiemg.com.br\/regional-pontal-do-triangulo\/","logo":{"@type":"ImageObject","inLanguage":"pt-BR","@id":"https:\/\/www.fiemg.com.br\/regional-pontal-do-triangulo\/#\/schema\/logo\/image\/","url":"https:\/\/www.fiemg.com.br\/regional-pontal-do-triangulo\/wp-content\/uploads\/sites\/18\/2023\/02\/Ativo-1.png","contentUrl":"https:\/\/www.fiemg.com.br\/regional-pontal-do-triangulo\/wp-content\/uploads\/sites\/18\/2023\/02\/Ativo-1.png","width":563,"height":149,"caption":"Regional Pontal do Triangulo"},"image":{"@id":"https:\/\/www.fiemg.com.br\/regional-pontal-do-triangulo\/#\/schema\/logo\/image\/"}}]}},"_links":{"self":[{"href":"https:\/\/www.fiemg.com.br\/regional-pontal-do-triangulo\/wp-json\/wp\/v2\/noticias\/1715","targetHints":{"allow":["GET"]}}],"collection":[{"href":"https:\/\/www.fiemg.com.br\/regional-pontal-do-triangulo\/wp-json\/wp\/v2\/noticias"}],"about":[{"href":"https:\/\/www.fiemg.com.br\/regional-pontal-do-triangulo\/wp-json\/wp\/v2\/types\/noticias"}],"wp:featuredmedia":[{"embeddable":true,"href":"https:\/\/www.fiemg.com.br\/regional-pontal-do-triangulo\/wp-json\/wp\/v2\/media\/1718"}],"wp:attachment":[{"href":"https:\/\/www.fiemg.com.br\/regional-pontal-do-triangulo\/wp-json\/wp\/v2\/media?parent=1715"}],"wp:term":[{"taxonomy":"category","embeddable":true,"href":"https:\/\/www.fiemg.com.br\/regional-pontal-do-triangulo\/wp-json\/wp\/v2\/categories?post=1715"},{"taxonomy":"post_tag","embeddable":true,"href":"https:\/\/www.fiemg.com.br\/regional-pontal-do-triangulo\/wp-json\/wp\/v2\/tags?post=1715"}],"curies":[{"name":"wp","href":"https:\/\/api.w.org\/{rel}","templated":true}]}}