{"id":1730,"date":"2024-07-04T15:46:10","date_gmt":"2024-07-04T18:46:10","guid":{"rendered":"https:\/\/www.fiemg.com.br\/regional-pontal-do-triangulo\/?post_type=noticias&#038;p=1730"},"modified":"2024-07-09T16:11:08","modified_gmt":"2024-07-09T19:11:08","slug":"fiemg-pontal-sesi-e-senai-sao-homenageados-pelo-54o-bpm-em-ituiutaba","status":"publish","type":"noticias","link":"https:\/\/www.fiemg.com.br\/regional-pontal-do-triangulo\/noticias\/fiemg-pontal-sesi-e-senai-sao-homenageados-pelo-54o-bpm-em-ituiutaba\/","title":{"rendered":"FIEMG Pontal participa da formatura do projeto social Patrulheiro Mirim de Ituiutaba"},"content":{"rendered":"\n<p>Nesta quarta-feira (3), foi realizada no sal\u00e3o de eventos do Pal\u00e1cio Ponto Alto, a Formatura do Projeto Patrulheiro Mirim, que tem como objetivo o desenvolvimento pedag\u00f3gico e a manuten\u00e7\u00e3o dos valores humanos das crian\u00e7as. A solenidade contou com a presen\u00e7a do Comandante do 54\u00ba BPM, Ten. Cel. Michel Leandro Abr\u00e3o, de empres\u00e1rios, convidados e autoridades locais.<\/p>\n\n\n\n<p>Durante o evento, a <a href=\"https:\/\/www.fiemg.com.br\/regional-pontal-do-triangulo\/\">FIEMG Pontal<\/a>, SESI e SENAI foram homenageados pelo apoio prestado ao projeto, especialmente, na cess\u00e3o de espa\u00e7os para a realiza\u00e7\u00e3o de atividades. No Clube SESI, s\u00e3o realizadas, semanalmente, atividades como nata\u00e7\u00e3o, capoeira, futsal, din\u00e2micas, dentre outras a\u00e7\u00f5es para melhor qualidade de vida e bem-estar das crian\u00e7as.<\/p>\n\n\n\n<p>O presidente da FIEMG Pontal, Roberto Revelino, disse que sentiu-se honrado pelas homenagens \u00e0s institui\u00e7\u00f5es do Sistema FIEMG. \u201cAgradecemos e parabenizamos todos os envolvidos nesse projeto que ensina as nossas crian\u00e7as a crescerem com valores, \u00e9tica e moral. Com certeza, essas a\u00e7\u00f5es refletir\u00e3o em nossa sociedade. Estamos felizes em poder contribuir para um futuro ainda mais promissor a estas crian\u00e7as\u201d, enfatizou.<\/p>\n\n\n\n<p>Revelino cumprimentou, ainda, as crian\u00e7as pela formatura, os pais, educadores e coordenadores do projeto Patrulheiro Mirim de Ituiutaba e pelo brilhante trabalho do <a href=\"https:\/\/www.instagram.com\/pmmg.ituiutaba\/\">54\u00b0 Batalh\u00e3o da Pol\u00edcia Militar.<\/a><\/p>\n","protected":false},"featured_media":1734,"template":"","categories":[],"tags":[],"class_list":["post-1730","noticias","type-noticias","status-publish","has-post-thumbnail","hentry"],"acf":[],"yoast_head":"<!-- This site is optimized with the Yoast SEO plugin v26.2 - https:\/\/yoast.com\/wordpress\/plugins\/seo\/ -->\n<title>FIEMG Pontal participa da formatura do projeto social Patrulheiro Mirim de Ituiutaba - Regional Pontal do Triangulo<\/title>\n<meta name=\"robots\" content=\"index, follow, max-snippet:-1, max-image-preview:large, max-video-preview:-1\" \/>\n<link rel=\"canonical\" href=\"https:\/\/www.fiemg.com.br\/regional-pontal-do-triangulo\/noticias\/fiemg-pontal-sesi-e-senai-sao-homenageados-pelo-54o-bpm-em-ituiutaba\/\" \/>\n<meta property=\"og:locale\" content=\"pt_BR\" \/>\n<meta property=\"og:type\" content=\"article\" \/>\n<meta property=\"og:title\" content=\"FIEMG Pontal participa da formatura do projeto social Patrulheiro Mirim de Ituiutaba - Regional Pontal do Triangulo\" \/>\n<meta property=\"og:description\" content=\"Nesta quarta-feira (3), foi realizada no sal\u00e3o de eventos do Pal\u00e1cio Ponto Alto, a Formatura do Projeto Patrulheiro Mirim, que tem como objetivo o desenvolvimento pedag\u00f3gico e a manuten\u00e7\u00e3o dos valores humanos das crian\u00e7as. A solenidade contou com a presen\u00e7a do Comandante do 54\u00ba BPM, Ten. Cel. Michel Leandro Abr\u00e3o, de empres\u00e1rios, convidados e autoridades [&hellip;]\" \/>\n<meta property=\"og:url\" content=\"https:\/\/www.fiemg.com.br\/regional-pontal-do-triangulo\/noticias\/fiemg-pontal-sesi-e-senai-sao-homenageados-pelo-54o-bpm-em-ituiutaba\/\" \/>\n<meta property=\"og:site_name\" content=\"Regional Pontal do Triangulo\" \/>\n<meta property=\"article:modified_time\" content=\"2024-07-09T19:11:08+00:00\" \/>\n<meta property=\"og:image\" content=\"https:\/\/www.fiemg.com.br\/regional-pontal-do-triangulo\/wp-content\/uploads\/sites\/18\/2024\/07\/PATRULHEIRO-MIRIM-2.jpg\" \/>\n\t<meta property=\"og:image:width\" content=\"652\" \/>\n\t<meta property=\"og:image:height\" content=\"360\" \/>\n\t<meta property=\"og:image:type\" content=\"image\/jpeg\" \/>\n<meta name=\"twitter:card\" content=\"summary_large_image\" \/>\n<meta name=\"twitter:label1\" content=\"Est. tempo de leitura\" \/>\n\t<meta name=\"twitter:data1\" content=\"2 minutos\" \/>\n<script type=\"application\/ld+json\" class=\"yoast-schema-graph\">{\"@context\":\"https:\/\/schema.org\",\"@graph\":[{\"@type\":\"WebPage\",\"@id\":\"https:\/\/www.fiemg.com.br\/regional-pontal-do-triangulo\/noticias\/fiemg-pontal-sesi-e-senai-sao-homenageados-pelo-54o-bpm-em-ituiutaba\/\",\"url\":\"https:\/\/www.fiemg.com.br\/regional-pontal-do-triangulo\/noticias\/fiemg-pontal-sesi-e-senai-sao-homenageados-pelo-54o-bpm-em-ituiutaba\/\",\"name\":\"FIEMG Pontal participa da formatura do projeto social Patrulheiro Mirim de Ituiutaba - Regional Pontal do Triangulo\",\"isPartOf\":{\"@id\":\"https:\/\/www.fiemg.com.br\/regional-pontal-do-triangulo\/#website\"},\"primaryImageOfPage\":{\"@id\":\"https:\/\/www.fiemg.com.br\/regional-pontal-do-triangulo\/noticias\/fiemg-pontal-sesi-e-senai-sao-homenageados-pelo-54o-bpm-em-ituiutaba\/#primaryimage\"},\"image\":{\"@id\":\"https:\/\/www.fiemg.com.br\/regional-pontal-do-triangulo\/noticias\/fiemg-pontal-sesi-e-senai-sao-homenageados-pelo-54o-bpm-em-ituiutaba\/#primaryimage\"},\"thumbnailUrl\":\"https:\/\/www.fiemg.com.br\/regional-pontal-do-triangulo\/wp-content\/uploads\/sites\/18\/2024\/07\/PATRULHEIRO-MIRIM-2.jpg\",\"datePublished\":\"2024-07-04T18:46:10+00:00\",\"dateModified\":\"2024-07-09T19:11:08+00:00\",\"breadcrumb\":{\"@id\":\"https:\/\/www.fiemg.com.br\/regional-pontal-do-triangulo\/noticias\/fiemg-pontal-sesi-e-senai-sao-homenageados-pelo-54o-bpm-em-ituiutaba\/#breadcrumb\"},\"inLanguage\":\"pt-BR\",\"potentialAction\":[{\"@type\":\"ReadAction\",\"target\":[\"https:\/\/www.fiemg.com.br\/regional-pontal-do-triangulo\/noticias\/fiemg-pontal-sesi-e-senai-sao-homenageados-pelo-54o-bpm-em-ituiutaba\/\"]}]},{\"@type\":\"ImageObject\",\"inLanguage\":\"pt-BR\",\"@id\":\"https:\/\/www.fiemg.com.br\/regional-pontal-do-triangulo\/noticias\/fiemg-pontal-sesi-e-senai-sao-homenageados-pelo-54o-bpm-em-ituiutaba\/#primaryimage\",\"url\":\"https:\/\/www.fiemg.com.br\/regional-pontal-do-triangulo\/wp-content\/uploads\/sites\/18\/2024\/07\/PATRULHEIRO-MIRIM-2.jpg\",\"contentUrl\":\"https:\/\/www.fiemg.com.br\/regional-pontal-do-triangulo\/wp-content\/uploads\/sites\/18\/2024\/07\/PATRULHEIRO-MIRIM-2.jpg\",\"width\":652,\"height\":360},{\"@type\":\"BreadcrumbList\",\"@id\":\"https:\/\/www.fiemg.com.br\/regional-pontal-do-triangulo\/noticias\/fiemg-pontal-sesi-e-senai-sao-homenageados-pelo-54o-bpm-em-ituiutaba\/#breadcrumb\",\"itemListElement\":[{\"@type\":\"ListItem\",\"position\":1,\"name\":\"In\u00edcio\",\"item\":\"https:\/\/www.fiemg.com.br\/regional-pontal-do-triangulo\/\"},{\"@type\":\"ListItem\",\"position\":2,\"name\":\"FIEMG Pontal participa da formatura do projeto social Patrulheiro Mirim de Ituiutaba\"}]},{\"@type\":\"WebSite\",\"@id\":\"https:\/\/www.fiemg.com.br\/regional-pontal-do-triangulo\/#website\",\"url\":\"https:\/\/www.fiemg.com.br\/regional-pontal-do-triangulo\/\",\"name\":\"Regional Pontal do Triangulo\",\"description\":\"Federa\u00e7\u00e3o das Ind\u00fastrias do Estado de Minas Gerais\",\"publisher\":{\"@id\":\"https:\/\/www.fiemg.com.br\/regional-pontal-do-triangulo\/#organization\"},\"potentialAction\":[{\"@type\":\"SearchAction\",\"target\":{\"@type\":\"EntryPoint\",\"urlTemplate\":\"https:\/\/www.fiemg.com.br\/regional-pontal-do-triangulo\/?s={search_term_string}\"},\"query-input\":{\"@type\":\"PropertyValueSpecification\",\"valueRequired\":true,\"valueName\":\"search_term_string\"}}],\"inLanguage\":\"pt-BR\"},{\"@type\":\"Organization\",\"@id\":\"https:\/\/www.fiemg.com.br\/regional-pontal-do-triangulo\/#organization\",\"name\":\"Regional Pontal do Triangulo\",\"url\":\"https:\/\/www.fiemg.com.br\/regional-pontal-do-triangulo\/\",\"logo\":{\"@type\":\"ImageObject\",\"inLanguage\":\"pt-BR\",\"@id\":\"https:\/\/www.fiemg.com.br\/regional-pontal-do-triangulo\/#\/schema\/logo\/image\/\",\"url\":\"https:\/\/www.fiemg.com.br\/regional-pontal-do-triangulo\/wp-content\/uploads\/sites\/18\/2023\/02\/Ativo-1.png\",\"contentUrl\":\"https:\/\/www.fiemg.com.br\/regional-pontal-do-triangulo\/wp-content\/uploads\/sites\/18\/2023\/02\/Ativo-1.png\",\"width\":563,\"height\":149,\"caption\":\"Regional Pontal do Triangulo\"},\"image\":{\"@id\":\"https:\/\/www.fiemg.com.br\/regional-pontal-do-triangulo\/#\/schema\/logo\/image\/\"}}]}<\/script>\n<!-- \/ Yoast SEO plugin. -->","yoast_head_json":{"title":"FIEMG Pontal participa da formatura do projeto social Patrulheiro Mirim de Ituiutaba - Regional Pontal do Triangulo","robots":{"index":"index","follow":"follow","max-snippet":"max-snippet:-1","max-image-preview":"max-image-preview:large","max-video-preview":"max-video-preview:-1"},"canonical":"https:\/\/www.fiemg.com.br\/regional-pontal-do-triangulo\/noticias\/fiemg-pontal-sesi-e-senai-sao-homenageados-pelo-54o-bpm-em-ituiutaba\/","og_locale":"pt_BR","og_type":"article","og_title":"FIEMG Pontal participa da formatura do projeto social Patrulheiro Mirim de Ituiutaba - Regional Pontal do Triangulo","og_description":"Nesta quarta-feira (3), foi realizada no sal\u00e3o de eventos do Pal\u00e1cio Ponto Alto, a Formatura do Projeto Patrulheiro Mirim, que tem como objetivo o desenvolvimento pedag\u00f3gico e a manuten\u00e7\u00e3o dos valores humanos das crian\u00e7as. A solenidade contou com a presen\u00e7a do Comandante do 54\u00ba BPM, Ten. Cel. Michel Leandro Abr\u00e3o, de empres\u00e1rios, convidados e autoridades [&hellip;]","og_url":"https:\/\/www.fiemg.com.br\/regional-pontal-do-triangulo\/noticias\/fiemg-pontal-sesi-e-senai-sao-homenageados-pelo-54o-bpm-em-ituiutaba\/","og_site_name":"Regional Pontal do Triangulo","article_modified_time":"2024-07-09T19:11:08+00:00","og_image":[{"width":652,"height":360,"url":"https:\/\/www.fiemg.com.br\/regional-pontal-do-triangulo\/wp-content\/uploads\/sites\/18\/2024\/07\/PATRULHEIRO-MIRIM-2.jpg","type":"image\/jpeg"}],"twitter_card":"summary_large_image","twitter_misc":{"Est. tempo de leitura":"2 minutos"},"schema":{"@context":"https:\/\/schema.org","@graph":[{"@type":"WebPage","@id":"https:\/\/www.fiemg.com.br\/regional-pontal-do-triangulo\/noticias\/fiemg-pontal-sesi-e-senai-sao-homenageados-pelo-54o-bpm-em-ituiutaba\/","url":"https:\/\/www.fiemg.com.br\/regional-pontal-do-triangulo\/noticias\/fiemg-pontal-sesi-e-senai-sao-homenageados-pelo-54o-bpm-em-ituiutaba\/","name":"FIEMG Pontal participa da formatura do projeto social Patrulheiro Mirim de Ituiutaba - Regional Pontal do Triangulo","isPartOf":{"@id":"https:\/\/www.fiemg.com.br\/regional-pontal-do-triangulo\/#website"},"primaryImageOfPage":{"@id":"https:\/\/www.fiemg.com.br\/regional-pontal-do-triangulo\/noticias\/fiemg-pontal-sesi-e-senai-sao-homenageados-pelo-54o-bpm-em-ituiutaba\/#primaryimage"},"image":{"@id":"https:\/\/www.fiemg.com.br\/regional-pontal-do-triangulo\/noticias\/fiemg-pontal-sesi-e-senai-sao-homenageados-pelo-54o-bpm-em-ituiutaba\/#primaryimage"},"thumbnailUrl":"https:\/\/www.fiemg.com.br\/regional-pontal-do-triangulo\/wp-content\/uploads\/sites\/18\/2024\/07\/PATRULHEIRO-MIRIM-2.jpg","datePublished":"2024-07-04T18:46:10+00:00","dateModified":"2024-07-09T19:11:08+00:00","breadcrumb":{"@id":"https:\/\/www.fiemg.com.br\/regional-pontal-do-triangulo\/noticias\/fiemg-pontal-sesi-e-senai-sao-homenageados-pelo-54o-bpm-em-ituiutaba\/#breadcrumb"},"inLanguage":"pt-BR","potentialAction":[{"@type":"ReadAction","target":["https:\/\/www.fiemg.com.br\/regional-pontal-do-triangulo\/noticias\/fiemg-pontal-sesi-e-senai-sao-homenageados-pelo-54o-bpm-em-ituiutaba\/"]}]},{"@type":"ImageObject","inLanguage":"pt-BR","@id":"https:\/\/www.fiemg.com.br\/regional-pontal-do-triangulo\/noticias\/fiemg-pontal-sesi-e-senai-sao-homenageados-pelo-54o-bpm-em-ituiutaba\/#primaryimage","url":"https:\/\/www.fiemg.com.br\/regional-pontal-do-triangulo\/wp-content\/uploads\/sites\/18\/2024\/07\/PATRULHEIRO-MIRIM-2.jpg","contentUrl":"https:\/\/www.fiemg.com.br\/regional-pontal-do-triangulo\/wp-content\/uploads\/sites\/18\/2024\/07\/PATRULHEIRO-MIRIM-2.jpg","width":652,"height":360},{"@type":"BreadcrumbList","@id":"https:\/\/www.fiemg.com.br\/regional-pontal-do-triangulo\/noticias\/fiemg-pontal-sesi-e-senai-sao-homenageados-pelo-54o-bpm-em-ituiutaba\/#breadcrumb","itemListElement":[{"@type":"ListItem","position":1,"name":"In\u00edcio","item":"https:\/\/www.fiemg.com.br\/regional-pontal-do-triangulo\/"},{"@type":"ListItem","position":2,"name":"FIEMG Pontal participa da formatura do projeto social Patrulheiro Mirim de Ituiutaba"}]},{"@type":"WebSite","@id":"https:\/\/www.fiemg.com.br\/regional-pontal-do-triangulo\/#website","url":"https:\/\/www.fiemg.com.br\/regional-pontal-do-triangulo\/","name":"Regional Pontal do Triangulo","description":"Federa\u00e7\u00e3o das Ind\u00fastrias do Estado de Minas Gerais","publisher":{"@id":"https:\/\/www.fiemg.com.br\/regional-pontal-do-triangulo\/#organization"},"potentialAction":[{"@type":"SearchAction","target":{"@type":"EntryPoint","urlTemplate":"https:\/\/www.fiemg.com.br\/regional-pontal-do-triangulo\/?s={search_term_string}"},"query-input":{"@type":"PropertyValueSpecification","valueRequired":true,"valueName":"search_term_string"}}],"inLanguage":"pt-BR"},{"@type":"Organization","@id":"https:\/\/www.fiemg.com.br\/regional-pontal-do-triangulo\/#organization","name":"Regional Pontal do Triangulo","url":"https:\/\/www.fiemg.com.br\/regional-pontal-do-triangulo\/","logo":{"@type":"ImageObject","inLanguage":"pt-BR","@id":"https:\/\/www.fiemg.com.br\/regional-pontal-do-triangulo\/#\/schema\/logo\/image\/","url":"https:\/\/www.fiemg.com.br\/regional-pontal-do-triangulo\/wp-content\/uploads\/sites\/18\/2023\/02\/Ativo-1.png","contentUrl":"https:\/\/www.fiemg.com.br\/regional-pontal-do-triangulo\/wp-content\/uploads\/sites\/18\/2023\/02\/Ativo-1.png","width":563,"height":149,"caption":"Regional Pontal do Triangulo"},"image":{"@id":"https:\/\/www.fiemg.com.br\/regional-pontal-do-triangulo\/#\/schema\/logo\/image\/"}}]}},"_links":{"self":[{"href":"https:\/\/www.fiemg.com.br\/regional-pontal-do-triangulo\/wp-json\/wp\/v2\/noticias\/1730","targetHints":{"allow":["GET"]}}],"collection":[{"href":"https:\/\/www.fiemg.com.br\/regional-pontal-do-triangulo\/wp-json\/wp\/v2\/noticias"}],"about":[{"href":"https:\/\/www.fiemg.com.br\/regional-pontal-do-triangulo\/wp-json\/wp\/v2\/types\/noticias"}],"wp:featuredmedia":[{"embeddable":true,"href":"https:\/\/www.fiemg.com.br\/regional-pontal-do-triangulo\/wp-json\/wp\/v2\/media\/1734"}],"wp:attachment":[{"href":"https:\/\/www.fiemg.com.br\/regional-pontal-do-triangulo\/wp-json\/wp\/v2\/media?parent=1730"}],"wp:term":[{"taxonomy":"category","embeddable":true,"href":"https:\/\/www.fiemg.com.br\/regional-pontal-do-triangulo\/wp-json\/wp\/v2\/categories?post=1730"},{"taxonomy":"post_tag","embeddable":true,"href":"https:\/\/www.fiemg.com.br\/regional-pontal-do-triangulo\/wp-json\/wp\/v2\/tags?post=1730"}],"curies":[{"name":"wp","href":"https:\/\/api.w.org\/{rel}","templated":true}]}}