{"id":2321,"date":"2026-03-11T08:11:13","date_gmt":"2026-03-11T11:11:13","guid":{"rendered":"https:\/\/www.fiemg.com.br\/regional-pontal-do-triangulo\/?post_type=noticias&#038;p=2321"},"modified":"2026-03-11T08:11:19","modified_gmt":"2026-03-11T11:11:19","slug":"fiemg-pontal-recebe-equipe-da-sede-para-alinhamento-estrategico-e-fortalecimento-da-industria-regional","status":"publish","type":"noticias","link":"https:\/\/www.fiemg.com.br\/regional-pontal-do-triangulo\/noticias\/fiemg-pontal-recebe-equipe-da-sede-para-alinhamento-estrategico-e-fortalecimento-da-industria-regional\/","title":{"rendered":"FIEMG Pontal recebe equipe da sede para alinhamento estrat\u00e9gico e fortalecimento da ind\u00fastria regional"},"content":{"rendered":"\n<p><\/p>\n\n\n\n<p>A FIEMG Regional Pontal do Tri\u00e2ngulo, juntamente com o SINCOTAP e o SIAP, recebeu a equipe de Desenvolvimento Sindical (DS) de BH e o Analista de Projetos para Ind\u00fastria do IEL\/FIEMG Competitiva para um importante momento de alinhamento, troca de experi\u00eancias e constru\u00e7\u00e3o conjunta das a\u00e7\u00f5es e do fortalecimento dos setores produtivos da regi\u00e3o.<\/p>\n\n\n\n<p>Durante a reuni\u00e3o, foram apresentados diversos projetos em andamento, com destaque para a Feira Sabores do Pontal, Conex\u00e3o Ind\u00fastria e al\u00e9m de iniciativas estrat\u00e9gicas como Imers\u00e3o Ind\u00fastria, Meritocracia, Dia da Ind\u00fastria, Projeto Dirigente, Boas Pr\u00e1ticas Sindicais, dentre outras a\u00e7\u00f5es.<\/p>\n\n\n\n<p>A iniciativa refor\u00e7a o compromisso da FIEMG Regional Pontal do Tri\u00e2ngulo, do SINCOTAP e do SIAP com a competitividade do setor industrial, promovendo a\u00e7\u00f5es que ampliam e incentivam a inova\u00e7\u00e3o e potencializam o desenvolvimento dos associados e dos munic\u00edpios da nossa \u00e1rea de atua\u00e7\u00e3o.<\/p>\n\n\n\n<p>Na oportunidade, o SINCOTAP e o SIAP receberam premia\u00e7\u00e3o do DS e do IEL\/FIEMG Competitiva em reconhecimento ao alcance das metas estabelecidas, evidenciando que trabalho em equipe e prop\u00f3sito caminham juntos, fortalecendo os resultados e o compromisso com os associados e o desenvolvimento regional.<\/p>\n","protected":false},"featured_media":2322,"template":"","categories":[15],"tags":[82,100,129],"class_list":["post-2321","noticias","type-noticias","status-publish","has-post-thumbnail","hentry","category-desenvolvimento-industrial","tag-fiemg-pontal","tag-fiemg-pontal-do-triangulo","tag-industria"],"acf":[],"yoast_head":"<!-- This site is optimized with the Yoast SEO plugin v26.2 - https:\/\/yoast.com\/wordpress\/plugins\/seo\/ -->\n<title>FIEMG Pontal recebe equipe da sede para alinhamento estrat\u00e9gico e fortalecimento da ind\u00fastria regional - Regional Pontal do Triangulo<\/title>\n<meta name=\"robots\" content=\"index, follow, max-snippet:-1, max-image-preview:large, max-video-preview:-1\" \/>\n<link rel=\"canonical\" href=\"https:\/\/www.fiemg.com.br\/regional-pontal-do-triangulo\/noticias\/fiemg-pontal-recebe-equipe-da-sede-para-alinhamento-estrategico-e-fortalecimento-da-industria-regional\/\" \/>\n<meta property=\"og:locale\" content=\"pt_BR\" \/>\n<meta property=\"og:type\" content=\"article\" \/>\n<meta property=\"og:title\" content=\"FIEMG Pontal recebe equipe da sede para alinhamento estrat\u00e9gico e fortalecimento da ind\u00fastria regional - Regional Pontal do Triangulo\" \/>\n<meta property=\"og:description\" content=\"A FIEMG Regional Pontal do Tri\u00e2ngulo, juntamente com o SINCOTAP e o SIAP, recebeu a equipe de Desenvolvimento Sindical (DS) de BH e o Analista de Projetos para Ind\u00fastria do IEL\/FIEMG Competitiva para um importante momento de alinhamento, troca de experi\u00eancias e constru\u00e7\u00e3o conjunta das a\u00e7\u00f5es e do fortalecimento dos setores produtivos da regi\u00e3o. Durante [&hellip;]\" \/>\n<meta property=\"og:url\" content=\"https:\/\/www.fiemg.com.br\/regional-pontal-do-triangulo\/noticias\/fiemg-pontal-recebe-equipe-da-sede-para-alinhamento-estrategico-e-fortalecimento-da-industria-regional\/\" \/>\n<meta property=\"og:site_name\" content=\"Regional Pontal do Triangulo\" \/>\n<meta property=\"article:modified_time\" content=\"2026-03-11T11:11:19+00:00\" \/>\n<meta property=\"og:image\" content=\"https:\/\/www.fiemg.com.br\/regional-pontal-do-triangulo\/wp-content\/uploads\/sites\/18\/2026\/03\/DS-BX.jpg\" \/>\n\t<meta property=\"og:image:width\" content=\"600\" \/>\n\t<meta property=\"og:image:height\" content=\"449\" \/>\n\t<meta property=\"og:image:type\" content=\"image\/jpeg\" \/>\n<meta name=\"twitter:card\" content=\"summary_large_image\" \/>\n<meta name=\"twitter:label1\" content=\"Est. tempo de leitura\" \/>\n\t<meta name=\"twitter:data1\" content=\"2 minutos\" \/>\n<script type=\"application\/ld+json\" class=\"yoast-schema-graph\">{\"@context\":\"https:\/\/schema.org\",\"@graph\":[{\"@type\":\"WebPage\",\"@id\":\"https:\/\/www.fiemg.com.br\/regional-pontal-do-triangulo\/noticias\/fiemg-pontal-recebe-equipe-da-sede-para-alinhamento-estrategico-e-fortalecimento-da-industria-regional\/\",\"url\":\"https:\/\/www.fiemg.com.br\/regional-pontal-do-triangulo\/noticias\/fiemg-pontal-recebe-equipe-da-sede-para-alinhamento-estrategico-e-fortalecimento-da-industria-regional\/\",\"name\":\"FIEMG Pontal recebe equipe da sede para alinhamento estrat\u00e9gico e fortalecimento da ind\u00fastria regional - Regional Pontal do Triangulo\",\"isPartOf\":{\"@id\":\"https:\/\/www.fiemg.com.br\/regional-pontal-do-triangulo\/#website\"},\"primaryImageOfPage\":{\"@id\":\"https:\/\/www.fiemg.com.br\/regional-pontal-do-triangulo\/noticias\/fiemg-pontal-recebe-equipe-da-sede-para-alinhamento-estrategico-e-fortalecimento-da-industria-regional\/#primaryimage\"},\"image\":{\"@id\":\"https:\/\/www.fiemg.com.br\/regional-pontal-do-triangulo\/noticias\/fiemg-pontal-recebe-equipe-da-sede-para-alinhamento-estrategico-e-fortalecimento-da-industria-regional\/#primaryimage\"},\"thumbnailUrl\":\"https:\/\/www.fiemg.com.br\/regional-pontal-do-triangulo\/wp-content\/uploads\/sites\/18\/2026\/03\/DS-BX.jpg\",\"datePublished\":\"2026-03-11T11:11:13+00:00\",\"dateModified\":\"2026-03-11T11:11:19+00:00\",\"breadcrumb\":{\"@id\":\"https:\/\/www.fiemg.com.br\/regional-pontal-do-triangulo\/noticias\/fiemg-pontal-recebe-equipe-da-sede-para-alinhamento-estrategico-e-fortalecimento-da-industria-regional\/#breadcrumb\"},\"inLanguage\":\"pt-BR\",\"potentialAction\":[{\"@type\":\"ReadAction\",\"target\":[\"https:\/\/www.fiemg.com.br\/regional-pontal-do-triangulo\/noticias\/fiemg-pontal-recebe-equipe-da-sede-para-alinhamento-estrategico-e-fortalecimento-da-industria-regional\/\"]}]},{\"@type\":\"ImageObject\",\"inLanguage\":\"pt-BR\",\"@id\":\"https:\/\/www.fiemg.com.br\/regional-pontal-do-triangulo\/noticias\/fiemg-pontal-recebe-equipe-da-sede-para-alinhamento-estrategico-e-fortalecimento-da-industria-regional\/#primaryimage\",\"url\":\"https:\/\/www.fiemg.com.br\/regional-pontal-do-triangulo\/wp-content\/uploads\/sites\/18\/2026\/03\/DS-BX.jpg\",\"contentUrl\":\"https:\/\/www.fiemg.com.br\/regional-pontal-do-triangulo\/wp-content\/uploads\/sites\/18\/2026\/03\/DS-BX.jpg\",\"width\":600,\"height\":449},{\"@type\":\"BreadcrumbList\",\"@id\":\"https:\/\/www.fiemg.com.br\/regional-pontal-do-triangulo\/noticias\/fiemg-pontal-recebe-equipe-da-sede-para-alinhamento-estrategico-e-fortalecimento-da-industria-regional\/#breadcrumb\",\"itemListElement\":[{\"@type\":\"ListItem\",\"position\":1,\"name\":\"In\u00edcio\",\"item\":\"https:\/\/www.fiemg.com.br\/regional-pontal-do-triangulo\/\"},{\"@type\":\"ListItem\",\"position\":2,\"name\":\"FIEMG Pontal recebe equipe da sede para alinhamento estrat\u00e9gico e fortalecimento da ind\u00fastria regional\"}]},{\"@type\":\"WebSite\",\"@id\":\"https:\/\/www.fiemg.com.br\/regional-pontal-do-triangulo\/#website\",\"url\":\"https:\/\/www.fiemg.com.br\/regional-pontal-do-triangulo\/\",\"name\":\"Regional Pontal do Triangulo\",\"description\":\"Federa\u00e7\u00e3o das Ind\u00fastrias do Estado de Minas Gerais\",\"publisher\":{\"@id\":\"https:\/\/www.fiemg.com.br\/regional-pontal-do-triangulo\/#organization\"},\"potentialAction\":[{\"@type\":\"SearchAction\",\"target\":{\"@type\":\"EntryPoint\",\"urlTemplate\":\"https:\/\/www.fiemg.com.br\/regional-pontal-do-triangulo\/?s={search_term_string}\"},\"query-input\":{\"@type\":\"PropertyValueSpecification\",\"valueRequired\":true,\"valueName\":\"search_term_string\"}}],\"inLanguage\":\"pt-BR\"},{\"@type\":\"Organization\",\"@id\":\"https:\/\/www.fiemg.com.br\/regional-pontal-do-triangulo\/#organization\",\"name\":\"Regional Pontal do Triangulo\",\"url\":\"https:\/\/www.fiemg.com.br\/regional-pontal-do-triangulo\/\",\"logo\":{\"@type\":\"ImageObject\",\"inLanguage\":\"pt-BR\",\"@id\":\"https:\/\/www.fiemg.com.br\/regional-pontal-do-triangulo\/#\/schema\/logo\/image\/\",\"url\":\"https:\/\/www.fiemg.com.br\/regional-pontal-do-triangulo\/wp-content\/uploads\/sites\/18\/2023\/02\/Ativo-1.png\",\"contentUrl\":\"https:\/\/www.fiemg.com.br\/regional-pontal-do-triangulo\/wp-content\/uploads\/sites\/18\/2023\/02\/Ativo-1.png\",\"width\":563,\"height\":149,\"caption\":\"Regional Pontal do Triangulo\"},\"image\":{\"@id\":\"https:\/\/www.fiemg.com.br\/regional-pontal-do-triangulo\/#\/schema\/logo\/image\/\"}}]}<\/script>\n<!-- \/ Yoast SEO plugin. -->","yoast_head_json":{"title":"FIEMG Pontal recebe equipe da sede para alinhamento estrat\u00e9gico e fortalecimento da ind\u00fastria regional - Regional Pontal do Triangulo","robots":{"index":"index","follow":"follow","max-snippet":"max-snippet:-1","max-image-preview":"max-image-preview:large","max-video-preview":"max-video-preview:-1"},"canonical":"https:\/\/www.fiemg.com.br\/regional-pontal-do-triangulo\/noticias\/fiemg-pontal-recebe-equipe-da-sede-para-alinhamento-estrategico-e-fortalecimento-da-industria-regional\/","og_locale":"pt_BR","og_type":"article","og_title":"FIEMG Pontal recebe equipe da sede para alinhamento estrat\u00e9gico e fortalecimento da ind\u00fastria regional - Regional Pontal do Triangulo","og_description":"A FIEMG Regional Pontal do Tri\u00e2ngulo, juntamente com o SINCOTAP e o SIAP, recebeu a equipe de Desenvolvimento Sindical (DS) de BH e o Analista de Projetos para Ind\u00fastria do IEL\/FIEMG Competitiva para um importante momento de alinhamento, troca de experi\u00eancias e constru\u00e7\u00e3o conjunta das a\u00e7\u00f5es e do fortalecimento dos setores produtivos da regi\u00e3o. Durante [&hellip;]","og_url":"https:\/\/www.fiemg.com.br\/regional-pontal-do-triangulo\/noticias\/fiemg-pontal-recebe-equipe-da-sede-para-alinhamento-estrategico-e-fortalecimento-da-industria-regional\/","og_site_name":"Regional Pontal do Triangulo","article_modified_time":"2026-03-11T11:11:19+00:00","og_image":[{"width":600,"height":449,"url":"https:\/\/www.fiemg.com.br\/regional-pontal-do-triangulo\/wp-content\/uploads\/sites\/18\/2026\/03\/DS-BX.jpg","type":"image\/jpeg"}],"twitter_card":"summary_large_image","twitter_misc":{"Est. tempo de leitura":"2 minutos"},"schema":{"@context":"https:\/\/schema.org","@graph":[{"@type":"WebPage","@id":"https:\/\/www.fiemg.com.br\/regional-pontal-do-triangulo\/noticias\/fiemg-pontal-recebe-equipe-da-sede-para-alinhamento-estrategico-e-fortalecimento-da-industria-regional\/","url":"https:\/\/www.fiemg.com.br\/regional-pontal-do-triangulo\/noticias\/fiemg-pontal-recebe-equipe-da-sede-para-alinhamento-estrategico-e-fortalecimento-da-industria-regional\/","name":"FIEMG Pontal recebe equipe da sede para alinhamento estrat\u00e9gico e fortalecimento da ind\u00fastria regional - Regional Pontal do Triangulo","isPartOf":{"@id":"https:\/\/www.fiemg.com.br\/regional-pontal-do-triangulo\/#website"},"primaryImageOfPage":{"@id":"https:\/\/www.fiemg.com.br\/regional-pontal-do-triangulo\/noticias\/fiemg-pontal-recebe-equipe-da-sede-para-alinhamento-estrategico-e-fortalecimento-da-industria-regional\/#primaryimage"},"image":{"@id":"https:\/\/www.fiemg.com.br\/regional-pontal-do-triangulo\/noticias\/fiemg-pontal-recebe-equipe-da-sede-para-alinhamento-estrategico-e-fortalecimento-da-industria-regional\/#primaryimage"},"thumbnailUrl":"https:\/\/www.fiemg.com.br\/regional-pontal-do-triangulo\/wp-content\/uploads\/sites\/18\/2026\/03\/DS-BX.jpg","datePublished":"2026-03-11T11:11:13+00:00","dateModified":"2026-03-11T11:11:19+00:00","breadcrumb":{"@id":"https:\/\/www.fiemg.com.br\/regional-pontal-do-triangulo\/noticias\/fiemg-pontal-recebe-equipe-da-sede-para-alinhamento-estrategico-e-fortalecimento-da-industria-regional\/#breadcrumb"},"inLanguage":"pt-BR","potentialAction":[{"@type":"ReadAction","target":["https:\/\/www.fiemg.com.br\/regional-pontal-do-triangulo\/noticias\/fiemg-pontal-recebe-equipe-da-sede-para-alinhamento-estrategico-e-fortalecimento-da-industria-regional\/"]}]},{"@type":"ImageObject","inLanguage":"pt-BR","@id":"https:\/\/www.fiemg.com.br\/regional-pontal-do-triangulo\/noticias\/fiemg-pontal-recebe-equipe-da-sede-para-alinhamento-estrategico-e-fortalecimento-da-industria-regional\/#primaryimage","url":"https:\/\/www.fiemg.com.br\/regional-pontal-do-triangulo\/wp-content\/uploads\/sites\/18\/2026\/03\/DS-BX.jpg","contentUrl":"https:\/\/www.fiemg.com.br\/regional-pontal-do-triangulo\/wp-content\/uploads\/sites\/18\/2026\/03\/DS-BX.jpg","width":600,"height":449},{"@type":"BreadcrumbList","@id":"https:\/\/www.fiemg.com.br\/regional-pontal-do-triangulo\/noticias\/fiemg-pontal-recebe-equipe-da-sede-para-alinhamento-estrategico-e-fortalecimento-da-industria-regional\/#breadcrumb","itemListElement":[{"@type":"ListItem","position":1,"name":"In\u00edcio","item":"https:\/\/www.fiemg.com.br\/regional-pontal-do-triangulo\/"},{"@type":"ListItem","position":2,"name":"FIEMG Pontal recebe equipe da sede para alinhamento estrat\u00e9gico e fortalecimento da ind\u00fastria regional"}]},{"@type":"WebSite","@id":"https:\/\/www.fiemg.com.br\/regional-pontal-do-triangulo\/#website","url":"https:\/\/www.fiemg.com.br\/regional-pontal-do-triangulo\/","name":"Regional Pontal do Triangulo","description":"Federa\u00e7\u00e3o das Ind\u00fastrias do Estado de Minas Gerais","publisher":{"@id":"https:\/\/www.fiemg.com.br\/regional-pontal-do-triangulo\/#organization"},"potentialAction":[{"@type":"SearchAction","target":{"@type":"EntryPoint","urlTemplate":"https:\/\/www.fiemg.com.br\/regional-pontal-do-triangulo\/?s={search_term_string}"},"query-input":{"@type":"PropertyValueSpecification","valueRequired":true,"valueName":"search_term_string"}}],"inLanguage":"pt-BR"},{"@type":"Organization","@id":"https:\/\/www.fiemg.com.br\/regional-pontal-do-triangulo\/#organization","name":"Regional Pontal do Triangulo","url":"https:\/\/www.fiemg.com.br\/regional-pontal-do-triangulo\/","logo":{"@type":"ImageObject","inLanguage":"pt-BR","@id":"https:\/\/www.fiemg.com.br\/regional-pontal-do-triangulo\/#\/schema\/logo\/image\/","url":"https:\/\/www.fiemg.com.br\/regional-pontal-do-triangulo\/wp-content\/uploads\/sites\/18\/2023\/02\/Ativo-1.png","contentUrl":"https:\/\/www.fiemg.com.br\/regional-pontal-do-triangulo\/wp-content\/uploads\/sites\/18\/2023\/02\/Ativo-1.png","width":563,"height":149,"caption":"Regional Pontal do Triangulo"},"image":{"@id":"https:\/\/www.fiemg.com.br\/regional-pontal-do-triangulo\/#\/schema\/logo\/image\/"}}]}},"_links":{"self":[{"href":"https:\/\/www.fiemg.com.br\/regional-pontal-do-triangulo\/wp-json\/wp\/v2\/noticias\/2321","targetHints":{"allow":["GET"]}}],"collection":[{"href":"https:\/\/www.fiemg.com.br\/regional-pontal-do-triangulo\/wp-json\/wp\/v2\/noticias"}],"about":[{"href":"https:\/\/www.fiemg.com.br\/regional-pontal-do-triangulo\/wp-json\/wp\/v2\/types\/noticias"}],"wp:featuredmedia":[{"embeddable":true,"href":"https:\/\/www.fiemg.com.br\/regional-pontal-do-triangulo\/wp-json\/wp\/v2\/media\/2322"}],"wp:attachment":[{"href":"https:\/\/www.fiemg.com.br\/regional-pontal-do-triangulo\/wp-json\/wp\/v2\/media?parent=2321"}],"wp:term":[{"taxonomy":"category","embeddable":true,"href":"https:\/\/www.fiemg.com.br\/regional-pontal-do-triangulo\/wp-json\/wp\/v2\/categories?post=2321"},{"taxonomy":"post_tag","embeddable":true,"href":"https:\/\/www.fiemg.com.br\/regional-pontal-do-triangulo\/wp-json\/wp\/v2\/tags?post=2321"}],"curies":[{"name":"wp","href":"https:\/\/api.w.org\/{rel}","templated":true}]}}