{"id":2366,"date":"2026-04-30T14:59:18","date_gmt":"2026-04-30T17:59:18","guid":{"rendered":"https:\/\/www.fiemg.com.br\/regional-pontal-do-triangulo\/?post_type=noticias&#038;p=2366"},"modified":"2026-04-30T16:21:54","modified_gmt":"2026-04-30T19:21:54","slug":"a-2a-edicao-da-feira-sabores-do-pontal-foi-lancada-em-ituiutaba","status":"publish","type":"noticias","link":"https:\/\/www.fiemg.com.br\/regional-pontal-do-triangulo\/noticias\/a-2a-edicao-da-feira-sabores-do-pontal-foi-lancada-em-ituiutaba\/","title":{"rendered":"A 2\u00aa edi\u00e7\u00e3o da Feira Sabores do Pontal foi lan\u00e7ada em Ituiutaba"},"content":{"rendered":"\n<p>Em um movimento articulado para fomentar o desenvolvimento econ\u00f4mico do Tri\u00e2ngulo Mineiro, a&nbsp;<a href=\"https:\/\/www.fiemg.com.br\/regional-pontal-do-triangulo\/\">FIEMG Regional Pontal<\/a>, o Sindicato das Ind\u00fastrias de Alimenta\u00e7\u00e3o de Ituiutaba (SIAP), o Sicoob e o Sebrae oficializaram nesta quarta-feira (29) o lan\u00e7amento da pr\u00f3xima edi\u00e7\u00e3o da Feira Sabores do Pontal + Dia de Cooperar. O evento est\u00e1 programado para os dias 8 e 9 de agosto de 2026, na Pra\u00e7a da Prefeitura de&nbsp;<a href=\"https:\/\/regionalzao.com.br\/ituiutaba\/\">Ituiutaba<\/a>.<\/p>\n\n\n\n<p>O encontro de apresenta\u00e7\u00e3o reuniu parceiros, empresas associadas e imprensa local. A t\u00f4nica do evento de lan\u00e7amento foi a necessidade de sinergia entre as institui\u00e7\u00f5es de fomento, o setor p\u00fablico e a iniciativa privada. Segundo os organizadores, a uni\u00e3o desses atores \u00e9 o motor fundamental para gerar novas oportunidades de neg\u00f3cios. Al\u00e9m disso, fortalece a cadeia produtiva e impulsiona a economia do munic\u00edpio e de sua \u00e1rea de influ\u00eancia.<\/p>\n\n\n\n<p><strong>Reconhecimento<\/strong><\/p>\n\n\n\n<p>Durante a cerim\u00f4nia, o Sebrae aproveitou a ocasi\u00e3o para reconhecer os resultados da edi\u00e7\u00e3o anterior. Foram premiadas as quatro empresas que apresentaram o melhor desempenho e destaque na Consultoria Gastron\u00f4mica da feira realizada em 2025: Tudo Congelados, Congelatte, \u00danica Brigaderia e Casa da Pamonha.<\/p>\n\n\n\n<p>Para a edi\u00e7\u00e3o de 2026, a organiza\u00e7\u00e3o aposta em uma reformula\u00e7\u00e3o competitiva para atrair ainda mais o p\u00fablico e qualificar os expositores. A principal novidade \u00e9 a cria\u00e7\u00e3o do Circuito Gastron\u00f4mico, que contar\u00e1 com a consultoria especializada de um chef profissional.<\/p>\n\n\n\n<p>A din\u00e2mica de avalia\u00e7\u00e3o dos pratos ser\u00e1 rigorosa e diversificada, contando com um painel composto por jurados t\u00e9cnicos, clientes ocultos e a avalia\u00e7\u00e3o do j\u00fari popular. A revela\u00e7\u00e3o dos melhores pratos e a respectiva premia\u00e7\u00e3o ocorrer\u00e3o presencialmente durante os dias da Feira Sabores do Pontal.<\/p>\n\n\n\n<p><strong>Inova\u00e7\u00e3o no Setor Produtivo<\/strong><\/p>\n\n\n\n<p>Al\u00e9m da gastronomia e do cooperativismo, a tecnologia tamb\u00e9m marcou o evento de lan\u00e7amento. A FIEMG Regional Pontal realizou a estreia de sua nova caixa hologr\u00e1fica, um equipamento que permite comunica\u00e7\u00e3o e intera\u00e7\u00e3o tridimensional em tempo real.<\/p>\n\n\n\n<p>A inova\u00e7\u00e3o, desenvolvida pelo SENAI-MG, \u00e9 uma tecnologia de ponta que agora passa a ser disponibilizada para todas as regionais da Federa\u00e7\u00e3o das Ind\u00fastrias do Estado de Minas Gerais (FIEMG). O objetivo \u00e9 trazer maior modernidade, dinamismo e engajamento para os eventos institucionais e feiras de neg\u00f3cios do estado.<\/p>\n\n\n\n<p>Com a promessa de unir experi\u00eancias imersivas, networking e cultura, a Feira Sabores do Pontal + Dia de Cooperar consolida-se no calend\u00e1rio regional n\u00e3o apenas como um festival de alimenta\u00e7\u00e3o. Al\u00e9m disso, consolida-se como um polo de inova\u00e7\u00e3o e desenvolvimento empresarial e lazer para toda a fam\u00edlia.<\/p>\n","protected":false},"featured_media":2367,"template":"","categories":[15],"tags":[82,100],"class_list":["post-2366","noticias","type-noticias","status-publish","has-post-thumbnail","hentry","category-desenvolvimento-industrial","tag-fiemg-pontal","tag-fiemg-pontal-do-triangulo"],"acf":[],"yoast_head":"<!-- This site is optimized with the Yoast SEO plugin v26.2 - https:\/\/yoast.com\/wordpress\/plugins\/seo\/ -->\n<title>A 2\u00aa edi\u00e7\u00e3o da Feira Sabores do Pontal foi lan\u00e7ada em Ituiutaba - Regional Pontal do Triangulo<\/title>\n<meta name=\"robots\" content=\"index, follow, max-snippet:-1, max-image-preview:large, max-video-preview:-1\" \/>\n<link rel=\"canonical\" href=\"https:\/\/www.fiemg.com.br\/regional-pontal-do-triangulo\/noticias\/a-2a-edicao-da-feira-sabores-do-pontal-foi-lancada-em-ituiutaba\/\" \/>\n<meta property=\"og:locale\" content=\"pt_BR\" \/>\n<meta property=\"og:type\" content=\"article\" \/>\n<meta property=\"og:title\" content=\"A 2\u00aa edi\u00e7\u00e3o da Feira Sabores do Pontal foi lan\u00e7ada em Ituiutaba - Regional Pontal do Triangulo\" \/>\n<meta property=\"og:description\" content=\"Em um movimento articulado para fomentar o desenvolvimento econ\u00f4mico do Tri\u00e2ngulo Mineiro, a&nbsp;FIEMG Regional Pontal, o Sindicato das Ind\u00fastrias de Alimenta\u00e7\u00e3o de Ituiutaba (SIAP), o Sicoob e o Sebrae oficializaram nesta quarta-feira (29) o lan\u00e7amento da pr\u00f3xima edi\u00e7\u00e3o da Feira Sabores do Pontal + Dia de Cooperar. O evento est\u00e1 programado para os dias 8 [&hellip;]\" \/>\n<meta property=\"og:url\" content=\"https:\/\/www.fiemg.com.br\/regional-pontal-do-triangulo\/noticias\/a-2a-edicao-da-feira-sabores-do-pontal-foi-lancada-em-ituiutaba\/\" \/>\n<meta property=\"og:site_name\" content=\"Regional Pontal do Triangulo\" \/>\n<meta property=\"article:modified_time\" content=\"2026-04-30T19:21:54+00:00\" \/>\n<meta property=\"og:image\" content=\"https:\/\/www.fiemg.com.br\/regional-pontal-do-triangulo\/wp-content\/uploads\/sites\/18\/2026\/04\/Lancamento-sabores-.jpg\" \/>\n\t<meta property=\"og:image:width\" content=\"899\" \/>\n\t<meta property=\"og:image:height\" content=\"1136\" \/>\n\t<meta property=\"og:image:type\" content=\"image\/jpeg\" \/>\n<meta name=\"twitter:card\" content=\"summary_large_image\" \/>\n<meta name=\"twitter:label1\" content=\"Est. tempo de leitura\" \/>\n\t<meta name=\"twitter:data1\" content=\"3 minutos\" \/>\n<script type=\"application\/ld+json\" class=\"yoast-schema-graph\">{\"@context\":\"https:\/\/schema.org\",\"@graph\":[{\"@type\":\"WebPage\",\"@id\":\"https:\/\/www.fiemg.com.br\/regional-pontal-do-triangulo\/noticias\/a-2a-edicao-da-feira-sabores-do-pontal-foi-lancada-em-ituiutaba\/\",\"url\":\"https:\/\/www.fiemg.com.br\/regional-pontal-do-triangulo\/noticias\/a-2a-edicao-da-feira-sabores-do-pontal-foi-lancada-em-ituiutaba\/\",\"name\":\"A 2\u00aa edi\u00e7\u00e3o da Feira Sabores do Pontal foi lan\u00e7ada em Ituiutaba - Regional Pontal do Triangulo\",\"isPartOf\":{\"@id\":\"https:\/\/www.fiemg.com.br\/regional-pontal-do-triangulo\/#website\"},\"primaryImageOfPage\":{\"@id\":\"https:\/\/www.fiemg.com.br\/regional-pontal-do-triangulo\/noticias\/a-2a-edicao-da-feira-sabores-do-pontal-foi-lancada-em-ituiutaba\/#primaryimage\"},\"image\":{\"@id\":\"https:\/\/www.fiemg.com.br\/regional-pontal-do-triangulo\/noticias\/a-2a-edicao-da-feira-sabores-do-pontal-foi-lancada-em-ituiutaba\/#primaryimage\"},\"thumbnailUrl\":\"https:\/\/www.fiemg.com.br\/regional-pontal-do-triangulo\/wp-content\/uploads\/sites\/18\/2026\/04\/Lancamento-sabores-.jpg\",\"datePublished\":\"2026-04-30T17:59:18+00:00\",\"dateModified\":\"2026-04-30T19:21:54+00:00\",\"breadcrumb\":{\"@id\":\"https:\/\/www.fiemg.com.br\/regional-pontal-do-triangulo\/noticias\/a-2a-edicao-da-feira-sabores-do-pontal-foi-lancada-em-ituiutaba\/#breadcrumb\"},\"inLanguage\":\"pt-BR\",\"potentialAction\":[{\"@type\":\"ReadAction\",\"target\":[\"https:\/\/www.fiemg.com.br\/regional-pontal-do-triangulo\/noticias\/a-2a-edicao-da-feira-sabores-do-pontal-foi-lancada-em-ituiutaba\/\"]}]},{\"@type\":\"ImageObject\",\"inLanguage\":\"pt-BR\",\"@id\":\"https:\/\/www.fiemg.com.br\/regional-pontal-do-triangulo\/noticias\/a-2a-edicao-da-feira-sabores-do-pontal-foi-lancada-em-ituiutaba\/#primaryimage\",\"url\":\"https:\/\/www.fiemg.com.br\/regional-pontal-do-triangulo\/wp-content\/uploads\/sites\/18\/2026\/04\/Lancamento-sabores-.jpg\",\"contentUrl\":\"https:\/\/www.fiemg.com.br\/regional-pontal-do-triangulo\/wp-content\/uploads\/sites\/18\/2026\/04\/Lancamento-sabores-.jpg\",\"width\":899,\"height\":1136},{\"@type\":\"BreadcrumbList\",\"@id\":\"https:\/\/www.fiemg.com.br\/regional-pontal-do-triangulo\/noticias\/a-2a-edicao-da-feira-sabores-do-pontal-foi-lancada-em-ituiutaba\/#breadcrumb\",\"itemListElement\":[{\"@type\":\"ListItem\",\"position\":1,\"name\":\"In\u00edcio\",\"item\":\"https:\/\/www.fiemg.com.br\/regional-pontal-do-triangulo\/\"},{\"@type\":\"ListItem\",\"position\":2,\"name\":\"Desenvolvimento Industrial\",\"item\":\"https:\/\/www.fiemg.com.br\/regional-pontal-do-triangulo\/category\/desenvolvimento-industrial\/\"},{\"@type\":\"ListItem\",\"position\":3,\"name\":\"A 2\u00aa edi\u00e7\u00e3o da Feira Sabores do Pontal foi lan\u00e7ada em Ituiutaba\"}]},{\"@type\":\"WebSite\",\"@id\":\"https:\/\/www.fiemg.com.br\/regional-pontal-do-triangulo\/#website\",\"url\":\"https:\/\/www.fiemg.com.br\/regional-pontal-do-triangulo\/\",\"name\":\"Regional Pontal do Triangulo\",\"description\":\"Federa\u00e7\u00e3o das Ind\u00fastrias do Estado de Minas Gerais\",\"publisher\":{\"@id\":\"https:\/\/www.fiemg.com.br\/regional-pontal-do-triangulo\/#organization\"},\"potentialAction\":[{\"@type\":\"SearchAction\",\"target\":{\"@type\":\"EntryPoint\",\"urlTemplate\":\"https:\/\/www.fiemg.com.br\/regional-pontal-do-triangulo\/?s={search_term_string}\"},\"query-input\":{\"@type\":\"PropertyValueSpecification\",\"valueRequired\":true,\"valueName\":\"search_term_string\"}}],\"inLanguage\":\"pt-BR\"},{\"@type\":\"Organization\",\"@id\":\"https:\/\/www.fiemg.com.br\/regional-pontal-do-triangulo\/#organization\",\"name\":\"Regional Pontal do Triangulo\",\"url\":\"https:\/\/www.fiemg.com.br\/regional-pontal-do-triangulo\/\",\"logo\":{\"@type\":\"ImageObject\",\"inLanguage\":\"pt-BR\",\"@id\":\"https:\/\/www.fiemg.com.br\/regional-pontal-do-triangulo\/#\/schema\/logo\/image\/\",\"url\":\"https:\/\/www.fiemg.com.br\/regional-pontal-do-triangulo\/wp-content\/uploads\/sites\/18\/2023\/02\/Ativo-1.png\",\"contentUrl\":\"https:\/\/www.fiemg.com.br\/regional-pontal-do-triangulo\/wp-content\/uploads\/sites\/18\/2023\/02\/Ativo-1.png\",\"width\":563,\"height\":149,\"caption\":\"Regional Pontal do Triangulo\"},\"image\":{\"@id\":\"https:\/\/www.fiemg.com.br\/regional-pontal-do-triangulo\/#\/schema\/logo\/image\/\"}}]}<\/script>\n<!-- \/ Yoast SEO plugin. -->","yoast_head_json":{"title":"A 2\u00aa edi\u00e7\u00e3o da Feira Sabores do Pontal foi lan\u00e7ada em Ituiutaba - Regional Pontal do Triangulo","robots":{"index":"index","follow":"follow","max-snippet":"max-snippet:-1","max-image-preview":"max-image-preview:large","max-video-preview":"max-video-preview:-1"},"canonical":"https:\/\/www.fiemg.com.br\/regional-pontal-do-triangulo\/noticias\/a-2a-edicao-da-feira-sabores-do-pontal-foi-lancada-em-ituiutaba\/","og_locale":"pt_BR","og_type":"article","og_title":"A 2\u00aa edi\u00e7\u00e3o da Feira Sabores do Pontal foi lan\u00e7ada em Ituiutaba - Regional Pontal do Triangulo","og_description":"Em um movimento articulado para fomentar o desenvolvimento econ\u00f4mico do Tri\u00e2ngulo Mineiro, a&nbsp;FIEMG Regional Pontal, o Sindicato das Ind\u00fastrias de Alimenta\u00e7\u00e3o de Ituiutaba (SIAP), o Sicoob e o Sebrae oficializaram nesta quarta-feira (29) o lan\u00e7amento da pr\u00f3xima edi\u00e7\u00e3o da Feira Sabores do Pontal + Dia de Cooperar. O evento est\u00e1 programado para os dias 8 [&hellip;]","og_url":"https:\/\/www.fiemg.com.br\/regional-pontal-do-triangulo\/noticias\/a-2a-edicao-da-feira-sabores-do-pontal-foi-lancada-em-ituiutaba\/","og_site_name":"Regional Pontal do Triangulo","article_modified_time":"2026-04-30T19:21:54+00:00","og_image":[{"width":899,"height":1136,"url":"https:\/\/www.fiemg.com.br\/regional-pontal-do-triangulo\/wp-content\/uploads\/sites\/18\/2026\/04\/Lancamento-sabores-.jpg","type":"image\/jpeg"}],"twitter_card":"summary_large_image","twitter_misc":{"Est. tempo de leitura":"3 minutos"},"schema":{"@context":"https:\/\/schema.org","@graph":[{"@type":"WebPage","@id":"https:\/\/www.fiemg.com.br\/regional-pontal-do-triangulo\/noticias\/a-2a-edicao-da-feira-sabores-do-pontal-foi-lancada-em-ituiutaba\/","url":"https:\/\/www.fiemg.com.br\/regional-pontal-do-triangulo\/noticias\/a-2a-edicao-da-feira-sabores-do-pontal-foi-lancada-em-ituiutaba\/","name":"A 2\u00aa edi\u00e7\u00e3o da Feira Sabores do Pontal foi lan\u00e7ada em Ituiutaba - Regional Pontal do Triangulo","isPartOf":{"@id":"https:\/\/www.fiemg.com.br\/regional-pontal-do-triangulo\/#website"},"primaryImageOfPage":{"@id":"https:\/\/www.fiemg.com.br\/regional-pontal-do-triangulo\/noticias\/a-2a-edicao-da-feira-sabores-do-pontal-foi-lancada-em-ituiutaba\/#primaryimage"},"image":{"@id":"https:\/\/www.fiemg.com.br\/regional-pontal-do-triangulo\/noticias\/a-2a-edicao-da-feira-sabores-do-pontal-foi-lancada-em-ituiutaba\/#primaryimage"},"thumbnailUrl":"https:\/\/www.fiemg.com.br\/regional-pontal-do-triangulo\/wp-content\/uploads\/sites\/18\/2026\/04\/Lancamento-sabores-.jpg","datePublished":"2026-04-30T17:59:18+00:00","dateModified":"2026-04-30T19:21:54+00:00","breadcrumb":{"@id":"https:\/\/www.fiemg.com.br\/regional-pontal-do-triangulo\/noticias\/a-2a-edicao-da-feira-sabores-do-pontal-foi-lancada-em-ituiutaba\/#breadcrumb"},"inLanguage":"pt-BR","potentialAction":[{"@type":"ReadAction","target":["https:\/\/www.fiemg.com.br\/regional-pontal-do-triangulo\/noticias\/a-2a-edicao-da-feira-sabores-do-pontal-foi-lancada-em-ituiutaba\/"]}]},{"@type":"ImageObject","inLanguage":"pt-BR","@id":"https:\/\/www.fiemg.com.br\/regional-pontal-do-triangulo\/noticias\/a-2a-edicao-da-feira-sabores-do-pontal-foi-lancada-em-ituiutaba\/#primaryimage","url":"https:\/\/www.fiemg.com.br\/regional-pontal-do-triangulo\/wp-content\/uploads\/sites\/18\/2026\/04\/Lancamento-sabores-.jpg","contentUrl":"https:\/\/www.fiemg.com.br\/regional-pontal-do-triangulo\/wp-content\/uploads\/sites\/18\/2026\/04\/Lancamento-sabores-.jpg","width":899,"height":1136},{"@type":"BreadcrumbList","@id":"https:\/\/www.fiemg.com.br\/regional-pontal-do-triangulo\/noticias\/a-2a-edicao-da-feira-sabores-do-pontal-foi-lancada-em-ituiutaba\/#breadcrumb","itemListElement":[{"@type":"ListItem","position":1,"name":"In\u00edcio","item":"https:\/\/www.fiemg.com.br\/regional-pontal-do-triangulo\/"},{"@type":"ListItem","position":2,"name":"Desenvolvimento Industrial","item":"https:\/\/www.fiemg.com.br\/regional-pontal-do-triangulo\/category\/desenvolvimento-industrial\/"},{"@type":"ListItem","position":3,"name":"A 2\u00aa edi\u00e7\u00e3o da Feira Sabores do Pontal foi lan\u00e7ada em Ituiutaba"}]},{"@type":"WebSite","@id":"https:\/\/www.fiemg.com.br\/regional-pontal-do-triangulo\/#website","url":"https:\/\/www.fiemg.com.br\/regional-pontal-do-triangulo\/","name":"Regional Pontal do Triangulo","description":"Federa\u00e7\u00e3o das Ind\u00fastrias do Estado de Minas Gerais","publisher":{"@id":"https:\/\/www.fiemg.com.br\/regional-pontal-do-triangulo\/#organization"},"potentialAction":[{"@type":"SearchAction","target":{"@type":"EntryPoint","urlTemplate":"https:\/\/www.fiemg.com.br\/regional-pontal-do-triangulo\/?s={search_term_string}"},"query-input":{"@type":"PropertyValueSpecification","valueRequired":true,"valueName":"search_term_string"}}],"inLanguage":"pt-BR"},{"@type":"Organization","@id":"https:\/\/www.fiemg.com.br\/regional-pontal-do-triangulo\/#organization","name":"Regional Pontal do Triangulo","url":"https:\/\/www.fiemg.com.br\/regional-pontal-do-triangulo\/","logo":{"@type":"ImageObject","inLanguage":"pt-BR","@id":"https:\/\/www.fiemg.com.br\/regional-pontal-do-triangulo\/#\/schema\/logo\/image\/","url":"https:\/\/www.fiemg.com.br\/regional-pontal-do-triangulo\/wp-content\/uploads\/sites\/18\/2023\/02\/Ativo-1.png","contentUrl":"https:\/\/www.fiemg.com.br\/regional-pontal-do-triangulo\/wp-content\/uploads\/sites\/18\/2023\/02\/Ativo-1.png","width":563,"height":149,"caption":"Regional Pontal do Triangulo"},"image":{"@id":"https:\/\/www.fiemg.com.br\/regional-pontal-do-triangulo\/#\/schema\/logo\/image\/"}}]}},"_links":{"self":[{"href":"https:\/\/www.fiemg.com.br\/regional-pontal-do-triangulo\/wp-json\/wp\/v2\/noticias\/2366","targetHints":{"allow":["GET"]}}],"collection":[{"href":"https:\/\/www.fiemg.com.br\/regional-pontal-do-triangulo\/wp-json\/wp\/v2\/noticias"}],"about":[{"href":"https:\/\/www.fiemg.com.br\/regional-pontal-do-triangulo\/wp-json\/wp\/v2\/types\/noticias"}],"wp:featuredmedia":[{"embeddable":true,"href":"https:\/\/www.fiemg.com.br\/regional-pontal-do-triangulo\/wp-json\/wp\/v2\/media\/2367"}],"wp:attachment":[{"href":"https:\/\/www.fiemg.com.br\/regional-pontal-do-triangulo\/wp-json\/wp\/v2\/media?parent=2366"}],"wp:term":[{"taxonomy":"category","embeddable":true,"href":"https:\/\/www.fiemg.com.br\/regional-pontal-do-triangulo\/wp-json\/wp\/v2\/categories?post=2366"},{"taxonomy":"post_tag","embeddable":true,"href":"https:\/\/www.fiemg.com.br\/regional-pontal-do-triangulo\/wp-json\/wp\/v2\/tags?post=2366"}],"curies":[{"name":"wp","href":"https:\/\/api.w.org\/{rel}","templated":true}]}}