{"id":1515,"date":"2023-08-29T17:34:49","date_gmt":"2023-08-29T20:34:49","guid":{"rendered":""},"modified":"2023-08-29T17:34:49","modified_gmt":"2023-08-29T20:34:49","slug":"imersao-industria-ingressos-com-desconto-de-15-terminam-na-quinta-feira-31","status":"publish","type":"noticias","link":"https:\/\/www.fiemg.com.br\/regional-rio-doce\/noticias\/imersao-industria-ingressos-com-desconto-de-15-terminam-na-quinta-feira-31\/","title":{"rendered":"Imers\u00e3o Ind\u00fastria: ingressos com desconto de 15% terminam na quinta-feira, 31"},"content":{"rendered":"\n<p>Se voc\u00ea ainda n\u00e3o garantiu ingresso com desconto para participar do evento mais importante do setor produtivo de Minas Gerais, ainda est\u00e1 em tempo. At\u00e9 quinta-feira (31\/8), o passaporte para os quatro dias da segunda edi\u00e7\u00e3o do Imers\u00e3o Ind\u00fastria 2023 ou para datas separadas podem ser adquiridos com redu\u00e7\u00e3o de 15% em rela\u00e7\u00e3o ao valor inteiro e saem por R$ 300 e R$ 127,50, respectivamente.  <\/p>\n\n\n\n<div class=\"wp-block-buttons is-layout-flex wp-block-buttons-is-layout-flex\">\n<div class=\"wp-block-button has-custom-width wp-block-button__width-100 has-custom-font-size is-style-fill has-medium-font-size\"><a class=\"wp-block-button__link has-midnight-gradient-background has-background wp-element-button\" href=\"https:\/\/www.sympla.com.br\/evento\/imersao-industria-gestao-e-competitividade-no-seu-negocio\/1949262?utm_source=portal&amp;utm_medium=giga.banner&amp;utm_campaign=prevenda&amp;utm_content=\" style=\"border-radius:42px\" target=\"_blank\" rel=\"noreferrer noopener\">Adquira o seu ingresso!<\/a><\/div>\n<\/div>\n\n\n\n<p>O Imers\u00e3o acontece de 23 e 26 de outubro, no Minascentro, em Belo Horizonte, e est\u00e3o previstos mais de 50 pain\u00e9is e a participa\u00e7\u00e3o de mais 70 de profissionais, entre especialistas e debatedores. Danilo Gentili, comediante, apresentador, escritor, rep\u00f3rter e empres\u00e1rio, e Samy Dana, economista e comentarista da Jovem Pan j\u00e1 est\u00e3o confirmados.<\/p>\n\n\n\n<p>Mais robusto, o Imers\u00e3o Ind\u00fastria segue inovador e aderente com temas relevantes e atuais que permeiam o setor produtivo, tendo como objetivo gerar conex\u00f5es, compartilhar conhecimentos e experi\u00eancias e fomentar neg\u00f3cios e parceria.<\/p>\n\n\n\n<p>\u201cGest\u00e3o e competitividade no seu neg\u00f3cio\u201d \u00e9 o tema principal desta edi\u00e7\u00e3o, que vai promover debates sobre tem\u00e1ticas estrat\u00e9gicas, como negocia\u00e7\u00e3o coletiva, energia, meio ambiente e impactos tribut\u00e1rios, economia voltada para os neg\u00f3cios, micro e pequena empresa, ESG, intelig\u00eancia artificial, gest\u00e3o e lideran\u00e7a. O evento \u00e9 voltado a empres\u00e1rios, profissionais liberais, integrantes do poder p\u00fablico, sindicatos industriais e demais interessados<\/p>\n\n\n\n<p>O Imers\u00e3o tem o patroc\u00ednio master da Herculano Minera\u00e7\u00e3o, Arcelor, Matrix e Gerdau. Cedro, Sicoob CrediFiemg e Sicoob CrediMinas e Vale s\u00e3o os patrocinadores ouro e a BAT, Cemig, Gasmig, BEMISA, Shell, patrocinadores pratas. O apoio \u00e9 da Energisa, J Mendes, CMU Energia, Rede 98, Itatiaia, Una e Sebrae.<br><br><em>Rafael Passos<br><\/em><strong>Imprensa FIEMG<\/strong><\/p>\n","protected":false},"featured_media":1501,"template":"","categories":[],"tags":[],"class_list":["post-1515","noticias","type-noticias","status-publish","has-post-thumbnail","hentry"],"acf":[],"yoast_head":"<!-- This site is optimized with the Yoast SEO plugin v26.2 - https:\/\/yoast.com\/wordpress\/plugins\/seo\/ -->\n<title>Imers\u00e3o Ind\u00fastria: ingressos com desconto de 15% terminam na quinta-feira, 31 - Regional Rio doce<\/title>\n<meta name=\"robots\" content=\"index, follow, max-snippet:-1, max-image-preview:large, max-video-preview:-1\" \/>\n<link rel=\"canonical\" href=\"https:\/\/www.fiemg.com.br\/regional-rio-doce\/noticias\/imersao-industria-ingressos-com-desconto-de-15-terminam-na-quinta-feira-31\/\" \/>\n<meta property=\"og:locale\" content=\"pt_BR\" \/>\n<meta property=\"og:type\" content=\"article\" \/>\n<meta property=\"og:title\" content=\"Imers\u00e3o Ind\u00fastria: ingressos com desconto de 15% terminam na quinta-feira, 31 - Regional Rio doce\" \/>\n<meta property=\"og:description\" content=\"Se voc\u00ea ainda n\u00e3o garantiu ingresso com desconto para participar do evento mais importante do setor produtivo de Minas Gerais, ainda est\u00e1 em tempo. At\u00e9 quinta-feira (31\/8), o passaporte para os quatro dias da segunda edi\u00e7\u00e3o do Imers\u00e3o Ind\u00fastria 2023 ou para datas separadas podem ser adquiridos com redu\u00e7\u00e3o de 15% em rela\u00e7\u00e3o ao valor [&hellip;]\" \/>\n<meta property=\"og:url\" content=\"https:\/\/www.fiemg.com.br\/regional-rio-doce\/noticias\/imersao-industria-ingressos-com-desconto-de-15-terminam-na-quinta-feira-31\/\" \/>\n<meta property=\"og:site_name\" content=\"Regional Rio doce\" \/>\n<meta property=\"og:image\" content=\"https:\/\/www.fiemg.com.br\/regional-rio-doce\/wp-content\/uploads\/sites\/19\/2023\/08\/default.png\" \/>\n\t<meta property=\"og:image:width\" content=\"300\" \/>\n\t<meta property=\"og:image:height\" content=\"300\" \/>\n\t<meta property=\"og:image:type\" content=\"image\/png\" \/>\n<meta name=\"twitter:card\" content=\"summary_large_image\" \/>\n<meta name=\"twitter:label1\" content=\"Est. tempo de leitura\" \/>\n\t<meta name=\"twitter:data1\" content=\"1 minuto\" \/>\n<script type=\"application\/ld+json\" class=\"yoast-schema-graph\">{\"@context\":\"https:\/\/schema.org\",\"@graph\":[{\"@type\":\"WebPage\",\"@id\":\"https:\/\/www.fiemg.com.br\/regional-rio-doce\/noticias\/imersao-industria-ingressos-com-desconto-de-15-terminam-na-quinta-feira-31\/\",\"url\":\"https:\/\/www.fiemg.com.br\/regional-rio-doce\/noticias\/imersao-industria-ingressos-com-desconto-de-15-terminam-na-quinta-feira-31\/\",\"name\":\"Imers\u00e3o Ind\u00fastria: ingressos com desconto de 15% terminam na quinta-feira, 31 - Regional Rio doce\",\"isPartOf\":{\"@id\":\"https:\/\/www.fiemg.com.br\/regional-rio-doce\/#website\"},\"primaryImageOfPage\":{\"@id\":\"https:\/\/www.fiemg.com.br\/regional-rio-doce\/noticias\/imersao-industria-ingressos-com-desconto-de-15-terminam-na-quinta-feira-31\/#primaryimage\"},\"image\":{\"@id\":\"https:\/\/www.fiemg.com.br\/regional-rio-doce\/noticias\/imersao-industria-ingressos-com-desconto-de-15-terminam-na-quinta-feira-31\/#primaryimage\"},\"thumbnailUrl\":\"https:\/\/www.fiemg.com.br\/regional-rio-doce\/wp-content\/uploads\/sites\/19\/2023\/08\/default.png\",\"datePublished\":\"2023-08-29T20:34:49+00:00\",\"breadcrumb\":{\"@id\":\"https:\/\/www.fiemg.com.br\/regional-rio-doce\/noticias\/imersao-industria-ingressos-com-desconto-de-15-terminam-na-quinta-feira-31\/#breadcrumb\"},\"inLanguage\":\"pt-BR\",\"potentialAction\":[{\"@type\":\"ReadAction\",\"target\":[\"https:\/\/www.fiemg.com.br\/regional-rio-doce\/noticias\/imersao-industria-ingressos-com-desconto-de-15-terminam-na-quinta-feira-31\/\"]}]},{\"@type\":\"ImageObject\",\"inLanguage\":\"pt-BR\",\"@id\":\"https:\/\/www.fiemg.com.br\/regional-rio-doce\/noticias\/imersao-industria-ingressos-com-desconto-de-15-terminam-na-quinta-feira-31\/#primaryimage\",\"url\":\"https:\/\/www.fiemg.com.br\/regional-rio-doce\/wp-content\/uploads\/sites\/19\/2023\/08\/default.png\",\"contentUrl\":\"https:\/\/www.fiemg.com.br\/regional-rio-doce\/wp-content\/uploads\/sites\/19\/2023\/08\/default.png\",\"width\":300,\"height\":300},{\"@type\":\"BreadcrumbList\",\"@id\":\"https:\/\/www.fiemg.com.br\/regional-rio-doce\/noticias\/imersao-industria-ingressos-com-desconto-de-15-terminam-na-quinta-feira-31\/#breadcrumb\",\"itemListElement\":[{\"@type\":\"ListItem\",\"position\":1,\"name\":\"In\u00edcio\",\"item\":\"https:\/\/www.fiemg.com.br\/regional-rio-doce\/\"},{\"@type\":\"ListItem\",\"position\":2,\"name\":\"Imers\u00e3o Ind\u00fastria: ingressos com desconto de 15% terminam na quinta-feira, 31\"}]},{\"@type\":\"WebSite\",\"@id\":\"https:\/\/www.fiemg.com.br\/regional-rio-doce\/#website\",\"url\":\"https:\/\/www.fiemg.com.br\/regional-rio-doce\/\",\"name\":\"Regional Rio doce\",\"description\":\"Federa\u00e7\u00e3o das Ind\u00fastrias do Estado de Minas Gerais\",\"publisher\":{\"@id\":\"https:\/\/www.fiemg.com.br\/regional-rio-doce\/#organization\"},\"potentialAction\":[{\"@type\":\"SearchAction\",\"target\":{\"@type\":\"EntryPoint\",\"urlTemplate\":\"https:\/\/www.fiemg.com.br\/regional-rio-doce\/?s={search_term_string}\"},\"query-input\":{\"@type\":\"PropertyValueSpecification\",\"valueRequired\":true,\"valueName\":\"search_term_string\"}}],\"inLanguage\":\"pt-BR\"},{\"@type\":\"Organization\",\"@id\":\"https:\/\/www.fiemg.com.br\/regional-rio-doce\/#organization\",\"name\":\"Regional Rio doce\",\"url\":\"https:\/\/www.fiemg.com.br\/regional-rio-doce\/\",\"logo\":{\"@type\":\"ImageObject\",\"inLanguage\":\"pt-BR\",\"@id\":\"https:\/\/www.fiemg.com.br\/regional-rio-doce\/#\/schema\/logo\/image\/\",\"url\":\"https:\/\/www.fiemg.com.br\/regional-rio-doce\/wp-content\/uploads\/sites\/19\/2023\/02\/Ativo-1.png\",\"contentUrl\":\"https:\/\/www.fiemg.com.br\/regional-rio-doce\/wp-content\/uploads\/sites\/19\/2023\/02\/Ativo-1.png\",\"width\":563,\"height\":149,\"caption\":\"Regional Rio doce\"},\"image\":{\"@id\":\"https:\/\/www.fiemg.com.br\/regional-rio-doce\/#\/schema\/logo\/image\/\"}}]}<\/script>\n<!-- \/ Yoast SEO plugin. -->","yoast_head_json":{"title":"Imers\u00e3o Ind\u00fastria: ingressos com desconto de 15% terminam na quinta-feira, 31 - Regional Rio doce","robots":{"index":"index","follow":"follow","max-snippet":"max-snippet:-1","max-image-preview":"max-image-preview:large","max-video-preview":"max-video-preview:-1"},"canonical":"https:\/\/www.fiemg.com.br\/regional-rio-doce\/noticias\/imersao-industria-ingressos-com-desconto-de-15-terminam-na-quinta-feira-31\/","og_locale":"pt_BR","og_type":"article","og_title":"Imers\u00e3o Ind\u00fastria: ingressos com desconto de 15% terminam na quinta-feira, 31 - Regional Rio doce","og_description":"Se voc\u00ea ainda n\u00e3o garantiu ingresso com desconto para participar do evento mais importante do setor produtivo de Minas Gerais, ainda est\u00e1 em tempo. At\u00e9 quinta-feira (31\/8), o passaporte para os quatro dias da segunda edi\u00e7\u00e3o do Imers\u00e3o Ind\u00fastria 2023 ou para datas separadas podem ser adquiridos com redu\u00e7\u00e3o de 15% em rela\u00e7\u00e3o ao valor [&hellip;]","og_url":"https:\/\/www.fiemg.com.br\/regional-rio-doce\/noticias\/imersao-industria-ingressos-com-desconto-de-15-terminam-na-quinta-feira-31\/","og_site_name":"Regional Rio doce","og_image":[{"width":300,"height":300,"url":"https:\/\/www.fiemg.com.br\/regional-rio-doce\/wp-content\/uploads\/sites\/19\/2023\/08\/default.png","type":"image\/png"}],"twitter_card":"summary_large_image","twitter_misc":{"Est. tempo de leitura":"1 minuto"},"schema":{"@context":"https:\/\/schema.org","@graph":[{"@type":"WebPage","@id":"https:\/\/www.fiemg.com.br\/regional-rio-doce\/noticias\/imersao-industria-ingressos-com-desconto-de-15-terminam-na-quinta-feira-31\/","url":"https:\/\/www.fiemg.com.br\/regional-rio-doce\/noticias\/imersao-industria-ingressos-com-desconto-de-15-terminam-na-quinta-feira-31\/","name":"Imers\u00e3o Ind\u00fastria: ingressos com desconto de 15% terminam na quinta-feira, 31 - Regional Rio doce","isPartOf":{"@id":"https:\/\/www.fiemg.com.br\/regional-rio-doce\/#website"},"primaryImageOfPage":{"@id":"https:\/\/www.fiemg.com.br\/regional-rio-doce\/noticias\/imersao-industria-ingressos-com-desconto-de-15-terminam-na-quinta-feira-31\/#primaryimage"},"image":{"@id":"https:\/\/www.fiemg.com.br\/regional-rio-doce\/noticias\/imersao-industria-ingressos-com-desconto-de-15-terminam-na-quinta-feira-31\/#primaryimage"},"thumbnailUrl":"https:\/\/www.fiemg.com.br\/regional-rio-doce\/wp-content\/uploads\/sites\/19\/2023\/08\/default.png","datePublished":"2023-08-29T20:34:49+00:00","breadcrumb":{"@id":"https:\/\/www.fiemg.com.br\/regional-rio-doce\/noticias\/imersao-industria-ingressos-com-desconto-de-15-terminam-na-quinta-feira-31\/#breadcrumb"},"inLanguage":"pt-BR","potentialAction":[{"@type":"ReadAction","target":["https:\/\/www.fiemg.com.br\/regional-rio-doce\/noticias\/imersao-industria-ingressos-com-desconto-de-15-terminam-na-quinta-feira-31\/"]}]},{"@type":"ImageObject","inLanguage":"pt-BR","@id":"https:\/\/www.fiemg.com.br\/regional-rio-doce\/noticias\/imersao-industria-ingressos-com-desconto-de-15-terminam-na-quinta-feira-31\/#primaryimage","url":"https:\/\/www.fiemg.com.br\/regional-rio-doce\/wp-content\/uploads\/sites\/19\/2023\/08\/default.png","contentUrl":"https:\/\/www.fiemg.com.br\/regional-rio-doce\/wp-content\/uploads\/sites\/19\/2023\/08\/default.png","width":300,"height":300},{"@type":"BreadcrumbList","@id":"https:\/\/www.fiemg.com.br\/regional-rio-doce\/noticias\/imersao-industria-ingressos-com-desconto-de-15-terminam-na-quinta-feira-31\/#breadcrumb","itemListElement":[{"@type":"ListItem","position":1,"name":"In\u00edcio","item":"https:\/\/www.fiemg.com.br\/regional-rio-doce\/"},{"@type":"ListItem","position":2,"name":"Imers\u00e3o Ind\u00fastria: ingressos com desconto de 15% terminam na quinta-feira, 31"}]},{"@type":"WebSite","@id":"https:\/\/www.fiemg.com.br\/regional-rio-doce\/#website","url":"https:\/\/www.fiemg.com.br\/regional-rio-doce\/","name":"Regional Rio doce","description":"Federa\u00e7\u00e3o das Ind\u00fastrias do Estado de Minas Gerais","publisher":{"@id":"https:\/\/www.fiemg.com.br\/regional-rio-doce\/#organization"},"potentialAction":[{"@type":"SearchAction","target":{"@type":"EntryPoint","urlTemplate":"https:\/\/www.fiemg.com.br\/regional-rio-doce\/?s={search_term_string}"},"query-input":{"@type":"PropertyValueSpecification","valueRequired":true,"valueName":"search_term_string"}}],"inLanguage":"pt-BR"},{"@type":"Organization","@id":"https:\/\/www.fiemg.com.br\/regional-rio-doce\/#organization","name":"Regional Rio doce","url":"https:\/\/www.fiemg.com.br\/regional-rio-doce\/","logo":{"@type":"ImageObject","inLanguage":"pt-BR","@id":"https:\/\/www.fiemg.com.br\/regional-rio-doce\/#\/schema\/logo\/image\/","url":"https:\/\/www.fiemg.com.br\/regional-rio-doce\/wp-content\/uploads\/sites\/19\/2023\/02\/Ativo-1.png","contentUrl":"https:\/\/www.fiemg.com.br\/regional-rio-doce\/wp-content\/uploads\/sites\/19\/2023\/02\/Ativo-1.png","width":563,"height":149,"caption":"Regional Rio doce"},"image":{"@id":"https:\/\/www.fiemg.com.br\/regional-rio-doce\/#\/schema\/logo\/image\/"}}]}},"_links":{"self":[{"href":"https:\/\/www.fiemg.com.br\/regional-rio-doce\/wp-json\/wp\/v2\/noticias\/1515","targetHints":{"allow":["GET"]}}],"collection":[{"href":"https:\/\/www.fiemg.com.br\/regional-rio-doce\/wp-json\/wp\/v2\/noticias"}],"about":[{"href":"https:\/\/www.fiemg.com.br\/regional-rio-doce\/wp-json\/wp\/v2\/types\/noticias"}],"wp:featuredmedia":[{"embeddable":true,"href":"https:\/\/www.fiemg.com.br\/regional-rio-doce\/wp-json\/wp\/v2\/media\/1501"}],"wp:attachment":[{"href":"https:\/\/www.fiemg.com.br\/regional-rio-doce\/wp-json\/wp\/v2\/media?parent=1515"}],"wp:term":[{"taxonomy":"category","embeddable":true,"href":"https:\/\/www.fiemg.com.br\/regional-rio-doce\/wp-json\/wp\/v2\/categories?post=1515"},{"taxonomy":"post_tag","embeddable":true,"href":"https:\/\/www.fiemg.com.br\/regional-rio-doce\/wp-json\/wp\/v2\/tags?post=1515"}],"curies":[{"name":"wp","href":"https:\/\/api.w.org\/{rel}","templated":true}]}}