{"id":1704,"date":"2024-04-05T15:55:13","date_gmt":"2024-04-05T18:55:13","guid":{"rendered":"https:\/\/www.fiemg.com.br\/regional-rio-doce\/noticias\/fiemg-regional-rio-doce-apoia-eventos-que-homenagearam-as-mulheres\/"},"modified":"2024-04-05T15:55:13","modified_gmt":"2024-04-05T18:55:13","slug":"fiemg-regional-rio-doce-apoia-eventos-que-homenagearam-as-mulheres","status":"publish","type":"noticias","link":"https:\/\/www.fiemg.com.br\/regional-rio-doce\/noticias\/fiemg-regional-rio-doce-apoia-eventos-que-homenagearam-as-mulheres\/","title":{"rendered":"FIEMG Regional Rio Doce apoia eventos que homenagearam as mulheres"},"content":{"rendered":"\n<p>Em 23 de mar\u00e7o, a Casa do M\u00e9dico, em Governador Valadares recebeu a 2\u00aa Conex\u00e3o Elas, evento dedicado ao empoderamento feminino e \u00e0 promo\u00e7\u00e3o da igualdade de g\u00eanero. Sob um clima de inspira\u00e7\u00e3o e motiva\u00e7\u00e3o, palestrantes compartilharam suas experi\u00eancias e ideias sobre o papel da mulher na sociedade e no mundo corporativo.<\/p>\n\n\n\n<p>&nbsp;O Conex\u00e3o Elas contou com a presen\u00e7a de um p\u00fablico diversificado, composto por mulheres l\u00edderes, empreendedoras, profissionais de diversas \u00e1reas e entusiastas da causa feminina. A palestrante Alessandra Alkmim falou sobre o tema \u201cDesperte a l\u00edder poderosa que existe em voc\u00ea&#8221; e inspirou a plateia a buscar constantemente crescimento pessoal e profissional e incentivou as mulheres a assumirem seu lugar de destaque nos mais diversos campos de atua\u00e7\u00e3o.<\/p>\n\n\n\n<p>Fabiana Schimitz, com a palestra &#8220;Mulheres em rede: O poder das conex\u00f5es&#8221;, destacou a import\u00e2ncia de construir e fortalecer redes de apoio a mulheres, criando la\u00e7os que impulsionam o crescimento e o sucesso de todas.<\/p>\n\n\n\n<p>&nbsp;Al\u00e9m das palestras, o evento tamb\u00e9m ofereceu momentos de networking e intera\u00e7\u00e3o entre os participantes, possibilitando trocas de experi\u00eancias e o estabelecimento de novas conex\u00f5es profissionais e pessoais.<\/p>\n\n\n\n<p>&#8220;A participa\u00e7\u00e3o da FIEMG no evento foi de extrema import\u00e2ncia, pois demonstra o compromisso da entidade com a promo\u00e7\u00e3o da igualdade de g\u00eanero e o empoderamento feminino. Al\u00e9m disso, tivemos a oportunidade n\u00e3o apenas de compartilhar nossos valores e iniciativas nesse sentido, mas tamb\u00e9m de aprender com outras institui\u00e7\u00f5es e indiv\u00edduos engajados na mesma causa\u201d, destacou Daniela Carvalho, analista de Servi\u00e7os Corporativos da FIEMG. <\/p>\n\n\n\n<p>A FIEMG Regional Rio Doce apoiou o 1\u00ba Simp\u00f3sio da Mulher, promovido pela Associa\u00e7\u00e3o dos Munic\u00edpios da Microrregi\u00e3o Leste de Minas (Assoleste), que foi realizado na ter\u00e7a-feira (2\/4), na Universidade Vale do Rio Doce. O evento debateu pautas relacionadas a mulher, como viol\u00eancia dom\u00e9stica, e teve a presen\u00e7a empres\u00e1rias e, entre elas, Luiza Trajano, presidente do Conselho de Administra\u00e7\u00e3o da Magazine Luiza, representantes do poder p\u00fablico, servidoras p\u00fablicas, al\u00e9m de conselheiras do Direito da Mulher em Governador Valadares.<br><br><em>Com informa\u00e7\u00f5es do Jornal da Cidade<\/em><\/p>\n\n\n\n<figure class=\"wp-block-image aligncenter size-large\"><img fetchpriority=\"high\" decoding=\"async\" width=\"1024\" height=\"396\" src=\"https:\/\/www.fiemg.com.br\/regional-rio-doce\/wp-content\/uploads\/sites\/19\/2024\/04\/mulheres_interna_1-1024x396.jpeg\" alt=\"FIEMG Regional Rio Doce apoia eventos que homenagem ao Dia Internacional das Mulheres\" class=\"wp-image-1705\" srcset=\"https:\/\/www.fiemg.com.br\/regional-rio-doce\/wp-content\/uploads\/sites\/19\/2024\/04\/mulheres_interna_1-1024x396.jpeg 1024w, https:\/\/www.fiemg.com.br\/regional-rio-doce\/wp-content\/uploads\/sites\/19\/2024\/04\/mulheres_interna_1-300x116.jpeg 300w, https:\/\/www.fiemg.com.br\/regional-rio-doce\/wp-content\/uploads\/sites\/19\/2024\/04\/mulheres_interna_1-768x297.jpeg 768w, https:\/\/www.fiemg.com.br\/regional-rio-doce\/wp-content\/uploads\/sites\/19\/2024\/04\/mulheres_interna_1.jpeg 1080w\" sizes=\"(max-width: 1024px) 100vw, 1024px\" \/><\/figure>\n","protected":false},"featured_media":1706,"template":"","categories":[15],"tags":[148,124,149,99],"class_list":["post-1704","noticias","type-noticias","status-publish","has-post-thumbnail","hentry","category-desenvolvimento-industrial","tag-dia-das-mulheres","tag-fiemg-regional-rio-doce","tag-homenagem","tag-industria"],"acf":[],"yoast_head":"<!-- This site is optimized with the Yoast SEO plugin v26.2 - https:\/\/yoast.com\/wordpress\/plugins\/seo\/ -->\n<title>FIEMG Regional Rio Doce apoia eventos que homenagearam as mulheres - Regional Rio doce<\/title>\n<meta name=\"description\" content=\"Segunda edi\u00e7\u00e3o do Conex\u00e3o Elas e simp\u00f3sio debateram temas importantes da pauta feminina\" \/>\n<meta name=\"robots\" content=\"index, follow, max-snippet:-1, max-image-preview:large, max-video-preview:-1\" \/>\n<link rel=\"canonical\" href=\"https:\/\/www.fiemg.com.br\/regional-rio-doce\/noticias\/fiemg-regional-rio-doce-apoia-eventos-que-homenagearam-as-mulheres\/\" \/>\n<meta property=\"og:locale\" content=\"pt_BR\" \/>\n<meta property=\"og:type\" content=\"article\" \/>\n<meta property=\"og:title\" content=\"FIEMG Regional Rio Doce apoia eventos que homenagearam as mulheres - Regional Rio doce\" \/>\n<meta property=\"og:description\" content=\"Segunda edi\u00e7\u00e3o do Conex\u00e3o Elas e simp\u00f3sio debateram temas importantes da pauta feminina\" \/>\n<meta property=\"og:url\" content=\"https:\/\/www.fiemg.com.br\/regional-rio-doce\/noticias\/fiemg-regional-rio-doce-apoia-eventos-que-homenagearam-as-mulheres\/\" \/>\n<meta property=\"og:site_name\" content=\"Regional Rio doce\" \/>\n<meta property=\"og:image\" content=\"https:\/\/www.fiemg.com.br\/regional-rio-doce\/wp-content\/uploads\/sites\/19\/2024\/04\/luiza-trajno.jpeg\" \/>\n\t<meta property=\"og:image:width\" content=\"512\" \/>\n\t<meta property=\"og:image:height\" content=\"512\" \/>\n\t<meta property=\"og:image:type\" content=\"image\/jpeg\" \/>\n<meta name=\"twitter:card\" content=\"summary_large_image\" \/>\n<meta name=\"twitter:label1\" content=\"Est. tempo de leitura\" \/>\n\t<meta name=\"twitter:data1\" content=\"3 minutos\" \/>\n<script type=\"application\/ld+json\" class=\"yoast-schema-graph\">{\"@context\":\"https:\/\/schema.org\",\"@graph\":[{\"@type\":\"WebPage\",\"@id\":\"https:\/\/www.fiemg.com.br\/regional-rio-doce\/noticias\/fiemg-regional-rio-doce-apoia-eventos-que-homenagearam-as-mulheres\/\",\"url\":\"https:\/\/www.fiemg.com.br\/regional-rio-doce\/noticias\/fiemg-regional-rio-doce-apoia-eventos-que-homenagearam-as-mulheres\/\",\"name\":\"FIEMG Regional Rio Doce apoia eventos que homenagearam as mulheres - Regional Rio doce\",\"isPartOf\":{\"@id\":\"https:\/\/www.fiemg.com.br\/regional-rio-doce\/#website\"},\"primaryImageOfPage\":{\"@id\":\"https:\/\/www.fiemg.com.br\/regional-rio-doce\/noticias\/fiemg-regional-rio-doce-apoia-eventos-que-homenagearam-as-mulheres\/#primaryimage\"},\"image\":{\"@id\":\"https:\/\/www.fiemg.com.br\/regional-rio-doce\/noticias\/fiemg-regional-rio-doce-apoia-eventos-que-homenagearam-as-mulheres\/#primaryimage\"},\"thumbnailUrl\":\"https:\/\/www.fiemg.com.br\/regional-rio-doce\/wp-content\/uploads\/sites\/19\/2024\/04\/luiza-trajno.jpeg\",\"datePublished\":\"2024-04-05T18:55:13+00:00\",\"description\":\"Segunda edi\u00e7\u00e3o do Conex\u00e3o Elas e simp\u00f3sio debateram temas importantes da pauta feminina\",\"breadcrumb\":{\"@id\":\"https:\/\/www.fiemg.com.br\/regional-rio-doce\/noticias\/fiemg-regional-rio-doce-apoia-eventos-que-homenagearam-as-mulheres\/#breadcrumb\"},\"inLanguage\":\"pt-BR\",\"potentialAction\":[{\"@type\":\"ReadAction\",\"target\":[\"https:\/\/www.fiemg.com.br\/regional-rio-doce\/noticias\/fiemg-regional-rio-doce-apoia-eventos-que-homenagearam-as-mulheres\/\"]}]},{\"@type\":\"ImageObject\",\"inLanguage\":\"pt-BR\",\"@id\":\"https:\/\/www.fiemg.com.br\/regional-rio-doce\/noticias\/fiemg-regional-rio-doce-apoia-eventos-que-homenagearam-as-mulheres\/#primaryimage\",\"url\":\"https:\/\/www.fiemg.com.br\/regional-rio-doce\/wp-content\/uploads\/sites\/19\/2024\/04\/luiza-trajno.jpeg\",\"contentUrl\":\"https:\/\/www.fiemg.com.br\/regional-rio-doce\/wp-content\/uploads\/sites\/19\/2024\/04\/luiza-trajno.jpeg\",\"width\":512,\"height\":512,\"caption\":\"FIEMG Regional Rio Doce apoia eventos que homenagem ao Dia Internacional das Mulheres\"},{\"@type\":\"BreadcrumbList\",\"@id\":\"https:\/\/www.fiemg.com.br\/regional-rio-doce\/noticias\/fiemg-regional-rio-doce-apoia-eventos-que-homenagearam-as-mulheres\/#breadcrumb\",\"itemListElement\":[{\"@type\":\"ListItem\",\"position\":1,\"name\":\"In\u00edcio\",\"item\":\"https:\/\/www.fiemg.com.br\/regional-rio-doce\/\"},{\"@type\":\"ListItem\",\"position\":2,\"name\":\"FIEMG Regional Rio Doce apoia eventos que homenagearam as mulheres\"}]},{\"@type\":\"WebSite\",\"@id\":\"https:\/\/www.fiemg.com.br\/regional-rio-doce\/#website\",\"url\":\"https:\/\/www.fiemg.com.br\/regional-rio-doce\/\",\"name\":\"Regional Rio doce\",\"description\":\"Federa\u00e7\u00e3o das Ind\u00fastrias do Estado de Minas Gerais\",\"publisher\":{\"@id\":\"https:\/\/www.fiemg.com.br\/regional-rio-doce\/#organization\"},\"potentialAction\":[{\"@type\":\"SearchAction\",\"target\":{\"@type\":\"EntryPoint\",\"urlTemplate\":\"https:\/\/www.fiemg.com.br\/regional-rio-doce\/?s={search_term_string}\"},\"query-input\":{\"@type\":\"PropertyValueSpecification\",\"valueRequired\":true,\"valueName\":\"search_term_string\"}}],\"inLanguage\":\"pt-BR\"},{\"@type\":\"Organization\",\"@id\":\"https:\/\/www.fiemg.com.br\/regional-rio-doce\/#organization\",\"name\":\"Regional Rio doce\",\"url\":\"https:\/\/www.fiemg.com.br\/regional-rio-doce\/\",\"logo\":{\"@type\":\"ImageObject\",\"inLanguage\":\"pt-BR\",\"@id\":\"https:\/\/www.fiemg.com.br\/regional-rio-doce\/#\/schema\/logo\/image\/\",\"url\":\"https:\/\/www.fiemg.com.br\/regional-rio-doce\/wp-content\/uploads\/sites\/19\/2023\/02\/Ativo-1.png\",\"contentUrl\":\"https:\/\/www.fiemg.com.br\/regional-rio-doce\/wp-content\/uploads\/sites\/19\/2023\/02\/Ativo-1.png\",\"width\":563,\"height\":149,\"caption\":\"Regional Rio doce\"},\"image\":{\"@id\":\"https:\/\/www.fiemg.com.br\/regional-rio-doce\/#\/schema\/logo\/image\/\"}}]}<\/script>\n<!-- \/ Yoast SEO plugin. -->","yoast_head_json":{"title":"FIEMG Regional Rio Doce apoia eventos que homenagearam as mulheres - Regional Rio doce","description":"Segunda edi\u00e7\u00e3o do Conex\u00e3o Elas e simp\u00f3sio debateram temas importantes da pauta feminina","robots":{"index":"index","follow":"follow","max-snippet":"max-snippet:-1","max-image-preview":"max-image-preview:large","max-video-preview":"max-video-preview:-1"},"canonical":"https:\/\/www.fiemg.com.br\/regional-rio-doce\/noticias\/fiemg-regional-rio-doce-apoia-eventos-que-homenagearam-as-mulheres\/","og_locale":"pt_BR","og_type":"article","og_title":"FIEMG Regional Rio Doce apoia eventos que homenagearam as mulheres - Regional Rio doce","og_description":"Segunda edi\u00e7\u00e3o do Conex\u00e3o Elas e simp\u00f3sio debateram temas importantes da pauta feminina","og_url":"https:\/\/www.fiemg.com.br\/regional-rio-doce\/noticias\/fiemg-regional-rio-doce-apoia-eventos-que-homenagearam-as-mulheres\/","og_site_name":"Regional Rio doce","og_image":[{"width":512,"height":512,"url":"https:\/\/www.fiemg.com.br\/regional-rio-doce\/wp-content\/uploads\/sites\/19\/2024\/04\/luiza-trajno.jpeg","type":"image\/jpeg"}],"twitter_card":"summary_large_image","twitter_misc":{"Est. tempo de leitura":"3 minutos"},"schema":{"@context":"https:\/\/schema.org","@graph":[{"@type":"WebPage","@id":"https:\/\/www.fiemg.com.br\/regional-rio-doce\/noticias\/fiemg-regional-rio-doce-apoia-eventos-que-homenagearam-as-mulheres\/","url":"https:\/\/www.fiemg.com.br\/regional-rio-doce\/noticias\/fiemg-regional-rio-doce-apoia-eventos-que-homenagearam-as-mulheres\/","name":"FIEMG Regional Rio Doce apoia eventos que homenagearam as mulheres - Regional Rio doce","isPartOf":{"@id":"https:\/\/www.fiemg.com.br\/regional-rio-doce\/#website"},"primaryImageOfPage":{"@id":"https:\/\/www.fiemg.com.br\/regional-rio-doce\/noticias\/fiemg-regional-rio-doce-apoia-eventos-que-homenagearam-as-mulheres\/#primaryimage"},"image":{"@id":"https:\/\/www.fiemg.com.br\/regional-rio-doce\/noticias\/fiemg-regional-rio-doce-apoia-eventos-que-homenagearam-as-mulheres\/#primaryimage"},"thumbnailUrl":"https:\/\/www.fiemg.com.br\/regional-rio-doce\/wp-content\/uploads\/sites\/19\/2024\/04\/luiza-trajno.jpeg","datePublished":"2024-04-05T18:55:13+00:00","description":"Segunda edi\u00e7\u00e3o do Conex\u00e3o Elas e simp\u00f3sio debateram temas importantes da pauta feminina","breadcrumb":{"@id":"https:\/\/www.fiemg.com.br\/regional-rio-doce\/noticias\/fiemg-regional-rio-doce-apoia-eventos-que-homenagearam-as-mulheres\/#breadcrumb"},"inLanguage":"pt-BR","potentialAction":[{"@type":"ReadAction","target":["https:\/\/www.fiemg.com.br\/regional-rio-doce\/noticias\/fiemg-regional-rio-doce-apoia-eventos-que-homenagearam-as-mulheres\/"]}]},{"@type":"ImageObject","inLanguage":"pt-BR","@id":"https:\/\/www.fiemg.com.br\/regional-rio-doce\/noticias\/fiemg-regional-rio-doce-apoia-eventos-que-homenagearam-as-mulheres\/#primaryimage","url":"https:\/\/www.fiemg.com.br\/regional-rio-doce\/wp-content\/uploads\/sites\/19\/2024\/04\/luiza-trajno.jpeg","contentUrl":"https:\/\/www.fiemg.com.br\/regional-rio-doce\/wp-content\/uploads\/sites\/19\/2024\/04\/luiza-trajno.jpeg","width":512,"height":512,"caption":"FIEMG Regional Rio Doce apoia eventos que homenagem ao Dia Internacional das Mulheres"},{"@type":"BreadcrumbList","@id":"https:\/\/www.fiemg.com.br\/regional-rio-doce\/noticias\/fiemg-regional-rio-doce-apoia-eventos-que-homenagearam-as-mulheres\/#breadcrumb","itemListElement":[{"@type":"ListItem","position":1,"name":"In\u00edcio","item":"https:\/\/www.fiemg.com.br\/regional-rio-doce\/"},{"@type":"ListItem","position":2,"name":"FIEMG Regional Rio Doce apoia eventos que homenagearam as mulheres"}]},{"@type":"WebSite","@id":"https:\/\/www.fiemg.com.br\/regional-rio-doce\/#website","url":"https:\/\/www.fiemg.com.br\/regional-rio-doce\/","name":"Regional Rio doce","description":"Federa\u00e7\u00e3o das Ind\u00fastrias do Estado de Minas Gerais","publisher":{"@id":"https:\/\/www.fiemg.com.br\/regional-rio-doce\/#organization"},"potentialAction":[{"@type":"SearchAction","target":{"@type":"EntryPoint","urlTemplate":"https:\/\/www.fiemg.com.br\/regional-rio-doce\/?s={search_term_string}"},"query-input":{"@type":"PropertyValueSpecification","valueRequired":true,"valueName":"search_term_string"}}],"inLanguage":"pt-BR"},{"@type":"Organization","@id":"https:\/\/www.fiemg.com.br\/regional-rio-doce\/#organization","name":"Regional Rio doce","url":"https:\/\/www.fiemg.com.br\/regional-rio-doce\/","logo":{"@type":"ImageObject","inLanguage":"pt-BR","@id":"https:\/\/www.fiemg.com.br\/regional-rio-doce\/#\/schema\/logo\/image\/","url":"https:\/\/www.fiemg.com.br\/regional-rio-doce\/wp-content\/uploads\/sites\/19\/2023\/02\/Ativo-1.png","contentUrl":"https:\/\/www.fiemg.com.br\/regional-rio-doce\/wp-content\/uploads\/sites\/19\/2023\/02\/Ativo-1.png","width":563,"height":149,"caption":"Regional Rio doce"},"image":{"@id":"https:\/\/www.fiemg.com.br\/regional-rio-doce\/#\/schema\/logo\/image\/"}}]}},"_links":{"self":[{"href":"https:\/\/www.fiemg.com.br\/regional-rio-doce\/wp-json\/wp\/v2\/noticias\/1704","targetHints":{"allow":["GET"]}}],"collection":[{"href":"https:\/\/www.fiemg.com.br\/regional-rio-doce\/wp-json\/wp\/v2\/noticias"}],"about":[{"href":"https:\/\/www.fiemg.com.br\/regional-rio-doce\/wp-json\/wp\/v2\/types\/noticias"}],"wp:featuredmedia":[{"embeddable":true,"href":"https:\/\/www.fiemg.com.br\/regional-rio-doce\/wp-json\/wp\/v2\/media\/1706"}],"wp:attachment":[{"href":"https:\/\/www.fiemg.com.br\/regional-rio-doce\/wp-json\/wp\/v2\/media?parent=1704"}],"wp:term":[{"taxonomy":"category","embeddable":true,"href":"https:\/\/www.fiemg.com.br\/regional-rio-doce\/wp-json\/wp\/v2\/categories?post=1704"},{"taxonomy":"post_tag","embeddable":true,"href":"https:\/\/www.fiemg.com.br\/regional-rio-doce\/wp-json\/wp\/v2\/tags?post=1704"}],"curies":[{"name":"wp","href":"https:\/\/api.w.org\/{rel}","templated":true}]}}