{"id":1735,"date":"2024-05-09T16:54:35","date_gmt":"2024-05-09T19:54:35","guid":{"rendered":"https:\/\/www.fiemg.com.br\/regional-rio-doce\/noticias\/fiemg-promove-4o-seminario-de-licenciamento-ambiental-em-governador-valadares\/"},"modified":"2024-05-09T17:25:02","modified_gmt":"2024-05-09T20:25:02","slug":"fiemg-promove-4o-seminario-de-licenciamento-ambiental-em-governador-valadares","status":"publish","type":"noticias","link":"https:\/\/www.fiemg.com.br\/regional-rio-doce\/noticias\/fiemg-promove-4o-seminario-de-licenciamento-ambiental-em-governador-valadares\/","title":{"rendered":"FIEMG promove 4\u00ba Semin\u00e1rio de Licenciamento Ambiental em Governador Valadares"},"content":{"rendered":"\n<p>A conscientiza\u00e7\u00e3o ambiental e a atualiza\u00e7\u00e3o sobre legisla\u00e7\u00e3o s\u00e3o essenciais para o desenvolvimento sustent\u00e1vel das empresas. Por isso, em parceria com a Unidade Regional de Regulariza\u00e7\u00e3o Ambiental (Ura) Leste de Minas, a Regional FIEMG Rio Doce e o Sindicato das Ind\u00fastrias de Panifica\u00e7\u00e3o e Confeitaria de Governador Valadares v\u00e3o realizar, em 15 e 16 de maio, o 4\u00ba Semin\u00e1rio de Licenciamento Ambiental.<\/p>\n\n\n\n<p>O evento ser\u00e1 no Audit\u00f3rio da Regional Rio Doce (Rua Leda Maria Mota Godinho, 120 &#8211; JK II), das 8h30 \u00e0s 17h. Para participar, clique neste <a href=\"https:\/\/www.sympla.com.br\/evento\/iv-seminario-de-licenciamento-ambiental\/2369358\" target=\"_blank\" rel=\"noreferrer noopener\"><strong>link<\/strong><\/a> e fa\u00e7a a sua inscri\u00e7\u00e3o. O valor do investimento \u00e9 de R$100 para associados aos sindicatos ligados \u00e0 FIEMG, R$130 para ind\u00fastrias e p\u00fablico geral vai pagar R$150.<\/p>\n\n\n\n<p>De acordo com a analista ambiental da FIEMG Renata Medrado, o evento reunir\u00e1 autoridades da \u00e1rea para alinhar tamb\u00e9m as demandas das empresas \u00e0s normas vigentes, a fim de deix\u00e1-los em dia com o desenvolvimento sustent\u00e1vel. \u201cAguardamos no semin\u00e1rio a participa\u00e7\u00e3o de empres\u00e1rios, consultores e t\u00e9cnicos para compartilhamento de informa\u00e7\u00f5es, esclarecimentos, al\u00e9m da abordagem de temas essenciais, como direito miner\u00e1rio, \u00e1rea verde, fauna, espeleologia e outros\u201d, afirma Renata.<\/p>\n\n\n\n<p>Mais informa\u00e7\u00f5es sobre o evento podem ser obtidas com a analista ambiental Renata Medrado no telefone (33) 9 9103-8646 ou e-mail <a href=\"mailto:regional-rd@fiemg.com.br\"><strong>regional-rd@fiemg.com<\/strong><\/a><a href=\"mailto:regional-rd@fiemg.com.br\" target=\"_blank\" rel=\"noreferrer noopener\"><strong>.br<\/strong><\/a>.<\/p>\n\n\n\n<p>Clique <a href=\"https:\/\/www.sympla.com.br\/evento\/iv-seminario-de-licenciamento-ambiental\/2369358\" target=\"_blank\" rel=\"noreferrer noopener\"><strong>aqui<\/strong><\/a> e confira a programa\u00e7\u00e3o completa do semin\u00e1rio<\/p>\n","protected":false},"featured_media":1501,"template":"","categories":[15],"tags":[154,71,91,155],"class_list":["post-1735","noticias","type-noticias","status-publish","has-post-thumbnail","hentry","category-desenvolvimento-industrial","tag-ambiental","tag-fiemg","tag-governador-valadares","tag-seminario"],"acf":[],"yoast_head":"<!-- This site is optimized with the Yoast SEO plugin v26.2 - https:\/\/yoast.com\/wordpress\/plugins\/seo\/ -->\n<title>FIEMG promove 4\u00ba Semin\u00e1rio de Licenciamento Ambiental em Governador Valadares - Regional Rio doce<\/title>\n<meta name=\"description\" content=\"Evento ser\u00e1 realizado nos dias 15 e 16 de maio, na sede da regional Rio Doce\" \/>\n<meta name=\"robots\" content=\"index, follow, max-snippet:-1, max-image-preview:large, max-video-preview:-1\" \/>\n<link rel=\"canonical\" href=\"https:\/\/www.fiemg.com.br\/regional-rio-doce\/noticias\/fiemg-promove-4o-seminario-de-licenciamento-ambiental-em-governador-valadares\/\" \/>\n<meta property=\"og:locale\" content=\"pt_BR\" \/>\n<meta property=\"og:type\" content=\"article\" \/>\n<meta property=\"og:title\" content=\"FIEMG promove 4\u00ba Semin\u00e1rio de Licenciamento Ambiental em Governador Valadares - Regional Rio doce\" \/>\n<meta property=\"og:description\" content=\"Evento ser\u00e1 realizado nos dias 15 e 16 de maio, na sede da regional Rio Doce\" \/>\n<meta property=\"og:url\" content=\"https:\/\/www.fiemg.com.br\/regional-rio-doce\/noticias\/fiemg-promove-4o-seminario-de-licenciamento-ambiental-em-governador-valadares\/\" \/>\n<meta property=\"og:site_name\" content=\"Regional Rio doce\" \/>\n<meta property=\"article:modified_time\" content=\"2024-05-09T20:25:02+00:00\" \/>\n<meta property=\"og:image\" content=\"https:\/\/www.fiemg.com.br\/regional-rio-doce\/wp-content\/uploads\/sites\/19\/2023\/08\/default.png\" \/>\n\t<meta property=\"og:image:width\" content=\"300\" \/>\n\t<meta property=\"og:image:height\" content=\"300\" \/>\n\t<meta property=\"og:image:type\" content=\"image\/png\" \/>\n<meta name=\"twitter:card\" content=\"summary_large_image\" \/>\n<meta name=\"twitter:label1\" content=\"Est. tempo de leitura\" \/>\n\t<meta name=\"twitter:data1\" content=\"2 minutos\" \/>\n<script type=\"application\/ld+json\" class=\"yoast-schema-graph\">{\"@context\":\"https:\/\/schema.org\",\"@graph\":[{\"@type\":\"WebPage\",\"@id\":\"https:\/\/www.fiemg.com.br\/regional-rio-doce\/noticias\/fiemg-promove-4o-seminario-de-licenciamento-ambiental-em-governador-valadares\/\",\"url\":\"https:\/\/www.fiemg.com.br\/regional-rio-doce\/noticias\/fiemg-promove-4o-seminario-de-licenciamento-ambiental-em-governador-valadares\/\",\"name\":\"FIEMG promove 4\u00ba Semin\u00e1rio de Licenciamento Ambiental em Governador Valadares - Regional Rio doce\",\"isPartOf\":{\"@id\":\"https:\/\/www.fiemg.com.br\/regional-rio-doce\/#website\"},\"primaryImageOfPage\":{\"@id\":\"https:\/\/www.fiemg.com.br\/regional-rio-doce\/noticias\/fiemg-promove-4o-seminario-de-licenciamento-ambiental-em-governador-valadares\/#primaryimage\"},\"image\":{\"@id\":\"https:\/\/www.fiemg.com.br\/regional-rio-doce\/noticias\/fiemg-promove-4o-seminario-de-licenciamento-ambiental-em-governador-valadares\/#primaryimage\"},\"thumbnailUrl\":\"https:\/\/www.fiemg.com.br\/regional-rio-doce\/wp-content\/uploads\/sites\/19\/2023\/08\/default.png\",\"datePublished\":\"2024-05-09T19:54:35+00:00\",\"dateModified\":\"2024-05-09T20:25:02+00:00\",\"description\":\"Evento ser\u00e1 realizado nos dias 15 e 16 de maio, na sede da regional Rio Doce\",\"breadcrumb\":{\"@id\":\"https:\/\/www.fiemg.com.br\/regional-rio-doce\/noticias\/fiemg-promove-4o-seminario-de-licenciamento-ambiental-em-governador-valadares\/#breadcrumb\"},\"inLanguage\":\"pt-BR\",\"potentialAction\":[{\"@type\":\"ReadAction\",\"target\":[\"https:\/\/www.fiemg.com.br\/regional-rio-doce\/noticias\/fiemg-promove-4o-seminario-de-licenciamento-ambiental-em-governador-valadares\/\"]}]},{\"@type\":\"ImageObject\",\"inLanguage\":\"pt-BR\",\"@id\":\"https:\/\/www.fiemg.com.br\/regional-rio-doce\/noticias\/fiemg-promove-4o-seminario-de-licenciamento-ambiental-em-governador-valadares\/#primaryimage\",\"url\":\"https:\/\/www.fiemg.com.br\/regional-rio-doce\/wp-content\/uploads\/sites\/19\/2023\/08\/default.png\",\"contentUrl\":\"https:\/\/www.fiemg.com.br\/regional-rio-doce\/wp-content\/uploads\/sites\/19\/2023\/08\/default.png\",\"width\":300,\"height\":300},{\"@type\":\"BreadcrumbList\",\"@id\":\"https:\/\/www.fiemg.com.br\/regional-rio-doce\/noticias\/fiemg-promove-4o-seminario-de-licenciamento-ambiental-em-governador-valadares\/#breadcrumb\",\"itemListElement\":[{\"@type\":\"ListItem\",\"position\":1,\"name\":\"In\u00edcio\",\"item\":\"https:\/\/www.fiemg.com.br\/regional-rio-doce\/\"},{\"@type\":\"ListItem\",\"position\":2,\"name\":\"FIEMG promove 4\u00ba Semin\u00e1rio de Licenciamento Ambiental em Governador Valadares\"}]},{\"@type\":\"WebSite\",\"@id\":\"https:\/\/www.fiemg.com.br\/regional-rio-doce\/#website\",\"url\":\"https:\/\/www.fiemg.com.br\/regional-rio-doce\/\",\"name\":\"Regional Rio doce\",\"description\":\"Federa\u00e7\u00e3o das Ind\u00fastrias do Estado de Minas Gerais\",\"publisher\":{\"@id\":\"https:\/\/www.fiemg.com.br\/regional-rio-doce\/#organization\"},\"potentialAction\":[{\"@type\":\"SearchAction\",\"target\":{\"@type\":\"EntryPoint\",\"urlTemplate\":\"https:\/\/www.fiemg.com.br\/regional-rio-doce\/?s={search_term_string}\"},\"query-input\":{\"@type\":\"PropertyValueSpecification\",\"valueRequired\":true,\"valueName\":\"search_term_string\"}}],\"inLanguage\":\"pt-BR\"},{\"@type\":\"Organization\",\"@id\":\"https:\/\/www.fiemg.com.br\/regional-rio-doce\/#organization\",\"name\":\"Regional Rio doce\",\"url\":\"https:\/\/www.fiemg.com.br\/regional-rio-doce\/\",\"logo\":{\"@type\":\"ImageObject\",\"inLanguage\":\"pt-BR\",\"@id\":\"https:\/\/www.fiemg.com.br\/regional-rio-doce\/#\/schema\/logo\/image\/\",\"url\":\"https:\/\/www.fiemg.com.br\/regional-rio-doce\/wp-content\/uploads\/sites\/19\/2023\/02\/Ativo-1.png\",\"contentUrl\":\"https:\/\/www.fiemg.com.br\/regional-rio-doce\/wp-content\/uploads\/sites\/19\/2023\/02\/Ativo-1.png\",\"width\":563,\"height\":149,\"caption\":\"Regional Rio doce\"},\"image\":{\"@id\":\"https:\/\/www.fiemg.com.br\/regional-rio-doce\/#\/schema\/logo\/image\/\"}}]}<\/script>\n<!-- \/ Yoast SEO plugin. -->","yoast_head_json":{"title":"FIEMG promove 4\u00ba Semin\u00e1rio de Licenciamento Ambiental em Governador Valadares - Regional Rio doce","description":"Evento ser\u00e1 realizado nos dias 15 e 16 de maio, na sede da regional Rio Doce","robots":{"index":"index","follow":"follow","max-snippet":"max-snippet:-1","max-image-preview":"max-image-preview:large","max-video-preview":"max-video-preview:-1"},"canonical":"https:\/\/www.fiemg.com.br\/regional-rio-doce\/noticias\/fiemg-promove-4o-seminario-de-licenciamento-ambiental-em-governador-valadares\/","og_locale":"pt_BR","og_type":"article","og_title":"FIEMG promove 4\u00ba Semin\u00e1rio de Licenciamento Ambiental em Governador Valadares - Regional Rio doce","og_description":"Evento ser\u00e1 realizado nos dias 15 e 16 de maio, na sede da regional Rio Doce","og_url":"https:\/\/www.fiemg.com.br\/regional-rio-doce\/noticias\/fiemg-promove-4o-seminario-de-licenciamento-ambiental-em-governador-valadares\/","og_site_name":"Regional Rio doce","article_modified_time":"2024-05-09T20:25:02+00:00","og_image":[{"width":300,"height":300,"url":"https:\/\/www.fiemg.com.br\/regional-rio-doce\/wp-content\/uploads\/sites\/19\/2023\/08\/default.png","type":"image\/png"}],"twitter_card":"summary_large_image","twitter_misc":{"Est. tempo de leitura":"2 minutos"},"schema":{"@context":"https:\/\/schema.org","@graph":[{"@type":"WebPage","@id":"https:\/\/www.fiemg.com.br\/regional-rio-doce\/noticias\/fiemg-promove-4o-seminario-de-licenciamento-ambiental-em-governador-valadares\/","url":"https:\/\/www.fiemg.com.br\/regional-rio-doce\/noticias\/fiemg-promove-4o-seminario-de-licenciamento-ambiental-em-governador-valadares\/","name":"FIEMG promove 4\u00ba Semin\u00e1rio de Licenciamento Ambiental em Governador Valadares - Regional Rio doce","isPartOf":{"@id":"https:\/\/www.fiemg.com.br\/regional-rio-doce\/#website"},"primaryImageOfPage":{"@id":"https:\/\/www.fiemg.com.br\/regional-rio-doce\/noticias\/fiemg-promove-4o-seminario-de-licenciamento-ambiental-em-governador-valadares\/#primaryimage"},"image":{"@id":"https:\/\/www.fiemg.com.br\/regional-rio-doce\/noticias\/fiemg-promove-4o-seminario-de-licenciamento-ambiental-em-governador-valadares\/#primaryimage"},"thumbnailUrl":"https:\/\/www.fiemg.com.br\/regional-rio-doce\/wp-content\/uploads\/sites\/19\/2023\/08\/default.png","datePublished":"2024-05-09T19:54:35+00:00","dateModified":"2024-05-09T20:25:02+00:00","description":"Evento ser\u00e1 realizado nos dias 15 e 16 de maio, na sede da regional Rio Doce","breadcrumb":{"@id":"https:\/\/www.fiemg.com.br\/regional-rio-doce\/noticias\/fiemg-promove-4o-seminario-de-licenciamento-ambiental-em-governador-valadares\/#breadcrumb"},"inLanguage":"pt-BR","potentialAction":[{"@type":"ReadAction","target":["https:\/\/www.fiemg.com.br\/regional-rio-doce\/noticias\/fiemg-promove-4o-seminario-de-licenciamento-ambiental-em-governador-valadares\/"]}]},{"@type":"ImageObject","inLanguage":"pt-BR","@id":"https:\/\/www.fiemg.com.br\/regional-rio-doce\/noticias\/fiemg-promove-4o-seminario-de-licenciamento-ambiental-em-governador-valadares\/#primaryimage","url":"https:\/\/www.fiemg.com.br\/regional-rio-doce\/wp-content\/uploads\/sites\/19\/2023\/08\/default.png","contentUrl":"https:\/\/www.fiemg.com.br\/regional-rio-doce\/wp-content\/uploads\/sites\/19\/2023\/08\/default.png","width":300,"height":300},{"@type":"BreadcrumbList","@id":"https:\/\/www.fiemg.com.br\/regional-rio-doce\/noticias\/fiemg-promove-4o-seminario-de-licenciamento-ambiental-em-governador-valadares\/#breadcrumb","itemListElement":[{"@type":"ListItem","position":1,"name":"In\u00edcio","item":"https:\/\/www.fiemg.com.br\/regional-rio-doce\/"},{"@type":"ListItem","position":2,"name":"FIEMG promove 4\u00ba Semin\u00e1rio de Licenciamento Ambiental em Governador Valadares"}]},{"@type":"WebSite","@id":"https:\/\/www.fiemg.com.br\/regional-rio-doce\/#website","url":"https:\/\/www.fiemg.com.br\/regional-rio-doce\/","name":"Regional Rio doce","description":"Federa\u00e7\u00e3o das Ind\u00fastrias do Estado de Minas Gerais","publisher":{"@id":"https:\/\/www.fiemg.com.br\/regional-rio-doce\/#organization"},"potentialAction":[{"@type":"SearchAction","target":{"@type":"EntryPoint","urlTemplate":"https:\/\/www.fiemg.com.br\/regional-rio-doce\/?s={search_term_string}"},"query-input":{"@type":"PropertyValueSpecification","valueRequired":true,"valueName":"search_term_string"}}],"inLanguage":"pt-BR"},{"@type":"Organization","@id":"https:\/\/www.fiemg.com.br\/regional-rio-doce\/#organization","name":"Regional Rio doce","url":"https:\/\/www.fiemg.com.br\/regional-rio-doce\/","logo":{"@type":"ImageObject","inLanguage":"pt-BR","@id":"https:\/\/www.fiemg.com.br\/regional-rio-doce\/#\/schema\/logo\/image\/","url":"https:\/\/www.fiemg.com.br\/regional-rio-doce\/wp-content\/uploads\/sites\/19\/2023\/02\/Ativo-1.png","contentUrl":"https:\/\/www.fiemg.com.br\/regional-rio-doce\/wp-content\/uploads\/sites\/19\/2023\/02\/Ativo-1.png","width":563,"height":149,"caption":"Regional Rio doce"},"image":{"@id":"https:\/\/www.fiemg.com.br\/regional-rio-doce\/#\/schema\/logo\/image\/"}}]}},"_links":{"self":[{"href":"https:\/\/www.fiemg.com.br\/regional-rio-doce\/wp-json\/wp\/v2\/noticias\/1735","targetHints":{"allow":["GET"]}}],"collection":[{"href":"https:\/\/www.fiemg.com.br\/regional-rio-doce\/wp-json\/wp\/v2\/noticias"}],"about":[{"href":"https:\/\/www.fiemg.com.br\/regional-rio-doce\/wp-json\/wp\/v2\/types\/noticias"}],"wp:featuredmedia":[{"embeddable":true,"href":"https:\/\/www.fiemg.com.br\/regional-rio-doce\/wp-json\/wp\/v2\/media\/1501"}],"wp:attachment":[{"href":"https:\/\/www.fiemg.com.br\/regional-rio-doce\/wp-json\/wp\/v2\/media?parent=1735"}],"wp:term":[{"taxonomy":"category","embeddable":true,"href":"https:\/\/www.fiemg.com.br\/regional-rio-doce\/wp-json\/wp\/v2\/categories?post=1735"},{"taxonomy":"post_tag","embeddable":true,"href":"https:\/\/www.fiemg.com.br\/regional-rio-doce\/wp-json\/wp\/v2\/tags?post=1735"}],"curies":[{"name":"wp","href":"https:\/\/api.w.org\/{rel}","templated":true}]}}