{"id":1773,"date":"2024-07-26T15:39:48","date_gmt":"2024-07-26T18:39:48","guid":{"rendered":"https:\/\/www.fiemg.com.br\/regional-rio-doce\/noticias\/formatura-dos-aprendizes-da-cemig-do-1o-semestre-de-2024\/"},"modified":"2024-07-26T15:39:48","modified_gmt":"2024-07-26T18:39:48","slug":"formatura-dos-aprendizes-da-cemig-do-1o-semestre-de-2024","status":"publish","type":"noticias","link":"https:\/\/www.fiemg.com.br\/regional-rio-doce\/noticias\/formatura-dos-aprendizes-da-cemig-do-1o-semestre-de-2024\/","title":{"rendered":"Formatura dos Aprendizes da CEMIG do 1\u00ba Semestre de 2024\u00a0"},"content":{"rendered":"\n<figure class=\"wp-block-image aligncenter size-full\"><img fetchpriority=\"high\" decoding=\"async\" width=\"792\" height=\"354\" src=\"https:\/\/www.fiemg.com.br\/regional-rio-doce\/wp-content\/uploads\/sites\/19\/2024\/07\/forma-rio-doce.png\" alt=\"\" class=\"wp-image-1775\" srcset=\"https:\/\/www.fiemg.com.br\/regional-rio-doce\/wp-content\/uploads\/sites\/19\/2024\/07\/forma-rio-doce.png 792w, https:\/\/www.fiemg.com.br\/regional-rio-doce\/wp-content\/uploads\/sites\/19\/2024\/07\/forma-rio-doce-300x134.png 300w, https:\/\/www.fiemg.com.br\/regional-rio-doce\/wp-content\/uploads\/sites\/19\/2024\/07\/forma-rio-doce-768x343.png 768w\" sizes=\"(max-width: 792px) 100vw, 792px\" \/><\/figure>\n\n\n\n<p><\/p>\n\n\n\n<p>No dia 25 de julho de 2024, ocorreu a formatura dos aprendizes da Companhia Energ\u00e9tica de Minas Gerais (CEMIG) referente ao primeiro semestre de 2024. Nesta ocasi\u00e3o, 22 jovens celebraram a conclus\u00e3o do curso de Aprendizagem Industrial em Eletricista de Redes A\u00e9reas de Distribui\u00e7\u00e3o de Energia El\u00e9trica.\u00a0<\/p>\n\n\n\n<p><strong>Uma Celebra\u00e7\u00e3o de Conquistas<\/strong>&nbsp;<\/p>\n\n\n\n<p>A cerim\u00f4nia de formatura foi um momento de celebra\u00e7\u00e3o e reconhecimento pela dedica\u00e7\u00e3o e esfor\u00e7o dos jovens aprendizes. A cerim\u00f4nia contou com a presen\u00e7a de Galdino Mendes, Gerente de Servi\u00e7os Comerciais, Emergenciais e Manuten\u00e7\u00e3o Leste, e J\u00falio S\u00e9rgio do Carmo, representante da ger\u00eancia Engelmig. Tamb\u00e9m estiveram presentes membros da equipe do SENAI, incluindo o instrutor Gustavo Batista Pacheco, al\u00e9m de pais e familiares dos formandos.&nbsp;<\/p>\n\n\n\n<p><strong>Metodologia SENAI<\/strong>&nbsp;<\/p>\n\n\n\n<p>O SENAI, respons\u00e1vel pela forma\u00e7\u00e3o dos jovens, adota uma metodologia focada no desenvolvimento de compet\u00eancias e capacidades essenciais para o mercado de trabalho. O objetivo \u00e9 formar profissionais aut\u00f4nomos, cr\u00edticos, conscientes e participativos, capazes de atuar de forma efetiva tanto no \u00e2mbito profissional quanto na vida cotidiana. Todos os cursos do SENAI s\u00e3o desenhados para permitir aos alunos uma constru\u00e7\u00e3o personalizada de suas realiza\u00e7\u00f5es pessoais e profissionais.&nbsp;<\/p>\n\n\n\n<p><strong>O Futuro dos Formandos<\/strong>&nbsp;<\/p>\n\n\n\n<p>Com a conclus\u00e3o deste curso, os novos profissionais est\u00e3o prontos para ingressar no mercado de trabalho, levando consigo n\u00e3o apenas o conhecimento t\u00e9cnico adquirido, mas tamb\u00e9m as habilidades e valores necess\u00e1rios para uma carreira de sucesso. A CEMIG e o SENAI seguem comprometidos com a forma\u00e7\u00e3o de qualidade, preparando os jovens para os desafios e oportunidades do setor el\u00e9trico.\u00a0<\/p>\n\n\n\n<p><\/p>\n\n\n\n<p><strong>Imprensa Regional Rio Doce<\/strong><\/p>\n","protected":false},"featured_media":1774,"template":"","categories":[16],"tags":[167,71],"class_list":["post-1773","noticias","type-noticias","status-publish","has-post-thumbnail","hentry","category-educacao","tag-educacao","tag-fiemg"],"acf":[],"yoast_head":"<!-- This site is optimized with the Yoast SEO plugin v26.2 - https:\/\/yoast.com\/wordpress\/plugins\/seo\/ -->\n<title>Formatura dos Aprendizes da CEMIG do 1\u00ba Semestre de 2024\u00a0 - Regional Rio doce<\/title>\n<meta name=\"description\" content=\"Com a conclus\u00e3o do curso, novos profissionais est\u00e3o prontos para ingressar no mercado de trabalho\" \/>\n<meta name=\"robots\" content=\"index, follow, max-snippet:-1, max-image-preview:large, max-video-preview:-1\" \/>\n<link rel=\"canonical\" href=\"https:\/\/www.fiemg.com.br\/regional-rio-doce\/noticias\/formatura-dos-aprendizes-da-cemig-do-1o-semestre-de-2024\/\" \/>\n<meta property=\"og:locale\" content=\"pt_BR\" \/>\n<meta property=\"og:type\" content=\"article\" \/>\n<meta property=\"og:title\" content=\"Formatura dos Aprendizes da CEMIG do 1\u00ba Semestre de 2024\u00a0 - Regional Rio doce\" \/>\n<meta property=\"og:description\" content=\"Com a conclus\u00e3o do curso, novos profissionais est\u00e3o prontos para ingressar no mercado de trabalho\" \/>\n<meta property=\"og:url\" content=\"https:\/\/www.fiemg.com.br\/regional-rio-doce\/noticias\/formatura-dos-aprendizes-da-cemig-do-1o-semestre-de-2024\/\" \/>\n<meta property=\"og:site_name\" content=\"Regional Rio doce\" \/>\n<meta property=\"og:image\" content=\"https:\/\/www.fiemg.com.br\/regional-rio-doce\/wp-content\/uploads\/sites\/19\/2024\/07\/WhatsApp-Image-2024-07-25-at-20.26.07.jpeg\" \/>\n\t<meta property=\"og:image:width\" content=\"300\" \/>\n\t<meta property=\"og:image:height\" content=\"300\" \/>\n\t<meta property=\"og:image:type\" content=\"image\/jpeg\" \/>\n<meta name=\"twitter:card\" content=\"summary_large_image\" \/>\n<meta name=\"twitter:label1\" content=\"Est. tempo de leitura\" \/>\n\t<meta name=\"twitter:data1\" content=\"2 minutos\" \/>\n<script type=\"application\/ld+json\" class=\"yoast-schema-graph\">{\"@context\":\"https:\/\/schema.org\",\"@graph\":[{\"@type\":\"WebPage\",\"@id\":\"https:\/\/www.fiemg.com.br\/regional-rio-doce\/noticias\/formatura-dos-aprendizes-da-cemig-do-1o-semestre-de-2024\/\",\"url\":\"https:\/\/www.fiemg.com.br\/regional-rio-doce\/noticias\/formatura-dos-aprendizes-da-cemig-do-1o-semestre-de-2024\/\",\"name\":\"Formatura dos Aprendizes da CEMIG do 1\u00ba Semestre de 2024\u00a0 - Regional Rio doce\",\"isPartOf\":{\"@id\":\"https:\/\/www.fiemg.com.br\/regional-rio-doce\/#website\"},\"primaryImageOfPage\":{\"@id\":\"https:\/\/www.fiemg.com.br\/regional-rio-doce\/noticias\/formatura-dos-aprendizes-da-cemig-do-1o-semestre-de-2024\/#primaryimage\"},\"image\":{\"@id\":\"https:\/\/www.fiemg.com.br\/regional-rio-doce\/noticias\/formatura-dos-aprendizes-da-cemig-do-1o-semestre-de-2024\/#primaryimage\"},\"thumbnailUrl\":\"https:\/\/www.fiemg.com.br\/regional-rio-doce\/wp-content\/uploads\/sites\/19\/2024\/07\/WhatsApp-Image-2024-07-25-at-20.26.07.jpeg\",\"datePublished\":\"2024-07-26T18:39:48+00:00\",\"description\":\"Com a conclus\u00e3o do curso, novos profissionais est\u00e3o prontos para ingressar no mercado de trabalho\",\"breadcrumb\":{\"@id\":\"https:\/\/www.fiemg.com.br\/regional-rio-doce\/noticias\/formatura-dos-aprendizes-da-cemig-do-1o-semestre-de-2024\/#breadcrumb\"},\"inLanguage\":\"pt-BR\",\"potentialAction\":[{\"@type\":\"ReadAction\",\"target\":[\"https:\/\/www.fiemg.com.br\/regional-rio-doce\/noticias\/formatura-dos-aprendizes-da-cemig-do-1o-semestre-de-2024\/\"]}]},{\"@type\":\"ImageObject\",\"inLanguage\":\"pt-BR\",\"@id\":\"https:\/\/www.fiemg.com.br\/regional-rio-doce\/noticias\/formatura-dos-aprendizes-da-cemig-do-1o-semestre-de-2024\/#primaryimage\",\"url\":\"https:\/\/www.fiemg.com.br\/regional-rio-doce\/wp-content\/uploads\/sites\/19\/2024\/07\/WhatsApp-Image-2024-07-25-at-20.26.07.jpeg\",\"contentUrl\":\"https:\/\/www.fiemg.com.br\/regional-rio-doce\/wp-content\/uploads\/sites\/19\/2024\/07\/WhatsApp-Image-2024-07-25-at-20.26.07.jpeg\",\"width\":300,\"height\":300},{\"@type\":\"BreadcrumbList\",\"@id\":\"https:\/\/www.fiemg.com.br\/regional-rio-doce\/noticias\/formatura-dos-aprendizes-da-cemig-do-1o-semestre-de-2024\/#breadcrumb\",\"itemListElement\":[{\"@type\":\"ListItem\",\"position\":1,\"name\":\"In\u00edcio\",\"item\":\"https:\/\/www.fiemg.com.br\/regional-rio-doce\/\"},{\"@type\":\"ListItem\",\"position\":2,\"name\":\"Formatura dos Aprendizes da CEMIG do 1\u00ba Semestre de 2024\u00a0\"}]},{\"@type\":\"WebSite\",\"@id\":\"https:\/\/www.fiemg.com.br\/regional-rio-doce\/#website\",\"url\":\"https:\/\/www.fiemg.com.br\/regional-rio-doce\/\",\"name\":\"Regional Rio doce\",\"description\":\"Federa\u00e7\u00e3o das Ind\u00fastrias do Estado de Minas Gerais\",\"publisher\":{\"@id\":\"https:\/\/www.fiemg.com.br\/regional-rio-doce\/#organization\"},\"potentialAction\":[{\"@type\":\"SearchAction\",\"target\":{\"@type\":\"EntryPoint\",\"urlTemplate\":\"https:\/\/www.fiemg.com.br\/regional-rio-doce\/?s={search_term_string}\"},\"query-input\":{\"@type\":\"PropertyValueSpecification\",\"valueRequired\":true,\"valueName\":\"search_term_string\"}}],\"inLanguage\":\"pt-BR\"},{\"@type\":\"Organization\",\"@id\":\"https:\/\/www.fiemg.com.br\/regional-rio-doce\/#organization\",\"name\":\"Regional Rio doce\",\"url\":\"https:\/\/www.fiemg.com.br\/regional-rio-doce\/\",\"logo\":{\"@type\":\"ImageObject\",\"inLanguage\":\"pt-BR\",\"@id\":\"https:\/\/www.fiemg.com.br\/regional-rio-doce\/#\/schema\/logo\/image\/\",\"url\":\"https:\/\/www.fiemg.com.br\/regional-rio-doce\/wp-content\/uploads\/sites\/19\/2023\/02\/Ativo-1.png\",\"contentUrl\":\"https:\/\/www.fiemg.com.br\/regional-rio-doce\/wp-content\/uploads\/sites\/19\/2023\/02\/Ativo-1.png\",\"width\":563,\"height\":149,\"caption\":\"Regional Rio doce\"},\"image\":{\"@id\":\"https:\/\/www.fiemg.com.br\/regional-rio-doce\/#\/schema\/logo\/image\/\"}}]}<\/script>\n<!-- \/ Yoast SEO plugin. -->","yoast_head_json":{"title":"Formatura dos Aprendizes da CEMIG do 1\u00ba Semestre de 2024\u00a0 - Regional Rio doce","description":"Com a conclus\u00e3o do curso, novos profissionais est\u00e3o prontos para ingressar no mercado de trabalho","robots":{"index":"index","follow":"follow","max-snippet":"max-snippet:-1","max-image-preview":"max-image-preview:large","max-video-preview":"max-video-preview:-1"},"canonical":"https:\/\/www.fiemg.com.br\/regional-rio-doce\/noticias\/formatura-dos-aprendizes-da-cemig-do-1o-semestre-de-2024\/","og_locale":"pt_BR","og_type":"article","og_title":"Formatura dos Aprendizes da CEMIG do 1\u00ba Semestre de 2024\u00a0 - Regional Rio doce","og_description":"Com a conclus\u00e3o do curso, novos profissionais est\u00e3o prontos para ingressar no mercado de trabalho","og_url":"https:\/\/www.fiemg.com.br\/regional-rio-doce\/noticias\/formatura-dos-aprendizes-da-cemig-do-1o-semestre-de-2024\/","og_site_name":"Regional Rio doce","og_image":[{"width":300,"height":300,"url":"https:\/\/www.fiemg.com.br\/regional-rio-doce\/wp-content\/uploads\/sites\/19\/2024\/07\/WhatsApp-Image-2024-07-25-at-20.26.07.jpeg","type":"image\/jpeg"}],"twitter_card":"summary_large_image","twitter_misc":{"Est. tempo de leitura":"2 minutos"},"schema":{"@context":"https:\/\/schema.org","@graph":[{"@type":"WebPage","@id":"https:\/\/www.fiemg.com.br\/regional-rio-doce\/noticias\/formatura-dos-aprendizes-da-cemig-do-1o-semestre-de-2024\/","url":"https:\/\/www.fiemg.com.br\/regional-rio-doce\/noticias\/formatura-dos-aprendizes-da-cemig-do-1o-semestre-de-2024\/","name":"Formatura dos Aprendizes da CEMIG do 1\u00ba Semestre de 2024\u00a0 - Regional Rio doce","isPartOf":{"@id":"https:\/\/www.fiemg.com.br\/regional-rio-doce\/#website"},"primaryImageOfPage":{"@id":"https:\/\/www.fiemg.com.br\/regional-rio-doce\/noticias\/formatura-dos-aprendizes-da-cemig-do-1o-semestre-de-2024\/#primaryimage"},"image":{"@id":"https:\/\/www.fiemg.com.br\/regional-rio-doce\/noticias\/formatura-dos-aprendizes-da-cemig-do-1o-semestre-de-2024\/#primaryimage"},"thumbnailUrl":"https:\/\/www.fiemg.com.br\/regional-rio-doce\/wp-content\/uploads\/sites\/19\/2024\/07\/WhatsApp-Image-2024-07-25-at-20.26.07.jpeg","datePublished":"2024-07-26T18:39:48+00:00","description":"Com a conclus\u00e3o do curso, novos profissionais est\u00e3o prontos para ingressar no mercado de trabalho","breadcrumb":{"@id":"https:\/\/www.fiemg.com.br\/regional-rio-doce\/noticias\/formatura-dos-aprendizes-da-cemig-do-1o-semestre-de-2024\/#breadcrumb"},"inLanguage":"pt-BR","potentialAction":[{"@type":"ReadAction","target":["https:\/\/www.fiemg.com.br\/regional-rio-doce\/noticias\/formatura-dos-aprendizes-da-cemig-do-1o-semestre-de-2024\/"]}]},{"@type":"ImageObject","inLanguage":"pt-BR","@id":"https:\/\/www.fiemg.com.br\/regional-rio-doce\/noticias\/formatura-dos-aprendizes-da-cemig-do-1o-semestre-de-2024\/#primaryimage","url":"https:\/\/www.fiemg.com.br\/regional-rio-doce\/wp-content\/uploads\/sites\/19\/2024\/07\/WhatsApp-Image-2024-07-25-at-20.26.07.jpeg","contentUrl":"https:\/\/www.fiemg.com.br\/regional-rio-doce\/wp-content\/uploads\/sites\/19\/2024\/07\/WhatsApp-Image-2024-07-25-at-20.26.07.jpeg","width":300,"height":300},{"@type":"BreadcrumbList","@id":"https:\/\/www.fiemg.com.br\/regional-rio-doce\/noticias\/formatura-dos-aprendizes-da-cemig-do-1o-semestre-de-2024\/#breadcrumb","itemListElement":[{"@type":"ListItem","position":1,"name":"In\u00edcio","item":"https:\/\/www.fiemg.com.br\/regional-rio-doce\/"},{"@type":"ListItem","position":2,"name":"Formatura dos Aprendizes da CEMIG do 1\u00ba Semestre de 2024\u00a0"}]},{"@type":"WebSite","@id":"https:\/\/www.fiemg.com.br\/regional-rio-doce\/#website","url":"https:\/\/www.fiemg.com.br\/regional-rio-doce\/","name":"Regional Rio doce","description":"Federa\u00e7\u00e3o das Ind\u00fastrias do Estado de Minas Gerais","publisher":{"@id":"https:\/\/www.fiemg.com.br\/regional-rio-doce\/#organization"},"potentialAction":[{"@type":"SearchAction","target":{"@type":"EntryPoint","urlTemplate":"https:\/\/www.fiemg.com.br\/regional-rio-doce\/?s={search_term_string}"},"query-input":{"@type":"PropertyValueSpecification","valueRequired":true,"valueName":"search_term_string"}}],"inLanguage":"pt-BR"},{"@type":"Organization","@id":"https:\/\/www.fiemg.com.br\/regional-rio-doce\/#organization","name":"Regional Rio doce","url":"https:\/\/www.fiemg.com.br\/regional-rio-doce\/","logo":{"@type":"ImageObject","inLanguage":"pt-BR","@id":"https:\/\/www.fiemg.com.br\/regional-rio-doce\/#\/schema\/logo\/image\/","url":"https:\/\/www.fiemg.com.br\/regional-rio-doce\/wp-content\/uploads\/sites\/19\/2023\/02\/Ativo-1.png","contentUrl":"https:\/\/www.fiemg.com.br\/regional-rio-doce\/wp-content\/uploads\/sites\/19\/2023\/02\/Ativo-1.png","width":563,"height":149,"caption":"Regional Rio doce"},"image":{"@id":"https:\/\/www.fiemg.com.br\/regional-rio-doce\/#\/schema\/logo\/image\/"}}]}},"_links":{"self":[{"href":"https:\/\/www.fiemg.com.br\/regional-rio-doce\/wp-json\/wp\/v2\/noticias\/1773","targetHints":{"allow":["GET"]}}],"collection":[{"href":"https:\/\/www.fiemg.com.br\/regional-rio-doce\/wp-json\/wp\/v2\/noticias"}],"about":[{"href":"https:\/\/www.fiemg.com.br\/regional-rio-doce\/wp-json\/wp\/v2\/types\/noticias"}],"wp:featuredmedia":[{"embeddable":true,"href":"https:\/\/www.fiemg.com.br\/regional-rio-doce\/wp-json\/wp\/v2\/media\/1774"}],"wp:attachment":[{"href":"https:\/\/www.fiemg.com.br\/regional-rio-doce\/wp-json\/wp\/v2\/media?parent=1773"}],"wp:term":[{"taxonomy":"category","embeddable":true,"href":"https:\/\/www.fiemg.com.br\/regional-rio-doce\/wp-json\/wp\/v2\/categories?post=1773"},{"taxonomy":"post_tag","embeddable":true,"href":"https:\/\/www.fiemg.com.br\/regional-rio-doce\/wp-json\/wp\/v2\/tags?post=1773"}],"curies":[{"name":"wp","href":"https:\/\/api.w.org\/{rel}","templated":true}]}}