{"id":1791,"date":"2024-08-13T18:50:00","date_gmt":"2024-08-13T21:50:00","guid":{"rendered":"https:\/\/www.fiemg.com.br\/regional-rio-doce\/?post_type=noticias&#038;p=1791"},"modified":"2024-08-13T18:51:06","modified_gmt":"2024-08-13T21:51:06","slug":"projeto-dirigente-2024-fortalece-a-competitividade-da-industria","status":"publish","type":"noticias","link":"https:\/\/www.fiemg.com.br\/regional-rio-doce\/noticias\/projeto-dirigente-2024-fortalece-a-competitividade-da-industria\/","title":{"rendered":"Projeto Dirigente 2024 fortalece a competitividade da ind\u00fastria"},"content":{"rendered":"\n<p>A FIEMG realizou, de 8 a 11 de agosto, em Arax\u00e1, no Alto Parana\u00edba, a terceira etapa do Projeto Dirigente 2024, reunindo l\u00edderes sindicais da ind\u00fastria mineira para discutir estrat\u00e9gias inovadoras que impulsionam a competitividade do setor. Com foco em temas como intelig\u00eancia artificial e descarboniza\u00e7\u00e3o, o evento teve uma programa\u00e7\u00e3o diversificada, visando capacitar os participantes e promover pr\u00e1ticas inovadoras e sustent\u00e1veis na ind\u00fastria.\u00a0\u00a0\u00a0<br><br>Representando a regi\u00e3o do Rio Doce, participaram do evento os presidentes do SINDAL, Hel\u00e1dio Martins, do SINDUSCON, Hermes Marcos, e do SIM, Sandro Heringer. Al\u00e9m das palestras, os empres\u00e1rios participaram de encontros para gera\u00e7\u00e3o de neg\u00f3cios e din\u00e2micas sobre o uso da intelig\u00eancia artificial no setor produtivo.\u00a0<\/p>\n\n\n\n<p>\u201cPudemos entender os impactos da tecnologia nas opera\u00e7\u00f5es industriais e o seu enorme potencial para revolucionar o setor em um curto per\u00edodo. Tamb\u00e9m tivemos um aprofundamento sobre descarboniza\u00e7\u00e3o e suas implica\u00e7\u00f5es para a sociedade. Al\u00e9m disso, os momentos de conex\u00e3o entre l\u00edderes sindicais foram fundamentais para a troca de experi\u00eancias e apoio \u00e0s bases sindicais. Foram dias de intenso aprendizado e valiosas conex\u00f5es\u201d, destacou Heringer.<\/p>\n","protected":false},"featured_media":1793,"template":"","categories":[132,15],"tags":[175,177,99,176,174],"class_list":["post-1791","noticias","type-noticias","status-publish","has-post-thumbnail","hentry","category-associativismo","category-desenvolvimento-industrial","tag-araxa","tag-descarbonizacao","tag-industria","tag-inteligencia-artificial","tag-projeto-dirigente"],"acf":[],"yoast_head":"<!-- This site is optimized with the Yoast SEO plugin v26.2 - https:\/\/yoast.com\/wordpress\/plugins\/seo\/ -->\n<title>Projeto Dirigente 2024 fortalece a competitividade da ind\u00fastria - Regional Rio doce<\/title>\n<meta name=\"description\" content=\"Evento reuniu em Arax\u00e1 l\u00edderes sindicais no estado para o debate de temas relevantes do setor produtivo\" \/>\n<meta name=\"robots\" content=\"index, follow, max-snippet:-1, max-image-preview:large, max-video-preview:-1\" \/>\n<link rel=\"canonical\" href=\"https:\/\/www.fiemg.com.br\/regional-rio-doce\/noticias\/projeto-dirigente-2024-fortalece-a-competitividade-da-industria\/\" \/>\n<meta property=\"og:locale\" content=\"pt_BR\" \/>\n<meta property=\"og:type\" content=\"article\" \/>\n<meta property=\"og:title\" content=\"Projeto Dirigente 2024 fortalece a competitividade da ind\u00fastria - Regional Rio doce\" \/>\n<meta property=\"og:description\" content=\"Evento reuniu em Arax\u00e1 l\u00edderes sindicais no estado para o debate de temas relevantes do setor produtivo\" \/>\n<meta property=\"og:url\" content=\"https:\/\/www.fiemg.com.br\/regional-rio-doce\/noticias\/projeto-dirigente-2024-fortalece-a-competitividade-da-industria\/\" \/>\n<meta property=\"og:site_name\" content=\"Regional Rio doce\" \/>\n<meta property=\"article:modified_time\" content=\"2024-08-13T21:51:06+00:00\" \/>\n<meta property=\"og:image\" content=\"https:\/\/www.fiemg.com.br\/regional-rio-doce\/wp-content\/uploads\/sites\/19\/2024\/08\/dirigente_thumb.jpeg\" \/>\n\t<meta property=\"og:image:width\" content=\"512\" \/>\n\t<meta property=\"og:image:height\" content=\"512\" \/>\n\t<meta property=\"og:image:type\" content=\"image\/jpeg\" \/>\n<meta name=\"twitter:card\" content=\"summary_large_image\" \/>\n<meta name=\"twitter:label1\" content=\"Est. tempo de leitura\" \/>\n\t<meta name=\"twitter:data1\" content=\"2 minutos\" \/>\n<script type=\"application\/ld+json\" class=\"yoast-schema-graph\">{\"@context\":\"https:\/\/schema.org\",\"@graph\":[{\"@type\":\"WebPage\",\"@id\":\"https:\/\/www.fiemg.com.br\/regional-rio-doce\/noticias\/projeto-dirigente-2024-fortalece-a-competitividade-da-industria\/\",\"url\":\"https:\/\/www.fiemg.com.br\/regional-rio-doce\/noticias\/projeto-dirigente-2024-fortalece-a-competitividade-da-industria\/\",\"name\":\"Projeto Dirigente 2024 fortalece a competitividade da ind\u00fastria - Regional Rio doce\",\"isPartOf\":{\"@id\":\"https:\/\/www.fiemg.com.br\/regional-rio-doce\/#website\"},\"primaryImageOfPage\":{\"@id\":\"https:\/\/www.fiemg.com.br\/regional-rio-doce\/noticias\/projeto-dirigente-2024-fortalece-a-competitividade-da-industria\/#primaryimage\"},\"image\":{\"@id\":\"https:\/\/www.fiemg.com.br\/regional-rio-doce\/noticias\/projeto-dirigente-2024-fortalece-a-competitividade-da-industria\/#primaryimage\"},\"thumbnailUrl\":\"https:\/\/www.fiemg.com.br\/regional-rio-doce\/wp-content\/uploads\/sites\/19\/2024\/08\/dirigente_thumb.jpeg\",\"datePublished\":\"2024-08-13T21:50:00+00:00\",\"dateModified\":\"2024-08-13T21:51:06+00:00\",\"description\":\"Evento reuniu em Arax\u00e1 l\u00edderes sindicais no estado para o debate de temas relevantes do setor produtivo\",\"breadcrumb\":{\"@id\":\"https:\/\/www.fiemg.com.br\/regional-rio-doce\/noticias\/projeto-dirigente-2024-fortalece-a-competitividade-da-industria\/#breadcrumb\"},\"inLanguage\":\"pt-BR\",\"potentialAction\":[{\"@type\":\"ReadAction\",\"target\":[\"https:\/\/www.fiemg.com.br\/regional-rio-doce\/noticias\/projeto-dirigente-2024-fortalece-a-competitividade-da-industria\/\"]}]},{\"@type\":\"ImageObject\",\"inLanguage\":\"pt-BR\",\"@id\":\"https:\/\/www.fiemg.com.br\/regional-rio-doce\/noticias\/projeto-dirigente-2024-fortalece-a-competitividade-da-industria\/#primaryimage\",\"url\":\"https:\/\/www.fiemg.com.br\/regional-rio-doce\/wp-content\/uploads\/sites\/19\/2024\/08\/dirigente_thumb.jpeg\",\"contentUrl\":\"https:\/\/www.fiemg.com.br\/regional-rio-doce\/wp-content\/uploads\/sites\/19\/2024\/08\/dirigente_thumb.jpeg\",\"width\":512,\"height\":512,\"caption\":\"Projeto Dirigente 2024\"},{\"@type\":\"BreadcrumbList\",\"@id\":\"https:\/\/www.fiemg.com.br\/regional-rio-doce\/noticias\/projeto-dirigente-2024-fortalece-a-competitividade-da-industria\/#breadcrumb\",\"itemListElement\":[{\"@type\":\"ListItem\",\"position\":1,\"name\":\"In\u00edcio\",\"item\":\"https:\/\/www.fiemg.com.br\/regional-rio-doce\/\"},{\"@type\":\"ListItem\",\"position\":2,\"name\":\"Projeto Dirigente 2024 fortalece a competitividade da ind\u00fastria\"}]},{\"@type\":\"WebSite\",\"@id\":\"https:\/\/www.fiemg.com.br\/regional-rio-doce\/#website\",\"url\":\"https:\/\/www.fiemg.com.br\/regional-rio-doce\/\",\"name\":\"Regional Rio doce\",\"description\":\"Federa\u00e7\u00e3o das Ind\u00fastrias do Estado de Minas Gerais\",\"publisher\":{\"@id\":\"https:\/\/www.fiemg.com.br\/regional-rio-doce\/#organization\"},\"potentialAction\":[{\"@type\":\"SearchAction\",\"target\":{\"@type\":\"EntryPoint\",\"urlTemplate\":\"https:\/\/www.fiemg.com.br\/regional-rio-doce\/?s={search_term_string}\"},\"query-input\":{\"@type\":\"PropertyValueSpecification\",\"valueRequired\":true,\"valueName\":\"search_term_string\"}}],\"inLanguage\":\"pt-BR\"},{\"@type\":\"Organization\",\"@id\":\"https:\/\/www.fiemg.com.br\/regional-rio-doce\/#organization\",\"name\":\"Regional Rio doce\",\"url\":\"https:\/\/www.fiemg.com.br\/regional-rio-doce\/\",\"logo\":{\"@type\":\"ImageObject\",\"inLanguage\":\"pt-BR\",\"@id\":\"https:\/\/www.fiemg.com.br\/regional-rio-doce\/#\/schema\/logo\/image\/\",\"url\":\"https:\/\/www.fiemg.com.br\/regional-rio-doce\/wp-content\/uploads\/sites\/19\/2023\/02\/Ativo-1.png\",\"contentUrl\":\"https:\/\/www.fiemg.com.br\/regional-rio-doce\/wp-content\/uploads\/sites\/19\/2023\/02\/Ativo-1.png\",\"width\":563,\"height\":149,\"caption\":\"Regional Rio doce\"},\"image\":{\"@id\":\"https:\/\/www.fiemg.com.br\/regional-rio-doce\/#\/schema\/logo\/image\/\"}}]}<\/script>\n<!-- \/ Yoast SEO plugin. -->","yoast_head_json":{"title":"Projeto Dirigente 2024 fortalece a competitividade da ind\u00fastria - Regional Rio doce","description":"Evento reuniu em Arax\u00e1 l\u00edderes sindicais no estado para o debate de temas relevantes do setor produtivo","robots":{"index":"index","follow":"follow","max-snippet":"max-snippet:-1","max-image-preview":"max-image-preview:large","max-video-preview":"max-video-preview:-1"},"canonical":"https:\/\/www.fiemg.com.br\/regional-rio-doce\/noticias\/projeto-dirigente-2024-fortalece-a-competitividade-da-industria\/","og_locale":"pt_BR","og_type":"article","og_title":"Projeto Dirigente 2024 fortalece a competitividade da ind\u00fastria - Regional Rio doce","og_description":"Evento reuniu em Arax\u00e1 l\u00edderes sindicais no estado para o debate de temas relevantes do setor produtivo","og_url":"https:\/\/www.fiemg.com.br\/regional-rio-doce\/noticias\/projeto-dirigente-2024-fortalece-a-competitividade-da-industria\/","og_site_name":"Regional Rio doce","article_modified_time":"2024-08-13T21:51:06+00:00","og_image":[{"width":512,"height":512,"url":"https:\/\/www.fiemg.com.br\/regional-rio-doce\/wp-content\/uploads\/sites\/19\/2024\/08\/dirigente_thumb.jpeg","type":"image\/jpeg"}],"twitter_card":"summary_large_image","twitter_misc":{"Est. tempo de leitura":"2 minutos"},"schema":{"@context":"https:\/\/schema.org","@graph":[{"@type":"WebPage","@id":"https:\/\/www.fiemg.com.br\/regional-rio-doce\/noticias\/projeto-dirigente-2024-fortalece-a-competitividade-da-industria\/","url":"https:\/\/www.fiemg.com.br\/regional-rio-doce\/noticias\/projeto-dirigente-2024-fortalece-a-competitividade-da-industria\/","name":"Projeto Dirigente 2024 fortalece a competitividade da ind\u00fastria - Regional Rio doce","isPartOf":{"@id":"https:\/\/www.fiemg.com.br\/regional-rio-doce\/#website"},"primaryImageOfPage":{"@id":"https:\/\/www.fiemg.com.br\/regional-rio-doce\/noticias\/projeto-dirigente-2024-fortalece-a-competitividade-da-industria\/#primaryimage"},"image":{"@id":"https:\/\/www.fiemg.com.br\/regional-rio-doce\/noticias\/projeto-dirigente-2024-fortalece-a-competitividade-da-industria\/#primaryimage"},"thumbnailUrl":"https:\/\/www.fiemg.com.br\/regional-rio-doce\/wp-content\/uploads\/sites\/19\/2024\/08\/dirigente_thumb.jpeg","datePublished":"2024-08-13T21:50:00+00:00","dateModified":"2024-08-13T21:51:06+00:00","description":"Evento reuniu em Arax\u00e1 l\u00edderes sindicais no estado para o debate de temas relevantes do setor produtivo","breadcrumb":{"@id":"https:\/\/www.fiemg.com.br\/regional-rio-doce\/noticias\/projeto-dirigente-2024-fortalece-a-competitividade-da-industria\/#breadcrumb"},"inLanguage":"pt-BR","potentialAction":[{"@type":"ReadAction","target":["https:\/\/www.fiemg.com.br\/regional-rio-doce\/noticias\/projeto-dirigente-2024-fortalece-a-competitividade-da-industria\/"]}]},{"@type":"ImageObject","inLanguage":"pt-BR","@id":"https:\/\/www.fiemg.com.br\/regional-rio-doce\/noticias\/projeto-dirigente-2024-fortalece-a-competitividade-da-industria\/#primaryimage","url":"https:\/\/www.fiemg.com.br\/regional-rio-doce\/wp-content\/uploads\/sites\/19\/2024\/08\/dirigente_thumb.jpeg","contentUrl":"https:\/\/www.fiemg.com.br\/regional-rio-doce\/wp-content\/uploads\/sites\/19\/2024\/08\/dirigente_thumb.jpeg","width":512,"height":512,"caption":"Projeto Dirigente 2024"},{"@type":"BreadcrumbList","@id":"https:\/\/www.fiemg.com.br\/regional-rio-doce\/noticias\/projeto-dirigente-2024-fortalece-a-competitividade-da-industria\/#breadcrumb","itemListElement":[{"@type":"ListItem","position":1,"name":"In\u00edcio","item":"https:\/\/www.fiemg.com.br\/regional-rio-doce\/"},{"@type":"ListItem","position":2,"name":"Projeto Dirigente 2024 fortalece a competitividade da ind\u00fastria"}]},{"@type":"WebSite","@id":"https:\/\/www.fiemg.com.br\/regional-rio-doce\/#website","url":"https:\/\/www.fiemg.com.br\/regional-rio-doce\/","name":"Regional Rio doce","description":"Federa\u00e7\u00e3o das Ind\u00fastrias do Estado de Minas Gerais","publisher":{"@id":"https:\/\/www.fiemg.com.br\/regional-rio-doce\/#organization"},"potentialAction":[{"@type":"SearchAction","target":{"@type":"EntryPoint","urlTemplate":"https:\/\/www.fiemg.com.br\/regional-rio-doce\/?s={search_term_string}"},"query-input":{"@type":"PropertyValueSpecification","valueRequired":true,"valueName":"search_term_string"}}],"inLanguage":"pt-BR"},{"@type":"Organization","@id":"https:\/\/www.fiemg.com.br\/regional-rio-doce\/#organization","name":"Regional Rio doce","url":"https:\/\/www.fiemg.com.br\/regional-rio-doce\/","logo":{"@type":"ImageObject","inLanguage":"pt-BR","@id":"https:\/\/www.fiemg.com.br\/regional-rio-doce\/#\/schema\/logo\/image\/","url":"https:\/\/www.fiemg.com.br\/regional-rio-doce\/wp-content\/uploads\/sites\/19\/2023\/02\/Ativo-1.png","contentUrl":"https:\/\/www.fiemg.com.br\/regional-rio-doce\/wp-content\/uploads\/sites\/19\/2023\/02\/Ativo-1.png","width":563,"height":149,"caption":"Regional Rio doce"},"image":{"@id":"https:\/\/www.fiemg.com.br\/regional-rio-doce\/#\/schema\/logo\/image\/"}}]}},"_links":{"self":[{"href":"https:\/\/www.fiemg.com.br\/regional-rio-doce\/wp-json\/wp\/v2\/noticias\/1791","targetHints":{"allow":["GET"]}}],"collection":[{"href":"https:\/\/www.fiemg.com.br\/regional-rio-doce\/wp-json\/wp\/v2\/noticias"}],"about":[{"href":"https:\/\/www.fiemg.com.br\/regional-rio-doce\/wp-json\/wp\/v2\/types\/noticias"}],"wp:featuredmedia":[{"embeddable":true,"href":"https:\/\/www.fiemg.com.br\/regional-rio-doce\/wp-json\/wp\/v2\/media\/1793"}],"wp:attachment":[{"href":"https:\/\/www.fiemg.com.br\/regional-rio-doce\/wp-json\/wp\/v2\/media?parent=1791"}],"wp:term":[{"taxonomy":"category","embeddable":true,"href":"https:\/\/www.fiemg.com.br\/regional-rio-doce\/wp-json\/wp\/v2\/categories?post=1791"},{"taxonomy":"post_tag","embeddable":true,"href":"https:\/\/www.fiemg.com.br\/regional-rio-doce\/wp-json\/wp\/v2\/tags?post=1791"}],"curies":[{"name":"wp","href":"https:\/\/api.w.org\/{rel}","templated":true}]}}