{"id":1835,"date":"2024-09-10T15:35:25","date_gmt":"2024-09-10T18:35:25","guid":{"rendered":"https:\/\/www.fiemg.com.br\/regional-rio-doce\/?post_type=noticias&#038;p=1835"},"modified":"2024-09-10T15:35:26","modified_gmt":"2024-09-10T18:35:26","slug":"fiemg-regional-rio-doce-promove-cafe-empresarial","status":"publish","type":"noticias","link":"https:\/\/www.fiemg.com.br\/regional-rio-doce\/noticias\/fiemg-regional-rio-doce-promove-cafe-empresarial\/","title":{"rendered":"FIEMG Regional Rio Doce promove caf\u00e9 empresarial"},"content":{"rendered":"\n<p>A FIEMG Regional Rio Doce realizou, em 2 de setembro, um caf\u00e9 empresarial no audit\u00f3rio da entidade, em Governador Valadares. Na ocasi\u00e3o, o Sindicato das Ind\u00fastrias da Constru\u00e7\u00e3o Civil de Governador Valadares (Sinduscon-GV) anunciou para os empres\u00e1rios do setor a contrata\u00e7\u00e3o de censo imobili\u00e1rio e apresentou a metodologia que ser\u00e1 utilizada no levantamento.&nbsp;<\/p>\n\n\n\n<figure class=\"wp-block-image alignright size-full is-resized\"><img fetchpriority=\"high\" decoding=\"async\" width=\"512\" height=\"512\" src=\"https:\/\/www.fiemg.com.br\/regional-rio-doce\/wp-content\/uploads\/sites\/19\/2024\/09\/sinduscon-gv.jpeg\" alt=\"Sinduscon-GV promove caf\u00e9 empresarial\" class=\"wp-image-1836\" style=\"width:265px;height:auto\" srcset=\"https:\/\/www.fiemg.com.br\/regional-rio-doce\/wp-content\/uploads\/sites\/19\/2024\/09\/sinduscon-gv.jpeg 512w, https:\/\/www.fiemg.com.br\/regional-rio-doce\/wp-content\/uploads\/sites\/19\/2024\/09\/sinduscon-gv-300x300.jpeg 300w, https:\/\/www.fiemg.com.br\/regional-rio-doce\/wp-content\/uploads\/sites\/19\/2024\/09\/sinduscon-gv-150x150.jpeg 150w\" sizes=\"(max-width: 512px) 100vw, 512px\" \/><\/figure>\n\n\n\n<p>Denis Rodrigo, da empresa Brain, associada ao Sinduscon, detalhou como funcionam o m\u00e9todo e a tecnologia aplicados no desenvolvimento do estudo de mercado censit\u00e1rio. A ferramenta oferece uma an\u00e1lise minuciosa sobre oferta imobili\u00e1ria e capacidade de absor\u00e7\u00e3o do mercado em Governador Valadares. A Brain ser\u00e1 respons\u00e1vel pela execu\u00e7\u00e3o do censo.<\/p>\n\n\n\n<p>Durante o caf\u00e9, o presidente do Sinduscon, Hermes Marcos, disse que o Minascon 2025, principal evento da ind\u00fastria da constru\u00e7\u00e3o em Minas Gerais, ser\u00e1 realizado em Governador Valadares. Segundo ele, o evento evidencia a import\u00e2ncia do setor para a regi\u00e3o e valoriza o desenvolvimento tecnol\u00f3gico das empresas do ramo na cidade .<\/p>\n\n\n\n<p>O caf\u00e9 empresarial contou como patrocinadores e parceiros a FIEMG, Valemix, MGF, Supermix e Ilmec.&nbsp;<\/p>\n","protected":false},"featured_media":1837,"template":"","categories":[15],"tags":[180,71,156,181],"class_list":["post-1835","noticias","type-noticias","status-publish","has-post-thumbnail","hentry","category-desenvolvimento-industrial","tag-censo-imobiliario","tag-fiemg","tag-regional","tag-valadares"],"acf":[],"yoast_head":"<!-- This site is optimized with the Yoast SEO plugin v26.2 - https:\/\/yoast.com\/wordpress\/plugins\/seo\/ -->\n<title>FIEMG Regional Rio Doce promove caf\u00e9 empresarial - Regional Rio doce<\/title>\n<meta name=\"description\" content=\"Durante evento, foi apresentado a empres\u00e1rios censo imobili\u00e1rio\" \/>\n<meta name=\"robots\" content=\"index, follow, max-snippet:-1, max-image-preview:large, max-video-preview:-1\" \/>\n<link rel=\"canonical\" href=\"https:\/\/www.fiemg.com.br\/regional-rio-doce\/noticias\/fiemg-regional-rio-doce-promove-cafe-empresarial\/\" \/>\n<meta property=\"og:locale\" content=\"pt_BR\" \/>\n<meta property=\"og:type\" content=\"article\" \/>\n<meta property=\"og:title\" content=\"FIEMG Regional Rio Doce promove caf\u00e9 empresarial - Regional Rio doce\" \/>\n<meta property=\"og:description\" content=\"Durante evento, foi apresentado a empres\u00e1rios censo imobili\u00e1rio\" \/>\n<meta property=\"og:url\" content=\"https:\/\/www.fiemg.com.br\/regional-rio-doce\/noticias\/fiemg-regional-rio-doce-promove-cafe-empresarial\/\" \/>\n<meta property=\"og:site_name\" content=\"Regional Rio doce\" \/>\n<meta property=\"article:modified_time\" content=\"2024-09-10T18:35:26+00:00\" \/>\n<meta property=\"og:image\" content=\"https:\/\/www.fiemg.com.br\/regional-rio-doce\/wp-content\/uploads\/sites\/19\/2024\/09\/sinduscon-gv-1.jpeg\" \/>\n\t<meta property=\"og:image:width\" content=\"512\" \/>\n\t<meta property=\"og:image:height\" content=\"512\" \/>\n\t<meta property=\"og:image:type\" content=\"image\/jpeg\" \/>\n<meta name=\"twitter:card\" content=\"summary_large_image\" \/>\n<meta name=\"twitter:label1\" content=\"Est. tempo de leitura\" \/>\n\t<meta name=\"twitter:data1\" content=\"2 minutos\" \/>\n<script type=\"application\/ld+json\" class=\"yoast-schema-graph\">{\"@context\":\"https:\/\/schema.org\",\"@graph\":[{\"@type\":\"WebPage\",\"@id\":\"https:\/\/www.fiemg.com.br\/regional-rio-doce\/noticias\/fiemg-regional-rio-doce-promove-cafe-empresarial\/\",\"url\":\"https:\/\/www.fiemg.com.br\/regional-rio-doce\/noticias\/fiemg-regional-rio-doce-promove-cafe-empresarial\/\",\"name\":\"FIEMG Regional Rio Doce promove caf\u00e9 empresarial - Regional Rio doce\",\"isPartOf\":{\"@id\":\"https:\/\/www.fiemg.com.br\/regional-rio-doce\/#website\"},\"primaryImageOfPage\":{\"@id\":\"https:\/\/www.fiemg.com.br\/regional-rio-doce\/noticias\/fiemg-regional-rio-doce-promove-cafe-empresarial\/#primaryimage\"},\"image\":{\"@id\":\"https:\/\/www.fiemg.com.br\/regional-rio-doce\/noticias\/fiemg-regional-rio-doce-promove-cafe-empresarial\/#primaryimage\"},\"thumbnailUrl\":\"https:\/\/www.fiemg.com.br\/regional-rio-doce\/wp-content\/uploads\/sites\/19\/2024\/09\/sinduscon-gv-1.jpeg\",\"datePublished\":\"2024-09-10T18:35:25+00:00\",\"dateModified\":\"2024-09-10T18:35:26+00:00\",\"description\":\"Durante evento, foi apresentado a empres\u00e1rios censo imobili\u00e1rio\",\"breadcrumb\":{\"@id\":\"https:\/\/www.fiemg.com.br\/regional-rio-doce\/noticias\/fiemg-regional-rio-doce-promove-cafe-empresarial\/#breadcrumb\"},\"inLanguage\":\"pt-BR\",\"potentialAction\":[{\"@type\":\"ReadAction\",\"target\":[\"https:\/\/www.fiemg.com.br\/regional-rio-doce\/noticias\/fiemg-regional-rio-doce-promove-cafe-empresarial\/\"]}]},{\"@type\":\"ImageObject\",\"inLanguage\":\"pt-BR\",\"@id\":\"https:\/\/www.fiemg.com.br\/regional-rio-doce\/noticias\/fiemg-regional-rio-doce-promove-cafe-empresarial\/#primaryimage\",\"url\":\"https:\/\/www.fiemg.com.br\/regional-rio-doce\/wp-content\/uploads\/sites\/19\/2024\/09\/sinduscon-gv-1.jpeg\",\"contentUrl\":\"https:\/\/www.fiemg.com.br\/regional-rio-doce\/wp-content\/uploads\/sites\/19\/2024\/09\/sinduscon-gv-1.jpeg\",\"width\":512,\"height\":512,\"caption\":\"Durante evento, foi apresentado a empres\u00e1rios censo imobili\u00e1rio\"},{\"@type\":\"BreadcrumbList\",\"@id\":\"https:\/\/www.fiemg.com.br\/regional-rio-doce\/noticias\/fiemg-regional-rio-doce-promove-cafe-empresarial\/#breadcrumb\",\"itemListElement\":[{\"@type\":\"ListItem\",\"position\":1,\"name\":\"In\u00edcio\",\"item\":\"https:\/\/www.fiemg.com.br\/regional-rio-doce\/\"},{\"@type\":\"ListItem\",\"position\":2,\"name\":\"FIEMG Regional Rio Doce promove caf\u00e9 empresarial\"}]},{\"@type\":\"WebSite\",\"@id\":\"https:\/\/www.fiemg.com.br\/regional-rio-doce\/#website\",\"url\":\"https:\/\/www.fiemg.com.br\/regional-rio-doce\/\",\"name\":\"Regional Rio doce\",\"description\":\"Federa\u00e7\u00e3o das Ind\u00fastrias do Estado de Minas Gerais\",\"publisher\":{\"@id\":\"https:\/\/www.fiemg.com.br\/regional-rio-doce\/#organization\"},\"potentialAction\":[{\"@type\":\"SearchAction\",\"target\":{\"@type\":\"EntryPoint\",\"urlTemplate\":\"https:\/\/www.fiemg.com.br\/regional-rio-doce\/?s={search_term_string}\"},\"query-input\":{\"@type\":\"PropertyValueSpecification\",\"valueRequired\":true,\"valueName\":\"search_term_string\"}}],\"inLanguage\":\"pt-BR\"},{\"@type\":\"Organization\",\"@id\":\"https:\/\/www.fiemg.com.br\/regional-rio-doce\/#organization\",\"name\":\"Regional Rio doce\",\"url\":\"https:\/\/www.fiemg.com.br\/regional-rio-doce\/\",\"logo\":{\"@type\":\"ImageObject\",\"inLanguage\":\"pt-BR\",\"@id\":\"https:\/\/www.fiemg.com.br\/regional-rio-doce\/#\/schema\/logo\/image\/\",\"url\":\"https:\/\/www.fiemg.com.br\/regional-rio-doce\/wp-content\/uploads\/sites\/19\/2023\/02\/Ativo-1.png\",\"contentUrl\":\"https:\/\/www.fiemg.com.br\/regional-rio-doce\/wp-content\/uploads\/sites\/19\/2023\/02\/Ativo-1.png\",\"width\":563,\"height\":149,\"caption\":\"Regional Rio doce\"},\"image\":{\"@id\":\"https:\/\/www.fiemg.com.br\/regional-rio-doce\/#\/schema\/logo\/image\/\"}}]}<\/script>\n<!-- \/ Yoast SEO plugin. -->","yoast_head_json":{"title":"FIEMG Regional Rio Doce promove caf\u00e9 empresarial - Regional Rio doce","description":"Durante evento, foi apresentado a empres\u00e1rios censo imobili\u00e1rio","robots":{"index":"index","follow":"follow","max-snippet":"max-snippet:-1","max-image-preview":"max-image-preview:large","max-video-preview":"max-video-preview:-1"},"canonical":"https:\/\/www.fiemg.com.br\/regional-rio-doce\/noticias\/fiemg-regional-rio-doce-promove-cafe-empresarial\/","og_locale":"pt_BR","og_type":"article","og_title":"FIEMG Regional Rio Doce promove caf\u00e9 empresarial - Regional Rio doce","og_description":"Durante evento, foi apresentado a empres\u00e1rios censo imobili\u00e1rio","og_url":"https:\/\/www.fiemg.com.br\/regional-rio-doce\/noticias\/fiemg-regional-rio-doce-promove-cafe-empresarial\/","og_site_name":"Regional Rio doce","article_modified_time":"2024-09-10T18:35:26+00:00","og_image":[{"width":512,"height":512,"url":"https:\/\/www.fiemg.com.br\/regional-rio-doce\/wp-content\/uploads\/sites\/19\/2024\/09\/sinduscon-gv-1.jpeg","type":"image\/jpeg"}],"twitter_card":"summary_large_image","twitter_misc":{"Est. tempo de leitura":"2 minutos"},"schema":{"@context":"https:\/\/schema.org","@graph":[{"@type":"WebPage","@id":"https:\/\/www.fiemg.com.br\/regional-rio-doce\/noticias\/fiemg-regional-rio-doce-promove-cafe-empresarial\/","url":"https:\/\/www.fiemg.com.br\/regional-rio-doce\/noticias\/fiemg-regional-rio-doce-promove-cafe-empresarial\/","name":"FIEMG Regional Rio Doce promove caf\u00e9 empresarial - Regional Rio doce","isPartOf":{"@id":"https:\/\/www.fiemg.com.br\/regional-rio-doce\/#website"},"primaryImageOfPage":{"@id":"https:\/\/www.fiemg.com.br\/regional-rio-doce\/noticias\/fiemg-regional-rio-doce-promove-cafe-empresarial\/#primaryimage"},"image":{"@id":"https:\/\/www.fiemg.com.br\/regional-rio-doce\/noticias\/fiemg-regional-rio-doce-promove-cafe-empresarial\/#primaryimage"},"thumbnailUrl":"https:\/\/www.fiemg.com.br\/regional-rio-doce\/wp-content\/uploads\/sites\/19\/2024\/09\/sinduscon-gv-1.jpeg","datePublished":"2024-09-10T18:35:25+00:00","dateModified":"2024-09-10T18:35:26+00:00","description":"Durante evento, foi apresentado a empres\u00e1rios censo imobili\u00e1rio","breadcrumb":{"@id":"https:\/\/www.fiemg.com.br\/regional-rio-doce\/noticias\/fiemg-regional-rio-doce-promove-cafe-empresarial\/#breadcrumb"},"inLanguage":"pt-BR","potentialAction":[{"@type":"ReadAction","target":["https:\/\/www.fiemg.com.br\/regional-rio-doce\/noticias\/fiemg-regional-rio-doce-promove-cafe-empresarial\/"]}]},{"@type":"ImageObject","inLanguage":"pt-BR","@id":"https:\/\/www.fiemg.com.br\/regional-rio-doce\/noticias\/fiemg-regional-rio-doce-promove-cafe-empresarial\/#primaryimage","url":"https:\/\/www.fiemg.com.br\/regional-rio-doce\/wp-content\/uploads\/sites\/19\/2024\/09\/sinduscon-gv-1.jpeg","contentUrl":"https:\/\/www.fiemg.com.br\/regional-rio-doce\/wp-content\/uploads\/sites\/19\/2024\/09\/sinduscon-gv-1.jpeg","width":512,"height":512,"caption":"Durante evento, foi apresentado a empres\u00e1rios censo imobili\u00e1rio"},{"@type":"BreadcrumbList","@id":"https:\/\/www.fiemg.com.br\/regional-rio-doce\/noticias\/fiemg-regional-rio-doce-promove-cafe-empresarial\/#breadcrumb","itemListElement":[{"@type":"ListItem","position":1,"name":"In\u00edcio","item":"https:\/\/www.fiemg.com.br\/regional-rio-doce\/"},{"@type":"ListItem","position":2,"name":"FIEMG Regional Rio Doce promove caf\u00e9 empresarial"}]},{"@type":"WebSite","@id":"https:\/\/www.fiemg.com.br\/regional-rio-doce\/#website","url":"https:\/\/www.fiemg.com.br\/regional-rio-doce\/","name":"Regional Rio doce","description":"Federa\u00e7\u00e3o das Ind\u00fastrias do Estado de Minas Gerais","publisher":{"@id":"https:\/\/www.fiemg.com.br\/regional-rio-doce\/#organization"},"potentialAction":[{"@type":"SearchAction","target":{"@type":"EntryPoint","urlTemplate":"https:\/\/www.fiemg.com.br\/regional-rio-doce\/?s={search_term_string}"},"query-input":{"@type":"PropertyValueSpecification","valueRequired":true,"valueName":"search_term_string"}}],"inLanguage":"pt-BR"},{"@type":"Organization","@id":"https:\/\/www.fiemg.com.br\/regional-rio-doce\/#organization","name":"Regional Rio doce","url":"https:\/\/www.fiemg.com.br\/regional-rio-doce\/","logo":{"@type":"ImageObject","inLanguage":"pt-BR","@id":"https:\/\/www.fiemg.com.br\/regional-rio-doce\/#\/schema\/logo\/image\/","url":"https:\/\/www.fiemg.com.br\/regional-rio-doce\/wp-content\/uploads\/sites\/19\/2023\/02\/Ativo-1.png","contentUrl":"https:\/\/www.fiemg.com.br\/regional-rio-doce\/wp-content\/uploads\/sites\/19\/2023\/02\/Ativo-1.png","width":563,"height":149,"caption":"Regional Rio doce"},"image":{"@id":"https:\/\/www.fiemg.com.br\/regional-rio-doce\/#\/schema\/logo\/image\/"}}]}},"_links":{"self":[{"href":"https:\/\/www.fiemg.com.br\/regional-rio-doce\/wp-json\/wp\/v2\/noticias\/1835","targetHints":{"allow":["GET"]}}],"collection":[{"href":"https:\/\/www.fiemg.com.br\/regional-rio-doce\/wp-json\/wp\/v2\/noticias"}],"about":[{"href":"https:\/\/www.fiemg.com.br\/regional-rio-doce\/wp-json\/wp\/v2\/types\/noticias"}],"wp:featuredmedia":[{"embeddable":true,"href":"https:\/\/www.fiemg.com.br\/regional-rio-doce\/wp-json\/wp\/v2\/media\/1837"}],"wp:attachment":[{"href":"https:\/\/www.fiemg.com.br\/regional-rio-doce\/wp-json\/wp\/v2\/media?parent=1835"}],"wp:term":[{"taxonomy":"category","embeddable":true,"href":"https:\/\/www.fiemg.com.br\/regional-rio-doce\/wp-json\/wp\/v2\/categories?post=1835"},{"taxonomy":"post_tag","embeddable":true,"href":"https:\/\/www.fiemg.com.br\/regional-rio-doce\/wp-json\/wp\/v2\/tags?post=1835"}],"curies":[{"name":"wp","href":"https:\/\/api.w.org\/{rel}","templated":true}]}}