{"id":1854,"date":"2024-10-09T16:17:38","date_gmt":"2024-10-09T19:17:38","guid":{"rendered":"https:\/\/www.fiemg.com.br\/regional-rio-doce\/?post_type=noticias&#038;p=1854"},"modified":"2024-10-09T16:17:39","modified_gmt":"2024-10-09T19:17:39","slug":"fiemg-regional-rio-doce-realiza-evento-gratuito-sobre-exportacao","status":"publish","type":"noticias","link":"https:\/\/www.fiemg.com.br\/regional-rio-doce\/noticias\/fiemg-regional-rio-doce-realiza-evento-gratuito-sobre-exportacao\/","title":{"rendered":"FIEMG Regional Rio Doce realiza evento gratuito sobre exporta\u00e7\u00e3o\u00a0"},"content":{"rendered":"\n<p>A FIEMG Regional Rio Doce promove, em 17 de outubro, o Caf\u00e9 Empresarial Trilha da Exporta\u00e7\u00e3o, que ser\u00e1 gratuito e voltado para empres\u00e1rios e empreendedores que desejam expandir suas opera\u00e7\u00f5es para o mercado internacional. O evento ser\u00e1 realizado no audit\u00f3rio da entidade, em Governador Valadares, das 8h30 \u00e0s 12h, e contar\u00e1 com a presen\u00e7a de especialistas em exporta\u00e7\u00e3o e com\u00e9rcio exterior. As inscri\u00e7\u00f5es podem ser feitas <a href=\"https:\/\/www.sympla.com.br\/cafe-empresarial---trilha-da-exportacao-prepare-se-para-exportar__2665348\"><strong>neste <\/strong><\/a><a href=\"https:\/\/www.sympla.com.br\/cafe-empresarial---trilha-da-exportacao-prepare-se-para-exportar__2665348\" target=\"_blank\" rel=\"noreferrer noopener\"><strong>link<\/strong><\/a>.<\/p>\n\n\n\n<p>Com a crescente import\u00e2ncia da internacionaliza\u00e7\u00e3o para empresas de todos os portes, o encontro vai trazer informa\u00e7\u00f5es importantes sobre aspectos tribut\u00e1rios e as principais tend\u00eancias globais que fazem parte do mercado de exporta\u00e7\u00e3o. O objetivo \u00e9 preparar os empres\u00e1rios da regi\u00e3o para os desafios e oportunidades desse setor em expans\u00e3o.<\/p>\n\n\n\n<p><strong>Programa\u00e7\u00e3o<\/strong><\/p>\n\n\n\n<p>O evento ter\u00e1 in\u00edcio \u00e0s 8h30, com um caf\u00e9 de boas-vindas e uma oportunidade de networking entre os participantes. A partir das 9h, especialistas conduzir\u00e3o palestras sobre temas fundamentais para quem busca atuar no com\u00e9rcio exterior<\/p>\n\n\n\n<p>Advogada e consultora tribut\u00e1ria no VMS Advogados, Ana Luiza Junqueir falar\u00e1 sobre os aspectos tribut\u00e1rios na importa\u00e7\u00e3o e exporta\u00e7\u00e3o, abordando as principais regulamenta\u00e7\u00f5es e obriga\u00e7\u00f5es fiscais que impactam as opera\u00e7\u00f5es internacionais. Em seguida, Leonardo Germano, consultor cont\u00e1bil da \u00e1rea de TAX do VMS Advogados, dar\u00e1 continuidade \u00e0 discuss\u00e3o tribut\u00e1ria, trazendo uma vis\u00e3o pr\u00e1tica sobre como otimizar a gest\u00e3o tribut\u00e1ria para exportadores.<\/p>\n\n\n\n<p>Para fechar o ciclo de palestras, Alexandre Brito, economista do Centro Internacional de Neg\u00f3cios (CIN) da FIEMG, apresentar\u00e1 uma an\u00e1lise sobre as tend\u00eancias globais e oportunidades regionais na exporta\u00e7\u00e3o, oferecendo insights estrat\u00e9gicos para empresas que desejam se posicionar em mercados estrangeiros.<\/p>\n\n\n\n<p>Ap\u00f3s as palestras, haver\u00e1 um espa\u00e7o aberto para bate-papo e esclarecimento de d\u00favidas, permitindo uma intera\u00e7\u00e3o direta entre os palestrantes e os participantes. Para mais informa\u00e7\u00f5es, entre em contato pelo telefone 33 9 9902-4540 ou e-mail <a href=\"mailto:regional-rd@fiemg.com.br\"><strong>regional-rd@fiemg.com.br<\/strong><\/a>.<\/p>\n","protected":false},"featured_media":1856,"template":"","categories":[132,22],"tags":[178,185,71,91,99],"class_list":["post-1854","noticias","type-noticias","status-publish","has-post-thumbnail","hentry","category-associativismo","category-negocios-internacionais","tag-evento","tag-exportacao","tag-fiemg","tag-governador-valadares","tag-industria"],"acf":[],"yoast_head":"<!-- This site is optimized with the Yoast SEO plugin v26.2 - https:\/\/yoast.com\/wordpress\/plugins\/seo\/ -->\n<title>FIEMG Regional Rio Doce realiza evento gratuito sobre exporta\u00e7\u00e3o\u00a0 - Regional Rio doce<\/title>\n<meta name=\"robots\" content=\"index, follow, max-snippet:-1, max-image-preview:large, max-video-preview:-1\" \/>\n<link rel=\"canonical\" href=\"https:\/\/www.fiemg.com.br\/regional-rio-doce\/noticias\/fiemg-regional-rio-doce-realiza-evento-gratuito-sobre-exportacao\/\" \/>\n<meta property=\"og:locale\" content=\"pt_BR\" \/>\n<meta property=\"og:type\" content=\"article\" \/>\n<meta property=\"og:title\" content=\"FIEMG Regional Rio Doce realiza evento gratuito sobre exporta\u00e7\u00e3o\u00a0 - Regional Rio doce\" \/>\n<meta property=\"og:description\" content=\"A FIEMG Regional Rio Doce promove, em 17 de outubro, o Caf\u00e9 Empresarial Trilha da Exporta\u00e7\u00e3o, que ser\u00e1 gratuito e voltado para empres\u00e1rios e empreendedores que desejam expandir suas opera\u00e7\u00f5es para o mercado internacional. O evento ser\u00e1 realizado no audit\u00f3rio da entidade, em Governador Valadares, das 8h30 \u00e0s 12h, e contar\u00e1 com a presen\u00e7a de [&hellip;]\" \/>\n<meta property=\"og:url\" content=\"https:\/\/www.fiemg.com.br\/regional-rio-doce\/noticias\/fiemg-regional-rio-doce-realiza-evento-gratuito-sobre-exportacao\/\" \/>\n<meta property=\"og:site_name\" content=\"Regional Rio doce\" \/>\n<meta property=\"article:modified_time\" content=\"2024-10-09T19:17:39+00:00\" \/>\n<meta property=\"og:image\" content=\"https:\/\/www.fiemg.com.br\/regional-rio-doce\/wp-content\/uploads\/sites\/19\/2024\/10\/cafe-empresarial_thumb.jpeg\" \/>\n\t<meta property=\"og:image:width\" content=\"512\" \/>\n\t<meta property=\"og:image:height\" content=\"512\" \/>\n\t<meta property=\"og:image:type\" content=\"image\/jpeg\" \/>\n<meta name=\"twitter:card\" content=\"summary_large_image\" \/>\n<meta name=\"twitter:label1\" content=\"Est. tempo de leitura\" \/>\n\t<meta name=\"twitter:data1\" content=\"2 minutos\" \/>\n<script type=\"application\/ld+json\" class=\"yoast-schema-graph\">{\"@context\":\"https:\/\/schema.org\",\"@graph\":[{\"@type\":\"WebPage\",\"@id\":\"https:\/\/www.fiemg.com.br\/regional-rio-doce\/noticias\/fiemg-regional-rio-doce-realiza-evento-gratuito-sobre-exportacao\/\",\"url\":\"https:\/\/www.fiemg.com.br\/regional-rio-doce\/noticias\/fiemg-regional-rio-doce-realiza-evento-gratuito-sobre-exportacao\/\",\"name\":\"FIEMG Regional Rio Doce realiza evento gratuito sobre exporta\u00e7\u00e3o\u00a0 - Regional Rio doce\",\"isPartOf\":{\"@id\":\"https:\/\/www.fiemg.com.br\/regional-rio-doce\/#website\"},\"primaryImageOfPage\":{\"@id\":\"https:\/\/www.fiemg.com.br\/regional-rio-doce\/noticias\/fiemg-regional-rio-doce-realiza-evento-gratuito-sobre-exportacao\/#primaryimage\"},\"image\":{\"@id\":\"https:\/\/www.fiemg.com.br\/regional-rio-doce\/noticias\/fiemg-regional-rio-doce-realiza-evento-gratuito-sobre-exportacao\/#primaryimage\"},\"thumbnailUrl\":\"https:\/\/www.fiemg.com.br\/regional-rio-doce\/wp-content\/uploads\/sites\/19\/2024\/10\/cafe-empresarial_thumb.jpeg\",\"datePublished\":\"2024-10-09T19:17:38+00:00\",\"dateModified\":\"2024-10-09T19:17:39+00:00\",\"breadcrumb\":{\"@id\":\"https:\/\/www.fiemg.com.br\/regional-rio-doce\/noticias\/fiemg-regional-rio-doce-realiza-evento-gratuito-sobre-exportacao\/#breadcrumb\"},\"inLanguage\":\"pt-BR\",\"potentialAction\":[{\"@type\":\"ReadAction\",\"target\":[\"https:\/\/www.fiemg.com.br\/regional-rio-doce\/noticias\/fiemg-regional-rio-doce-realiza-evento-gratuito-sobre-exportacao\/\"]}]},{\"@type\":\"ImageObject\",\"inLanguage\":\"pt-BR\",\"@id\":\"https:\/\/www.fiemg.com.br\/regional-rio-doce\/noticias\/fiemg-regional-rio-doce-realiza-evento-gratuito-sobre-exportacao\/#primaryimage\",\"url\":\"https:\/\/www.fiemg.com.br\/regional-rio-doce\/wp-content\/uploads\/sites\/19\/2024\/10\/cafe-empresarial_thumb.jpeg\",\"contentUrl\":\"https:\/\/www.fiemg.com.br\/regional-rio-doce\/wp-content\/uploads\/sites\/19\/2024\/10\/cafe-empresarial_thumb.jpeg\",\"width\":512,\"height\":512,\"caption\":\"FIEMG Regional Rio Doce realiza evento gratuito sobre exporta\u00e7\u00e3o\"},{\"@type\":\"BreadcrumbList\",\"@id\":\"https:\/\/www.fiemg.com.br\/regional-rio-doce\/noticias\/fiemg-regional-rio-doce-realiza-evento-gratuito-sobre-exportacao\/#breadcrumb\",\"itemListElement\":[{\"@type\":\"ListItem\",\"position\":1,\"name\":\"In\u00edcio\",\"item\":\"https:\/\/www.fiemg.com.br\/regional-rio-doce\/\"},{\"@type\":\"ListItem\",\"position\":2,\"name\":\"FIEMG Regional Rio Doce realiza evento gratuito sobre exporta\u00e7\u00e3o\u00a0\"}]},{\"@type\":\"WebSite\",\"@id\":\"https:\/\/www.fiemg.com.br\/regional-rio-doce\/#website\",\"url\":\"https:\/\/www.fiemg.com.br\/regional-rio-doce\/\",\"name\":\"Regional Rio doce\",\"description\":\"Federa\u00e7\u00e3o das Ind\u00fastrias do Estado de Minas Gerais\",\"publisher\":{\"@id\":\"https:\/\/www.fiemg.com.br\/regional-rio-doce\/#organization\"},\"potentialAction\":[{\"@type\":\"SearchAction\",\"target\":{\"@type\":\"EntryPoint\",\"urlTemplate\":\"https:\/\/www.fiemg.com.br\/regional-rio-doce\/?s={search_term_string}\"},\"query-input\":{\"@type\":\"PropertyValueSpecification\",\"valueRequired\":true,\"valueName\":\"search_term_string\"}}],\"inLanguage\":\"pt-BR\"},{\"@type\":\"Organization\",\"@id\":\"https:\/\/www.fiemg.com.br\/regional-rio-doce\/#organization\",\"name\":\"Regional Rio doce\",\"url\":\"https:\/\/www.fiemg.com.br\/regional-rio-doce\/\",\"logo\":{\"@type\":\"ImageObject\",\"inLanguage\":\"pt-BR\",\"@id\":\"https:\/\/www.fiemg.com.br\/regional-rio-doce\/#\/schema\/logo\/image\/\",\"url\":\"https:\/\/www.fiemg.com.br\/regional-rio-doce\/wp-content\/uploads\/sites\/19\/2023\/02\/Ativo-1.png\",\"contentUrl\":\"https:\/\/www.fiemg.com.br\/regional-rio-doce\/wp-content\/uploads\/sites\/19\/2023\/02\/Ativo-1.png\",\"width\":563,\"height\":149,\"caption\":\"Regional Rio doce\"},\"image\":{\"@id\":\"https:\/\/www.fiemg.com.br\/regional-rio-doce\/#\/schema\/logo\/image\/\"}}]}<\/script>\n<!-- \/ Yoast SEO plugin. -->","yoast_head_json":{"title":"FIEMG Regional Rio Doce realiza evento gratuito sobre exporta\u00e7\u00e3o\u00a0 - Regional Rio doce","robots":{"index":"index","follow":"follow","max-snippet":"max-snippet:-1","max-image-preview":"max-image-preview:large","max-video-preview":"max-video-preview:-1"},"canonical":"https:\/\/www.fiemg.com.br\/regional-rio-doce\/noticias\/fiemg-regional-rio-doce-realiza-evento-gratuito-sobre-exportacao\/","og_locale":"pt_BR","og_type":"article","og_title":"FIEMG Regional Rio Doce realiza evento gratuito sobre exporta\u00e7\u00e3o\u00a0 - Regional Rio doce","og_description":"A FIEMG Regional Rio Doce promove, em 17 de outubro, o Caf\u00e9 Empresarial Trilha da Exporta\u00e7\u00e3o, que ser\u00e1 gratuito e voltado para empres\u00e1rios e empreendedores que desejam expandir suas opera\u00e7\u00f5es para o mercado internacional. O evento ser\u00e1 realizado no audit\u00f3rio da entidade, em Governador Valadares, das 8h30 \u00e0s 12h, e contar\u00e1 com a presen\u00e7a de [&hellip;]","og_url":"https:\/\/www.fiemg.com.br\/regional-rio-doce\/noticias\/fiemg-regional-rio-doce-realiza-evento-gratuito-sobre-exportacao\/","og_site_name":"Regional Rio doce","article_modified_time":"2024-10-09T19:17:39+00:00","og_image":[{"width":512,"height":512,"url":"https:\/\/www.fiemg.com.br\/regional-rio-doce\/wp-content\/uploads\/sites\/19\/2024\/10\/cafe-empresarial_thumb.jpeg","type":"image\/jpeg"}],"twitter_card":"summary_large_image","twitter_misc":{"Est. tempo de leitura":"2 minutos"},"schema":{"@context":"https:\/\/schema.org","@graph":[{"@type":"WebPage","@id":"https:\/\/www.fiemg.com.br\/regional-rio-doce\/noticias\/fiemg-regional-rio-doce-realiza-evento-gratuito-sobre-exportacao\/","url":"https:\/\/www.fiemg.com.br\/regional-rio-doce\/noticias\/fiemg-regional-rio-doce-realiza-evento-gratuito-sobre-exportacao\/","name":"FIEMG Regional Rio Doce realiza evento gratuito sobre exporta\u00e7\u00e3o\u00a0 - Regional Rio doce","isPartOf":{"@id":"https:\/\/www.fiemg.com.br\/regional-rio-doce\/#website"},"primaryImageOfPage":{"@id":"https:\/\/www.fiemg.com.br\/regional-rio-doce\/noticias\/fiemg-regional-rio-doce-realiza-evento-gratuito-sobre-exportacao\/#primaryimage"},"image":{"@id":"https:\/\/www.fiemg.com.br\/regional-rio-doce\/noticias\/fiemg-regional-rio-doce-realiza-evento-gratuito-sobre-exportacao\/#primaryimage"},"thumbnailUrl":"https:\/\/www.fiemg.com.br\/regional-rio-doce\/wp-content\/uploads\/sites\/19\/2024\/10\/cafe-empresarial_thumb.jpeg","datePublished":"2024-10-09T19:17:38+00:00","dateModified":"2024-10-09T19:17:39+00:00","breadcrumb":{"@id":"https:\/\/www.fiemg.com.br\/regional-rio-doce\/noticias\/fiemg-regional-rio-doce-realiza-evento-gratuito-sobre-exportacao\/#breadcrumb"},"inLanguage":"pt-BR","potentialAction":[{"@type":"ReadAction","target":["https:\/\/www.fiemg.com.br\/regional-rio-doce\/noticias\/fiemg-regional-rio-doce-realiza-evento-gratuito-sobre-exportacao\/"]}]},{"@type":"ImageObject","inLanguage":"pt-BR","@id":"https:\/\/www.fiemg.com.br\/regional-rio-doce\/noticias\/fiemg-regional-rio-doce-realiza-evento-gratuito-sobre-exportacao\/#primaryimage","url":"https:\/\/www.fiemg.com.br\/regional-rio-doce\/wp-content\/uploads\/sites\/19\/2024\/10\/cafe-empresarial_thumb.jpeg","contentUrl":"https:\/\/www.fiemg.com.br\/regional-rio-doce\/wp-content\/uploads\/sites\/19\/2024\/10\/cafe-empresarial_thumb.jpeg","width":512,"height":512,"caption":"FIEMG Regional Rio Doce realiza evento gratuito sobre exporta\u00e7\u00e3o"},{"@type":"BreadcrumbList","@id":"https:\/\/www.fiemg.com.br\/regional-rio-doce\/noticias\/fiemg-regional-rio-doce-realiza-evento-gratuito-sobre-exportacao\/#breadcrumb","itemListElement":[{"@type":"ListItem","position":1,"name":"In\u00edcio","item":"https:\/\/www.fiemg.com.br\/regional-rio-doce\/"},{"@type":"ListItem","position":2,"name":"FIEMG Regional Rio Doce realiza evento gratuito sobre exporta\u00e7\u00e3o\u00a0"}]},{"@type":"WebSite","@id":"https:\/\/www.fiemg.com.br\/regional-rio-doce\/#website","url":"https:\/\/www.fiemg.com.br\/regional-rio-doce\/","name":"Regional Rio doce","description":"Federa\u00e7\u00e3o das Ind\u00fastrias do Estado de Minas Gerais","publisher":{"@id":"https:\/\/www.fiemg.com.br\/regional-rio-doce\/#organization"},"potentialAction":[{"@type":"SearchAction","target":{"@type":"EntryPoint","urlTemplate":"https:\/\/www.fiemg.com.br\/regional-rio-doce\/?s={search_term_string}"},"query-input":{"@type":"PropertyValueSpecification","valueRequired":true,"valueName":"search_term_string"}}],"inLanguage":"pt-BR"},{"@type":"Organization","@id":"https:\/\/www.fiemg.com.br\/regional-rio-doce\/#organization","name":"Regional Rio doce","url":"https:\/\/www.fiemg.com.br\/regional-rio-doce\/","logo":{"@type":"ImageObject","inLanguage":"pt-BR","@id":"https:\/\/www.fiemg.com.br\/regional-rio-doce\/#\/schema\/logo\/image\/","url":"https:\/\/www.fiemg.com.br\/regional-rio-doce\/wp-content\/uploads\/sites\/19\/2023\/02\/Ativo-1.png","contentUrl":"https:\/\/www.fiemg.com.br\/regional-rio-doce\/wp-content\/uploads\/sites\/19\/2023\/02\/Ativo-1.png","width":563,"height":149,"caption":"Regional Rio doce"},"image":{"@id":"https:\/\/www.fiemg.com.br\/regional-rio-doce\/#\/schema\/logo\/image\/"}}]}},"_links":{"self":[{"href":"https:\/\/www.fiemg.com.br\/regional-rio-doce\/wp-json\/wp\/v2\/noticias\/1854","targetHints":{"allow":["GET"]}}],"collection":[{"href":"https:\/\/www.fiemg.com.br\/regional-rio-doce\/wp-json\/wp\/v2\/noticias"}],"about":[{"href":"https:\/\/www.fiemg.com.br\/regional-rio-doce\/wp-json\/wp\/v2\/types\/noticias"}],"wp:featuredmedia":[{"embeddable":true,"href":"https:\/\/www.fiemg.com.br\/regional-rio-doce\/wp-json\/wp\/v2\/media\/1856"}],"wp:attachment":[{"href":"https:\/\/www.fiemg.com.br\/regional-rio-doce\/wp-json\/wp\/v2\/media?parent=1854"}],"wp:term":[{"taxonomy":"category","embeddable":true,"href":"https:\/\/www.fiemg.com.br\/regional-rio-doce\/wp-json\/wp\/v2\/categories?post=1854"},{"taxonomy":"post_tag","embeddable":true,"href":"https:\/\/www.fiemg.com.br\/regional-rio-doce\/wp-json\/wp\/v2\/tags?post=1854"}],"curies":[{"name":"wp","href":"https:\/\/api.w.org\/{rel}","templated":true}]}}