{"id":1986,"date":"2025-02-24T15:17:14","date_gmt":"2025-02-24T18:17:14","guid":{"rendered":"https:\/\/www.fiemg.com.br\/regional-rio-doce\/noticias\/fiemg-regional-rio-doce-recebe-analista-tecnica-do-sebrae-para-reuniao-estrategica\/"},"modified":"2025-02-24T15:17:14","modified_gmt":"2025-02-24T18:17:14","slug":"fiemg-regional-rio-doce-recebe-analista-tecnica-do-sebrae-para-reuniao-estrategica","status":"publish","type":"noticias","link":"https:\/\/www.fiemg.com.br\/regional-rio-doce\/noticias\/fiemg-regional-rio-doce-recebe-analista-tecnica-do-sebrae-para-reuniao-estrategica\/","title":{"rendered":"FIEMG Regional Rio Doce recebe analista t\u00e9cnica do SEBRAE para reuni\u00e3o estrat\u00e9gica"},"content":{"rendered":"\n<figure class=\"wp-block-image aligncenter size-large is-resized\"><img fetchpriority=\"high\" decoding=\"async\" width=\"1024\" height=\"487\" src=\"https:\/\/www.fiemg.com.br\/regional-rio-doce\/wp-content\/uploads\/sites\/19\/2025\/02\/FIEMG-RIO-DOCE-1024x487.png\" alt=\"\" class=\"wp-image-1987\" style=\"width:738px;height:auto\" srcset=\"https:\/\/www.fiemg.com.br\/regional-rio-doce\/wp-content\/uploads\/sites\/19\/2025\/02\/FIEMG-RIO-DOCE-1024x487.png 1024w, https:\/\/www.fiemg.com.br\/regional-rio-doce\/wp-content\/uploads\/sites\/19\/2025\/02\/FIEMG-RIO-DOCE-300x143.png 300w, https:\/\/www.fiemg.com.br\/regional-rio-doce\/wp-content\/uploads\/sites\/19\/2025\/02\/FIEMG-RIO-DOCE-768x365.png 768w, https:\/\/www.fiemg.com.br\/regional-rio-doce\/wp-content\/uploads\/sites\/19\/2025\/02\/FIEMG-RIO-DOCE.png 1285w\" sizes=\"(max-width: 1024px) 100vw, 1024px\" \/><\/figure>\n\n\n\n<p><\/p>\n\n\n\n<p>Na \u00faltima quinta-feira (24), a FIEMG Regional Rio Doce recebeu a visita de Iara Ara\u00fajo, analista t\u00e9cnica do SEBRAE, para uma reuni\u00e3o estrat\u00e9gica voltada ao fortalecimento da parceria entre as institui\u00e7\u00f5es. O encontro teve como objetivo a apresenta\u00e7\u00e3o da analista, o conhecimento das atividades desenvolvidas pela FIEMG e seus sindicatos, al\u00e9m da discuss\u00e3o de poss\u00edveis iniciativas conjuntas para o atendimento das ind\u00fastrias de Micro e Pequeno Porte (ME e EPP).<\/p>\n\n\n\n<p>Durante a reuni\u00e3o, a equipe da FIEMG e os representantes dos sindicatos patronais compartilharam propostas de trabalho em conjunto com o SEBRAE, buscando iniciativas que promovam o desenvolvimento industrial da regi\u00e3o. A colabora\u00e7\u00e3o entre as entidades \u00e9 fundamental para oferecer suporte e solu\u00e7\u00f5es estrat\u00e9gicas \u00e0s empresas, impulsionando sua competitividade e crescimento.<\/p>\n\n\n\n<p>Estiveram presentes no encontro a Analista de Servi\u00e7os Corporativos da FIEMG, Daniela Carvalho; o Analista de Rela\u00e7\u00f5es Empresariais, Agripino Marques; e as Coordenadoras Sindicais Rayssa Souza, Elizabete Lopes e Sheila Porto, representando os sindicatos SINPAC, SIMEVAL, SINDUSCON, SINDAL e SIM.<\/p>\n\n\n\n<p>Iara Ara\u00fajo destacou a import\u00e2ncia dessa aproxima\u00e7\u00e3o: &#8220;O SEBRAE est\u00e1 \u00e0 disposi\u00e7\u00e3o para apoiar as micro e pequenas ind\u00fastrias, promovendo capacita\u00e7\u00f5es e solu\u00e7\u00f5es inovadoras. Esta parceria com a FIEMG ser\u00e1 essencial para fortalecermos ainda mais o setor.&#8221;<\/p>\n\n\n\n<p>Daniela Carvalho tamb\u00e9m ressaltou a relev\u00e2ncia da iniciativa: &#8220;A FIEMG tem um compromisso com o desenvolvimento industrial da regi\u00e3o. Trabalhar em conjunto com o SEBRAE nos permitir\u00e1 ampliar as oportunidades e oferecer mais suporte \u00e0s ind\u00fastrias, impulsionando seu crescimento e competitividade.\u201d<\/p>\n\n\n\n<p>A FIEMG Regional Rio Doce refor\u00e7a a import\u00e2ncia dessa aproxima\u00e7\u00e3o com o SEBRAE e seguir\u00e1 empenhada na constru\u00e7\u00e3o de a\u00e7\u00f5es que fortale\u00e7am o setor industrial local.<\/p>\n\n\n\n<p><em>Federa\u00e7\u00e3o das Ind\u00fastrias do Estado de Minas Gerais<\/em><br><strong>Regional Rio Doce<\/strong><\/p>\n\n\n\n<p><\/p>\n","protected":false},"featured_media":1988,"template":"","categories":[15],"tags":[71,99],"class_list":["post-1986","noticias","type-noticias","status-publish","has-post-thumbnail","hentry","category-desenvolvimento-industrial","tag-fiemg","tag-industria"],"acf":[],"yoast_head":"<!-- This site is optimized with the Yoast SEO plugin v26.2 - https:\/\/yoast.com\/wordpress\/plugins\/seo\/ -->\n<title>FIEMG Regional Rio Doce recebe analista t\u00e9cnica do SEBRAE para reuni\u00e3o estrat\u00e9gica - Regional Rio doce<\/title>\n<meta name=\"description\" content=\"Evento discutiu possibilidades de parcerias entre as duas entidades\" \/>\n<meta name=\"robots\" content=\"index, follow, max-snippet:-1, max-image-preview:large, max-video-preview:-1\" \/>\n<link rel=\"canonical\" href=\"https:\/\/www.fiemg.com.br\/regional-rio-doce\/noticias\/fiemg-regional-rio-doce-recebe-analista-tecnica-do-sebrae-para-reuniao-estrategica\/\" \/>\n<meta property=\"og:locale\" content=\"pt_BR\" \/>\n<meta property=\"og:type\" content=\"article\" \/>\n<meta property=\"og:title\" content=\"FIEMG Regional Rio Doce recebe analista t\u00e9cnica do SEBRAE para reuni\u00e3o estrat\u00e9gica - Regional Rio doce\" \/>\n<meta property=\"og:description\" content=\"Evento discutiu possibilidades de parcerias entre as duas entidades\" \/>\n<meta property=\"og:url\" content=\"https:\/\/www.fiemg.com.br\/regional-rio-doce\/noticias\/fiemg-regional-rio-doce-recebe-analista-tecnica-do-sebrae-para-reuniao-estrategica\/\" \/>\n<meta property=\"og:site_name\" content=\"Regional Rio doce\" \/>\n<meta property=\"og:image\" content=\"https:\/\/www.fiemg.com.br\/regional-rio-doce\/wp-content\/uploads\/sites\/19\/2025\/02\/regional-rio-doce.png\" \/>\n\t<meta property=\"og:image:width\" content=\"300\" \/>\n\t<meta property=\"og:image:height\" content=\"300\" \/>\n\t<meta property=\"og:image:type\" content=\"image\/png\" \/>\n<meta name=\"twitter:card\" content=\"summary_large_image\" \/>\n<meta name=\"twitter:label1\" content=\"Est. tempo de leitura\" \/>\n\t<meta name=\"twitter:data1\" content=\"2 minutos\" \/>\n<script type=\"application\/ld+json\" class=\"yoast-schema-graph\">{\"@context\":\"https:\/\/schema.org\",\"@graph\":[{\"@type\":\"WebPage\",\"@id\":\"https:\/\/www.fiemg.com.br\/regional-rio-doce\/noticias\/fiemg-regional-rio-doce-recebe-analista-tecnica-do-sebrae-para-reuniao-estrategica\/\",\"url\":\"https:\/\/www.fiemg.com.br\/regional-rio-doce\/noticias\/fiemg-regional-rio-doce-recebe-analista-tecnica-do-sebrae-para-reuniao-estrategica\/\",\"name\":\"FIEMG Regional Rio Doce recebe analista t\u00e9cnica do SEBRAE para reuni\u00e3o estrat\u00e9gica - Regional Rio doce\",\"isPartOf\":{\"@id\":\"https:\/\/www.fiemg.com.br\/regional-rio-doce\/#website\"},\"primaryImageOfPage\":{\"@id\":\"https:\/\/www.fiemg.com.br\/regional-rio-doce\/noticias\/fiemg-regional-rio-doce-recebe-analista-tecnica-do-sebrae-para-reuniao-estrategica\/#primaryimage\"},\"image\":{\"@id\":\"https:\/\/www.fiemg.com.br\/regional-rio-doce\/noticias\/fiemg-regional-rio-doce-recebe-analista-tecnica-do-sebrae-para-reuniao-estrategica\/#primaryimage\"},\"thumbnailUrl\":\"https:\/\/www.fiemg.com.br\/regional-rio-doce\/wp-content\/uploads\/sites\/19\/2025\/02\/regional-rio-doce.png\",\"datePublished\":\"2025-02-24T18:17:14+00:00\",\"description\":\"Evento discutiu possibilidades de parcerias entre as duas entidades\",\"breadcrumb\":{\"@id\":\"https:\/\/www.fiemg.com.br\/regional-rio-doce\/noticias\/fiemg-regional-rio-doce-recebe-analista-tecnica-do-sebrae-para-reuniao-estrategica\/#breadcrumb\"},\"inLanguage\":\"pt-BR\",\"potentialAction\":[{\"@type\":\"ReadAction\",\"target\":[\"https:\/\/www.fiemg.com.br\/regional-rio-doce\/noticias\/fiemg-regional-rio-doce-recebe-analista-tecnica-do-sebrae-para-reuniao-estrategica\/\"]}]},{\"@type\":\"ImageObject\",\"inLanguage\":\"pt-BR\",\"@id\":\"https:\/\/www.fiemg.com.br\/regional-rio-doce\/noticias\/fiemg-regional-rio-doce-recebe-analista-tecnica-do-sebrae-para-reuniao-estrategica\/#primaryimage\",\"url\":\"https:\/\/www.fiemg.com.br\/regional-rio-doce\/wp-content\/uploads\/sites\/19\/2025\/02\/regional-rio-doce.png\",\"contentUrl\":\"https:\/\/www.fiemg.com.br\/regional-rio-doce\/wp-content\/uploads\/sites\/19\/2025\/02\/regional-rio-doce.png\",\"width\":300,\"height\":300},{\"@type\":\"BreadcrumbList\",\"@id\":\"https:\/\/www.fiemg.com.br\/regional-rio-doce\/noticias\/fiemg-regional-rio-doce-recebe-analista-tecnica-do-sebrae-para-reuniao-estrategica\/#breadcrumb\",\"itemListElement\":[{\"@type\":\"ListItem\",\"position\":1,\"name\":\"In\u00edcio\",\"item\":\"https:\/\/www.fiemg.com.br\/regional-rio-doce\/\"},{\"@type\":\"ListItem\",\"position\":2,\"name\":\"FIEMG Regional Rio Doce recebe analista t\u00e9cnica do SEBRAE para reuni\u00e3o estrat\u00e9gica\"}]},{\"@type\":\"WebSite\",\"@id\":\"https:\/\/www.fiemg.com.br\/regional-rio-doce\/#website\",\"url\":\"https:\/\/www.fiemg.com.br\/regional-rio-doce\/\",\"name\":\"Regional Rio doce\",\"description\":\"Federa\u00e7\u00e3o das Ind\u00fastrias do Estado de Minas Gerais\",\"publisher\":{\"@id\":\"https:\/\/www.fiemg.com.br\/regional-rio-doce\/#organization\"},\"potentialAction\":[{\"@type\":\"SearchAction\",\"target\":{\"@type\":\"EntryPoint\",\"urlTemplate\":\"https:\/\/www.fiemg.com.br\/regional-rio-doce\/?s={search_term_string}\"},\"query-input\":{\"@type\":\"PropertyValueSpecification\",\"valueRequired\":true,\"valueName\":\"search_term_string\"}}],\"inLanguage\":\"pt-BR\"},{\"@type\":\"Organization\",\"@id\":\"https:\/\/www.fiemg.com.br\/regional-rio-doce\/#organization\",\"name\":\"Regional Rio doce\",\"url\":\"https:\/\/www.fiemg.com.br\/regional-rio-doce\/\",\"logo\":{\"@type\":\"ImageObject\",\"inLanguage\":\"pt-BR\",\"@id\":\"https:\/\/www.fiemg.com.br\/regional-rio-doce\/#\/schema\/logo\/image\/\",\"url\":\"https:\/\/www.fiemg.com.br\/regional-rio-doce\/wp-content\/uploads\/sites\/19\/2023\/02\/Ativo-1.png\",\"contentUrl\":\"https:\/\/www.fiemg.com.br\/regional-rio-doce\/wp-content\/uploads\/sites\/19\/2023\/02\/Ativo-1.png\",\"width\":563,\"height\":149,\"caption\":\"Regional Rio doce\"},\"image\":{\"@id\":\"https:\/\/www.fiemg.com.br\/regional-rio-doce\/#\/schema\/logo\/image\/\"}}]}<\/script>\n<!-- \/ Yoast SEO plugin. -->","yoast_head_json":{"title":"FIEMG Regional Rio Doce recebe analista t\u00e9cnica do SEBRAE para reuni\u00e3o estrat\u00e9gica - Regional Rio doce","description":"Evento discutiu possibilidades de parcerias entre as duas entidades","robots":{"index":"index","follow":"follow","max-snippet":"max-snippet:-1","max-image-preview":"max-image-preview:large","max-video-preview":"max-video-preview:-1"},"canonical":"https:\/\/www.fiemg.com.br\/regional-rio-doce\/noticias\/fiemg-regional-rio-doce-recebe-analista-tecnica-do-sebrae-para-reuniao-estrategica\/","og_locale":"pt_BR","og_type":"article","og_title":"FIEMG Regional Rio Doce recebe analista t\u00e9cnica do SEBRAE para reuni\u00e3o estrat\u00e9gica - Regional Rio doce","og_description":"Evento discutiu possibilidades de parcerias entre as duas entidades","og_url":"https:\/\/www.fiemg.com.br\/regional-rio-doce\/noticias\/fiemg-regional-rio-doce-recebe-analista-tecnica-do-sebrae-para-reuniao-estrategica\/","og_site_name":"Regional Rio doce","og_image":[{"width":300,"height":300,"url":"https:\/\/www.fiemg.com.br\/regional-rio-doce\/wp-content\/uploads\/sites\/19\/2025\/02\/regional-rio-doce.png","type":"image\/png"}],"twitter_card":"summary_large_image","twitter_misc":{"Est. tempo de leitura":"2 minutos"},"schema":{"@context":"https:\/\/schema.org","@graph":[{"@type":"WebPage","@id":"https:\/\/www.fiemg.com.br\/regional-rio-doce\/noticias\/fiemg-regional-rio-doce-recebe-analista-tecnica-do-sebrae-para-reuniao-estrategica\/","url":"https:\/\/www.fiemg.com.br\/regional-rio-doce\/noticias\/fiemg-regional-rio-doce-recebe-analista-tecnica-do-sebrae-para-reuniao-estrategica\/","name":"FIEMG Regional Rio Doce recebe analista t\u00e9cnica do SEBRAE para reuni\u00e3o estrat\u00e9gica - Regional Rio doce","isPartOf":{"@id":"https:\/\/www.fiemg.com.br\/regional-rio-doce\/#website"},"primaryImageOfPage":{"@id":"https:\/\/www.fiemg.com.br\/regional-rio-doce\/noticias\/fiemg-regional-rio-doce-recebe-analista-tecnica-do-sebrae-para-reuniao-estrategica\/#primaryimage"},"image":{"@id":"https:\/\/www.fiemg.com.br\/regional-rio-doce\/noticias\/fiemg-regional-rio-doce-recebe-analista-tecnica-do-sebrae-para-reuniao-estrategica\/#primaryimage"},"thumbnailUrl":"https:\/\/www.fiemg.com.br\/regional-rio-doce\/wp-content\/uploads\/sites\/19\/2025\/02\/regional-rio-doce.png","datePublished":"2025-02-24T18:17:14+00:00","description":"Evento discutiu possibilidades de parcerias entre as duas entidades","breadcrumb":{"@id":"https:\/\/www.fiemg.com.br\/regional-rio-doce\/noticias\/fiemg-regional-rio-doce-recebe-analista-tecnica-do-sebrae-para-reuniao-estrategica\/#breadcrumb"},"inLanguage":"pt-BR","potentialAction":[{"@type":"ReadAction","target":["https:\/\/www.fiemg.com.br\/regional-rio-doce\/noticias\/fiemg-regional-rio-doce-recebe-analista-tecnica-do-sebrae-para-reuniao-estrategica\/"]}]},{"@type":"ImageObject","inLanguage":"pt-BR","@id":"https:\/\/www.fiemg.com.br\/regional-rio-doce\/noticias\/fiemg-regional-rio-doce-recebe-analista-tecnica-do-sebrae-para-reuniao-estrategica\/#primaryimage","url":"https:\/\/www.fiemg.com.br\/regional-rio-doce\/wp-content\/uploads\/sites\/19\/2025\/02\/regional-rio-doce.png","contentUrl":"https:\/\/www.fiemg.com.br\/regional-rio-doce\/wp-content\/uploads\/sites\/19\/2025\/02\/regional-rio-doce.png","width":300,"height":300},{"@type":"BreadcrumbList","@id":"https:\/\/www.fiemg.com.br\/regional-rio-doce\/noticias\/fiemg-regional-rio-doce-recebe-analista-tecnica-do-sebrae-para-reuniao-estrategica\/#breadcrumb","itemListElement":[{"@type":"ListItem","position":1,"name":"In\u00edcio","item":"https:\/\/www.fiemg.com.br\/regional-rio-doce\/"},{"@type":"ListItem","position":2,"name":"FIEMG Regional Rio Doce recebe analista t\u00e9cnica do SEBRAE para reuni\u00e3o estrat\u00e9gica"}]},{"@type":"WebSite","@id":"https:\/\/www.fiemg.com.br\/regional-rio-doce\/#website","url":"https:\/\/www.fiemg.com.br\/regional-rio-doce\/","name":"Regional Rio doce","description":"Federa\u00e7\u00e3o das Ind\u00fastrias do Estado de Minas Gerais","publisher":{"@id":"https:\/\/www.fiemg.com.br\/regional-rio-doce\/#organization"},"potentialAction":[{"@type":"SearchAction","target":{"@type":"EntryPoint","urlTemplate":"https:\/\/www.fiemg.com.br\/regional-rio-doce\/?s={search_term_string}"},"query-input":{"@type":"PropertyValueSpecification","valueRequired":true,"valueName":"search_term_string"}}],"inLanguage":"pt-BR"},{"@type":"Organization","@id":"https:\/\/www.fiemg.com.br\/regional-rio-doce\/#organization","name":"Regional Rio doce","url":"https:\/\/www.fiemg.com.br\/regional-rio-doce\/","logo":{"@type":"ImageObject","inLanguage":"pt-BR","@id":"https:\/\/www.fiemg.com.br\/regional-rio-doce\/#\/schema\/logo\/image\/","url":"https:\/\/www.fiemg.com.br\/regional-rio-doce\/wp-content\/uploads\/sites\/19\/2023\/02\/Ativo-1.png","contentUrl":"https:\/\/www.fiemg.com.br\/regional-rio-doce\/wp-content\/uploads\/sites\/19\/2023\/02\/Ativo-1.png","width":563,"height":149,"caption":"Regional Rio doce"},"image":{"@id":"https:\/\/www.fiemg.com.br\/regional-rio-doce\/#\/schema\/logo\/image\/"}}]}},"_links":{"self":[{"href":"https:\/\/www.fiemg.com.br\/regional-rio-doce\/wp-json\/wp\/v2\/noticias\/1986","targetHints":{"allow":["GET"]}}],"collection":[{"href":"https:\/\/www.fiemg.com.br\/regional-rio-doce\/wp-json\/wp\/v2\/noticias"}],"about":[{"href":"https:\/\/www.fiemg.com.br\/regional-rio-doce\/wp-json\/wp\/v2\/types\/noticias"}],"wp:featuredmedia":[{"embeddable":true,"href":"https:\/\/www.fiemg.com.br\/regional-rio-doce\/wp-json\/wp\/v2\/media\/1988"}],"wp:attachment":[{"href":"https:\/\/www.fiemg.com.br\/regional-rio-doce\/wp-json\/wp\/v2\/media?parent=1986"}],"wp:term":[{"taxonomy":"category","embeddable":true,"href":"https:\/\/www.fiemg.com.br\/regional-rio-doce\/wp-json\/wp\/v2\/categories?post=1986"},{"taxonomy":"post_tag","embeddable":true,"href":"https:\/\/www.fiemg.com.br\/regional-rio-doce\/wp-json\/wp\/v2\/tags?post=1986"}],"curies":[{"name":"wp","href":"https:\/\/api.w.org\/{rel}","templated":true}]}}