{"id":2011,"date":"2025-03-18T09:04:46","date_gmt":"2025-03-18T12:04:46","guid":{"rendered":"https:\/\/www.fiemg.com.br\/regional-rio-doce\/?post_type=noticias&#038;p=2011"},"modified":"2025-03-18T09:05:50","modified_gmt":"2025-03-18T12:05:50","slug":"fiemg-regional-rio-doce-recebe-seminario-estadual-de-reinvestimento","status":"publish","type":"noticias","link":"https:\/\/www.fiemg.com.br\/regional-rio-doce\/noticias\/fiemg-regional-rio-doce-recebe-seminario-estadual-de-reinvestimento\/","title":{"rendered":"FIEMG Regional Rio Doce recebe Semin\u00e1rio Estadual de Reinvestimento"},"content":{"rendered":"\n<p>A FIEMG Regional Rio Doce foi parceira na realiza\u00e7\u00e3o do Semin\u00e1rio Estadual de Reinvestimento, evento que reuniu empres\u00e1rios, consultores, contadores e advogados da \u00e1rea cont\u00e1bil em Governador Valadares, na \u00faltima sexta-feira (14). O encontro teve como objetivo divulgar o incentivo fiscal de Reinvestimento de 30% do Imposto de Renda Pessoa Jur\u00eddica (IRPJ), um benef\u00edcio que permite \u00e0s empresas da \u00e1rea de atua\u00e7\u00e3o da Sudene modernizar equipamentos, complementar sua estrutura produtiva ou investir em capital de giro.<\/p>\n\n\n\n<p>Al\u00e9m desse incentivo, as empresas tamb\u00e9m podem se beneficiar da Redu\u00e7\u00e3o de 75% do imposto sobre a renda, outra modalidade concedida pela Sudene. Combinados, esses incentivos possibilitam uma redu\u00e7\u00e3o de at\u00e9 82,5% no IRPJ sobre o lucro operacional da atividade incentivada.<\/p>\n\n\n\n<p><strong>Import\u00e2ncia dos incentivos fiscais para o desenvolvimento regional<\/strong><\/p>\n\n\n\n<p>Durante o semin\u00e1rio, S\u00edlvio Carlos do Amaral e Silva, coordenador-geral da \u00e1rea de incentivos da Sudene, ressaltou a relev\u00e2ncia dos incentivos fiscais para o fortalecimento do setor produtivo regional. \u201cOs incentivos fiscais fazem parte dos instrumentos de a\u00e7\u00e3o da Superintend\u00eancia do Desenvolvimento do Nordeste e s\u00e3o essenciais para fortalecer a economia local e atrair novos investimentos\u201d, afirmou.<\/p>\n\n\n\n<p>Para usufruir do benef\u00edcio, as empresas precisam atender a alguns requisitos, como:<\/p>\n\n\n\n<ul class=\"wp-block-list\">\n<li>Estar localizadas e em opera\u00e7\u00e3o na \u00e1rea de atua\u00e7\u00e3o da Sudene;<\/li>\n\n\n\n<li>Desenvolver atividades econ\u00f4micas consideradas priorit\u00e1rias para o desenvolvimento regional;<\/li>\n\n\n\n<li>Optar pela tributa\u00e7\u00e3o com base no lucro real.<\/li>\n<\/ul>\n\n\n\n<p>O incentivo de Reinvestimento de 30% do IRPJ deve ser solicitado na declara\u00e7\u00e3o do imposto de renda da empresa. O dep\u00f3sito do valor correspondente deve ser feito no Banco do Nordeste, com uma contrapartida de 50% em recursos pr\u00f3prios. A operacionaliza\u00e7\u00e3o do incentivo fica sob responsabilidade do Banco do Nordeste, ap\u00f3s aprova\u00e7\u00e3o da Diretoria Colegiada da Sudene.<\/p>\n\n\n\n<p><strong>Impactos dos incentivos fiscais<\/strong><\/p>\n\n\n\n<p>Entre 2014 e 2024, os incentivos fiscais da Sudene beneficiaram 4.537 empreendimentos, atraindo R$ 334,6 bilh\u00f5es em investimentos e gerando mais de 1,7 milh\u00e3o de empregos diretos e terceirizados. Na \u00e1rea de atua\u00e7\u00e3o da Sudene no Norte de Minas Gerais, foram aprovados 239 projetos no mesmo per\u00edodo, totalizando R$ 16,19 bilh\u00f5es em investimentos.<\/p>\n\n\n\n<p>Os setores que mais utilizaram os incentivos foram:<\/p>\n\n\n\n<ul class=\"wp-block-list\">\n<li><strong>Infraestrutura:<\/strong> R$ 11,91 bilh\u00f5es investidos;<\/li>\n\n\n\n<li><strong>Ind\u00fastrias metal\u00fargicas e de minerais met\u00e1licos:<\/strong> R$ 2,16 bilh\u00f5es;<\/li>\n\n\n\n<li><strong>Alimentos e bebidas:<\/strong> R$ 979,4 milh\u00f5es.<\/li>\n<\/ul>\n\n\n\n<p>Em Governador Valadares, onde a Sudene passou a atuar h\u00e1 cerca de quatro anos, a expectativa \u00e9 que o munic\u00edpio siga os passos de Montes Claros (MG), que j\u00e1 faz parte da \u00e1rea da Sudene h\u00e1 mais tempo e conseguiu dinamizar sua economia com apoio desses incentivos.<\/p>\n\n\n\n<p><strong>FIEMG e parceiros no evento<\/strong><\/p>\n\n\n\n<p>O semin\u00e1rio foi realizado na sede da FIEMG Regional Rio Doce e contou com a presen\u00e7a de autoridades e especialistas, entre eles:<\/p>\n\n\n\n<ul class=\"wp-block-list\">\n<li><strong>Marcelo Wesley<\/strong> \u2013 Gerente de Ambiente do Banco do Nordeste (BNB);<\/li>\n\n\n\n<li><strong>Wesley Maciel<\/strong> \u2013 Superintendente estadual do BNB;<\/li>\n\n\n\n<li>Representantes da FIEMG e empres\u00e1rios da regi\u00e3o.<\/li>\n<\/ul>\n\n\n\n<p>O evento reuniu cerca de 40 participantes e faz parte de um ciclo de semin\u00e1rios j\u00e1 realizados em Pernambuco, Para\u00edba, Piau\u00ed e Montes Claros (MG). Novas edi\u00e7\u00f5es est\u00e3o programadas para outros estados da \u00e1rea de atua\u00e7\u00e3o da Sudene, com encerramento previsto para abril deste ano, no Rio de Janeiro.<\/p>\n\n\n\n<p>A FIEMG Regional Rio Doce reafirma seu compromisso com iniciativas que impulsionam o crescimento da ind\u00fastria e da economia regional, oferecendo suporte e informa\u00e7\u00f5es estrat\u00e9gicas para que os empres\u00e1rios aproveitem ao m\u00e1ximo os incentivos dispon\u00edveis.<\/p>\n\n\n\n<p><em>Daniela Carvalho<\/em><br><strong>Imprensa FIEMG<\/strong><\/p>\n","protected":false},"featured_media":2013,"template":"","categories":[15,20],"tags":[214,215,71,123,216,217],"class_list":["post-2011","noticias","type-noticias","status-publish","has-post-thumbnail","hentry","category-desenvolvimento-industrial","category-estudos-economicos","tag-contabilidade","tag-empresarios-2","tag-fiemg","tag-regional-rio-doce","tag-reinvestimento","tag-seminario-3"],"acf":[],"yoast_head":"<!-- This site is optimized with the Yoast SEO plugin v26.2 - https:\/\/yoast.com\/wordpress\/plugins\/seo\/ -->\n<title>FIEMG Regional Rio Doce recebe Semin\u00e1rio Estadual de Reinvestimento - Regional Rio doce<\/title>\n<meta name=\"description\" content=\"Evento destaca incentivos fiscais e oportunidades para empresas\" \/>\n<meta name=\"robots\" content=\"index, follow, max-snippet:-1, max-image-preview:large, max-video-preview:-1\" \/>\n<link rel=\"canonical\" href=\"https:\/\/www.fiemg.com.br\/regional-rio-doce\/noticias\/fiemg-regional-rio-doce-recebe-seminario-estadual-de-reinvestimento\/\" \/>\n<meta property=\"og:locale\" content=\"pt_BR\" \/>\n<meta property=\"og:type\" content=\"article\" \/>\n<meta property=\"og:title\" content=\"FIEMG Regional Rio Doce recebe Semin\u00e1rio Estadual de Reinvestimento - Regional Rio doce\" \/>\n<meta property=\"og:description\" content=\"Evento destaca incentivos fiscais e oportunidades para empresas\" \/>\n<meta property=\"og:url\" content=\"https:\/\/www.fiemg.com.br\/regional-rio-doce\/noticias\/fiemg-regional-rio-doce-recebe-seminario-estadual-de-reinvestimento\/\" \/>\n<meta property=\"og:site_name\" content=\"Regional Rio doce\" \/>\n<meta property=\"article:modified_time\" content=\"2025-03-18T12:05:50+00:00\" \/>\n<meta property=\"og:image\" content=\"https:\/\/www.fiemg.com.br\/regional-rio-doce\/wp-content\/uploads\/sites\/19\/2025\/03\/Copia-de-Design-sem-nome-1-2.png\" \/>\n\t<meta property=\"og:image:width\" content=\"512\" \/>\n\t<meta property=\"og:image:height\" content=\"512\" \/>\n\t<meta property=\"og:image:type\" content=\"image\/png\" \/>\n<meta name=\"twitter:card\" content=\"summary_large_image\" \/>\n<meta name=\"twitter:label1\" content=\"Est. tempo de leitura\" \/>\n\t<meta name=\"twitter:data1\" content=\"4 minutos\" \/>\n<script type=\"application\/ld+json\" class=\"yoast-schema-graph\">{\"@context\":\"https:\/\/schema.org\",\"@graph\":[{\"@type\":\"WebPage\",\"@id\":\"https:\/\/www.fiemg.com.br\/regional-rio-doce\/noticias\/fiemg-regional-rio-doce-recebe-seminario-estadual-de-reinvestimento\/\",\"url\":\"https:\/\/www.fiemg.com.br\/regional-rio-doce\/noticias\/fiemg-regional-rio-doce-recebe-seminario-estadual-de-reinvestimento\/\",\"name\":\"FIEMG Regional Rio Doce recebe Semin\u00e1rio Estadual de Reinvestimento - Regional Rio doce\",\"isPartOf\":{\"@id\":\"https:\/\/www.fiemg.com.br\/regional-rio-doce\/#website\"},\"primaryImageOfPage\":{\"@id\":\"https:\/\/www.fiemg.com.br\/regional-rio-doce\/noticias\/fiemg-regional-rio-doce-recebe-seminario-estadual-de-reinvestimento\/#primaryimage\"},\"image\":{\"@id\":\"https:\/\/www.fiemg.com.br\/regional-rio-doce\/noticias\/fiemg-regional-rio-doce-recebe-seminario-estadual-de-reinvestimento\/#primaryimage\"},\"thumbnailUrl\":\"https:\/\/www.fiemg.com.br\/regional-rio-doce\/wp-content\/uploads\/sites\/19\/2025\/03\/Copia-de-Design-sem-nome-1-2.png\",\"datePublished\":\"2025-03-18T12:04:46+00:00\",\"dateModified\":\"2025-03-18T12:05:50+00:00\",\"description\":\"Evento destaca incentivos fiscais e oportunidades para empresas\",\"breadcrumb\":{\"@id\":\"https:\/\/www.fiemg.com.br\/regional-rio-doce\/noticias\/fiemg-regional-rio-doce-recebe-seminario-estadual-de-reinvestimento\/#breadcrumb\"},\"inLanguage\":\"pt-BR\",\"potentialAction\":[{\"@type\":\"ReadAction\",\"target\":[\"https:\/\/www.fiemg.com.br\/regional-rio-doce\/noticias\/fiemg-regional-rio-doce-recebe-seminario-estadual-de-reinvestimento\/\"]}]},{\"@type\":\"ImageObject\",\"inLanguage\":\"pt-BR\",\"@id\":\"https:\/\/www.fiemg.com.br\/regional-rio-doce\/noticias\/fiemg-regional-rio-doce-recebe-seminario-estadual-de-reinvestimento\/#primaryimage\",\"url\":\"https:\/\/www.fiemg.com.br\/regional-rio-doce\/wp-content\/uploads\/sites\/19\/2025\/03\/Copia-de-Design-sem-nome-1-2.png\",\"contentUrl\":\"https:\/\/www.fiemg.com.br\/regional-rio-doce\/wp-content\/uploads\/sites\/19\/2025\/03\/Copia-de-Design-sem-nome-1-2.png\",\"width\":512,\"height\":512},{\"@type\":\"BreadcrumbList\",\"@id\":\"https:\/\/www.fiemg.com.br\/regional-rio-doce\/noticias\/fiemg-regional-rio-doce-recebe-seminario-estadual-de-reinvestimento\/#breadcrumb\",\"itemListElement\":[{\"@type\":\"ListItem\",\"position\":1,\"name\":\"In\u00edcio\",\"item\":\"https:\/\/www.fiemg.com.br\/regional-rio-doce\/\"},{\"@type\":\"ListItem\",\"position\":2,\"name\":\"FIEMG Regional Rio Doce recebe Semin\u00e1rio Estadual de Reinvestimento\"}]},{\"@type\":\"WebSite\",\"@id\":\"https:\/\/www.fiemg.com.br\/regional-rio-doce\/#website\",\"url\":\"https:\/\/www.fiemg.com.br\/regional-rio-doce\/\",\"name\":\"Regional Rio doce\",\"description\":\"Federa\u00e7\u00e3o das Ind\u00fastrias do Estado de Minas Gerais\",\"publisher\":{\"@id\":\"https:\/\/www.fiemg.com.br\/regional-rio-doce\/#organization\"},\"potentialAction\":[{\"@type\":\"SearchAction\",\"target\":{\"@type\":\"EntryPoint\",\"urlTemplate\":\"https:\/\/www.fiemg.com.br\/regional-rio-doce\/?s={search_term_string}\"},\"query-input\":{\"@type\":\"PropertyValueSpecification\",\"valueRequired\":true,\"valueName\":\"search_term_string\"}}],\"inLanguage\":\"pt-BR\"},{\"@type\":\"Organization\",\"@id\":\"https:\/\/www.fiemg.com.br\/regional-rio-doce\/#organization\",\"name\":\"Regional Rio doce\",\"url\":\"https:\/\/www.fiemg.com.br\/regional-rio-doce\/\",\"logo\":{\"@type\":\"ImageObject\",\"inLanguage\":\"pt-BR\",\"@id\":\"https:\/\/www.fiemg.com.br\/regional-rio-doce\/#\/schema\/logo\/image\/\",\"url\":\"https:\/\/www.fiemg.com.br\/regional-rio-doce\/wp-content\/uploads\/sites\/19\/2023\/02\/Ativo-1.png\",\"contentUrl\":\"https:\/\/www.fiemg.com.br\/regional-rio-doce\/wp-content\/uploads\/sites\/19\/2023\/02\/Ativo-1.png\",\"width\":563,\"height\":149,\"caption\":\"Regional Rio doce\"},\"image\":{\"@id\":\"https:\/\/www.fiemg.com.br\/regional-rio-doce\/#\/schema\/logo\/image\/\"}}]}<\/script>\n<!-- \/ Yoast SEO plugin. -->","yoast_head_json":{"title":"FIEMG Regional Rio Doce recebe Semin\u00e1rio Estadual de Reinvestimento - Regional Rio doce","description":"Evento destaca incentivos fiscais e oportunidades para empresas","robots":{"index":"index","follow":"follow","max-snippet":"max-snippet:-1","max-image-preview":"max-image-preview:large","max-video-preview":"max-video-preview:-1"},"canonical":"https:\/\/www.fiemg.com.br\/regional-rio-doce\/noticias\/fiemg-regional-rio-doce-recebe-seminario-estadual-de-reinvestimento\/","og_locale":"pt_BR","og_type":"article","og_title":"FIEMG Regional Rio Doce recebe Semin\u00e1rio Estadual de Reinvestimento - Regional Rio doce","og_description":"Evento destaca incentivos fiscais e oportunidades para empresas","og_url":"https:\/\/www.fiemg.com.br\/regional-rio-doce\/noticias\/fiemg-regional-rio-doce-recebe-seminario-estadual-de-reinvestimento\/","og_site_name":"Regional Rio doce","article_modified_time":"2025-03-18T12:05:50+00:00","og_image":[{"width":512,"height":512,"url":"https:\/\/www.fiemg.com.br\/regional-rio-doce\/wp-content\/uploads\/sites\/19\/2025\/03\/Copia-de-Design-sem-nome-1-2.png","type":"image\/png"}],"twitter_card":"summary_large_image","twitter_misc":{"Est. tempo de leitura":"4 minutos"},"schema":{"@context":"https:\/\/schema.org","@graph":[{"@type":"WebPage","@id":"https:\/\/www.fiemg.com.br\/regional-rio-doce\/noticias\/fiemg-regional-rio-doce-recebe-seminario-estadual-de-reinvestimento\/","url":"https:\/\/www.fiemg.com.br\/regional-rio-doce\/noticias\/fiemg-regional-rio-doce-recebe-seminario-estadual-de-reinvestimento\/","name":"FIEMG Regional Rio Doce recebe Semin\u00e1rio Estadual de Reinvestimento - Regional Rio doce","isPartOf":{"@id":"https:\/\/www.fiemg.com.br\/regional-rio-doce\/#website"},"primaryImageOfPage":{"@id":"https:\/\/www.fiemg.com.br\/regional-rio-doce\/noticias\/fiemg-regional-rio-doce-recebe-seminario-estadual-de-reinvestimento\/#primaryimage"},"image":{"@id":"https:\/\/www.fiemg.com.br\/regional-rio-doce\/noticias\/fiemg-regional-rio-doce-recebe-seminario-estadual-de-reinvestimento\/#primaryimage"},"thumbnailUrl":"https:\/\/www.fiemg.com.br\/regional-rio-doce\/wp-content\/uploads\/sites\/19\/2025\/03\/Copia-de-Design-sem-nome-1-2.png","datePublished":"2025-03-18T12:04:46+00:00","dateModified":"2025-03-18T12:05:50+00:00","description":"Evento destaca incentivos fiscais e oportunidades para empresas","breadcrumb":{"@id":"https:\/\/www.fiemg.com.br\/regional-rio-doce\/noticias\/fiemg-regional-rio-doce-recebe-seminario-estadual-de-reinvestimento\/#breadcrumb"},"inLanguage":"pt-BR","potentialAction":[{"@type":"ReadAction","target":["https:\/\/www.fiemg.com.br\/regional-rio-doce\/noticias\/fiemg-regional-rio-doce-recebe-seminario-estadual-de-reinvestimento\/"]}]},{"@type":"ImageObject","inLanguage":"pt-BR","@id":"https:\/\/www.fiemg.com.br\/regional-rio-doce\/noticias\/fiemg-regional-rio-doce-recebe-seminario-estadual-de-reinvestimento\/#primaryimage","url":"https:\/\/www.fiemg.com.br\/regional-rio-doce\/wp-content\/uploads\/sites\/19\/2025\/03\/Copia-de-Design-sem-nome-1-2.png","contentUrl":"https:\/\/www.fiemg.com.br\/regional-rio-doce\/wp-content\/uploads\/sites\/19\/2025\/03\/Copia-de-Design-sem-nome-1-2.png","width":512,"height":512},{"@type":"BreadcrumbList","@id":"https:\/\/www.fiemg.com.br\/regional-rio-doce\/noticias\/fiemg-regional-rio-doce-recebe-seminario-estadual-de-reinvestimento\/#breadcrumb","itemListElement":[{"@type":"ListItem","position":1,"name":"In\u00edcio","item":"https:\/\/www.fiemg.com.br\/regional-rio-doce\/"},{"@type":"ListItem","position":2,"name":"FIEMG Regional Rio Doce recebe Semin\u00e1rio Estadual de Reinvestimento"}]},{"@type":"WebSite","@id":"https:\/\/www.fiemg.com.br\/regional-rio-doce\/#website","url":"https:\/\/www.fiemg.com.br\/regional-rio-doce\/","name":"Regional Rio doce","description":"Federa\u00e7\u00e3o das Ind\u00fastrias do Estado de Minas Gerais","publisher":{"@id":"https:\/\/www.fiemg.com.br\/regional-rio-doce\/#organization"},"potentialAction":[{"@type":"SearchAction","target":{"@type":"EntryPoint","urlTemplate":"https:\/\/www.fiemg.com.br\/regional-rio-doce\/?s={search_term_string}"},"query-input":{"@type":"PropertyValueSpecification","valueRequired":true,"valueName":"search_term_string"}}],"inLanguage":"pt-BR"},{"@type":"Organization","@id":"https:\/\/www.fiemg.com.br\/regional-rio-doce\/#organization","name":"Regional Rio doce","url":"https:\/\/www.fiemg.com.br\/regional-rio-doce\/","logo":{"@type":"ImageObject","inLanguage":"pt-BR","@id":"https:\/\/www.fiemg.com.br\/regional-rio-doce\/#\/schema\/logo\/image\/","url":"https:\/\/www.fiemg.com.br\/regional-rio-doce\/wp-content\/uploads\/sites\/19\/2023\/02\/Ativo-1.png","contentUrl":"https:\/\/www.fiemg.com.br\/regional-rio-doce\/wp-content\/uploads\/sites\/19\/2023\/02\/Ativo-1.png","width":563,"height":149,"caption":"Regional Rio doce"},"image":{"@id":"https:\/\/www.fiemg.com.br\/regional-rio-doce\/#\/schema\/logo\/image\/"}}]}},"_links":{"self":[{"href":"https:\/\/www.fiemg.com.br\/regional-rio-doce\/wp-json\/wp\/v2\/noticias\/2011","targetHints":{"allow":["GET"]}}],"collection":[{"href":"https:\/\/www.fiemg.com.br\/regional-rio-doce\/wp-json\/wp\/v2\/noticias"}],"about":[{"href":"https:\/\/www.fiemg.com.br\/regional-rio-doce\/wp-json\/wp\/v2\/types\/noticias"}],"wp:featuredmedia":[{"embeddable":true,"href":"https:\/\/www.fiemg.com.br\/regional-rio-doce\/wp-json\/wp\/v2\/media\/2013"}],"wp:attachment":[{"href":"https:\/\/www.fiemg.com.br\/regional-rio-doce\/wp-json\/wp\/v2\/media?parent=2011"}],"wp:term":[{"taxonomy":"category","embeddable":true,"href":"https:\/\/www.fiemg.com.br\/regional-rio-doce\/wp-json\/wp\/v2\/categories?post=2011"},{"taxonomy":"post_tag","embeddable":true,"href":"https:\/\/www.fiemg.com.br\/regional-rio-doce\/wp-json\/wp\/v2\/tags?post=2011"}],"curies":[{"name":"wp","href":"https:\/\/api.w.org\/{rel}","templated":true}]}}