{"id":2066,"date":"2025-04-30T15:30:59","date_gmt":"2025-04-30T18:30:59","guid":{"rendered":"https:\/\/www.fiemg.com.br\/regional-rio-doce\/?post_type=noticias&#038;p=2066"},"modified":"2025-04-30T15:31:02","modified_gmt":"2025-04-30T18:31:02","slug":"reforma-tributaria-e-incorporacao-imobiliaria-sao-debatidas-pela-fiemg","status":"publish","type":"noticias","link":"https:\/\/www.fiemg.com.br\/regional-rio-doce\/noticias\/reforma-tributaria-e-incorporacao-imobiliaria-sao-debatidas-pela-fiemg\/","title":{"rendered":"Reforma tribut\u00e1ria e incorpora\u00e7\u00e3o imobili\u00e1ria s\u00e3o debatidas pela FIEMG"},"content":{"rendered":"\n<figure class=\"wp-block-image alignright size-full is-resized\"><img fetchpriority=\"high\" decoding=\"async\" width=\"512\" height=\"512\" src=\"https:\/\/www.fiemg.com.br\/regional-rio-doce\/wp-content\/uploads\/sites\/19\/2025\/04\/reforma-tributaria_fiemg-regional_thumb.jpg\" alt=\"Reforma tribut\u00e1ria e incorpora\u00e7\u00e3o imobili\u00e1ria s\u00e3o debatidas pela FIEMG\" class=\"wp-image-2067\" style=\"width:313px;height:auto\" srcset=\"https:\/\/www.fiemg.com.br\/regional-rio-doce\/wp-content\/uploads\/sites\/19\/2025\/04\/reforma-tributaria_fiemg-regional_thumb.jpg 512w, https:\/\/www.fiemg.com.br\/regional-rio-doce\/wp-content\/uploads\/sites\/19\/2025\/04\/reforma-tributaria_fiemg-regional_thumb-300x300.jpg 300w, https:\/\/www.fiemg.com.br\/regional-rio-doce\/wp-content\/uploads\/sites\/19\/2025\/04\/reforma-tributaria_fiemg-regional_thumb-150x150.jpg 150w\" sizes=\"(max-width: 512px) 100vw, 512px\" \/><\/figure>\n\n\n\n<p>Em 29 e 30 de abril o audit\u00f3rio da FIEMG Regional Rio Doce, em Governador Valadares, recebeu empres\u00e1rios e profissionais do setor da constru\u00e7\u00e3o civil para discutir os impactos da reforma tribut\u00e1ria sobre a incorpora\u00e7\u00e3o imobili\u00e1ria. Promovido pelo Sinduscon-GV, o evento contou com a palestra de Thiago Seixas Salgado, advogado tributarista e mestre em direito tribut\u00e1rio pela PUC-MG. <br><br>Ele fez uma an\u00e1lise sobre as mudan\u00e7as trazidas pela emenda constitucional n\u00ba 132\/2023, com \u00eanfase nas repercuss\u00f5es esperadas a partir de 2026, quando se inicia o per\u00edodo de transi\u00e7\u00e3o do novo sistema tribut\u00e1rio. O advogado explicou como a reforma impactar\u00e1 diretamente os modelos atuais de incorpora\u00e7\u00e3o, quais ajustes precisam ser feitos com anteced\u00eancia, como se preparar estrategicamente para evitar riscos e aproveitar oportunidades. Empres\u00e1rios inscritos tiveram a possibilidade de participar acompanhados de seus contadores ou consultores tribut\u00e1rios, o que contribuiu para um debate mais t\u00e9cnico e direcionado.<\/p>\n\n\n\n<p>O evento refor\u00e7ou o compromisso da FIEMG Regional Rio Doce e do sindicato em promover conhecimento qualificado para o fortalecimento do setor produtivo.<br><br><strong>Imprensa FIEMG<\/strong><\/p>\n\n\n\n<p><\/p>\n","protected":false},"featured_media":2067,"template":"","categories":[15],"tags":[71,201,163],"class_list":["post-2066","noticias","type-noticias","status-publish","has-post-thumbnail","hentry","category-desenvolvimento-industrial","tag-fiemg","tag-reforma-tributaria","tag-sinduscon-gv"],"acf":[],"yoast_head":"<!-- This site is optimized with the Yoast SEO plugin v26.2 - https:\/\/yoast.com\/wordpress\/plugins\/seo\/ -->\n<title>Reforma tribut\u00e1ria e incorpora\u00e7\u00e3o imobili\u00e1ria s\u00e3o debatidas pela FIEMG - Regional Rio doce<\/title>\n<meta name=\"robots\" content=\"index, follow, max-snippet:-1, max-image-preview:large, max-video-preview:-1\" \/>\n<link rel=\"canonical\" href=\"https:\/\/www.fiemg.com.br\/regional-rio-doce\/noticias\/reforma-tributaria-e-incorporacao-imobiliaria-sao-debatidas-pela-fiemg\/\" \/>\n<meta property=\"og:locale\" content=\"pt_BR\" \/>\n<meta property=\"og:type\" content=\"article\" \/>\n<meta property=\"og:title\" content=\"Reforma tribut\u00e1ria e incorpora\u00e7\u00e3o imobili\u00e1ria s\u00e3o debatidas pela FIEMG - Regional Rio doce\" \/>\n<meta property=\"og:description\" content=\"Em 29 e 30 de abril o audit\u00f3rio da FIEMG Regional Rio Doce, em Governador Valadares, recebeu empres\u00e1rios e profissionais do setor da constru\u00e7\u00e3o civil para discutir os impactos da reforma tribut\u00e1ria sobre a incorpora\u00e7\u00e3o imobili\u00e1ria. Promovido pelo Sinduscon-GV, o evento contou com a palestra de Thiago Seixas Salgado, advogado tributarista e mestre em direito [&hellip;]\" \/>\n<meta property=\"og:url\" content=\"https:\/\/www.fiemg.com.br\/regional-rio-doce\/noticias\/reforma-tributaria-e-incorporacao-imobiliaria-sao-debatidas-pela-fiemg\/\" \/>\n<meta property=\"og:site_name\" content=\"Regional Rio doce\" \/>\n<meta property=\"article:modified_time\" content=\"2025-04-30T18:31:02+00:00\" \/>\n<meta property=\"og:image\" content=\"https:\/\/www.fiemg.com.br\/regional-rio-doce\/wp-content\/uploads\/sites\/19\/2025\/04\/reforma-tributaria_fiemg-regional_thumb.jpg\" \/>\n\t<meta property=\"og:image:width\" content=\"512\" \/>\n\t<meta property=\"og:image:height\" content=\"512\" \/>\n\t<meta property=\"og:image:type\" content=\"image\/jpeg\" \/>\n<meta name=\"twitter:card\" content=\"summary_large_image\" \/>\n<meta name=\"twitter:label1\" content=\"Est. tempo de leitura\" \/>\n\t<meta name=\"twitter:data1\" content=\"2 minutos\" \/>\n<script type=\"application\/ld+json\" class=\"yoast-schema-graph\">{\"@context\":\"https:\/\/schema.org\",\"@graph\":[{\"@type\":\"WebPage\",\"@id\":\"https:\/\/www.fiemg.com.br\/regional-rio-doce\/noticias\/reforma-tributaria-e-incorporacao-imobiliaria-sao-debatidas-pela-fiemg\/\",\"url\":\"https:\/\/www.fiemg.com.br\/regional-rio-doce\/noticias\/reforma-tributaria-e-incorporacao-imobiliaria-sao-debatidas-pela-fiemg\/\",\"name\":\"Reforma tribut\u00e1ria e incorpora\u00e7\u00e3o imobili\u00e1ria s\u00e3o debatidas pela FIEMG - Regional Rio doce\",\"isPartOf\":{\"@id\":\"https:\/\/www.fiemg.com.br\/regional-rio-doce\/#website\"},\"primaryImageOfPage\":{\"@id\":\"https:\/\/www.fiemg.com.br\/regional-rio-doce\/noticias\/reforma-tributaria-e-incorporacao-imobiliaria-sao-debatidas-pela-fiemg\/#primaryimage\"},\"image\":{\"@id\":\"https:\/\/www.fiemg.com.br\/regional-rio-doce\/noticias\/reforma-tributaria-e-incorporacao-imobiliaria-sao-debatidas-pela-fiemg\/#primaryimage\"},\"thumbnailUrl\":\"https:\/\/www.fiemg.com.br\/regional-rio-doce\/wp-content\/uploads\/sites\/19\/2025\/04\/reforma-tributaria_fiemg-regional_thumb.jpg\",\"datePublished\":\"2025-04-30T18:30:59+00:00\",\"dateModified\":\"2025-04-30T18:31:02+00:00\",\"breadcrumb\":{\"@id\":\"https:\/\/www.fiemg.com.br\/regional-rio-doce\/noticias\/reforma-tributaria-e-incorporacao-imobiliaria-sao-debatidas-pela-fiemg\/#breadcrumb\"},\"inLanguage\":\"pt-BR\",\"potentialAction\":[{\"@type\":\"ReadAction\",\"target\":[\"https:\/\/www.fiemg.com.br\/regional-rio-doce\/noticias\/reforma-tributaria-e-incorporacao-imobiliaria-sao-debatidas-pela-fiemg\/\"]}]},{\"@type\":\"ImageObject\",\"inLanguage\":\"pt-BR\",\"@id\":\"https:\/\/www.fiemg.com.br\/regional-rio-doce\/noticias\/reforma-tributaria-e-incorporacao-imobiliaria-sao-debatidas-pela-fiemg\/#primaryimage\",\"url\":\"https:\/\/www.fiemg.com.br\/regional-rio-doce\/wp-content\/uploads\/sites\/19\/2025\/04\/reforma-tributaria_fiemg-regional_thumb.jpg\",\"contentUrl\":\"https:\/\/www.fiemg.com.br\/regional-rio-doce\/wp-content\/uploads\/sites\/19\/2025\/04\/reforma-tributaria_fiemg-regional_thumb.jpg\",\"width\":512,\"height\":512,\"caption\":\"Reforma tribut\u00e1ria e incorpora\u00e7\u00e3o imobili\u00e1ria s\u00e3o debatidas pela FIEMG\"},{\"@type\":\"BreadcrumbList\",\"@id\":\"https:\/\/www.fiemg.com.br\/regional-rio-doce\/noticias\/reforma-tributaria-e-incorporacao-imobiliaria-sao-debatidas-pela-fiemg\/#breadcrumb\",\"itemListElement\":[{\"@type\":\"ListItem\",\"position\":1,\"name\":\"In\u00edcio\",\"item\":\"https:\/\/www.fiemg.com.br\/regional-rio-doce\/\"},{\"@type\":\"ListItem\",\"position\":2,\"name\":\"Reforma tribut\u00e1ria e incorpora\u00e7\u00e3o imobili\u00e1ria s\u00e3o debatidas pela FIEMG\"}]},{\"@type\":\"WebSite\",\"@id\":\"https:\/\/www.fiemg.com.br\/regional-rio-doce\/#website\",\"url\":\"https:\/\/www.fiemg.com.br\/regional-rio-doce\/\",\"name\":\"Regional Rio doce\",\"description\":\"Federa\u00e7\u00e3o das Ind\u00fastrias do Estado de Minas Gerais\",\"publisher\":{\"@id\":\"https:\/\/www.fiemg.com.br\/regional-rio-doce\/#organization\"},\"potentialAction\":[{\"@type\":\"SearchAction\",\"target\":{\"@type\":\"EntryPoint\",\"urlTemplate\":\"https:\/\/www.fiemg.com.br\/regional-rio-doce\/?s={search_term_string}\"},\"query-input\":{\"@type\":\"PropertyValueSpecification\",\"valueRequired\":true,\"valueName\":\"search_term_string\"}}],\"inLanguage\":\"pt-BR\"},{\"@type\":\"Organization\",\"@id\":\"https:\/\/www.fiemg.com.br\/regional-rio-doce\/#organization\",\"name\":\"Regional Rio doce\",\"url\":\"https:\/\/www.fiemg.com.br\/regional-rio-doce\/\",\"logo\":{\"@type\":\"ImageObject\",\"inLanguage\":\"pt-BR\",\"@id\":\"https:\/\/www.fiemg.com.br\/regional-rio-doce\/#\/schema\/logo\/image\/\",\"url\":\"https:\/\/www.fiemg.com.br\/regional-rio-doce\/wp-content\/uploads\/sites\/19\/2023\/02\/Ativo-1.png\",\"contentUrl\":\"https:\/\/www.fiemg.com.br\/regional-rio-doce\/wp-content\/uploads\/sites\/19\/2023\/02\/Ativo-1.png\",\"width\":563,\"height\":149,\"caption\":\"Regional Rio doce\"},\"image\":{\"@id\":\"https:\/\/www.fiemg.com.br\/regional-rio-doce\/#\/schema\/logo\/image\/\"}}]}<\/script>\n<!-- \/ Yoast SEO plugin. -->","yoast_head_json":{"title":"Reforma tribut\u00e1ria e incorpora\u00e7\u00e3o imobili\u00e1ria s\u00e3o debatidas pela FIEMG - Regional Rio doce","robots":{"index":"index","follow":"follow","max-snippet":"max-snippet:-1","max-image-preview":"max-image-preview:large","max-video-preview":"max-video-preview:-1"},"canonical":"https:\/\/www.fiemg.com.br\/regional-rio-doce\/noticias\/reforma-tributaria-e-incorporacao-imobiliaria-sao-debatidas-pela-fiemg\/","og_locale":"pt_BR","og_type":"article","og_title":"Reforma tribut\u00e1ria e incorpora\u00e7\u00e3o imobili\u00e1ria s\u00e3o debatidas pela FIEMG - Regional Rio doce","og_description":"Em 29 e 30 de abril o audit\u00f3rio da FIEMG Regional Rio Doce, em Governador Valadares, recebeu empres\u00e1rios e profissionais do setor da constru\u00e7\u00e3o civil para discutir os impactos da reforma tribut\u00e1ria sobre a incorpora\u00e7\u00e3o imobili\u00e1ria. Promovido pelo Sinduscon-GV, o evento contou com a palestra de Thiago Seixas Salgado, advogado tributarista e mestre em direito [&hellip;]","og_url":"https:\/\/www.fiemg.com.br\/regional-rio-doce\/noticias\/reforma-tributaria-e-incorporacao-imobiliaria-sao-debatidas-pela-fiemg\/","og_site_name":"Regional Rio doce","article_modified_time":"2025-04-30T18:31:02+00:00","og_image":[{"width":512,"height":512,"url":"https:\/\/www.fiemg.com.br\/regional-rio-doce\/wp-content\/uploads\/sites\/19\/2025\/04\/reforma-tributaria_fiemg-regional_thumb.jpg","type":"image\/jpeg"}],"twitter_card":"summary_large_image","twitter_misc":{"Est. tempo de leitura":"2 minutos"},"schema":{"@context":"https:\/\/schema.org","@graph":[{"@type":"WebPage","@id":"https:\/\/www.fiemg.com.br\/regional-rio-doce\/noticias\/reforma-tributaria-e-incorporacao-imobiliaria-sao-debatidas-pela-fiemg\/","url":"https:\/\/www.fiemg.com.br\/regional-rio-doce\/noticias\/reforma-tributaria-e-incorporacao-imobiliaria-sao-debatidas-pela-fiemg\/","name":"Reforma tribut\u00e1ria e incorpora\u00e7\u00e3o imobili\u00e1ria s\u00e3o debatidas pela FIEMG - Regional Rio doce","isPartOf":{"@id":"https:\/\/www.fiemg.com.br\/regional-rio-doce\/#website"},"primaryImageOfPage":{"@id":"https:\/\/www.fiemg.com.br\/regional-rio-doce\/noticias\/reforma-tributaria-e-incorporacao-imobiliaria-sao-debatidas-pela-fiemg\/#primaryimage"},"image":{"@id":"https:\/\/www.fiemg.com.br\/regional-rio-doce\/noticias\/reforma-tributaria-e-incorporacao-imobiliaria-sao-debatidas-pela-fiemg\/#primaryimage"},"thumbnailUrl":"https:\/\/www.fiemg.com.br\/regional-rio-doce\/wp-content\/uploads\/sites\/19\/2025\/04\/reforma-tributaria_fiemg-regional_thumb.jpg","datePublished":"2025-04-30T18:30:59+00:00","dateModified":"2025-04-30T18:31:02+00:00","breadcrumb":{"@id":"https:\/\/www.fiemg.com.br\/regional-rio-doce\/noticias\/reforma-tributaria-e-incorporacao-imobiliaria-sao-debatidas-pela-fiemg\/#breadcrumb"},"inLanguage":"pt-BR","potentialAction":[{"@type":"ReadAction","target":["https:\/\/www.fiemg.com.br\/regional-rio-doce\/noticias\/reforma-tributaria-e-incorporacao-imobiliaria-sao-debatidas-pela-fiemg\/"]}]},{"@type":"ImageObject","inLanguage":"pt-BR","@id":"https:\/\/www.fiemg.com.br\/regional-rio-doce\/noticias\/reforma-tributaria-e-incorporacao-imobiliaria-sao-debatidas-pela-fiemg\/#primaryimage","url":"https:\/\/www.fiemg.com.br\/regional-rio-doce\/wp-content\/uploads\/sites\/19\/2025\/04\/reforma-tributaria_fiemg-regional_thumb.jpg","contentUrl":"https:\/\/www.fiemg.com.br\/regional-rio-doce\/wp-content\/uploads\/sites\/19\/2025\/04\/reforma-tributaria_fiemg-regional_thumb.jpg","width":512,"height":512,"caption":"Reforma tribut\u00e1ria e incorpora\u00e7\u00e3o imobili\u00e1ria s\u00e3o debatidas pela FIEMG"},{"@type":"BreadcrumbList","@id":"https:\/\/www.fiemg.com.br\/regional-rio-doce\/noticias\/reforma-tributaria-e-incorporacao-imobiliaria-sao-debatidas-pela-fiemg\/#breadcrumb","itemListElement":[{"@type":"ListItem","position":1,"name":"In\u00edcio","item":"https:\/\/www.fiemg.com.br\/regional-rio-doce\/"},{"@type":"ListItem","position":2,"name":"Reforma tribut\u00e1ria e incorpora\u00e7\u00e3o imobili\u00e1ria s\u00e3o debatidas pela FIEMG"}]},{"@type":"WebSite","@id":"https:\/\/www.fiemg.com.br\/regional-rio-doce\/#website","url":"https:\/\/www.fiemg.com.br\/regional-rio-doce\/","name":"Regional Rio doce","description":"Federa\u00e7\u00e3o das Ind\u00fastrias do Estado de Minas Gerais","publisher":{"@id":"https:\/\/www.fiemg.com.br\/regional-rio-doce\/#organization"},"potentialAction":[{"@type":"SearchAction","target":{"@type":"EntryPoint","urlTemplate":"https:\/\/www.fiemg.com.br\/regional-rio-doce\/?s={search_term_string}"},"query-input":{"@type":"PropertyValueSpecification","valueRequired":true,"valueName":"search_term_string"}}],"inLanguage":"pt-BR"},{"@type":"Organization","@id":"https:\/\/www.fiemg.com.br\/regional-rio-doce\/#organization","name":"Regional Rio doce","url":"https:\/\/www.fiemg.com.br\/regional-rio-doce\/","logo":{"@type":"ImageObject","inLanguage":"pt-BR","@id":"https:\/\/www.fiemg.com.br\/regional-rio-doce\/#\/schema\/logo\/image\/","url":"https:\/\/www.fiemg.com.br\/regional-rio-doce\/wp-content\/uploads\/sites\/19\/2023\/02\/Ativo-1.png","contentUrl":"https:\/\/www.fiemg.com.br\/regional-rio-doce\/wp-content\/uploads\/sites\/19\/2023\/02\/Ativo-1.png","width":563,"height":149,"caption":"Regional Rio doce"},"image":{"@id":"https:\/\/www.fiemg.com.br\/regional-rio-doce\/#\/schema\/logo\/image\/"}}]}},"_links":{"self":[{"href":"https:\/\/www.fiemg.com.br\/regional-rio-doce\/wp-json\/wp\/v2\/noticias\/2066","targetHints":{"allow":["GET"]}}],"collection":[{"href":"https:\/\/www.fiemg.com.br\/regional-rio-doce\/wp-json\/wp\/v2\/noticias"}],"about":[{"href":"https:\/\/www.fiemg.com.br\/regional-rio-doce\/wp-json\/wp\/v2\/types\/noticias"}],"wp:featuredmedia":[{"embeddable":true,"href":"https:\/\/www.fiemg.com.br\/regional-rio-doce\/wp-json\/wp\/v2\/media\/2067"}],"wp:attachment":[{"href":"https:\/\/www.fiemg.com.br\/regional-rio-doce\/wp-json\/wp\/v2\/media?parent=2066"}],"wp:term":[{"taxonomy":"category","embeddable":true,"href":"https:\/\/www.fiemg.com.br\/regional-rio-doce\/wp-json\/wp\/v2\/categories?post=2066"},{"taxonomy":"post_tag","embeddable":true,"href":"https:\/\/www.fiemg.com.br\/regional-rio-doce\/wp-json\/wp\/v2\/tags?post=2066"}],"curies":[{"name":"wp","href":"https:\/\/api.w.org\/{rel}","templated":true}]}}