{"id":2135,"date":"2025-05-30T18:09:03","date_gmt":"2025-05-30T21:09:03","guid":{"rendered":"https:\/\/www.fiemg.com.br\/regional-rio-doce\/?post_type=noticias&#038;p=2135"},"modified":"2025-05-30T18:09:06","modified_gmt":"2025-05-30T21:09:06","slug":"na-expoleste-fiemg-sesi-e-senai-reafirmam-compromisso-com-desenvolvimento-regional","status":"publish","type":"noticias","link":"https:\/\/www.fiemg.com.br\/regional-rio-doce\/noticias\/na-expoleste-fiemg-sesi-e-senai-reafirmam-compromisso-com-desenvolvimento-regional\/","title":{"rendered":"Na Expoleste, FIEMG, SESI e SENAI reafirmam compromisso com desenvolvimento regional"},"content":{"rendered":"\n<p>Com um estande din\u00e2mico, interativo e repleto de solu\u00e7\u00f5es para a ind\u00fastria e a sociedade, a FIEMG Regional Rio Doce, em parceria com o SESI e o SENAI, participou da 21\u00aa edi\u00e7\u00e3o da Expoleste, realizada no Centro de Feiras e Eventos da Univale, em Governador Valadares. O evento, considerado o maior encontro de neg\u00f3cios do Leste de Minas, recebeu centenas de visitantes e se consolidou como uma importante vitrine para o desenvolvimento econ\u00f4mico regional.<\/p>\n\n\n\n<p>Durante os cinco dias de feira, o estande da FIEMG atraiu empres\u00e1rios, estudantes, autoridades e profissionais de diversos setores, oferecendo uma programa\u00e7\u00e3o diversificada e estrat\u00e9gica. Foram apresentadas a\u00e7\u00f5es voltadas para sa\u00fade e seguran\u00e7a no trabalho, iniciativas educacionais inovadoras e oportunidades de capacita\u00e7\u00e3o profissional.<\/p>\n\n\n\n<p>O SESI levou para a feira uma amostra da sua pedag\u00f3gica, destacando a qualidade da educa\u00e7\u00e3o b\u00e1sica ofertada aos alunos da rede. Foram apresentados os materiais did\u00e1ticos dos anos iniciais, desenvolvidos com exclusividade pela Editora SESI Minas, que priorizam a viv\u00eancia, a experimenta\u00e7\u00e3o e a constru\u00e7\u00e3o do conhecimento de forma ativa pelos alunos.<\/p>\n\n\n\n<p>Entre as atra\u00e7\u00f5es, os visitantes participaram de oficinas criativas com os monstrinhos do Projeto SESI de Virtudes, uma iniciativa que trabalha a preven\u00e7\u00e3o ao bullying e estimula a interioriza\u00e7\u00e3o de valores fundamentais para a forma\u00e7\u00e3o \u00e9tica e cidad\u00e3.<\/p>\n\n\n\n<p>A tecnologia tamb\u00e9m esteve em destaque, com a exposi\u00e7\u00e3o dos materiais de rob\u00f3tica educacional, tablets e \u00f3culos de realidade virtual, evidenciando o uso pr\u00e1tico das metodologias inovadoras adotadas nas salas de aula do SESI.<\/p>\n\n\n\n<p>O espa\u00e7o contou ainda com a participa\u00e7\u00e3o de projetos premiados, como a Turma do Bob, equipe de rob\u00f3tica que se prepara para representar Minas Gerais e o Brasil em Massachusetts, e a Carnelian Escuderia, equipe da modalidade STEM Racing, que apresentou suas solu\u00e7\u00f5es tecnol\u00f3gicas e prot\u00f3tipos.<\/p>\n\n\n\n<p>Al\u00e9m do foco na educa\u00e7\u00e3o, o SESI tamb\u00e9m levou \u00e0 feira conte\u00fados voltados \u00e0 promo\u00e7\u00e3o da sa\u00fade, seguran\u00e7a e bem-estar no trabalho, refor\u00e7ando o compromisso com o desenvolvimento integral das pessoas, tanto na forma\u00e7\u00e3o educacional quanto na qualidade de vida dos trabalhadores.<\/p>\n\n\n\n<p>O SENAI tamb\u00e9m se destacou, apresentando ao p\u00fablico uma s\u00e9rie de solu\u00e7\u00f5es em educa\u00e7\u00e3o profissional, inova\u00e7\u00e3o e tecnologia industrial. Simuladores, prot\u00f3tipos e materiais did\u00e1ticos despertaram o interesse dos visitantes, que puderam conhecer cursos t\u00e9cnicos, de qualifica\u00e7\u00e3o e de aprendizagem voltados para as necessidades do setor produtivo regional. A presen\u00e7a do SENAI refor\u00e7ou a import\u00e2ncia da capacita\u00e7\u00e3o profissional para a competitividade da ind\u00fastria e ampliou o di\u00e1logo com jovens e empresas em busca de m\u00e3o de obra qualificada.<\/p>\n\n\n\n<p>\u201cParticipar da Expoleste \u00e9 reafirmar o compromisso da FIEMG com o desenvolvimento regional. Aqui mostramos nossa capacidade de atuar junto \u00e0s empresas, oferecer solu\u00e7\u00f5es concretas e contribuir para a transforma\u00e7\u00e3o econ\u00f4mica e social do Leste de Minas\u201d, disse o vice-presidente da FIEMG Regional Rio Doce, Marcos Lopes Farias.<br><br><strong>Imprensa FIEMG<\/strong><\/p>\n\n\n\n<p><\/p>\n","protected":false},"featured_media":2137,"template":"","categories":[15],"tags":[241,157,71,109,158],"class_list":["post-2135","noticias","type-noticias","status-publish","has-post-thumbnail","hentry","category-desenvolvimento-industrial","tag-desenvolvimento-regional","tag-expoleste","tag-fiemg","tag-senai","tag-sesi"],"acf":[],"yoast_head":"<!-- This site is optimized with the Yoast SEO plugin v26.2 - https:\/\/yoast.com\/wordpress\/plugins\/seo\/ -->\n<title>Na Expoleste, FIEMG, SESI e SENAI reafirmam compromisso com desenvolvimento regional - Regional Rio doce<\/title>\n<meta name=\"robots\" content=\"index, follow, max-snippet:-1, max-image-preview:large, max-video-preview:-1\" \/>\n<link rel=\"canonical\" href=\"https:\/\/www.fiemg.com.br\/regional-rio-doce\/noticias\/na-expoleste-fiemg-sesi-e-senai-reafirmam-compromisso-com-desenvolvimento-regional\/\" \/>\n<meta property=\"og:locale\" content=\"pt_BR\" \/>\n<meta property=\"og:type\" content=\"article\" \/>\n<meta property=\"og:title\" content=\"Na Expoleste, FIEMG, SESI e SENAI reafirmam compromisso com desenvolvimento regional - Regional Rio doce\" \/>\n<meta property=\"og:description\" content=\"Com um estande din\u00e2mico, interativo e repleto de solu\u00e7\u00f5es para a ind\u00fastria e a sociedade, a FIEMG Regional Rio Doce, em parceria com o SESI e o SENAI, participou da 21\u00aa edi\u00e7\u00e3o da Expoleste, realizada no Centro de Feiras e Eventos da Univale, em Governador Valadares. O evento, considerado o maior encontro de neg\u00f3cios do [&hellip;]\" \/>\n<meta property=\"og:url\" content=\"https:\/\/www.fiemg.com.br\/regional-rio-doce\/noticias\/na-expoleste-fiemg-sesi-e-senai-reafirmam-compromisso-com-desenvolvimento-regional\/\" \/>\n<meta property=\"og:site_name\" content=\"Regional Rio doce\" \/>\n<meta property=\"article:modified_time\" content=\"2025-05-30T21:09:06+00:00\" \/>\n<meta property=\"og:image\" content=\"https:\/\/www.fiemg.com.br\/regional-rio-doce\/wp-content\/uploads\/sites\/19\/2025\/05\/expoleste_thumb.jpeg\" \/>\n\t<meta property=\"og:image:width\" content=\"512\" \/>\n\t<meta property=\"og:image:height\" content=\"512\" \/>\n\t<meta property=\"og:image:type\" content=\"image\/jpeg\" \/>\n<meta name=\"twitter:card\" content=\"summary_large_image\" \/>\n<meta name=\"twitter:label1\" content=\"Est. tempo de leitura\" \/>\n\t<meta name=\"twitter:data1\" content=\"3 minutos\" \/>\n<script type=\"application\/ld+json\" class=\"yoast-schema-graph\">{\"@context\":\"https:\/\/schema.org\",\"@graph\":[{\"@type\":\"WebPage\",\"@id\":\"https:\/\/www.fiemg.com.br\/regional-rio-doce\/noticias\/na-expoleste-fiemg-sesi-e-senai-reafirmam-compromisso-com-desenvolvimento-regional\/\",\"url\":\"https:\/\/www.fiemg.com.br\/regional-rio-doce\/noticias\/na-expoleste-fiemg-sesi-e-senai-reafirmam-compromisso-com-desenvolvimento-regional\/\",\"name\":\"Na Expoleste, FIEMG, SESI e SENAI reafirmam compromisso com desenvolvimento regional - Regional Rio doce\",\"isPartOf\":{\"@id\":\"https:\/\/www.fiemg.com.br\/regional-rio-doce\/#website\"},\"primaryImageOfPage\":{\"@id\":\"https:\/\/www.fiemg.com.br\/regional-rio-doce\/noticias\/na-expoleste-fiemg-sesi-e-senai-reafirmam-compromisso-com-desenvolvimento-regional\/#primaryimage\"},\"image\":{\"@id\":\"https:\/\/www.fiemg.com.br\/regional-rio-doce\/noticias\/na-expoleste-fiemg-sesi-e-senai-reafirmam-compromisso-com-desenvolvimento-regional\/#primaryimage\"},\"thumbnailUrl\":\"https:\/\/www.fiemg.com.br\/regional-rio-doce\/wp-content\/uploads\/sites\/19\/2025\/05\/expoleste_thumb.jpeg\",\"datePublished\":\"2025-05-30T21:09:03+00:00\",\"dateModified\":\"2025-05-30T21:09:06+00:00\",\"breadcrumb\":{\"@id\":\"https:\/\/www.fiemg.com.br\/regional-rio-doce\/noticias\/na-expoleste-fiemg-sesi-e-senai-reafirmam-compromisso-com-desenvolvimento-regional\/#breadcrumb\"},\"inLanguage\":\"pt-BR\",\"potentialAction\":[{\"@type\":\"ReadAction\",\"target\":[\"https:\/\/www.fiemg.com.br\/regional-rio-doce\/noticias\/na-expoleste-fiemg-sesi-e-senai-reafirmam-compromisso-com-desenvolvimento-regional\/\"]}]},{\"@type\":\"ImageObject\",\"inLanguage\":\"pt-BR\",\"@id\":\"https:\/\/www.fiemg.com.br\/regional-rio-doce\/noticias\/na-expoleste-fiemg-sesi-e-senai-reafirmam-compromisso-com-desenvolvimento-regional\/#primaryimage\",\"url\":\"https:\/\/www.fiemg.com.br\/regional-rio-doce\/wp-content\/uploads\/sites\/19\/2025\/05\/expoleste_thumb.jpeg\",\"contentUrl\":\"https:\/\/www.fiemg.com.br\/regional-rio-doce\/wp-content\/uploads\/sites\/19\/2025\/05\/expoleste_thumb.jpeg\",\"width\":512,\"height\":512,\"caption\":\"FIEMG, SESI e SENAI marcam presen\u00e7a na Expoleste 2025\"},{\"@type\":\"BreadcrumbList\",\"@id\":\"https:\/\/www.fiemg.com.br\/regional-rio-doce\/noticias\/na-expoleste-fiemg-sesi-e-senai-reafirmam-compromisso-com-desenvolvimento-regional\/#breadcrumb\",\"itemListElement\":[{\"@type\":\"ListItem\",\"position\":1,\"name\":\"In\u00edcio\",\"item\":\"https:\/\/www.fiemg.com.br\/regional-rio-doce\/\"},{\"@type\":\"ListItem\",\"position\":2,\"name\":\"Na Expoleste, FIEMG, SESI e SENAI reafirmam compromisso com desenvolvimento regional\"}]},{\"@type\":\"WebSite\",\"@id\":\"https:\/\/www.fiemg.com.br\/regional-rio-doce\/#website\",\"url\":\"https:\/\/www.fiemg.com.br\/regional-rio-doce\/\",\"name\":\"Regional Rio doce\",\"description\":\"Federa\u00e7\u00e3o das Ind\u00fastrias do Estado de Minas Gerais\",\"publisher\":{\"@id\":\"https:\/\/www.fiemg.com.br\/regional-rio-doce\/#organization\"},\"potentialAction\":[{\"@type\":\"SearchAction\",\"target\":{\"@type\":\"EntryPoint\",\"urlTemplate\":\"https:\/\/www.fiemg.com.br\/regional-rio-doce\/?s={search_term_string}\"},\"query-input\":{\"@type\":\"PropertyValueSpecification\",\"valueRequired\":true,\"valueName\":\"search_term_string\"}}],\"inLanguage\":\"pt-BR\"},{\"@type\":\"Organization\",\"@id\":\"https:\/\/www.fiemg.com.br\/regional-rio-doce\/#organization\",\"name\":\"Regional Rio doce\",\"url\":\"https:\/\/www.fiemg.com.br\/regional-rio-doce\/\",\"logo\":{\"@type\":\"ImageObject\",\"inLanguage\":\"pt-BR\",\"@id\":\"https:\/\/www.fiemg.com.br\/regional-rio-doce\/#\/schema\/logo\/image\/\",\"url\":\"https:\/\/www.fiemg.com.br\/regional-rio-doce\/wp-content\/uploads\/sites\/19\/2023\/02\/Ativo-1.png\",\"contentUrl\":\"https:\/\/www.fiemg.com.br\/regional-rio-doce\/wp-content\/uploads\/sites\/19\/2023\/02\/Ativo-1.png\",\"width\":563,\"height\":149,\"caption\":\"Regional Rio doce\"},\"image\":{\"@id\":\"https:\/\/www.fiemg.com.br\/regional-rio-doce\/#\/schema\/logo\/image\/\"}}]}<\/script>\n<!-- \/ Yoast SEO plugin. -->","yoast_head_json":{"title":"Na Expoleste, FIEMG, SESI e SENAI reafirmam compromisso com desenvolvimento regional - Regional Rio doce","robots":{"index":"index","follow":"follow","max-snippet":"max-snippet:-1","max-image-preview":"max-image-preview:large","max-video-preview":"max-video-preview:-1"},"canonical":"https:\/\/www.fiemg.com.br\/regional-rio-doce\/noticias\/na-expoleste-fiemg-sesi-e-senai-reafirmam-compromisso-com-desenvolvimento-regional\/","og_locale":"pt_BR","og_type":"article","og_title":"Na Expoleste, FIEMG, SESI e SENAI reafirmam compromisso com desenvolvimento regional - Regional Rio doce","og_description":"Com um estande din\u00e2mico, interativo e repleto de solu\u00e7\u00f5es para a ind\u00fastria e a sociedade, a FIEMG Regional Rio Doce, em parceria com o SESI e o SENAI, participou da 21\u00aa edi\u00e7\u00e3o da Expoleste, realizada no Centro de Feiras e Eventos da Univale, em Governador Valadares. O evento, considerado o maior encontro de neg\u00f3cios do [&hellip;]","og_url":"https:\/\/www.fiemg.com.br\/regional-rio-doce\/noticias\/na-expoleste-fiemg-sesi-e-senai-reafirmam-compromisso-com-desenvolvimento-regional\/","og_site_name":"Regional Rio doce","article_modified_time":"2025-05-30T21:09:06+00:00","og_image":[{"width":512,"height":512,"url":"https:\/\/www.fiemg.com.br\/regional-rio-doce\/wp-content\/uploads\/sites\/19\/2025\/05\/expoleste_thumb.jpeg","type":"image\/jpeg"}],"twitter_card":"summary_large_image","twitter_misc":{"Est. tempo de leitura":"3 minutos"},"schema":{"@context":"https:\/\/schema.org","@graph":[{"@type":"WebPage","@id":"https:\/\/www.fiemg.com.br\/regional-rio-doce\/noticias\/na-expoleste-fiemg-sesi-e-senai-reafirmam-compromisso-com-desenvolvimento-regional\/","url":"https:\/\/www.fiemg.com.br\/regional-rio-doce\/noticias\/na-expoleste-fiemg-sesi-e-senai-reafirmam-compromisso-com-desenvolvimento-regional\/","name":"Na Expoleste, FIEMG, SESI e SENAI reafirmam compromisso com desenvolvimento regional - Regional Rio doce","isPartOf":{"@id":"https:\/\/www.fiemg.com.br\/regional-rio-doce\/#website"},"primaryImageOfPage":{"@id":"https:\/\/www.fiemg.com.br\/regional-rio-doce\/noticias\/na-expoleste-fiemg-sesi-e-senai-reafirmam-compromisso-com-desenvolvimento-regional\/#primaryimage"},"image":{"@id":"https:\/\/www.fiemg.com.br\/regional-rio-doce\/noticias\/na-expoleste-fiemg-sesi-e-senai-reafirmam-compromisso-com-desenvolvimento-regional\/#primaryimage"},"thumbnailUrl":"https:\/\/www.fiemg.com.br\/regional-rio-doce\/wp-content\/uploads\/sites\/19\/2025\/05\/expoleste_thumb.jpeg","datePublished":"2025-05-30T21:09:03+00:00","dateModified":"2025-05-30T21:09:06+00:00","breadcrumb":{"@id":"https:\/\/www.fiemg.com.br\/regional-rio-doce\/noticias\/na-expoleste-fiemg-sesi-e-senai-reafirmam-compromisso-com-desenvolvimento-regional\/#breadcrumb"},"inLanguage":"pt-BR","potentialAction":[{"@type":"ReadAction","target":["https:\/\/www.fiemg.com.br\/regional-rio-doce\/noticias\/na-expoleste-fiemg-sesi-e-senai-reafirmam-compromisso-com-desenvolvimento-regional\/"]}]},{"@type":"ImageObject","inLanguage":"pt-BR","@id":"https:\/\/www.fiemg.com.br\/regional-rio-doce\/noticias\/na-expoleste-fiemg-sesi-e-senai-reafirmam-compromisso-com-desenvolvimento-regional\/#primaryimage","url":"https:\/\/www.fiemg.com.br\/regional-rio-doce\/wp-content\/uploads\/sites\/19\/2025\/05\/expoleste_thumb.jpeg","contentUrl":"https:\/\/www.fiemg.com.br\/regional-rio-doce\/wp-content\/uploads\/sites\/19\/2025\/05\/expoleste_thumb.jpeg","width":512,"height":512,"caption":"FIEMG, SESI e SENAI marcam presen\u00e7a na Expoleste 2025"},{"@type":"BreadcrumbList","@id":"https:\/\/www.fiemg.com.br\/regional-rio-doce\/noticias\/na-expoleste-fiemg-sesi-e-senai-reafirmam-compromisso-com-desenvolvimento-regional\/#breadcrumb","itemListElement":[{"@type":"ListItem","position":1,"name":"In\u00edcio","item":"https:\/\/www.fiemg.com.br\/regional-rio-doce\/"},{"@type":"ListItem","position":2,"name":"Na Expoleste, FIEMG, SESI e SENAI reafirmam compromisso com desenvolvimento regional"}]},{"@type":"WebSite","@id":"https:\/\/www.fiemg.com.br\/regional-rio-doce\/#website","url":"https:\/\/www.fiemg.com.br\/regional-rio-doce\/","name":"Regional Rio doce","description":"Federa\u00e7\u00e3o das Ind\u00fastrias do Estado de Minas Gerais","publisher":{"@id":"https:\/\/www.fiemg.com.br\/regional-rio-doce\/#organization"},"potentialAction":[{"@type":"SearchAction","target":{"@type":"EntryPoint","urlTemplate":"https:\/\/www.fiemg.com.br\/regional-rio-doce\/?s={search_term_string}"},"query-input":{"@type":"PropertyValueSpecification","valueRequired":true,"valueName":"search_term_string"}}],"inLanguage":"pt-BR"},{"@type":"Organization","@id":"https:\/\/www.fiemg.com.br\/regional-rio-doce\/#organization","name":"Regional Rio doce","url":"https:\/\/www.fiemg.com.br\/regional-rio-doce\/","logo":{"@type":"ImageObject","inLanguage":"pt-BR","@id":"https:\/\/www.fiemg.com.br\/regional-rio-doce\/#\/schema\/logo\/image\/","url":"https:\/\/www.fiemg.com.br\/regional-rio-doce\/wp-content\/uploads\/sites\/19\/2023\/02\/Ativo-1.png","contentUrl":"https:\/\/www.fiemg.com.br\/regional-rio-doce\/wp-content\/uploads\/sites\/19\/2023\/02\/Ativo-1.png","width":563,"height":149,"caption":"Regional Rio doce"},"image":{"@id":"https:\/\/www.fiemg.com.br\/regional-rio-doce\/#\/schema\/logo\/image\/"}}]}},"_links":{"self":[{"href":"https:\/\/www.fiemg.com.br\/regional-rio-doce\/wp-json\/wp\/v2\/noticias\/2135","targetHints":{"allow":["GET"]}}],"collection":[{"href":"https:\/\/www.fiemg.com.br\/regional-rio-doce\/wp-json\/wp\/v2\/noticias"}],"about":[{"href":"https:\/\/www.fiemg.com.br\/regional-rio-doce\/wp-json\/wp\/v2\/types\/noticias"}],"wp:featuredmedia":[{"embeddable":true,"href":"https:\/\/www.fiemg.com.br\/regional-rio-doce\/wp-json\/wp\/v2\/media\/2137"}],"wp:attachment":[{"href":"https:\/\/www.fiemg.com.br\/regional-rio-doce\/wp-json\/wp\/v2\/media?parent=2135"}],"wp:term":[{"taxonomy":"category","embeddable":true,"href":"https:\/\/www.fiemg.com.br\/regional-rio-doce\/wp-json\/wp\/v2\/categories?post=2135"},{"taxonomy":"post_tag","embeddable":true,"href":"https:\/\/www.fiemg.com.br\/regional-rio-doce\/wp-json\/wp\/v2\/tags?post=2135"}],"curies":[{"name":"wp","href":"https:\/\/api.w.org\/{rel}","templated":true}]}}