{"id":2224,"date":"2025-07-10T17:48:23","date_gmt":"2025-07-10T20:48:23","guid":{"rendered":"https:\/\/www.fiemg.com.br\/regional-rio-doce\/noticias\/fiemg-defende-dialogo-entre-governo-brasileiro-e-eua-para-busca-de-solucao-sobre-taxas\/"},"modified":"2025-07-10T18:08:50","modified_gmt":"2025-07-10T21:08:50","slug":"fiemg-defende-dialogo-entre-governo-brasileiro-e-eua-para-busca-de-solucao-sobre-taxas","status":"publish","type":"noticias","link":"https:\/\/www.fiemg.com.br\/regional-rio-doce\/noticias\/fiemg-defende-dialogo-entre-governo-brasileiro-e-eua-para-busca-de-solucao-sobre-taxas\/","title":{"rendered":"FIEMG defende di\u00e1logo entre governo brasileiro e EUA para busca de solu\u00e7\u00e3o sobre taxas"},"content":{"rendered":"\n<p>A taxa\u00e7\u00e3o de 50% dos Estados Unidos sobre produtos brasileiros vai impactar importantes setores da ind\u00fastria mineira, sobretudo siderurgia e metalurgia . Nesse sentido, o presidente da Federa\u00e7\u00e3o das Ind\u00fastrias de Minas Gerais, Fl\u00e1vio Roscoe, defendeu em entrevista coletiva nesta quinta-feira (10\/7) um amplo processo de negocia\u00e7\u00e3o entre os dois pa\u00edses para a busca de solu\u00e7\u00f5es a partir da diplomacia e n\u00e3o da retalia\u00e7\u00e3o ou reciprocidade.<\/p>\n\n\n\n<p>&#8220;A tarifa americana n\u00e3o gera impacto inflacion\u00e1rio no Brasil. Talvez at\u00e9 ocorra um impacto deflacion\u00e1rio porque alguns produtos ser\u00e3o ofertados pelo mercado interno. Mas o oposto, a reciprocidade da taxa\u00e7\u00e3o, tem potencial para gerar impacto inflacion\u00e1rio na economia brasileira&#8221;, alertou o presidente da FIEMG<\/p>\n\n\n\n<p>&#8220;O setor mais afetado certamente \u00e9 o sider\u00fargico, que j\u00e1 passa por um momento de crise internacional pelo excesso de exporta\u00e7\u00f5es por parte da China&#8221;, disse Roscoe a respeito de um dos segmentos mais importantes da ind\u00fastria mineira. No caso do caf\u00e9, o presidente da FIEMG acredita que o produto pode ter mais facilidade para encontrar outros mercados devido a suas caracter\u00edsticas e dimens\u00e3o.<\/p>\n\n\n\n<p>Roscoe lembrou que os Estados Unidos s\u00e3o um parceiro estrat\u00e9gico para o Brasil. No caso de Minas Gerais, os americanos s\u00e3o o principal mercado do segmento de transforma\u00e7\u00e3o. Se a tarifa extra de 50% n\u00e3o retroceder, Roscoe prev\u00ea que alguns setores da ind\u00fastria mineira enfrentar\u00e3o dificuldades para encontrar outros mercados importadores, especialmente os produtos de maior valor agregado. &#8220;V\u00e1rios outros produtos industrializados brasileiros j\u00e1 concorrem no mercado internacional, geralmente com a China ou com outros pa\u00edses&#8221;, acrescentou.<\/p>\n\n\n\n<p>Diante de um cen\u00e1rio de reorganiza\u00e7\u00e3o geopol\u00edtica e tens\u00e3o entre as principais economias mundiais &#8211; EUA e China -, Fl\u00e1vio Roscoe refor\u00e7ou a necessidade de o governo adotar uma postura neutra no contexto internacional. &#8220;Estados Unidos \u00e9 um parceiro tradicional do Brasil. Do ponto de vista geogr\u00e1fico, faz todo o sentido que as nossas economias tenham um fluxo de com\u00e9rcio ativo e complementares e, no nosso entendimento, ambos os pa\u00edses perdem muito&#8221;.<br><br><em>Rafael Passos<br><\/em><strong>Imprensa FIEMG<br><\/strong><br><strong>Leia mais:<\/strong><\/p>\n\n\n\n<p><strong><a href=\"https:\/\/drive.google.com\/drive\/folders\/117M7UFHH8qKxP38SkUNeM6Qj4uIMBR-i?usp=sharing\">Clique aqui para baixar os arquivos de \u00e1udio e v\u00eddeo da coletiva<\/a><br><\/strong><br><a href=\"https:\/\/www.fiemg.com.br\/noticias\/nota-oficial-posicionamento-da-fiemg-sobre-a-taxacao-de-produtos-brasileiros\/\"><strong>Nota Oficial \u2013 Posicionamento da FIEMG sobre a taxa\u00e7\u00e3o de produtos brasileiros<br><\/strong><\/a><br><a href=\"https:\/\/www.fiemg.com.br\/wp-content\/uploads\/2025\/07\/tarifa_brasil_eua.pdf\"><strong>Clique aqui e confira os produtos exportados de MG aos EUA e as taxas aplicadas &#8211; janeiro a junho de 2025<\/strong><\/a><\/p>\n\n\n\n<p><a href=\"https:\/\/www.flickr.com\/photos\/sistemafiemg\/albums\/72177720327450496\/with\/54646254241\"><strong>Veja mais fotos da entrevista coletiva<\/strong><\/a><\/p>\n","protected":false},"featured_media":2225,"template":"","categories":[22],"tags":[243,71,99,251],"class_list":["post-2224","noticias","type-noticias","status-publish","has-post-thumbnail","hentry","category-negocios-internacionais","tag-eua","tag-fiemg","tag-industria","tag-taxacao"],"acf":[],"yoast_head":"<!-- This site is optimized with the Yoast SEO plugin v26.2 - https:\/\/yoast.com\/wordpress\/plugins\/seo\/ -->\n<title>FIEMG defende di\u00e1logo entre governo brasileiro e EUA para busca de solu\u00e7\u00e3o sobre taxas - Regional Rio doce<\/title>\n<meta name=\"description\" content=\"Em entrevista coletiva, Fl\u00e1vio Roscoe lembrou que os Estados Unidos s\u00e3o um parceiro estrat\u00e9gico para o Brasil e entende que coopera\u00e7\u00e3o \u00e9 a sa\u00edda para impasse\" \/>\n<meta name=\"robots\" content=\"index, follow, max-snippet:-1, max-image-preview:large, max-video-preview:-1\" \/>\n<link rel=\"canonical\" href=\"https:\/\/www.fiemg.com.br\/regional-rio-doce\/noticias\/fiemg-defende-dialogo-entre-governo-brasileiro-e-eua-para-busca-de-solucao-sobre-taxas\/\" \/>\n<meta property=\"og:locale\" content=\"pt_BR\" \/>\n<meta property=\"og:type\" content=\"article\" \/>\n<meta property=\"og:title\" content=\"FIEMG defende di\u00e1logo entre governo brasileiro e EUA para busca de solu\u00e7\u00e3o sobre taxas - Regional Rio doce\" \/>\n<meta property=\"og:description\" content=\"Em entrevista coletiva, Fl\u00e1vio Roscoe lembrou que os Estados Unidos s\u00e3o um parceiro estrat\u00e9gico para o Brasil e entende que coopera\u00e7\u00e3o \u00e9 a sa\u00edda para impasse\" \/>\n<meta property=\"og:url\" content=\"https:\/\/www.fiemg.com.br\/regional-rio-doce\/noticias\/fiemg-defende-dialogo-entre-governo-brasileiro-e-eua-para-busca-de-solucao-sobre-taxas\/\" \/>\n<meta property=\"og:site_name\" content=\"Regional Rio doce\" \/>\n<meta property=\"article:modified_time\" content=\"2025-07-10T21:08:50+00:00\" \/>\n<meta property=\"og:image\" content=\"https:\/\/www.fiemg.com.br\/regional-rio-doce\/wp-content\/uploads\/sites\/19\/2025\/07\/coletiva_flavio_thumb.jpeg\" \/>\n\t<meta property=\"og:image:width\" content=\"512\" \/>\n\t<meta property=\"og:image:height\" content=\"512\" \/>\n\t<meta property=\"og:image:type\" content=\"image\/jpeg\" \/>\n<meta name=\"twitter:card\" content=\"summary_large_image\" \/>\n<meta name=\"twitter:label1\" content=\"Est. tempo de leitura\" \/>\n\t<meta name=\"twitter:data1\" content=\"3 minutos\" \/>\n<script type=\"application\/ld+json\" class=\"yoast-schema-graph\">{\"@context\":\"https:\/\/schema.org\",\"@graph\":[{\"@type\":\"WebPage\",\"@id\":\"https:\/\/www.fiemg.com.br\/regional-rio-doce\/noticias\/fiemg-defende-dialogo-entre-governo-brasileiro-e-eua-para-busca-de-solucao-sobre-taxas\/\",\"url\":\"https:\/\/www.fiemg.com.br\/regional-rio-doce\/noticias\/fiemg-defende-dialogo-entre-governo-brasileiro-e-eua-para-busca-de-solucao-sobre-taxas\/\",\"name\":\"FIEMG defende di\u00e1logo entre governo brasileiro e EUA para busca de solu\u00e7\u00e3o sobre taxas - Regional Rio doce\",\"isPartOf\":{\"@id\":\"https:\/\/www.fiemg.com.br\/regional-rio-doce\/#website\"},\"primaryImageOfPage\":{\"@id\":\"https:\/\/www.fiemg.com.br\/regional-rio-doce\/noticias\/fiemg-defende-dialogo-entre-governo-brasileiro-e-eua-para-busca-de-solucao-sobre-taxas\/#primaryimage\"},\"image\":{\"@id\":\"https:\/\/www.fiemg.com.br\/regional-rio-doce\/noticias\/fiemg-defende-dialogo-entre-governo-brasileiro-e-eua-para-busca-de-solucao-sobre-taxas\/#primaryimage\"},\"thumbnailUrl\":\"https:\/\/www.fiemg.com.br\/regional-rio-doce\/wp-content\/uploads\/sites\/19\/2025\/07\/coletiva_flavio_thumb.jpeg\",\"datePublished\":\"2025-07-10T20:48:23+00:00\",\"dateModified\":\"2025-07-10T21:08:50+00:00\",\"description\":\"Em entrevista coletiva, Fl\u00e1vio Roscoe lembrou que os Estados Unidos s\u00e3o um parceiro estrat\u00e9gico para o Brasil e entende que coopera\u00e7\u00e3o \u00e9 a sa\u00edda para impasse\",\"breadcrumb\":{\"@id\":\"https:\/\/www.fiemg.com.br\/regional-rio-doce\/noticias\/fiemg-defende-dialogo-entre-governo-brasileiro-e-eua-para-busca-de-solucao-sobre-taxas\/#breadcrumb\"},\"inLanguage\":\"pt-BR\",\"potentialAction\":[{\"@type\":\"ReadAction\",\"target\":[\"https:\/\/www.fiemg.com.br\/regional-rio-doce\/noticias\/fiemg-defende-dialogo-entre-governo-brasileiro-e-eua-para-busca-de-solucao-sobre-taxas\/\"]}]},{\"@type\":\"ImageObject\",\"inLanguage\":\"pt-BR\",\"@id\":\"https:\/\/www.fiemg.com.br\/regional-rio-doce\/noticias\/fiemg-defende-dialogo-entre-governo-brasileiro-e-eua-para-busca-de-solucao-sobre-taxas\/#primaryimage\",\"url\":\"https:\/\/www.fiemg.com.br\/regional-rio-doce\/wp-content\/uploads\/sites\/19\/2025\/07\/coletiva_flavio_thumb.jpeg\",\"contentUrl\":\"https:\/\/www.fiemg.com.br\/regional-rio-doce\/wp-content\/uploads\/sites\/19\/2025\/07\/coletiva_flavio_thumb.jpeg\",\"width\":512,\"height\":512,\"caption\":\"FIEMG defende di\u00e1logo entre governo brasileiro e EUA para busca de solu\u00e7\u00e3o sobre taxas\"},{\"@type\":\"BreadcrumbList\",\"@id\":\"https:\/\/www.fiemg.com.br\/regional-rio-doce\/noticias\/fiemg-defende-dialogo-entre-governo-brasileiro-e-eua-para-busca-de-solucao-sobre-taxas\/#breadcrumb\",\"itemListElement\":[{\"@type\":\"ListItem\",\"position\":1,\"name\":\"In\u00edcio\",\"item\":\"https:\/\/www.fiemg.com.br\/regional-rio-doce\/\"},{\"@type\":\"ListItem\",\"position\":2,\"name\":\"FIEMG defende di\u00e1logo entre governo brasileiro e EUA para busca de solu\u00e7\u00e3o sobre taxas\"}]},{\"@type\":\"WebSite\",\"@id\":\"https:\/\/www.fiemg.com.br\/regional-rio-doce\/#website\",\"url\":\"https:\/\/www.fiemg.com.br\/regional-rio-doce\/\",\"name\":\"Regional Rio doce\",\"description\":\"Federa\u00e7\u00e3o das Ind\u00fastrias do Estado de Minas Gerais\",\"publisher\":{\"@id\":\"https:\/\/www.fiemg.com.br\/regional-rio-doce\/#organization\"},\"potentialAction\":[{\"@type\":\"SearchAction\",\"target\":{\"@type\":\"EntryPoint\",\"urlTemplate\":\"https:\/\/www.fiemg.com.br\/regional-rio-doce\/?s={search_term_string}\"},\"query-input\":{\"@type\":\"PropertyValueSpecification\",\"valueRequired\":true,\"valueName\":\"search_term_string\"}}],\"inLanguage\":\"pt-BR\"},{\"@type\":\"Organization\",\"@id\":\"https:\/\/www.fiemg.com.br\/regional-rio-doce\/#organization\",\"name\":\"Regional Rio doce\",\"url\":\"https:\/\/www.fiemg.com.br\/regional-rio-doce\/\",\"logo\":{\"@type\":\"ImageObject\",\"inLanguage\":\"pt-BR\",\"@id\":\"https:\/\/www.fiemg.com.br\/regional-rio-doce\/#\/schema\/logo\/image\/\",\"url\":\"https:\/\/www.fiemg.com.br\/regional-rio-doce\/wp-content\/uploads\/sites\/19\/2023\/02\/Ativo-1.png\",\"contentUrl\":\"https:\/\/www.fiemg.com.br\/regional-rio-doce\/wp-content\/uploads\/sites\/19\/2023\/02\/Ativo-1.png\",\"width\":563,\"height\":149,\"caption\":\"Regional Rio doce\"},\"image\":{\"@id\":\"https:\/\/www.fiemg.com.br\/regional-rio-doce\/#\/schema\/logo\/image\/\"}}]}<\/script>\n<!-- \/ Yoast SEO plugin. -->","yoast_head_json":{"title":"FIEMG defende di\u00e1logo entre governo brasileiro e EUA para busca de solu\u00e7\u00e3o sobre taxas - Regional Rio doce","description":"Em entrevista coletiva, Fl\u00e1vio Roscoe lembrou que os Estados Unidos s\u00e3o um parceiro estrat\u00e9gico para o Brasil e entende que coopera\u00e7\u00e3o \u00e9 a sa\u00edda para impasse","robots":{"index":"index","follow":"follow","max-snippet":"max-snippet:-1","max-image-preview":"max-image-preview:large","max-video-preview":"max-video-preview:-1"},"canonical":"https:\/\/www.fiemg.com.br\/regional-rio-doce\/noticias\/fiemg-defende-dialogo-entre-governo-brasileiro-e-eua-para-busca-de-solucao-sobre-taxas\/","og_locale":"pt_BR","og_type":"article","og_title":"FIEMG defende di\u00e1logo entre governo brasileiro e EUA para busca de solu\u00e7\u00e3o sobre taxas - Regional Rio doce","og_description":"Em entrevista coletiva, Fl\u00e1vio Roscoe lembrou que os Estados Unidos s\u00e3o um parceiro estrat\u00e9gico para o Brasil e entende que coopera\u00e7\u00e3o \u00e9 a sa\u00edda para impasse","og_url":"https:\/\/www.fiemg.com.br\/regional-rio-doce\/noticias\/fiemg-defende-dialogo-entre-governo-brasileiro-e-eua-para-busca-de-solucao-sobre-taxas\/","og_site_name":"Regional Rio doce","article_modified_time":"2025-07-10T21:08:50+00:00","og_image":[{"width":512,"height":512,"url":"https:\/\/www.fiemg.com.br\/regional-rio-doce\/wp-content\/uploads\/sites\/19\/2025\/07\/coletiva_flavio_thumb.jpeg","type":"image\/jpeg"}],"twitter_card":"summary_large_image","twitter_misc":{"Est. tempo de leitura":"3 minutos"},"schema":{"@context":"https:\/\/schema.org","@graph":[{"@type":"WebPage","@id":"https:\/\/www.fiemg.com.br\/regional-rio-doce\/noticias\/fiemg-defende-dialogo-entre-governo-brasileiro-e-eua-para-busca-de-solucao-sobre-taxas\/","url":"https:\/\/www.fiemg.com.br\/regional-rio-doce\/noticias\/fiemg-defende-dialogo-entre-governo-brasileiro-e-eua-para-busca-de-solucao-sobre-taxas\/","name":"FIEMG defende di\u00e1logo entre governo brasileiro e EUA para busca de solu\u00e7\u00e3o sobre taxas - Regional Rio doce","isPartOf":{"@id":"https:\/\/www.fiemg.com.br\/regional-rio-doce\/#website"},"primaryImageOfPage":{"@id":"https:\/\/www.fiemg.com.br\/regional-rio-doce\/noticias\/fiemg-defende-dialogo-entre-governo-brasileiro-e-eua-para-busca-de-solucao-sobre-taxas\/#primaryimage"},"image":{"@id":"https:\/\/www.fiemg.com.br\/regional-rio-doce\/noticias\/fiemg-defende-dialogo-entre-governo-brasileiro-e-eua-para-busca-de-solucao-sobre-taxas\/#primaryimage"},"thumbnailUrl":"https:\/\/www.fiemg.com.br\/regional-rio-doce\/wp-content\/uploads\/sites\/19\/2025\/07\/coletiva_flavio_thumb.jpeg","datePublished":"2025-07-10T20:48:23+00:00","dateModified":"2025-07-10T21:08:50+00:00","description":"Em entrevista coletiva, Fl\u00e1vio Roscoe lembrou que os Estados Unidos s\u00e3o um parceiro estrat\u00e9gico para o Brasil e entende que coopera\u00e7\u00e3o \u00e9 a sa\u00edda para impasse","breadcrumb":{"@id":"https:\/\/www.fiemg.com.br\/regional-rio-doce\/noticias\/fiemg-defende-dialogo-entre-governo-brasileiro-e-eua-para-busca-de-solucao-sobre-taxas\/#breadcrumb"},"inLanguage":"pt-BR","potentialAction":[{"@type":"ReadAction","target":["https:\/\/www.fiemg.com.br\/regional-rio-doce\/noticias\/fiemg-defende-dialogo-entre-governo-brasileiro-e-eua-para-busca-de-solucao-sobre-taxas\/"]}]},{"@type":"ImageObject","inLanguage":"pt-BR","@id":"https:\/\/www.fiemg.com.br\/regional-rio-doce\/noticias\/fiemg-defende-dialogo-entre-governo-brasileiro-e-eua-para-busca-de-solucao-sobre-taxas\/#primaryimage","url":"https:\/\/www.fiemg.com.br\/regional-rio-doce\/wp-content\/uploads\/sites\/19\/2025\/07\/coletiva_flavio_thumb.jpeg","contentUrl":"https:\/\/www.fiemg.com.br\/regional-rio-doce\/wp-content\/uploads\/sites\/19\/2025\/07\/coletiva_flavio_thumb.jpeg","width":512,"height":512,"caption":"FIEMG defende di\u00e1logo entre governo brasileiro e EUA para busca de solu\u00e7\u00e3o sobre taxas"},{"@type":"BreadcrumbList","@id":"https:\/\/www.fiemg.com.br\/regional-rio-doce\/noticias\/fiemg-defende-dialogo-entre-governo-brasileiro-e-eua-para-busca-de-solucao-sobre-taxas\/#breadcrumb","itemListElement":[{"@type":"ListItem","position":1,"name":"In\u00edcio","item":"https:\/\/www.fiemg.com.br\/regional-rio-doce\/"},{"@type":"ListItem","position":2,"name":"FIEMG defende di\u00e1logo entre governo brasileiro e EUA para busca de solu\u00e7\u00e3o sobre taxas"}]},{"@type":"WebSite","@id":"https:\/\/www.fiemg.com.br\/regional-rio-doce\/#website","url":"https:\/\/www.fiemg.com.br\/regional-rio-doce\/","name":"Regional Rio doce","description":"Federa\u00e7\u00e3o das Ind\u00fastrias do Estado de Minas Gerais","publisher":{"@id":"https:\/\/www.fiemg.com.br\/regional-rio-doce\/#organization"},"potentialAction":[{"@type":"SearchAction","target":{"@type":"EntryPoint","urlTemplate":"https:\/\/www.fiemg.com.br\/regional-rio-doce\/?s={search_term_string}"},"query-input":{"@type":"PropertyValueSpecification","valueRequired":true,"valueName":"search_term_string"}}],"inLanguage":"pt-BR"},{"@type":"Organization","@id":"https:\/\/www.fiemg.com.br\/regional-rio-doce\/#organization","name":"Regional Rio doce","url":"https:\/\/www.fiemg.com.br\/regional-rio-doce\/","logo":{"@type":"ImageObject","inLanguage":"pt-BR","@id":"https:\/\/www.fiemg.com.br\/regional-rio-doce\/#\/schema\/logo\/image\/","url":"https:\/\/www.fiemg.com.br\/regional-rio-doce\/wp-content\/uploads\/sites\/19\/2023\/02\/Ativo-1.png","contentUrl":"https:\/\/www.fiemg.com.br\/regional-rio-doce\/wp-content\/uploads\/sites\/19\/2023\/02\/Ativo-1.png","width":563,"height":149,"caption":"Regional Rio doce"},"image":{"@id":"https:\/\/www.fiemg.com.br\/regional-rio-doce\/#\/schema\/logo\/image\/"}}]}},"_links":{"self":[{"href":"https:\/\/www.fiemg.com.br\/regional-rio-doce\/wp-json\/wp\/v2\/noticias\/2224","targetHints":{"allow":["GET"]}}],"collection":[{"href":"https:\/\/www.fiemg.com.br\/regional-rio-doce\/wp-json\/wp\/v2\/noticias"}],"about":[{"href":"https:\/\/www.fiemg.com.br\/regional-rio-doce\/wp-json\/wp\/v2\/types\/noticias"}],"wp:featuredmedia":[{"embeddable":true,"href":"https:\/\/www.fiemg.com.br\/regional-rio-doce\/wp-json\/wp\/v2\/media\/2225"}],"wp:attachment":[{"href":"https:\/\/www.fiemg.com.br\/regional-rio-doce\/wp-json\/wp\/v2\/media?parent=2224"}],"wp:term":[{"taxonomy":"category","embeddable":true,"href":"https:\/\/www.fiemg.com.br\/regional-rio-doce\/wp-json\/wp\/v2\/categories?post=2224"},{"taxonomy":"post_tag","embeddable":true,"href":"https:\/\/www.fiemg.com.br\/regional-rio-doce\/wp-json\/wp\/v2\/tags?post=2224"}],"curies":[{"name":"wp","href":"https:\/\/api.w.org\/{rel}","templated":true}]}}