{"id":2267,"date":"2025-11-12T17:01:34","date_gmt":"2025-11-12T20:01:34","guid":{"rendered":"https:\/\/www.fiemg.com.br\/regional-rio-doce\/noticias\/peca-do-sesi-museu-de-artes-e-oficios-e-referencia-em-exposicoes-internacionais\/"},"modified":"2025-11-12T17:01:34","modified_gmt":"2025-11-12T20:01:34","slug":"peca-do-sesi-museu-de-artes-e-oficios-e-referencia-em-exposicoes-internacionais","status":"publish","type":"noticias","link":"https:\/\/www.fiemg.com.br\/regional-rio-doce\/noticias\/peca-do-sesi-museu-de-artes-e-oficios-e-referencia-em-exposicoes-internacionais\/","title":{"rendered":"Pe\u00e7a do SESI Museu de Artes e Of\u00edcios \u00e9 refer\u00eancia em exposi\u00e7\u00f5es internacionais"},"content":{"rendered":"\n<p>Uma pe\u00e7a de extrema import\u00e2ncia hist\u00f3rica e relev\u00e2ncia do SESI Museu de Artes e Of\u00edcios de Belo Horizonte estar\u00e1 na reabertura do Museu Hist\u00f3rico Nacional no Rio de Janeiro nesta quinta-feira, 13 de novembro. \u00c9 uma balan\u00e7a do s\u00e9culo XVIII que integra exposi\u00e7\u00e3o internacional \u201cPara al\u00e9m da escravid\u00e3o: construindo a liberdade negra no mundo\u201d, que vai acontecer nas galerias de exposi\u00e7\u00f5es tempor\u00e1rias do Museu e conta com circuito de programa\u00e7\u00f5es voltadas \u00e0 cultura negra.<\/p>\n\n\n\n<p>A exposi\u00e7\u00e3o esteve em exibi\u00e7\u00e3o no Museu Nacional de Hist\u00f3ria e Cultura Afro-Americana, em Washington D.C. nos Estados Unidos sob o t\u00edtulo In Slavery\u2019s Wake: Making Black Freedom in the World. A balan\u00e7a marcada com a data de 1767 em seu travess\u00e3o foi historicamente atribu\u00edda a uma fazenda real e utilizada na pesagem de escravizados.<\/p>\n\n\n\n<figure class=\"wp-block-image aligncenter size-large is-resized\"><img decoding=\"async\" src=\"https:\/\/www.fiemg.com.br\/wp-content\/uploads\/2025\/11\/Peca-MAO-em-exposicoes-internacionais-credito-Daniel-Mansur-685x1024.jpg\" alt=\"\" class=\"wp-image-30979\" style=\"width:566px;height:auto\" \/><\/figure>\n\n\n\n<p>O Museu Hist\u00f3rico Nacional funcionar\u00e1 de quarta a domingo, das 10h \u00e0s 17h, com entrada gratuita. A exposi\u00e7\u00e3o vai de 13 de novembro de 2025 a 1\u00b0 de mar\u00e7o de 2026. Endere\u00e7o: Pra\u00e7a Marechal \u00c2ncora, S\/N &#8211; Centro, Rio de Janeiro, RJ.<\/p>\n\n\n\n<p><em>Trajano Raposo<\/em><br><strong>Imprensa FIEMG<\/strong><\/p>\n","protected":false},"featured_media":1501,"template":"","categories":[],"tags":[],"class_list":["post-2267","noticias","type-noticias","status-publish","has-post-thumbnail","hentry"],"acf":[],"yoast_head":"<!-- This site is optimized with the Yoast SEO plugin v26.2 - https:\/\/yoast.com\/wordpress\/plugins\/seo\/ -->\n<title>Pe\u00e7a do SESI Museu de Artes e Of\u00edcios \u00e9 refer\u00eancia em exposi\u00e7\u00f5es internacionais - Regional Rio doce<\/title>\n<meta name=\"robots\" content=\"index, follow, max-snippet:-1, max-image-preview:large, max-video-preview:-1\" \/>\n<link rel=\"canonical\" href=\"https:\/\/www.fiemg.com.br\/regional-rio-doce\/noticias\/peca-do-sesi-museu-de-artes-e-oficios-e-referencia-em-exposicoes-internacionais\/\" \/>\n<meta property=\"og:locale\" content=\"pt_BR\" \/>\n<meta property=\"og:type\" content=\"article\" \/>\n<meta property=\"og:title\" content=\"Pe\u00e7a do SESI Museu de Artes e Of\u00edcios \u00e9 refer\u00eancia em exposi\u00e7\u00f5es internacionais - Regional Rio doce\" \/>\n<meta property=\"og:description\" content=\"Uma pe\u00e7a de extrema import\u00e2ncia hist\u00f3rica e relev\u00e2ncia do SESI Museu de Artes e Of\u00edcios de Belo Horizonte estar\u00e1 na reabertura do Museu Hist\u00f3rico Nacional no Rio de Janeiro nesta quinta-feira, 13 de novembro. \u00c9 uma balan\u00e7a do s\u00e9culo XVIII que integra exposi\u00e7\u00e3o internacional \u201cPara al\u00e9m da escravid\u00e3o: construindo a liberdade negra no mundo\u201d, que [&hellip;]\" \/>\n<meta property=\"og:url\" content=\"https:\/\/www.fiemg.com.br\/regional-rio-doce\/noticias\/peca-do-sesi-museu-de-artes-e-oficios-e-referencia-em-exposicoes-internacionais\/\" \/>\n<meta property=\"og:site_name\" content=\"Regional Rio doce\" \/>\n<meta property=\"og:image\" content=\"https:\/\/www.fiemg.com.br\/regional-rio-doce\/wp-content\/uploads\/sites\/19\/2023\/08\/default.png\" \/>\n\t<meta property=\"og:image:width\" content=\"300\" \/>\n\t<meta property=\"og:image:height\" content=\"300\" \/>\n\t<meta property=\"og:image:type\" content=\"image\/png\" \/>\n<meta name=\"twitter:card\" content=\"summary_large_image\" \/>\n<meta name=\"twitter:label1\" content=\"Est. tempo de leitura\" \/>\n\t<meta name=\"twitter:data1\" content=\"1 minuto\" \/>\n<script type=\"application\/ld+json\" class=\"yoast-schema-graph\">{\"@context\":\"https:\/\/schema.org\",\"@graph\":[{\"@type\":\"WebPage\",\"@id\":\"https:\/\/www.fiemg.com.br\/regional-rio-doce\/noticias\/peca-do-sesi-museu-de-artes-e-oficios-e-referencia-em-exposicoes-internacionais\/\",\"url\":\"https:\/\/www.fiemg.com.br\/regional-rio-doce\/noticias\/peca-do-sesi-museu-de-artes-e-oficios-e-referencia-em-exposicoes-internacionais\/\",\"name\":\"Pe\u00e7a do SESI Museu de Artes e Of\u00edcios \u00e9 refer\u00eancia em exposi\u00e7\u00f5es internacionais - Regional Rio doce\",\"isPartOf\":{\"@id\":\"https:\/\/www.fiemg.com.br\/regional-rio-doce\/#website\"},\"primaryImageOfPage\":{\"@id\":\"https:\/\/www.fiemg.com.br\/regional-rio-doce\/noticias\/peca-do-sesi-museu-de-artes-e-oficios-e-referencia-em-exposicoes-internacionais\/#primaryimage\"},\"image\":{\"@id\":\"https:\/\/www.fiemg.com.br\/regional-rio-doce\/noticias\/peca-do-sesi-museu-de-artes-e-oficios-e-referencia-em-exposicoes-internacionais\/#primaryimage\"},\"thumbnailUrl\":\"https:\/\/www.fiemg.com.br\/regional-rio-doce\/wp-content\/uploads\/sites\/19\/2023\/08\/default.png\",\"datePublished\":\"2025-11-12T20:01:34+00:00\",\"breadcrumb\":{\"@id\":\"https:\/\/www.fiemg.com.br\/regional-rio-doce\/noticias\/peca-do-sesi-museu-de-artes-e-oficios-e-referencia-em-exposicoes-internacionais\/#breadcrumb\"},\"inLanguage\":\"pt-BR\",\"potentialAction\":[{\"@type\":\"ReadAction\",\"target\":[\"https:\/\/www.fiemg.com.br\/regional-rio-doce\/noticias\/peca-do-sesi-museu-de-artes-e-oficios-e-referencia-em-exposicoes-internacionais\/\"]}]},{\"@type\":\"ImageObject\",\"inLanguage\":\"pt-BR\",\"@id\":\"https:\/\/www.fiemg.com.br\/regional-rio-doce\/noticias\/peca-do-sesi-museu-de-artes-e-oficios-e-referencia-em-exposicoes-internacionais\/#primaryimage\",\"url\":\"https:\/\/www.fiemg.com.br\/regional-rio-doce\/wp-content\/uploads\/sites\/19\/2023\/08\/default.png\",\"contentUrl\":\"https:\/\/www.fiemg.com.br\/regional-rio-doce\/wp-content\/uploads\/sites\/19\/2023\/08\/default.png\",\"width\":300,\"height\":300},{\"@type\":\"BreadcrumbList\",\"@id\":\"https:\/\/www.fiemg.com.br\/regional-rio-doce\/noticias\/peca-do-sesi-museu-de-artes-e-oficios-e-referencia-em-exposicoes-internacionais\/#breadcrumb\",\"itemListElement\":[{\"@type\":\"ListItem\",\"position\":1,\"name\":\"In\u00edcio\",\"item\":\"https:\/\/www.fiemg.com.br\/regional-rio-doce\/\"},{\"@type\":\"ListItem\",\"position\":2,\"name\":\"Pe\u00e7a do SESI Museu de Artes e Of\u00edcios \u00e9 refer\u00eancia em exposi\u00e7\u00f5es internacionais\"}]},{\"@type\":\"WebSite\",\"@id\":\"https:\/\/www.fiemg.com.br\/regional-rio-doce\/#website\",\"url\":\"https:\/\/www.fiemg.com.br\/regional-rio-doce\/\",\"name\":\"Regional Rio doce\",\"description\":\"Federa\u00e7\u00e3o das Ind\u00fastrias do Estado de Minas Gerais\",\"publisher\":{\"@id\":\"https:\/\/www.fiemg.com.br\/regional-rio-doce\/#organization\"},\"potentialAction\":[{\"@type\":\"SearchAction\",\"target\":{\"@type\":\"EntryPoint\",\"urlTemplate\":\"https:\/\/www.fiemg.com.br\/regional-rio-doce\/?s={search_term_string}\"},\"query-input\":{\"@type\":\"PropertyValueSpecification\",\"valueRequired\":true,\"valueName\":\"search_term_string\"}}],\"inLanguage\":\"pt-BR\"},{\"@type\":\"Organization\",\"@id\":\"https:\/\/www.fiemg.com.br\/regional-rio-doce\/#organization\",\"name\":\"Regional Rio doce\",\"url\":\"https:\/\/www.fiemg.com.br\/regional-rio-doce\/\",\"logo\":{\"@type\":\"ImageObject\",\"inLanguage\":\"pt-BR\",\"@id\":\"https:\/\/www.fiemg.com.br\/regional-rio-doce\/#\/schema\/logo\/image\/\",\"url\":\"https:\/\/www.fiemg.com.br\/regional-rio-doce\/wp-content\/uploads\/sites\/19\/2023\/02\/Ativo-1.png\",\"contentUrl\":\"https:\/\/www.fiemg.com.br\/regional-rio-doce\/wp-content\/uploads\/sites\/19\/2023\/02\/Ativo-1.png\",\"width\":563,\"height\":149,\"caption\":\"Regional Rio doce\"},\"image\":{\"@id\":\"https:\/\/www.fiemg.com.br\/regional-rio-doce\/#\/schema\/logo\/image\/\"}}]}<\/script>\n<!-- \/ Yoast SEO plugin. -->","yoast_head_json":{"title":"Pe\u00e7a do SESI Museu de Artes e Of\u00edcios \u00e9 refer\u00eancia em exposi\u00e7\u00f5es internacionais - Regional Rio doce","robots":{"index":"index","follow":"follow","max-snippet":"max-snippet:-1","max-image-preview":"max-image-preview:large","max-video-preview":"max-video-preview:-1"},"canonical":"https:\/\/www.fiemg.com.br\/regional-rio-doce\/noticias\/peca-do-sesi-museu-de-artes-e-oficios-e-referencia-em-exposicoes-internacionais\/","og_locale":"pt_BR","og_type":"article","og_title":"Pe\u00e7a do SESI Museu de Artes e Of\u00edcios \u00e9 refer\u00eancia em exposi\u00e7\u00f5es internacionais - Regional Rio doce","og_description":"Uma pe\u00e7a de extrema import\u00e2ncia hist\u00f3rica e relev\u00e2ncia do SESI Museu de Artes e Of\u00edcios de Belo Horizonte estar\u00e1 na reabertura do Museu Hist\u00f3rico Nacional no Rio de Janeiro nesta quinta-feira, 13 de novembro. \u00c9 uma balan\u00e7a do s\u00e9culo XVIII que integra exposi\u00e7\u00e3o internacional \u201cPara al\u00e9m da escravid\u00e3o: construindo a liberdade negra no mundo\u201d, que [&hellip;]","og_url":"https:\/\/www.fiemg.com.br\/regional-rio-doce\/noticias\/peca-do-sesi-museu-de-artes-e-oficios-e-referencia-em-exposicoes-internacionais\/","og_site_name":"Regional Rio doce","og_image":[{"width":300,"height":300,"url":"https:\/\/www.fiemg.com.br\/regional-rio-doce\/wp-content\/uploads\/sites\/19\/2023\/08\/default.png","type":"image\/png"}],"twitter_card":"summary_large_image","twitter_misc":{"Est. tempo de leitura":"1 minuto"},"schema":{"@context":"https:\/\/schema.org","@graph":[{"@type":"WebPage","@id":"https:\/\/www.fiemg.com.br\/regional-rio-doce\/noticias\/peca-do-sesi-museu-de-artes-e-oficios-e-referencia-em-exposicoes-internacionais\/","url":"https:\/\/www.fiemg.com.br\/regional-rio-doce\/noticias\/peca-do-sesi-museu-de-artes-e-oficios-e-referencia-em-exposicoes-internacionais\/","name":"Pe\u00e7a do SESI Museu de Artes e Of\u00edcios \u00e9 refer\u00eancia em exposi\u00e7\u00f5es internacionais - Regional Rio doce","isPartOf":{"@id":"https:\/\/www.fiemg.com.br\/regional-rio-doce\/#website"},"primaryImageOfPage":{"@id":"https:\/\/www.fiemg.com.br\/regional-rio-doce\/noticias\/peca-do-sesi-museu-de-artes-e-oficios-e-referencia-em-exposicoes-internacionais\/#primaryimage"},"image":{"@id":"https:\/\/www.fiemg.com.br\/regional-rio-doce\/noticias\/peca-do-sesi-museu-de-artes-e-oficios-e-referencia-em-exposicoes-internacionais\/#primaryimage"},"thumbnailUrl":"https:\/\/www.fiemg.com.br\/regional-rio-doce\/wp-content\/uploads\/sites\/19\/2023\/08\/default.png","datePublished":"2025-11-12T20:01:34+00:00","breadcrumb":{"@id":"https:\/\/www.fiemg.com.br\/regional-rio-doce\/noticias\/peca-do-sesi-museu-de-artes-e-oficios-e-referencia-em-exposicoes-internacionais\/#breadcrumb"},"inLanguage":"pt-BR","potentialAction":[{"@type":"ReadAction","target":["https:\/\/www.fiemg.com.br\/regional-rio-doce\/noticias\/peca-do-sesi-museu-de-artes-e-oficios-e-referencia-em-exposicoes-internacionais\/"]}]},{"@type":"ImageObject","inLanguage":"pt-BR","@id":"https:\/\/www.fiemg.com.br\/regional-rio-doce\/noticias\/peca-do-sesi-museu-de-artes-e-oficios-e-referencia-em-exposicoes-internacionais\/#primaryimage","url":"https:\/\/www.fiemg.com.br\/regional-rio-doce\/wp-content\/uploads\/sites\/19\/2023\/08\/default.png","contentUrl":"https:\/\/www.fiemg.com.br\/regional-rio-doce\/wp-content\/uploads\/sites\/19\/2023\/08\/default.png","width":300,"height":300},{"@type":"BreadcrumbList","@id":"https:\/\/www.fiemg.com.br\/regional-rio-doce\/noticias\/peca-do-sesi-museu-de-artes-e-oficios-e-referencia-em-exposicoes-internacionais\/#breadcrumb","itemListElement":[{"@type":"ListItem","position":1,"name":"In\u00edcio","item":"https:\/\/www.fiemg.com.br\/regional-rio-doce\/"},{"@type":"ListItem","position":2,"name":"Pe\u00e7a do SESI Museu de Artes e Of\u00edcios \u00e9 refer\u00eancia em exposi\u00e7\u00f5es internacionais"}]},{"@type":"WebSite","@id":"https:\/\/www.fiemg.com.br\/regional-rio-doce\/#website","url":"https:\/\/www.fiemg.com.br\/regional-rio-doce\/","name":"Regional Rio doce","description":"Federa\u00e7\u00e3o das Ind\u00fastrias do Estado de Minas Gerais","publisher":{"@id":"https:\/\/www.fiemg.com.br\/regional-rio-doce\/#organization"},"potentialAction":[{"@type":"SearchAction","target":{"@type":"EntryPoint","urlTemplate":"https:\/\/www.fiemg.com.br\/regional-rio-doce\/?s={search_term_string}"},"query-input":{"@type":"PropertyValueSpecification","valueRequired":true,"valueName":"search_term_string"}}],"inLanguage":"pt-BR"},{"@type":"Organization","@id":"https:\/\/www.fiemg.com.br\/regional-rio-doce\/#organization","name":"Regional Rio doce","url":"https:\/\/www.fiemg.com.br\/regional-rio-doce\/","logo":{"@type":"ImageObject","inLanguage":"pt-BR","@id":"https:\/\/www.fiemg.com.br\/regional-rio-doce\/#\/schema\/logo\/image\/","url":"https:\/\/www.fiemg.com.br\/regional-rio-doce\/wp-content\/uploads\/sites\/19\/2023\/02\/Ativo-1.png","contentUrl":"https:\/\/www.fiemg.com.br\/regional-rio-doce\/wp-content\/uploads\/sites\/19\/2023\/02\/Ativo-1.png","width":563,"height":149,"caption":"Regional Rio doce"},"image":{"@id":"https:\/\/www.fiemg.com.br\/regional-rio-doce\/#\/schema\/logo\/image\/"}}]}},"_links":{"self":[{"href":"https:\/\/www.fiemg.com.br\/regional-rio-doce\/wp-json\/wp\/v2\/noticias\/2267","targetHints":{"allow":["GET"]}}],"collection":[{"href":"https:\/\/www.fiemg.com.br\/regional-rio-doce\/wp-json\/wp\/v2\/noticias"}],"about":[{"href":"https:\/\/www.fiemg.com.br\/regional-rio-doce\/wp-json\/wp\/v2\/types\/noticias"}],"wp:featuredmedia":[{"embeddable":true,"href":"https:\/\/www.fiemg.com.br\/regional-rio-doce\/wp-json\/wp\/v2\/media\/1501"}],"wp:attachment":[{"href":"https:\/\/www.fiemg.com.br\/regional-rio-doce\/wp-json\/wp\/v2\/media?parent=2267"}],"wp:term":[{"taxonomy":"category","embeddable":true,"href":"https:\/\/www.fiemg.com.br\/regional-rio-doce\/wp-json\/wp\/v2\/categories?post=2267"},{"taxonomy":"post_tag","embeddable":true,"href":"https:\/\/www.fiemg.com.br\/regional-rio-doce\/wp-json\/wp\/v2\/tags?post=2267"}],"curies":[{"name":"wp","href":"https:\/\/api.w.org\/{rel}","templated":true}]}}