{"id":2268,"date":"2025-11-14T14:50:12","date_gmt":"2025-11-14T17:50:12","guid":{"rendered":"https:\/\/www.fiemg.com.br\/regional-rio-doce\/noticias\/fiemg-regional-rio-doce-promove-workshop-sobre-as-principais-alteracoes-da-nr-01\/"},"modified":"2025-11-14T14:57:03","modified_gmt":"2025-11-14T17:57:03","slug":"fiemg-regional-rio-doce-promove-workshop-sobre-as-principais-alteracoes-da-nr-01","status":"publish","type":"noticias","link":"https:\/\/www.fiemg.com.br\/regional-rio-doce\/noticias\/fiemg-regional-rio-doce-promove-workshop-sobre-as-principais-alteracoes-da-nr-01\/","title":{"rendered":"FIEMG Regional Rio Doce promove Workshop sobre as principais altera\u00e7\u00f5es da NR 01"},"content":{"rendered":"\n<figure class=\"wp-block-image aligncenter size-large\"><img fetchpriority=\"high\" decoding=\"async\" width=\"1024\" height=\"361\" src=\"https:\/\/www.fiemg.com.br\/regional-rio-doce\/wp-content\/uploads\/sites\/19\/2025\/11\/workshoo-1024x361.png\" alt=\"\" class=\"wp-image-2269\" srcset=\"https:\/\/www.fiemg.com.br\/regional-rio-doce\/wp-content\/uploads\/sites\/19\/2025\/11\/workshoo-1024x361.png 1024w, https:\/\/www.fiemg.com.br\/regional-rio-doce\/wp-content\/uploads\/sites\/19\/2025\/11\/workshoo-300x106.png 300w, https:\/\/www.fiemg.com.br\/regional-rio-doce\/wp-content\/uploads\/sites\/19\/2025\/11\/workshoo-768x271.png 768w, https:\/\/www.fiemg.com.br\/regional-rio-doce\/wp-content\/uploads\/sites\/19\/2025\/11\/workshoo.png 1296w\" sizes=\"(max-width: 1024px) 100vw, 1024px\" \/><\/figure>\n\n\n\n<p><\/p>\n\n\n\n<p>A FIEMG Regional Rio Doce realizar\u00e1, no dia&nbsp;25 de novembro de 2025, um&nbsp;Workshop exclusivo sobre Seguran\u00e7a e Sa\u00fade no Trabalho, com foco nas&nbsp;principais altera\u00e7\u00f5es da Norma Regulamentadora NR 01&nbsp;e seus impactos nas empresas e trabalhadores.<\/p>\n\n\n\n<p>O evento acontecer\u00e1 no&nbsp;Audit\u00f3rio da FIEMG em Governador Valadares, das&nbsp;10h \u00e0s 12h, com capacidade para&nbsp;100 participantes. Ser\u00e1 uma oportunidade \u00fanica para profissionais e gestores compreenderem as mudan\u00e7as recentes, aprimorarem pr\u00e1ticas de gest\u00e3o e garantirem conformidade com os requisitos legais.<\/p>\n\n\n\n<p><\/p>\n\n\n\n<p><strong>Temas abordados<\/strong>:<\/p>\n\n\n\n<ul class=\"wp-block-list\">\n<li>Altera\u00e7\u00f5es recentes da norma<\/li>\n\n\n\n<li>Funcionamento b\u00e1sico do PGR<\/li>\n\n\n\n<li>Requisitos para avalia\u00e7\u00e3o dos riscos, incluindo os psicossociais<\/li>\n\n\n\n<li>Revis\u00e3o da avalia\u00e7\u00e3o do risco<\/li>\n\n\n\n<li>Participa\u00e7\u00e3o dos trabalhadores<\/li>\n\n\n\n<li>Risco ocupacional evidente<\/li>\n<\/ul>\n\n\n\n<p><\/p>\n\n\n\n<p><strong>Programa\u00e7\u00e3o<\/strong>:<\/p>\n\n\n\n<ul class=\"wp-block-list\">\n<li><strong>10h00<\/strong>&nbsp;\u2013 Recep\u00e7\u00e3o com coffee break<\/li>\n\n\n\n<li><strong>10h15<\/strong>&nbsp;\u2013 Abertura<\/li>\n\n\n\n<li><strong>10h30<\/strong>&nbsp;\u2013 Apresenta\u00e7\u00e3o dos servi\u00e7os e solu\u00e7\u00f5es em SST SESIGV<\/li>\n\n\n\n<li><strong>11h00<\/strong>&nbsp;\u2013 Palestra:&nbsp;<em>Principais altera\u00e7\u00f5es da NR 01 e seus impactos<\/em><\/li>\n\n\n\n<li><strong>11h50<\/strong>&nbsp;\u2013 Encerramento<\/li>\n<\/ul>\n\n\n\n<p>O encontro contar\u00e1 com especialistas da \u00e1rea de Seguran\u00e7a do Trabalho, trazendo informa\u00e7\u00f5es pr\u00e1ticas e atualizadas para apoiar as ind\u00fastrias da regi\u00e3o na implementa\u00e7\u00e3o das novas exig\u00eancias.<\/p>\n\n\n\n<p>O evento \u00e9 gratuito e os ingressos est\u00e3o dispon\u00edveis <a href=\"https:\/\/www.sympla.com.br\/evento\/workshop-sesi-sst-principais-alteracoes-da-nr-01-e-seus-impactos\/3216870\" target=\"_blank\" rel=\"noreferrer noopener\">neste link<\/a>.<\/p>\n\n\n\n<p><\/p>\n\n\n\n<p><strong>FIEMG Regional Rio Doce<\/strong><\/p>\n\n\n\n<p><\/p>\n","protected":false},"featured_media":2275,"template":"","categories":[],"tags":[],"class_list":["post-2268","noticias","type-noticias","status-publish","has-post-thumbnail","hentry"],"acf":[],"yoast_head":"<!-- This site is optimized with the Yoast SEO plugin v26.2 - https:\/\/yoast.com\/wordpress\/plugins\/seo\/ -->\n<title>FIEMG Regional Rio Doce promove Workshop sobre as principais altera\u00e7\u00f5es da NR 01 - Regional Rio doce<\/title>\n<meta name=\"description\" content=\"Evento \u00e9 gratuito e acontece em Governador Valadares\" \/>\n<meta name=\"robots\" content=\"index, follow, max-snippet:-1, max-image-preview:large, max-video-preview:-1\" \/>\n<link rel=\"canonical\" href=\"https:\/\/www.fiemg.com.br\/regional-rio-doce\/noticias\/fiemg-regional-rio-doce-promove-workshop-sobre-as-principais-alteracoes-da-nr-01\/\" \/>\n<meta property=\"og:locale\" content=\"pt_BR\" \/>\n<meta property=\"og:type\" content=\"article\" \/>\n<meta property=\"og:title\" content=\"FIEMG Regional Rio Doce promove Workshop sobre as principais altera\u00e7\u00f5es da NR 01 - Regional Rio doce\" \/>\n<meta property=\"og:description\" content=\"Evento \u00e9 gratuito e acontece em Governador Valadares\" \/>\n<meta property=\"og:url\" content=\"https:\/\/www.fiemg.com.br\/regional-rio-doce\/noticias\/fiemg-regional-rio-doce-promove-workshop-sobre-as-principais-alteracoes-da-nr-01\/\" \/>\n<meta property=\"og:site_name\" content=\"Regional Rio doce\" \/>\n<meta property=\"article:modified_time\" content=\"2025-11-14T17:57:03+00:00\" \/>\n<meta property=\"og:image\" content=\"https:\/\/www.fiemg.com.br\/regional-rio-doce\/wp-content\/uploads\/sites\/19\/2025\/11\/sqimg_25617370.jpg\" \/>\n\t<meta property=\"og:image:width\" content=\"1200\" \/>\n\t<meta property=\"og:image:height\" content=\"1200\" \/>\n\t<meta property=\"og:image:type\" content=\"image\/jpeg\" \/>\n<meta name=\"twitter:card\" content=\"summary_large_image\" \/>\n<meta name=\"twitter:label1\" content=\"Est. tempo de leitura\" \/>\n\t<meta name=\"twitter:data1\" content=\"2 minutos\" \/>\n<script type=\"application\/ld+json\" class=\"yoast-schema-graph\">{\"@context\":\"https:\/\/schema.org\",\"@graph\":[{\"@type\":\"WebPage\",\"@id\":\"https:\/\/www.fiemg.com.br\/regional-rio-doce\/noticias\/fiemg-regional-rio-doce-promove-workshop-sobre-as-principais-alteracoes-da-nr-01\/\",\"url\":\"https:\/\/www.fiemg.com.br\/regional-rio-doce\/noticias\/fiemg-regional-rio-doce-promove-workshop-sobre-as-principais-alteracoes-da-nr-01\/\",\"name\":\"FIEMG Regional Rio Doce promove Workshop sobre as principais altera\u00e7\u00f5es da NR 01 - Regional Rio doce\",\"isPartOf\":{\"@id\":\"https:\/\/www.fiemg.com.br\/regional-rio-doce\/#website\"},\"primaryImageOfPage\":{\"@id\":\"https:\/\/www.fiemg.com.br\/regional-rio-doce\/noticias\/fiemg-regional-rio-doce-promove-workshop-sobre-as-principais-alteracoes-da-nr-01\/#primaryimage\"},\"image\":{\"@id\":\"https:\/\/www.fiemg.com.br\/regional-rio-doce\/noticias\/fiemg-regional-rio-doce-promove-workshop-sobre-as-principais-alteracoes-da-nr-01\/#primaryimage\"},\"thumbnailUrl\":\"https:\/\/www.fiemg.com.br\/regional-rio-doce\/wp-content\/uploads\/sites\/19\/2025\/11\/sqimg_25617370.jpg\",\"datePublished\":\"2025-11-14T17:50:12+00:00\",\"dateModified\":\"2025-11-14T17:57:03+00:00\",\"description\":\"Evento \u00e9 gratuito e acontece em Governador Valadares\",\"breadcrumb\":{\"@id\":\"https:\/\/www.fiemg.com.br\/regional-rio-doce\/noticias\/fiemg-regional-rio-doce-promove-workshop-sobre-as-principais-alteracoes-da-nr-01\/#breadcrumb\"},\"inLanguage\":\"pt-BR\",\"potentialAction\":[{\"@type\":\"ReadAction\",\"target\":[\"https:\/\/www.fiemg.com.br\/regional-rio-doce\/noticias\/fiemg-regional-rio-doce-promove-workshop-sobre-as-principais-alteracoes-da-nr-01\/\"]}]},{\"@type\":\"ImageObject\",\"inLanguage\":\"pt-BR\",\"@id\":\"https:\/\/www.fiemg.com.br\/regional-rio-doce\/noticias\/fiemg-regional-rio-doce-promove-workshop-sobre-as-principais-alteracoes-da-nr-01\/#primaryimage\",\"url\":\"https:\/\/www.fiemg.com.br\/regional-rio-doce\/wp-content\/uploads\/sites\/19\/2025\/11\/sqimg_25617370.jpg\",\"contentUrl\":\"https:\/\/www.fiemg.com.br\/regional-rio-doce\/wp-content\/uploads\/sites\/19\/2025\/11\/sqimg_25617370.jpg\",\"width\":1200,\"height\":1200},{\"@type\":\"BreadcrumbList\",\"@id\":\"https:\/\/www.fiemg.com.br\/regional-rio-doce\/noticias\/fiemg-regional-rio-doce-promove-workshop-sobre-as-principais-alteracoes-da-nr-01\/#breadcrumb\",\"itemListElement\":[{\"@type\":\"ListItem\",\"position\":1,\"name\":\"In\u00edcio\",\"item\":\"https:\/\/www.fiemg.com.br\/regional-rio-doce\/\"},{\"@type\":\"ListItem\",\"position\":2,\"name\":\"FIEMG Regional Rio Doce promove Workshop sobre as principais altera\u00e7\u00f5es da NR 01\"}]},{\"@type\":\"WebSite\",\"@id\":\"https:\/\/www.fiemg.com.br\/regional-rio-doce\/#website\",\"url\":\"https:\/\/www.fiemg.com.br\/regional-rio-doce\/\",\"name\":\"Regional Rio doce\",\"description\":\"Federa\u00e7\u00e3o das Ind\u00fastrias do Estado de Minas Gerais\",\"publisher\":{\"@id\":\"https:\/\/www.fiemg.com.br\/regional-rio-doce\/#organization\"},\"potentialAction\":[{\"@type\":\"SearchAction\",\"target\":{\"@type\":\"EntryPoint\",\"urlTemplate\":\"https:\/\/www.fiemg.com.br\/regional-rio-doce\/?s={search_term_string}\"},\"query-input\":{\"@type\":\"PropertyValueSpecification\",\"valueRequired\":true,\"valueName\":\"search_term_string\"}}],\"inLanguage\":\"pt-BR\"},{\"@type\":\"Organization\",\"@id\":\"https:\/\/www.fiemg.com.br\/regional-rio-doce\/#organization\",\"name\":\"Regional Rio doce\",\"url\":\"https:\/\/www.fiemg.com.br\/regional-rio-doce\/\",\"logo\":{\"@type\":\"ImageObject\",\"inLanguage\":\"pt-BR\",\"@id\":\"https:\/\/www.fiemg.com.br\/regional-rio-doce\/#\/schema\/logo\/image\/\",\"url\":\"https:\/\/www.fiemg.com.br\/regional-rio-doce\/wp-content\/uploads\/sites\/19\/2023\/02\/Ativo-1.png\",\"contentUrl\":\"https:\/\/www.fiemg.com.br\/regional-rio-doce\/wp-content\/uploads\/sites\/19\/2023\/02\/Ativo-1.png\",\"width\":563,\"height\":149,\"caption\":\"Regional Rio doce\"},\"image\":{\"@id\":\"https:\/\/www.fiemg.com.br\/regional-rio-doce\/#\/schema\/logo\/image\/\"}}]}<\/script>\n<!-- \/ Yoast SEO plugin. -->","yoast_head_json":{"title":"FIEMG Regional Rio Doce promove Workshop sobre as principais altera\u00e7\u00f5es da NR 01 - Regional Rio doce","description":"Evento \u00e9 gratuito e acontece em Governador Valadares","robots":{"index":"index","follow":"follow","max-snippet":"max-snippet:-1","max-image-preview":"max-image-preview:large","max-video-preview":"max-video-preview:-1"},"canonical":"https:\/\/www.fiemg.com.br\/regional-rio-doce\/noticias\/fiemg-regional-rio-doce-promove-workshop-sobre-as-principais-alteracoes-da-nr-01\/","og_locale":"pt_BR","og_type":"article","og_title":"FIEMG Regional Rio Doce promove Workshop sobre as principais altera\u00e7\u00f5es da NR 01 - Regional Rio doce","og_description":"Evento \u00e9 gratuito e acontece em Governador Valadares","og_url":"https:\/\/www.fiemg.com.br\/regional-rio-doce\/noticias\/fiemg-regional-rio-doce-promove-workshop-sobre-as-principais-alteracoes-da-nr-01\/","og_site_name":"Regional Rio doce","article_modified_time":"2025-11-14T17:57:03+00:00","og_image":[{"width":1200,"height":1200,"url":"https:\/\/www.fiemg.com.br\/regional-rio-doce\/wp-content\/uploads\/sites\/19\/2025\/11\/sqimg_25617370.jpg","type":"image\/jpeg"}],"twitter_card":"summary_large_image","twitter_misc":{"Est. tempo de leitura":"2 minutos"},"schema":{"@context":"https:\/\/schema.org","@graph":[{"@type":"WebPage","@id":"https:\/\/www.fiemg.com.br\/regional-rio-doce\/noticias\/fiemg-regional-rio-doce-promove-workshop-sobre-as-principais-alteracoes-da-nr-01\/","url":"https:\/\/www.fiemg.com.br\/regional-rio-doce\/noticias\/fiemg-regional-rio-doce-promove-workshop-sobre-as-principais-alteracoes-da-nr-01\/","name":"FIEMG Regional Rio Doce promove Workshop sobre as principais altera\u00e7\u00f5es da NR 01 - Regional Rio doce","isPartOf":{"@id":"https:\/\/www.fiemg.com.br\/regional-rio-doce\/#website"},"primaryImageOfPage":{"@id":"https:\/\/www.fiemg.com.br\/regional-rio-doce\/noticias\/fiemg-regional-rio-doce-promove-workshop-sobre-as-principais-alteracoes-da-nr-01\/#primaryimage"},"image":{"@id":"https:\/\/www.fiemg.com.br\/regional-rio-doce\/noticias\/fiemg-regional-rio-doce-promove-workshop-sobre-as-principais-alteracoes-da-nr-01\/#primaryimage"},"thumbnailUrl":"https:\/\/www.fiemg.com.br\/regional-rio-doce\/wp-content\/uploads\/sites\/19\/2025\/11\/sqimg_25617370.jpg","datePublished":"2025-11-14T17:50:12+00:00","dateModified":"2025-11-14T17:57:03+00:00","description":"Evento \u00e9 gratuito e acontece em Governador Valadares","breadcrumb":{"@id":"https:\/\/www.fiemg.com.br\/regional-rio-doce\/noticias\/fiemg-regional-rio-doce-promove-workshop-sobre-as-principais-alteracoes-da-nr-01\/#breadcrumb"},"inLanguage":"pt-BR","potentialAction":[{"@type":"ReadAction","target":["https:\/\/www.fiemg.com.br\/regional-rio-doce\/noticias\/fiemg-regional-rio-doce-promove-workshop-sobre-as-principais-alteracoes-da-nr-01\/"]}]},{"@type":"ImageObject","inLanguage":"pt-BR","@id":"https:\/\/www.fiemg.com.br\/regional-rio-doce\/noticias\/fiemg-regional-rio-doce-promove-workshop-sobre-as-principais-alteracoes-da-nr-01\/#primaryimage","url":"https:\/\/www.fiemg.com.br\/regional-rio-doce\/wp-content\/uploads\/sites\/19\/2025\/11\/sqimg_25617370.jpg","contentUrl":"https:\/\/www.fiemg.com.br\/regional-rio-doce\/wp-content\/uploads\/sites\/19\/2025\/11\/sqimg_25617370.jpg","width":1200,"height":1200},{"@type":"BreadcrumbList","@id":"https:\/\/www.fiemg.com.br\/regional-rio-doce\/noticias\/fiemg-regional-rio-doce-promove-workshop-sobre-as-principais-alteracoes-da-nr-01\/#breadcrumb","itemListElement":[{"@type":"ListItem","position":1,"name":"In\u00edcio","item":"https:\/\/www.fiemg.com.br\/regional-rio-doce\/"},{"@type":"ListItem","position":2,"name":"FIEMG Regional Rio Doce promove Workshop sobre as principais altera\u00e7\u00f5es da NR 01"}]},{"@type":"WebSite","@id":"https:\/\/www.fiemg.com.br\/regional-rio-doce\/#website","url":"https:\/\/www.fiemg.com.br\/regional-rio-doce\/","name":"Regional Rio doce","description":"Federa\u00e7\u00e3o das Ind\u00fastrias do Estado de Minas Gerais","publisher":{"@id":"https:\/\/www.fiemg.com.br\/regional-rio-doce\/#organization"},"potentialAction":[{"@type":"SearchAction","target":{"@type":"EntryPoint","urlTemplate":"https:\/\/www.fiemg.com.br\/regional-rio-doce\/?s={search_term_string}"},"query-input":{"@type":"PropertyValueSpecification","valueRequired":true,"valueName":"search_term_string"}}],"inLanguage":"pt-BR"},{"@type":"Organization","@id":"https:\/\/www.fiemg.com.br\/regional-rio-doce\/#organization","name":"Regional Rio doce","url":"https:\/\/www.fiemg.com.br\/regional-rio-doce\/","logo":{"@type":"ImageObject","inLanguage":"pt-BR","@id":"https:\/\/www.fiemg.com.br\/regional-rio-doce\/#\/schema\/logo\/image\/","url":"https:\/\/www.fiemg.com.br\/regional-rio-doce\/wp-content\/uploads\/sites\/19\/2023\/02\/Ativo-1.png","contentUrl":"https:\/\/www.fiemg.com.br\/regional-rio-doce\/wp-content\/uploads\/sites\/19\/2023\/02\/Ativo-1.png","width":563,"height":149,"caption":"Regional Rio doce"},"image":{"@id":"https:\/\/www.fiemg.com.br\/regional-rio-doce\/#\/schema\/logo\/image\/"}}]}},"_links":{"self":[{"href":"https:\/\/www.fiemg.com.br\/regional-rio-doce\/wp-json\/wp\/v2\/noticias\/2268","targetHints":{"allow":["GET"]}}],"collection":[{"href":"https:\/\/www.fiemg.com.br\/regional-rio-doce\/wp-json\/wp\/v2\/noticias"}],"about":[{"href":"https:\/\/www.fiemg.com.br\/regional-rio-doce\/wp-json\/wp\/v2\/types\/noticias"}],"wp:featuredmedia":[{"embeddable":true,"href":"https:\/\/www.fiemg.com.br\/regional-rio-doce\/wp-json\/wp\/v2\/media\/2275"}],"wp:attachment":[{"href":"https:\/\/www.fiemg.com.br\/regional-rio-doce\/wp-json\/wp\/v2\/media?parent=2268"}],"wp:term":[{"taxonomy":"category","embeddable":true,"href":"https:\/\/www.fiemg.com.br\/regional-rio-doce\/wp-json\/wp\/v2\/categories?post=2268"},{"taxonomy":"post_tag","embeddable":true,"href":"https:\/\/www.fiemg.com.br\/regional-rio-doce\/wp-json\/wp\/v2\/tags?post=2268"}],"curies":[{"name":"wp","href":"https:\/\/api.w.org\/{rel}","templated":true}]}}