{"id":2287,"date":"2025-11-27T14:14:25","date_gmt":"2025-11-27T17:14:25","guid":{"rendered":"https:\/\/www.fiemg.com.br\/regional-rio-doce\/?post_type=noticias&#038;p=2287"},"modified":"2025-11-27T14:14:32","modified_gmt":"2025-11-27T17:14:32","slug":"conexao-elas-2026-inicia-construcao-com-encontro-entre-instituicoes-da-regiao","status":"publish","type":"noticias","link":"https:\/\/www.fiemg.com.br\/regional-rio-doce\/noticias\/conexao-elas-2026-inicia-construcao-com-encontro-entre-instituicoes-da-regiao\/","title":{"rendered":"Conex\u00e3o Elas 2026 inicia constru\u00e7\u00e3o com encontro entre institui\u00e7\u00f5es da regi\u00e3o\u00a0"},"content":{"rendered":"\n<figure class=\"wp-block-image aligncenter size-full\"><img fetchpriority=\"high\" decoding=\"async\" width=\"975\" height=\"377\" src=\"https:\/\/www.fiemg.com.br\/regional-rio-doce\/wp-content\/uploads\/sites\/19\/2025\/11\/evento-elas.png\" alt=\"\" class=\"wp-image-2288\" srcset=\"https:\/\/www.fiemg.com.br\/regional-rio-doce\/wp-content\/uploads\/sites\/19\/2025\/11\/evento-elas.png 975w, https:\/\/www.fiemg.com.br\/regional-rio-doce\/wp-content\/uploads\/sites\/19\/2025\/11\/evento-elas-300x116.png 300w, https:\/\/www.fiemg.com.br\/regional-rio-doce\/wp-content\/uploads\/sites\/19\/2025\/11\/evento-elas-768x297.png 768w\" sizes=\"(max-width: 975px) 100vw, 975px\" \/><\/figure>\n\n\n\n<p><\/p>\n\n\n\n<p>O Conex\u00e3o Elas 2026 j\u00e1 est\u00e1 em movimento. Nessa ter\u00e7a-feira (26\/11), representantes de diversas institui\u00e7\u00f5es reuniram-se no Sebrae para dar in\u00edcio \u00e0 constru\u00e7\u00e3o da pr\u00f3xima edi\u00e7\u00e3o do evento, que chega com o prop\u00f3sito de ampliar conex\u00f5es, fortalecer parcerias e integrar ainda mais entidades ao di\u00e1logo sobre lideran\u00e7a feminina na nossa regi\u00e3o.\u00a0<\/p>\n\n\n\n<p>Participaram do encontro: Abrasel, ACE, Adeleste, FIEMG, Garantia dos Vales, Sebrae, SESI, Sindcont, Sindicato Rural e URRD Mulher.&nbsp;<\/p>\n\n\n\n<p>O momento foi dedicado ao alinhamento de ideias, compartilhamento de perspectivas e defini\u00e7\u00e3o dos primeiros passos dessa jornada colaborativa.&nbsp;<\/p>\n\n\n\n<p>Segundo Daniela Carvalho, representante da FIEMG Regional Rio Doce, \u201co Conex\u00e3o Elas \u00e9 um espa\u00e7o que cresce a cada edi\u00e7\u00e3o, e 2026 chega com uma energia especial. Estamos construindo algo feito a muitas m\u00e3os, com prop\u00f3sito claro e compromisso real de promover a lideran\u00e7a feminina. A uni\u00e3o das institui\u00e7\u00f5es \u00e9 o que d\u00e1 for\u00e7a a esse movimento, e sabemos que o pr\u00f3ximo ano ser\u00e1 ainda mais relevante e transformador.\u201d&nbsp;<\/p>\n\n\n\n<p>A constru\u00e7\u00e3o seguir\u00e1 ao longo dos pr\u00f3ximos meses, guiada pela colabora\u00e7\u00e3o, vis\u00e3o coletiva e pelo compromisso comum de fazer da edi\u00e7\u00e3o 2026 uma experi\u00eancia ainda mais impactante para mulheres l\u00edderes e para toda a comunidade.&nbsp;<\/p>\n\n\n\n<p><strong>Regional Rio Doce<\/strong><\/p>\n\n\n\n<p><\/p>\n","protected":false},"featured_media":2289,"template":"","categories":[5],"tags":[71,99],"class_list":["post-2287","noticias","type-noticias","status-publish","has-post-thumbnail","hentry","category-capacitacao-empresarial","tag-fiemg","tag-industria"],"acf":[],"yoast_head":"<!-- This site is optimized with the Yoast SEO plugin v26.2 - https:\/\/yoast.com\/wordpress\/plugins\/seo\/ -->\n<title>Conex\u00e3o Elas 2026 inicia constru\u00e7\u00e3o com encontro entre institui\u00e7\u00f5es da regi\u00e3o\u00a0 - Regional Rio doce<\/title>\n<meta name=\"description\" content=\"Abertura do evento aconteceu nessa ter\u00e7a-feira (26), na sede do Sebrae\" \/>\n<meta name=\"robots\" content=\"index, follow, max-snippet:-1, max-image-preview:large, max-video-preview:-1\" \/>\n<link rel=\"canonical\" href=\"https:\/\/www.fiemg.com.br\/regional-rio-doce\/noticias\/conexao-elas-2026-inicia-construcao-com-encontro-entre-instituicoes-da-regiao\/\" \/>\n<meta property=\"og:locale\" content=\"pt_BR\" \/>\n<meta property=\"og:type\" content=\"article\" \/>\n<meta property=\"og:title\" content=\"Conex\u00e3o Elas 2026 inicia constru\u00e7\u00e3o com encontro entre institui\u00e7\u00f5es da regi\u00e3o\u00a0 - Regional Rio doce\" \/>\n<meta property=\"og:description\" content=\"Abertura do evento aconteceu nessa ter\u00e7a-feira (26), na sede do Sebrae\" \/>\n<meta property=\"og:url\" content=\"https:\/\/www.fiemg.com.br\/regional-rio-doce\/noticias\/conexao-elas-2026-inicia-construcao-com-encontro-entre-instituicoes-da-regiao\/\" \/>\n<meta property=\"og:site_name\" content=\"Regional Rio doce\" \/>\n<meta property=\"article:modified_time\" content=\"2025-11-27T17:14:32+00:00\" \/>\n<meta property=\"og:image\" content=\"https:\/\/www.fiemg.com.br\/regional-rio-doce\/wp-content\/uploads\/sites\/19\/2025\/11\/sqimg_46931218.jpg\" \/>\n\t<meta property=\"og:image:width\" content=\"1200\" \/>\n\t<meta property=\"og:image:height\" content=\"1200\" \/>\n\t<meta property=\"og:image:type\" content=\"image\/jpeg\" \/>\n<meta name=\"twitter:card\" content=\"summary_large_image\" \/>\n<meta name=\"twitter:label1\" content=\"Est. tempo de leitura\" \/>\n\t<meta name=\"twitter:data1\" content=\"2 minutos\" \/>\n<script type=\"application\/ld+json\" class=\"yoast-schema-graph\">{\"@context\":\"https:\/\/schema.org\",\"@graph\":[{\"@type\":\"WebPage\",\"@id\":\"https:\/\/www.fiemg.com.br\/regional-rio-doce\/noticias\/conexao-elas-2026-inicia-construcao-com-encontro-entre-instituicoes-da-regiao\/\",\"url\":\"https:\/\/www.fiemg.com.br\/regional-rio-doce\/noticias\/conexao-elas-2026-inicia-construcao-com-encontro-entre-instituicoes-da-regiao\/\",\"name\":\"Conex\u00e3o Elas 2026 inicia constru\u00e7\u00e3o com encontro entre institui\u00e7\u00f5es da regi\u00e3o\u00a0 - Regional Rio doce\",\"isPartOf\":{\"@id\":\"https:\/\/www.fiemg.com.br\/regional-rio-doce\/#website\"},\"primaryImageOfPage\":{\"@id\":\"https:\/\/www.fiemg.com.br\/regional-rio-doce\/noticias\/conexao-elas-2026-inicia-construcao-com-encontro-entre-instituicoes-da-regiao\/#primaryimage\"},\"image\":{\"@id\":\"https:\/\/www.fiemg.com.br\/regional-rio-doce\/noticias\/conexao-elas-2026-inicia-construcao-com-encontro-entre-instituicoes-da-regiao\/#primaryimage\"},\"thumbnailUrl\":\"https:\/\/www.fiemg.com.br\/regional-rio-doce\/wp-content\/uploads\/sites\/19\/2025\/11\/sqimg_46931218.jpg\",\"datePublished\":\"2025-11-27T17:14:25+00:00\",\"dateModified\":\"2025-11-27T17:14:32+00:00\",\"description\":\"Abertura do evento aconteceu nessa ter\u00e7a-feira (26), na sede do Sebrae\",\"breadcrumb\":{\"@id\":\"https:\/\/www.fiemg.com.br\/regional-rio-doce\/noticias\/conexao-elas-2026-inicia-construcao-com-encontro-entre-instituicoes-da-regiao\/#breadcrumb\"},\"inLanguage\":\"pt-BR\",\"potentialAction\":[{\"@type\":\"ReadAction\",\"target\":[\"https:\/\/www.fiemg.com.br\/regional-rio-doce\/noticias\/conexao-elas-2026-inicia-construcao-com-encontro-entre-instituicoes-da-regiao\/\"]}]},{\"@type\":\"ImageObject\",\"inLanguage\":\"pt-BR\",\"@id\":\"https:\/\/www.fiemg.com.br\/regional-rio-doce\/noticias\/conexao-elas-2026-inicia-construcao-com-encontro-entre-instituicoes-da-regiao\/#primaryimage\",\"url\":\"https:\/\/www.fiemg.com.br\/regional-rio-doce\/wp-content\/uploads\/sites\/19\/2025\/11\/sqimg_46931218.jpg\",\"contentUrl\":\"https:\/\/www.fiemg.com.br\/regional-rio-doce\/wp-content\/uploads\/sites\/19\/2025\/11\/sqimg_46931218.jpg\",\"width\":1200,\"height\":1200},{\"@type\":\"BreadcrumbList\",\"@id\":\"https:\/\/www.fiemg.com.br\/regional-rio-doce\/noticias\/conexao-elas-2026-inicia-construcao-com-encontro-entre-instituicoes-da-regiao\/#breadcrumb\",\"itemListElement\":[{\"@type\":\"ListItem\",\"position\":1,\"name\":\"In\u00edcio\",\"item\":\"https:\/\/www.fiemg.com.br\/regional-rio-doce\/\"},{\"@type\":\"ListItem\",\"position\":2,\"name\":\"Conex\u00e3o Elas 2026 inicia constru\u00e7\u00e3o com encontro entre institui\u00e7\u00f5es da regi\u00e3o\u00a0\"}]},{\"@type\":\"WebSite\",\"@id\":\"https:\/\/www.fiemg.com.br\/regional-rio-doce\/#website\",\"url\":\"https:\/\/www.fiemg.com.br\/regional-rio-doce\/\",\"name\":\"Regional Rio doce\",\"description\":\"Federa\u00e7\u00e3o das Ind\u00fastrias do Estado de Minas Gerais\",\"publisher\":{\"@id\":\"https:\/\/www.fiemg.com.br\/regional-rio-doce\/#organization\"},\"potentialAction\":[{\"@type\":\"SearchAction\",\"target\":{\"@type\":\"EntryPoint\",\"urlTemplate\":\"https:\/\/www.fiemg.com.br\/regional-rio-doce\/?s={search_term_string}\"},\"query-input\":{\"@type\":\"PropertyValueSpecification\",\"valueRequired\":true,\"valueName\":\"search_term_string\"}}],\"inLanguage\":\"pt-BR\"},{\"@type\":\"Organization\",\"@id\":\"https:\/\/www.fiemg.com.br\/regional-rio-doce\/#organization\",\"name\":\"Regional Rio doce\",\"url\":\"https:\/\/www.fiemg.com.br\/regional-rio-doce\/\",\"logo\":{\"@type\":\"ImageObject\",\"inLanguage\":\"pt-BR\",\"@id\":\"https:\/\/www.fiemg.com.br\/regional-rio-doce\/#\/schema\/logo\/image\/\",\"url\":\"https:\/\/www.fiemg.com.br\/regional-rio-doce\/wp-content\/uploads\/sites\/19\/2023\/02\/Ativo-1.png\",\"contentUrl\":\"https:\/\/www.fiemg.com.br\/regional-rio-doce\/wp-content\/uploads\/sites\/19\/2023\/02\/Ativo-1.png\",\"width\":563,\"height\":149,\"caption\":\"Regional Rio doce\"},\"image\":{\"@id\":\"https:\/\/www.fiemg.com.br\/regional-rio-doce\/#\/schema\/logo\/image\/\"}}]}<\/script>\n<!-- \/ Yoast SEO plugin. -->","yoast_head_json":{"title":"Conex\u00e3o Elas 2026 inicia constru\u00e7\u00e3o com encontro entre institui\u00e7\u00f5es da regi\u00e3o\u00a0 - Regional Rio doce","description":"Abertura do evento aconteceu nessa ter\u00e7a-feira (26), na sede do Sebrae","robots":{"index":"index","follow":"follow","max-snippet":"max-snippet:-1","max-image-preview":"max-image-preview:large","max-video-preview":"max-video-preview:-1"},"canonical":"https:\/\/www.fiemg.com.br\/regional-rio-doce\/noticias\/conexao-elas-2026-inicia-construcao-com-encontro-entre-instituicoes-da-regiao\/","og_locale":"pt_BR","og_type":"article","og_title":"Conex\u00e3o Elas 2026 inicia constru\u00e7\u00e3o com encontro entre institui\u00e7\u00f5es da regi\u00e3o\u00a0 - Regional Rio doce","og_description":"Abertura do evento aconteceu nessa ter\u00e7a-feira (26), na sede do Sebrae","og_url":"https:\/\/www.fiemg.com.br\/regional-rio-doce\/noticias\/conexao-elas-2026-inicia-construcao-com-encontro-entre-instituicoes-da-regiao\/","og_site_name":"Regional Rio doce","article_modified_time":"2025-11-27T17:14:32+00:00","og_image":[{"width":1200,"height":1200,"url":"https:\/\/www.fiemg.com.br\/regional-rio-doce\/wp-content\/uploads\/sites\/19\/2025\/11\/sqimg_46931218.jpg","type":"image\/jpeg"}],"twitter_card":"summary_large_image","twitter_misc":{"Est. tempo de leitura":"2 minutos"},"schema":{"@context":"https:\/\/schema.org","@graph":[{"@type":"WebPage","@id":"https:\/\/www.fiemg.com.br\/regional-rio-doce\/noticias\/conexao-elas-2026-inicia-construcao-com-encontro-entre-instituicoes-da-regiao\/","url":"https:\/\/www.fiemg.com.br\/regional-rio-doce\/noticias\/conexao-elas-2026-inicia-construcao-com-encontro-entre-instituicoes-da-regiao\/","name":"Conex\u00e3o Elas 2026 inicia constru\u00e7\u00e3o com encontro entre institui\u00e7\u00f5es da regi\u00e3o\u00a0 - Regional Rio doce","isPartOf":{"@id":"https:\/\/www.fiemg.com.br\/regional-rio-doce\/#website"},"primaryImageOfPage":{"@id":"https:\/\/www.fiemg.com.br\/regional-rio-doce\/noticias\/conexao-elas-2026-inicia-construcao-com-encontro-entre-instituicoes-da-regiao\/#primaryimage"},"image":{"@id":"https:\/\/www.fiemg.com.br\/regional-rio-doce\/noticias\/conexao-elas-2026-inicia-construcao-com-encontro-entre-instituicoes-da-regiao\/#primaryimage"},"thumbnailUrl":"https:\/\/www.fiemg.com.br\/regional-rio-doce\/wp-content\/uploads\/sites\/19\/2025\/11\/sqimg_46931218.jpg","datePublished":"2025-11-27T17:14:25+00:00","dateModified":"2025-11-27T17:14:32+00:00","description":"Abertura do evento aconteceu nessa ter\u00e7a-feira (26), na sede do Sebrae","breadcrumb":{"@id":"https:\/\/www.fiemg.com.br\/regional-rio-doce\/noticias\/conexao-elas-2026-inicia-construcao-com-encontro-entre-instituicoes-da-regiao\/#breadcrumb"},"inLanguage":"pt-BR","potentialAction":[{"@type":"ReadAction","target":["https:\/\/www.fiemg.com.br\/regional-rio-doce\/noticias\/conexao-elas-2026-inicia-construcao-com-encontro-entre-instituicoes-da-regiao\/"]}]},{"@type":"ImageObject","inLanguage":"pt-BR","@id":"https:\/\/www.fiemg.com.br\/regional-rio-doce\/noticias\/conexao-elas-2026-inicia-construcao-com-encontro-entre-instituicoes-da-regiao\/#primaryimage","url":"https:\/\/www.fiemg.com.br\/regional-rio-doce\/wp-content\/uploads\/sites\/19\/2025\/11\/sqimg_46931218.jpg","contentUrl":"https:\/\/www.fiemg.com.br\/regional-rio-doce\/wp-content\/uploads\/sites\/19\/2025\/11\/sqimg_46931218.jpg","width":1200,"height":1200},{"@type":"BreadcrumbList","@id":"https:\/\/www.fiemg.com.br\/regional-rio-doce\/noticias\/conexao-elas-2026-inicia-construcao-com-encontro-entre-instituicoes-da-regiao\/#breadcrumb","itemListElement":[{"@type":"ListItem","position":1,"name":"In\u00edcio","item":"https:\/\/www.fiemg.com.br\/regional-rio-doce\/"},{"@type":"ListItem","position":2,"name":"Conex\u00e3o Elas 2026 inicia constru\u00e7\u00e3o com encontro entre institui\u00e7\u00f5es da regi\u00e3o\u00a0"}]},{"@type":"WebSite","@id":"https:\/\/www.fiemg.com.br\/regional-rio-doce\/#website","url":"https:\/\/www.fiemg.com.br\/regional-rio-doce\/","name":"Regional Rio doce","description":"Federa\u00e7\u00e3o das Ind\u00fastrias do Estado de Minas Gerais","publisher":{"@id":"https:\/\/www.fiemg.com.br\/regional-rio-doce\/#organization"},"potentialAction":[{"@type":"SearchAction","target":{"@type":"EntryPoint","urlTemplate":"https:\/\/www.fiemg.com.br\/regional-rio-doce\/?s={search_term_string}"},"query-input":{"@type":"PropertyValueSpecification","valueRequired":true,"valueName":"search_term_string"}}],"inLanguage":"pt-BR"},{"@type":"Organization","@id":"https:\/\/www.fiemg.com.br\/regional-rio-doce\/#organization","name":"Regional Rio doce","url":"https:\/\/www.fiemg.com.br\/regional-rio-doce\/","logo":{"@type":"ImageObject","inLanguage":"pt-BR","@id":"https:\/\/www.fiemg.com.br\/regional-rio-doce\/#\/schema\/logo\/image\/","url":"https:\/\/www.fiemg.com.br\/regional-rio-doce\/wp-content\/uploads\/sites\/19\/2023\/02\/Ativo-1.png","contentUrl":"https:\/\/www.fiemg.com.br\/regional-rio-doce\/wp-content\/uploads\/sites\/19\/2023\/02\/Ativo-1.png","width":563,"height":149,"caption":"Regional Rio doce"},"image":{"@id":"https:\/\/www.fiemg.com.br\/regional-rio-doce\/#\/schema\/logo\/image\/"}}]}},"_links":{"self":[{"href":"https:\/\/www.fiemg.com.br\/regional-rio-doce\/wp-json\/wp\/v2\/noticias\/2287","targetHints":{"allow":["GET"]}}],"collection":[{"href":"https:\/\/www.fiemg.com.br\/regional-rio-doce\/wp-json\/wp\/v2\/noticias"}],"about":[{"href":"https:\/\/www.fiemg.com.br\/regional-rio-doce\/wp-json\/wp\/v2\/types\/noticias"}],"wp:featuredmedia":[{"embeddable":true,"href":"https:\/\/www.fiemg.com.br\/regional-rio-doce\/wp-json\/wp\/v2\/media\/2289"}],"wp:attachment":[{"href":"https:\/\/www.fiemg.com.br\/regional-rio-doce\/wp-json\/wp\/v2\/media?parent=2287"}],"wp:term":[{"taxonomy":"category","embeddable":true,"href":"https:\/\/www.fiemg.com.br\/regional-rio-doce\/wp-json\/wp\/v2\/categories?post=2287"},{"taxonomy":"post_tag","embeddable":true,"href":"https:\/\/www.fiemg.com.br\/regional-rio-doce\/wp-json\/wp\/v2\/tags?post=2287"}],"curies":[{"name":"wp","href":"https:\/\/api.w.org\/{rel}","templated":true}]}}