{"id":2317,"date":"2026-01-29T12:02:03","date_gmt":"2026-01-29T15:02:03","guid":{"rendered":"https:\/\/www.fiemg.com.br\/regional-rio-doce\/noticias\/termina-nesta-sexta-feira-30-prazo-para-matricula-de-cursos-tecnicos-do-senai-mg-por-r-1990\/"},"modified":"2026-01-30T08:25:30","modified_gmt":"2026-01-30T11:25:30","slug":"termina-nesta-sexta-feira-30-prazo-para-matricula-de-cursos-tecnicos-do-senai-mg-por-r-1990","status":"publish","type":"noticias","link":"https:\/\/www.fiemg.com.br\/regional-rio-doce\/noticias\/termina-nesta-sexta-feira-30-prazo-para-matricula-de-cursos-tecnicos-do-senai-mg-por-r-1990\/","title":{"rendered":"Termina nesta sexta-feira (30) prazo para matr\u00edcula de cursos t\u00e9cnicos do SENAI MG por R$ 19,90"},"content":{"rendered":"\n<figure class=\"wp-block-image aligncenter size-large is-resized\"><img fetchpriority=\"high\" decoding=\"async\" width=\"1024\" height=\"261\" src=\"https:\/\/www.fiemg.com.br\/regional-rio-doce\/wp-content\/uploads\/sites\/19\/2026\/01\/senai-ok-2-1024x261.png\" alt=\"\" class=\"wp-image-2319\" style=\"width:1088px;height:auto\" srcset=\"https:\/\/www.fiemg.com.br\/regional-rio-doce\/wp-content\/uploads\/sites\/19\/2026\/01\/senai-ok-2-1024x261.png 1024w, https:\/\/www.fiemg.com.br\/regional-rio-doce\/wp-content\/uploads\/sites\/19\/2026\/01\/senai-ok-2-300x77.png 300w, https:\/\/www.fiemg.com.br\/regional-rio-doce\/wp-content\/uploads\/sites\/19\/2026\/01\/senai-ok-2-768x196.png 768w, https:\/\/www.fiemg.com.br\/regional-rio-doce\/wp-content\/uploads\/sites\/19\/2026\/01\/senai-ok-2.png 1073w\" sizes=\"(max-width: 1024px) 100vw, 1024px\" \/><\/figure>\n\n\n\n<p><\/p>\n\n\n\n<p>Est\u00e1 chegando ao fim o prazo para garantir matr\u00edcula em cursos t\u00e9cnicos do SENAI MG no primeiro semestre de 2026. At\u00e9 esta sexta-feira, dia 30 de janeiro, os interessados podem se inscrever pagando R$ 19,90 pela matr\u00edcula, condi\u00e7\u00e3o v\u00e1lida exclusivamente para inscri\u00e7\u00f5es realizadas pelo <a href=\"https:\/\/www.futuro.digital\/\" target=\"_blank\" rel=\"noreferrer noopener\">Futuro.Digital<\/a>, plataforma oficial do SENAI.<\/p>\n\n\n\n<p>A iniciativa amplia o acesso \u00e0 forma\u00e7\u00e3o t\u00e9cnica de qualidade, reconhecida pela forte conex\u00e3o com as demandas da ind\u00fastria e pela alta empregabilidade dos alunos formados. Ap\u00f3s o encerramento do prazo, as matr\u00edculas seguem abertas, mas sem a condi\u00e7\u00e3o promocional.<\/p>\n\n\n\n<p>Em Minas Gerais, o SENAI oferece vagas para mais de 27 cursos, distribu\u00eddos em 40 unidades em todas as regi\u00f5es do estado, permitindo que estudantes de diferentes munic\u00edpios tenham acesso \u00e0 educa\u00e7\u00e3o profissional.<\/p>\n\n\n\n<p>O in\u00edcio das aulas est\u00e1 previsto para o dia 2 de fevereiro. As cargas hor\u00e1rias variam conforme a modalidade escolhida e s\u00e3o distribu\u00eddas ao longo de 12 a 18 meses, combinando teoria e pr\u00e1tica em uma forma\u00e7\u00e3o alinhada \u00e0s necessidades do mercado de trabalho.<\/p>\n\n\n\n<p>Segundo a coordenadora de Educa\u00e7\u00e3o Profissional e Tecnol\u00f3gica do SENAI Minas, Lucimara Ara\u00fajo, a forma\u00e7\u00e3o t\u00e9cnica segue sendo um diferencial competitivo. \u201cOs cursos t\u00e9cnicos do SENAI s\u00e3o estruturados em di\u00e1logo permanente com a ind\u00fastria, o que garante uma forma\u00e7\u00e3o atualizada e aumenta significativamente as chances de inser\u00e7\u00e3o profissional\u201d, afirma.<\/p>\n\n\n\n<p>As matr\u00edculas com valor promocional de R$ 19,90 devem ser realizadas exclusivamente pelo site <a href=\"https:\/\/www.futuro.digital\" target=\"_blank\" rel=\"noreferrer noopener\">https:\/\/www.futuro.digital<\/a> at\u00e9 as 23h59 desta sexta-feira (30). <\/p>\n\n\n\n<p><strong>Imprensa FIEMG<\/strong><\/p>\n\n\n\n<p><\/p>\n","protected":false},"featured_media":2318,"template":"","categories":[16],"tags":[71,99],"class_list":["post-2317","noticias","type-noticias","status-publish","has-post-thumbnail","hentry","category-educacao","tag-fiemg","tag-industria"],"acf":[],"yoast_head":"<!-- This site is optimized with the Yoast SEO plugin v26.2 - https:\/\/yoast.com\/wordpress\/plugins\/seo\/ -->\n<title>Termina nesta sexta-feira (30) prazo para matr\u00edcula de cursos t\u00e9cnicos do SENAI MG por R$ 19,90 - Regional Rio doce<\/title>\n<meta name=\"robots\" content=\"index, follow, max-snippet:-1, max-image-preview:large, max-video-preview:-1\" \/>\n<link rel=\"canonical\" href=\"https:\/\/www.fiemg.com.br\/regional-rio-doce\/noticias\/termina-nesta-sexta-feira-30-prazo-para-matricula-de-cursos-tecnicos-do-senai-mg-por-r-1990\/\" \/>\n<meta property=\"og:locale\" content=\"pt_BR\" \/>\n<meta property=\"og:type\" content=\"article\" \/>\n<meta property=\"og:title\" content=\"Termina nesta sexta-feira (30) prazo para matr\u00edcula de cursos t\u00e9cnicos do SENAI MG por R$ 19,90 - Regional Rio doce\" \/>\n<meta property=\"og:description\" content=\"Est\u00e1 chegando ao fim o prazo para garantir matr\u00edcula em cursos t\u00e9cnicos do SENAI MG no primeiro semestre de 2026. At\u00e9 esta sexta-feira, dia 30 de janeiro, os interessados podem se inscrever pagando R$ 19,90 pela matr\u00edcula, condi\u00e7\u00e3o v\u00e1lida exclusivamente para inscri\u00e7\u00f5es realizadas pelo Futuro.Digital, plataforma oficial do SENAI. A iniciativa amplia o acesso \u00e0 [&hellip;]\" \/>\n<meta property=\"og:url\" content=\"https:\/\/www.fiemg.com.br\/regional-rio-doce\/noticias\/termina-nesta-sexta-feira-30-prazo-para-matricula-de-cursos-tecnicos-do-senai-mg-por-r-1990\/\" \/>\n<meta property=\"og:site_name\" content=\"Regional Rio doce\" \/>\n<meta property=\"article:modified_time\" content=\"2026-01-30T11:25:30+00:00\" \/>\n<meta property=\"og:image\" content=\"https:\/\/www.fiemg.com.br\/regional-rio-doce\/wp-content\/uploads\/sites\/19\/2023\/08\/default.png\" \/>\n\t<meta property=\"og:image:width\" content=\"300\" \/>\n\t<meta property=\"og:image:height\" content=\"300\" \/>\n\t<meta property=\"og:image:type\" content=\"image\/png\" \/>\n<meta name=\"twitter:card\" content=\"summary_large_image\" \/>\n<meta name=\"twitter:label1\" content=\"Est. tempo de leitura\" \/>\n\t<meta name=\"twitter:data1\" content=\"1 minuto\" \/>\n<script type=\"application\/ld+json\" class=\"yoast-schema-graph\">{\"@context\":\"https:\/\/schema.org\",\"@graph\":[{\"@type\":\"WebPage\",\"@id\":\"https:\/\/www.fiemg.com.br\/regional-rio-doce\/noticias\/termina-nesta-sexta-feira-30-prazo-para-matricula-de-cursos-tecnicos-do-senai-mg-por-r-1990\/\",\"url\":\"https:\/\/www.fiemg.com.br\/regional-rio-doce\/noticias\/termina-nesta-sexta-feira-30-prazo-para-matricula-de-cursos-tecnicos-do-senai-mg-por-r-1990\/\",\"name\":\"Termina nesta sexta-feira (30) prazo para matr\u00edcula de cursos t\u00e9cnicos do SENAI MG por R$ 19,90 - Regional Rio doce\",\"isPartOf\":{\"@id\":\"https:\/\/www.fiemg.com.br\/regional-rio-doce\/#website\"},\"primaryImageOfPage\":{\"@id\":\"https:\/\/www.fiemg.com.br\/regional-rio-doce\/noticias\/termina-nesta-sexta-feira-30-prazo-para-matricula-de-cursos-tecnicos-do-senai-mg-por-r-1990\/#primaryimage\"},\"image\":{\"@id\":\"https:\/\/www.fiemg.com.br\/regional-rio-doce\/noticias\/termina-nesta-sexta-feira-30-prazo-para-matricula-de-cursos-tecnicos-do-senai-mg-por-r-1990\/#primaryimage\"},\"thumbnailUrl\":\"https:\/\/www.fiemg.com.br\/regional-rio-doce\/wp-content\/uploads\/sites\/19\/2026\/01\/EA004925D_SENAI_CURSOS_TECNICOS_PECAS_DIGITAIS_THUMB_NOTICIA-2.png\",\"datePublished\":\"2026-01-29T15:02:03+00:00\",\"dateModified\":\"2026-01-30T11:25:30+00:00\",\"breadcrumb\":{\"@id\":\"https:\/\/www.fiemg.com.br\/regional-rio-doce\/noticias\/termina-nesta-sexta-feira-30-prazo-para-matricula-de-cursos-tecnicos-do-senai-mg-por-r-1990\/#breadcrumb\"},\"inLanguage\":\"pt-BR\",\"potentialAction\":[{\"@type\":\"ReadAction\",\"target\":[\"https:\/\/www.fiemg.com.br\/regional-rio-doce\/noticias\/termina-nesta-sexta-feira-30-prazo-para-matricula-de-cursos-tecnicos-do-senai-mg-por-r-1990\/\"]}]},{\"@type\":\"ImageObject\",\"inLanguage\":\"pt-BR\",\"@id\":\"https:\/\/www.fiemg.com.br\/regional-rio-doce\/noticias\/termina-nesta-sexta-feira-30-prazo-para-matricula-de-cursos-tecnicos-do-senai-mg-por-r-1990\/#primaryimage\",\"url\":\"https:\/\/www.fiemg.com.br\/regional-rio-doce\/wp-content\/uploads\/sites\/19\/2026\/01\/EA004925D_SENAI_CURSOS_TECNICOS_PECAS_DIGITAIS_THUMB_NOTICIA-2.png\",\"contentUrl\":\"https:\/\/www.fiemg.com.br\/regional-rio-doce\/wp-content\/uploads\/sites\/19\/2026\/01\/EA004925D_SENAI_CURSOS_TECNICOS_PECAS_DIGITAIS_THUMB_NOTICIA-2.png\",\"width\":512,\"height\":512},{\"@type\":\"BreadcrumbList\",\"@id\":\"https:\/\/www.fiemg.com.br\/regional-rio-doce\/noticias\/termina-nesta-sexta-feira-30-prazo-para-matricula-de-cursos-tecnicos-do-senai-mg-por-r-1990\/#breadcrumb\",\"itemListElement\":[{\"@type\":\"ListItem\",\"position\":1,\"name\":\"In\u00edcio\",\"item\":\"https:\/\/www.fiemg.com.br\/regional-rio-doce\/\"},{\"@type\":\"ListItem\",\"position\":2,\"name\":\"Termina nesta sexta-feira (30) prazo para matr\u00edcula de cursos t\u00e9cnicos do SENAI MG por R$ 19,90\"}]},{\"@type\":\"WebSite\",\"@id\":\"https:\/\/www.fiemg.com.br\/regional-rio-doce\/#website\",\"url\":\"https:\/\/www.fiemg.com.br\/regional-rio-doce\/\",\"name\":\"Regional Rio doce\",\"description\":\"Federa\u00e7\u00e3o das Ind\u00fastrias do Estado de Minas Gerais\",\"publisher\":{\"@id\":\"https:\/\/www.fiemg.com.br\/regional-rio-doce\/#organization\"},\"potentialAction\":[{\"@type\":\"SearchAction\",\"target\":{\"@type\":\"EntryPoint\",\"urlTemplate\":\"https:\/\/www.fiemg.com.br\/regional-rio-doce\/?s={search_term_string}\"},\"query-input\":{\"@type\":\"PropertyValueSpecification\",\"valueRequired\":true,\"valueName\":\"search_term_string\"}}],\"inLanguage\":\"pt-BR\"},{\"@type\":\"Organization\",\"@id\":\"https:\/\/www.fiemg.com.br\/regional-rio-doce\/#organization\",\"name\":\"Regional Rio doce\",\"url\":\"https:\/\/www.fiemg.com.br\/regional-rio-doce\/\",\"logo\":{\"@type\":\"ImageObject\",\"inLanguage\":\"pt-BR\",\"@id\":\"https:\/\/www.fiemg.com.br\/regional-rio-doce\/#\/schema\/logo\/image\/\",\"url\":\"https:\/\/www.fiemg.com.br\/regional-rio-doce\/wp-content\/uploads\/sites\/19\/2023\/02\/Ativo-1.png\",\"contentUrl\":\"https:\/\/www.fiemg.com.br\/regional-rio-doce\/wp-content\/uploads\/sites\/19\/2023\/02\/Ativo-1.png\",\"width\":563,\"height\":149,\"caption\":\"Regional Rio doce\"},\"image\":{\"@id\":\"https:\/\/www.fiemg.com.br\/regional-rio-doce\/#\/schema\/logo\/image\/\"}}]}<\/script>\n<!-- \/ Yoast SEO plugin. -->","yoast_head_json":{"title":"Termina nesta sexta-feira (30) prazo para matr\u00edcula de cursos t\u00e9cnicos do SENAI MG por R$ 19,90 - Regional Rio doce","robots":{"index":"index","follow":"follow","max-snippet":"max-snippet:-1","max-image-preview":"max-image-preview:large","max-video-preview":"max-video-preview:-1"},"canonical":"https:\/\/www.fiemg.com.br\/regional-rio-doce\/noticias\/termina-nesta-sexta-feira-30-prazo-para-matricula-de-cursos-tecnicos-do-senai-mg-por-r-1990\/","og_locale":"pt_BR","og_type":"article","og_title":"Termina nesta sexta-feira (30) prazo para matr\u00edcula de cursos t\u00e9cnicos do SENAI MG por R$ 19,90 - Regional Rio doce","og_description":"Est\u00e1 chegando ao fim o prazo para garantir matr\u00edcula em cursos t\u00e9cnicos do SENAI MG no primeiro semestre de 2026. At\u00e9 esta sexta-feira, dia 30 de janeiro, os interessados podem se inscrever pagando R$ 19,90 pela matr\u00edcula, condi\u00e7\u00e3o v\u00e1lida exclusivamente para inscri\u00e7\u00f5es realizadas pelo Futuro.Digital, plataforma oficial do SENAI. A iniciativa amplia o acesso \u00e0 [&hellip;]","og_url":"https:\/\/www.fiemg.com.br\/regional-rio-doce\/noticias\/termina-nesta-sexta-feira-30-prazo-para-matricula-de-cursos-tecnicos-do-senai-mg-por-r-1990\/","og_site_name":"Regional Rio doce","article_modified_time":"2026-01-30T11:25:30+00:00","og_image":[{"width":300,"height":300,"url":"https:\/\/www.fiemg.com.br\/regional-rio-doce\/wp-content\/uploads\/sites\/19\/2023\/08\/default.png","type":"image\/png"}],"twitter_card":"summary_large_image","twitter_misc":{"Est. tempo de leitura":"1 minuto"},"schema":{"@context":"https:\/\/schema.org","@graph":[{"@type":"WebPage","@id":"https:\/\/www.fiemg.com.br\/regional-rio-doce\/noticias\/termina-nesta-sexta-feira-30-prazo-para-matricula-de-cursos-tecnicos-do-senai-mg-por-r-1990\/","url":"https:\/\/www.fiemg.com.br\/regional-rio-doce\/noticias\/termina-nesta-sexta-feira-30-prazo-para-matricula-de-cursos-tecnicos-do-senai-mg-por-r-1990\/","name":"Termina nesta sexta-feira (30) prazo para matr\u00edcula de cursos t\u00e9cnicos do SENAI MG por R$ 19,90 - Regional Rio doce","isPartOf":{"@id":"https:\/\/www.fiemg.com.br\/regional-rio-doce\/#website"},"primaryImageOfPage":{"@id":"https:\/\/www.fiemg.com.br\/regional-rio-doce\/noticias\/termina-nesta-sexta-feira-30-prazo-para-matricula-de-cursos-tecnicos-do-senai-mg-por-r-1990\/#primaryimage"},"image":{"@id":"https:\/\/www.fiemg.com.br\/regional-rio-doce\/noticias\/termina-nesta-sexta-feira-30-prazo-para-matricula-de-cursos-tecnicos-do-senai-mg-por-r-1990\/#primaryimage"},"thumbnailUrl":"https:\/\/www.fiemg.com.br\/regional-rio-doce\/wp-content\/uploads\/sites\/19\/2026\/01\/EA004925D_SENAI_CURSOS_TECNICOS_PECAS_DIGITAIS_THUMB_NOTICIA-2.png","datePublished":"2026-01-29T15:02:03+00:00","dateModified":"2026-01-30T11:25:30+00:00","breadcrumb":{"@id":"https:\/\/www.fiemg.com.br\/regional-rio-doce\/noticias\/termina-nesta-sexta-feira-30-prazo-para-matricula-de-cursos-tecnicos-do-senai-mg-por-r-1990\/#breadcrumb"},"inLanguage":"pt-BR","potentialAction":[{"@type":"ReadAction","target":["https:\/\/www.fiemg.com.br\/regional-rio-doce\/noticias\/termina-nesta-sexta-feira-30-prazo-para-matricula-de-cursos-tecnicos-do-senai-mg-por-r-1990\/"]}]},{"@type":"ImageObject","inLanguage":"pt-BR","@id":"https:\/\/www.fiemg.com.br\/regional-rio-doce\/noticias\/termina-nesta-sexta-feira-30-prazo-para-matricula-de-cursos-tecnicos-do-senai-mg-por-r-1990\/#primaryimage","url":"https:\/\/www.fiemg.com.br\/regional-rio-doce\/wp-content\/uploads\/sites\/19\/2026\/01\/EA004925D_SENAI_CURSOS_TECNICOS_PECAS_DIGITAIS_THUMB_NOTICIA-2.png","contentUrl":"https:\/\/www.fiemg.com.br\/regional-rio-doce\/wp-content\/uploads\/sites\/19\/2026\/01\/EA004925D_SENAI_CURSOS_TECNICOS_PECAS_DIGITAIS_THUMB_NOTICIA-2.png","width":512,"height":512},{"@type":"BreadcrumbList","@id":"https:\/\/www.fiemg.com.br\/regional-rio-doce\/noticias\/termina-nesta-sexta-feira-30-prazo-para-matricula-de-cursos-tecnicos-do-senai-mg-por-r-1990\/#breadcrumb","itemListElement":[{"@type":"ListItem","position":1,"name":"In\u00edcio","item":"https:\/\/www.fiemg.com.br\/regional-rio-doce\/"},{"@type":"ListItem","position":2,"name":"Termina nesta sexta-feira (30) prazo para matr\u00edcula de cursos t\u00e9cnicos do SENAI MG por R$ 19,90"}]},{"@type":"WebSite","@id":"https:\/\/www.fiemg.com.br\/regional-rio-doce\/#website","url":"https:\/\/www.fiemg.com.br\/regional-rio-doce\/","name":"Regional Rio doce","description":"Federa\u00e7\u00e3o das Ind\u00fastrias do Estado de Minas Gerais","publisher":{"@id":"https:\/\/www.fiemg.com.br\/regional-rio-doce\/#organization"},"potentialAction":[{"@type":"SearchAction","target":{"@type":"EntryPoint","urlTemplate":"https:\/\/www.fiemg.com.br\/regional-rio-doce\/?s={search_term_string}"},"query-input":{"@type":"PropertyValueSpecification","valueRequired":true,"valueName":"search_term_string"}}],"inLanguage":"pt-BR"},{"@type":"Organization","@id":"https:\/\/www.fiemg.com.br\/regional-rio-doce\/#organization","name":"Regional Rio doce","url":"https:\/\/www.fiemg.com.br\/regional-rio-doce\/","logo":{"@type":"ImageObject","inLanguage":"pt-BR","@id":"https:\/\/www.fiemg.com.br\/regional-rio-doce\/#\/schema\/logo\/image\/","url":"https:\/\/www.fiemg.com.br\/regional-rio-doce\/wp-content\/uploads\/sites\/19\/2023\/02\/Ativo-1.png","contentUrl":"https:\/\/www.fiemg.com.br\/regional-rio-doce\/wp-content\/uploads\/sites\/19\/2023\/02\/Ativo-1.png","width":563,"height":149,"caption":"Regional Rio doce"},"image":{"@id":"https:\/\/www.fiemg.com.br\/regional-rio-doce\/#\/schema\/logo\/image\/"}}]}},"_links":{"self":[{"href":"https:\/\/www.fiemg.com.br\/regional-rio-doce\/wp-json\/wp\/v2\/noticias\/2317","targetHints":{"allow":["GET"]}}],"collection":[{"href":"https:\/\/www.fiemg.com.br\/regional-rio-doce\/wp-json\/wp\/v2\/noticias"}],"about":[{"href":"https:\/\/www.fiemg.com.br\/regional-rio-doce\/wp-json\/wp\/v2\/types\/noticias"}],"wp:featuredmedia":[{"embeddable":true,"href":"https:\/\/www.fiemg.com.br\/regional-rio-doce\/wp-json\/wp\/v2\/media\/2318"}],"wp:attachment":[{"href":"https:\/\/www.fiemg.com.br\/regional-rio-doce\/wp-json\/wp\/v2\/media?parent=2317"}],"wp:term":[{"taxonomy":"category","embeddable":true,"href":"https:\/\/www.fiemg.com.br\/regional-rio-doce\/wp-json\/wp\/v2\/categories?post=2317"},{"taxonomy":"post_tag","embeddable":true,"href":"https:\/\/www.fiemg.com.br\/regional-rio-doce\/wp-json\/wp\/v2\/tags?post=2317"}],"curies":[{"name":"wp","href":"https:\/\/api.w.org\/{rel}","templated":true}]}}