{"id":2366,"date":"2026-03-10T11:41:12","date_gmt":"2026-03-10T14:41:12","guid":{"rendered":"https:\/\/www.fiemg.com.br\/regional-rio-doce\/?post_type=noticias&#038;p=2366"},"modified":"2026-03-10T11:41:20","modified_gmt":"2026-03-10T14:41:20","slug":"iniciativa-reuniu-colaboradores-do-sesi-senai-e-fiemg-regional-rio-doce-em-atividades-esportivas-que-incentivam-bem-estar-integracao-e-habitos-saudaveis","status":"publish","type":"noticias","link":"https:\/\/www.fiemg.com.br\/regional-rio-doce\/noticias\/iniciativa-reuniu-colaboradores-do-sesi-senai-e-fiemg-regional-rio-doce-em-atividades-esportivas-que-incentivam-bem-estar-integracao-e-habitos-saudaveis\/","title":{"rendered":"Cuide-se RUN movimenta Governador Valadares e refor\u00e7a compromisso da FIEMG com sa\u00fade e qualidade de vida"},"content":{"rendered":"\n<p><br>A FIEMG Regional Rio Doce participou, no \u00faltimo s\u00e1bado (8\/3), de mais uma edi\u00e7\u00e3o do Cuide-se RUN, movimento que incentiva a promo\u00e7\u00e3o da sa\u00fade, do bem-estar e da integra\u00e7\u00e3o entre colaboradores e comunidade. Em Governador Valadares, a a\u00e7\u00e3o reuniu 85 participantes das entidades SESI, SENAI e FIEMG Regional Rio Doce, em um momento marcado por energia, cuidado e esp\u00edrito coletivo.<\/p>\n\n\n\n<p>Com uma programa\u00e7\u00e3o acess\u00edvel para todas as idades, o evento contou com Corrida Kids, caminhada de 2,5 quil\u00f4metros e corrida de 5 quil\u00f4metros, refor\u00e7ando a import\u00e2ncia da pr\u00e1tica esportiva e de h\u00e1bitos saud\u00e1veis como ferramentas de transforma\u00e7\u00e3o social e qualidade de vida.<\/p>\n\n\n\n<p>A equipe organizadora destacou que iniciativas como o Cuide-se RUN fortalecem o desenvolvimento das comunidades ao valorizar as pessoas. Segundo os organizadores, eventos desse tipo contribuem para tornar as comunidades mais competitivas e sustent\u00e1veis, pois come\u00e7am pelo essencial: cidad\u00e3os mais saud\u00e1veis, motivados e engajados.<\/p>\n\n\n\n<p>Para o colaborador Giovanni L\u00facio, que atua h\u00e1 23 anos na FIEMG Regional Rio Doce, participar do evento foi uma experi\u00eancia especial. Ele afirma que acompanhar a evolu\u00e7\u00e3o da institui\u00e7\u00e3o ao longo dos anos e ver iniciativas voltadas ao bem-estar dos colaboradores \u00e9 motivo de orgulho.<\/p>\n\n\n\n<p>Giovanni L\u00facio afirma que estar presente no Cuide-se RUN ao lado de colegas e familiares refor\u00e7a o sentimento de parceria constru\u00eddo dentro da FIEMG. Para ele, \u00e9 inspirador ver todos reunidos em torno da promo\u00e7\u00e3o da sa\u00fade, da uni\u00e3o e da qualidade de vida.<\/p>\n\n\n\n<p>A iniciativa tamb\u00e9m refor\u00e7a o prop\u00f3sito da FIEMG de unir a for\u00e7a da ind\u00fastria ao poder das ideias, criando solu\u00e7\u00f5es capazes de transformar a vida das pessoas e impulsionar o desenvolvimento das regi\u00f5es onde a federa\u00e7\u00e3o atua. O movimento evidencia que o futuro \u00e9 constru\u00eddo de forma coletiva, com a\u00e7\u00f5es que valorizam as pessoas e promovem o bem-estar.<\/p>\n","protected":false},"featured_media":2362,"template":"","categories":[258],"tags":[270,271,71,95],"class_list":["post-2366","noticias","type-noticias","status-publish","has-post-thumbnail","hentry","category-lazer","tag-corrida","tag-cuide-se","tag-fiemg","tag-rio-doce"],"acf":[],"yoast_head":"<!-- This site is optimized with the Yoast SEO plugin v26.2 - https:\/\/yoast.com\/wordpress\/plugins\/seo\/ -->\n<title>Cuide-se RUN movimenta Governador Valadares e refor\u00e7a compromisso da FIEMG com sa\u00fade e qualidade de vida - Regional Rio doce<\/title>\n<meta name=\"description\" content=\"Iniciativa reuniu colaboradores do SESI, SENAI e FIEMG Regional Rio Doce em atividades esportivas que incentivam bem-estar, integra\u00e7\u00e3o e h\u00e1bitos saud\u00e1veis\" \/>\n<meta name=\"robots\" content=\"index, follow, max-snippet:-1, max-image-preview:large, max-video-preview:-1\" \/>\n<link rel=\"canonical\" href=\"https:\/\/www.fiemg.com.br\/regional-rio-doce\/noticias\/iniciativa-reuniu-colaboradores-do-sesi-senai-e-fiemg-regional-rio-doce-em-atividades-esportivas-que-incentivam-bem-estar-integracao-e-habitos-saudaveis\/\" \/>\n<meta property=\"og:locale\" content=\"pt_BR\" \/>\n<meta property=\"og:type\" content=\"article\" \/>\n<meta property=\"og:title\" content=\"Cuide-se RUN movimenta Governador Valadares e refor\u00e7a compromisso da FIEMG com sa\u00fade e qualidade de vida - Regional Rio doce\" \/>\n<meta property=\"og:description\" content=\"Iniciativa reuniu colaboradores do SESI, SENAI e FIEMG Regional Rio Doce em atividades esportivas que incentivam bem-estar, integra\u00e7\u00e3o e h\u00e1bitos saud\u00e1veis\" \/>\n<meta property=\"og:url\" content=\"https:\/\/www.fiemg.com.br\/regional-rio-doce\/noticias\/iniciativa-reuniu-colaboradores-do-sesi-senai-e-fiemg-regional-rio-doce-em-atividades-esportivas-que-incentivam-bem-estar-integracao-e-habitos-saudaveis\/\" \/>\n<meta property=\"og:site_name\" content=\"Regional Rio doce\" \/>\n<meta property=\"article:modified_time\" content=\"2026-03-10T14:41:20+00:00\" \/>\n<meta property=\"og:image\" content=\"https:\/\/www.fiemg.com.br\/regional-rio-doce\/wp-content\/uploads\/sites\/19\/2026\/03\/corrida-1-1024x1024.png\" \/>\n\t<meta property=\"og:image:width\" content=\"1024\" \/>\n\t<meta property=\"og:image:height\" content=\"1024\" \/>\n\t<meta property=\"og:image:type\" content=\"image\/png\" \/>\n<meta name=\"twitter:card\" content=\"summary_large_image\" \/>\n<meta name=\"twitter:label1\" content=\"Est. tempo de leitura\" \/>\n\t<meta name=\"twitter:data1\" content=\"2 minutos\" \/>\n<script type=\"application\/ld+json\" class=\"yoast-schema-graph\">{\"@context\":\"https:\/\/schema.org\",\"@graph\":[{\"@type\":\"WebPage\",\"@id\":\"https:\/\/www.fiemg.com.br\/regional-rio-doce\/noticias\/iniciativa-reuniu-colaboradores-do-sesi-senai-e-fiemg-regional-rio-doce-em-atividades-esportivas-que-incentivam-bem-estar-integracao-e-habitos-saudaveis\/\",\"url\":\"https:\/\/www.fiemg.com.br\/regional-rio-doce\/noticias\/iniciativa-reuniu-colaboradores-do-sesi-senai-e-fiemg-regional-rio-doce-em-atividades-esportivas-que-incentivam-bem-estar-integracao-e-habitos-saudaveis\/\",\"name\":\"Cuide-se RUN movimenta Governador Valadares e refor\u00e7a compromisso da FIEMG com sa\u00fade e qualidade de vida - Regional Rio doce\",\"isPartOf\":{\"@id\":\"https:\/\/www.fiemg.com.br\/regional-rio-doce\/#website\"},\"primaryImageOfPage\":{\"@id\":\"https:\/\/www.fiemg.com.br\/regional-rio-doce\/noticias\/iniciativa-reuniu-colaboradores-do-sesi-senai-e-fiemg-regional-rio-doce-em-atividades-esportivas-que-incentivam-bem-estar-integracao-e-habitos-saudaveis\/#primaryimage\"},\"image\":{\"@id\":\"https:\/\/www.fiemg.com.br\/regional-rio-doce\/noticias\/iniciativa-reuniu-colaboradores-do-sesi-senai-e-fiemg-regional-rio-doce-em-atividades-esportivas-que-incentivam-bem-estar-integracao-e-habitos-saudaveis\/#primaryimage\"},\"thumbnailUrl\":\"https:\/\/www.fiemg.com.br\/regional-rio-doce\/wp-content\/uploads\/sites\/19\/2026\/03\/corrida-1.png\",\"datePublished\":\"2026-03-10T14:41:12+00:00\",\"dateModified\":\"2026-03-10T14:41:20+00:00\",\"description\":\"Iniciativa reuniu colaboradores do SESI, SENAI e FIEMG Regional Rio Doce em atividades esportivas que incentivam bem-estar, integra\u00e7\u00e3o e h\u00e1bitos saud\u00e1veis\",\"breadcrumb\":{\"@id\":\"https:\/\/www.fiemg.com.br\/regional-rio-doce\/noticias\/iniciativa-reuniu-colaboradores-do-sesi-senai-e-fiemg-regional-rio-doce-em-atividades-esportivas-que-incentivam-bem-estar-integracao-e-habitos-saudaveis\/#breadcrumb\"},\"inLanguage\":\"pt-BR\",\"potentialAction\":[{\"@type\":\"ReadAction\",\"target\":[\"https:\/\/www.fiemg.com.br\/regional-rio-doce\/noticias\/iniciativa-reuniu-colaboradores-do-sesi-senai-e-fiemg-regional-rio-doce-em-atividades-esportivas-que-incentivam-bem-estar-integracao-e-habitos-saudaveis\/\"]}]},{\"@type\":\"ImageObject\",\"inLanguage\":\"pt-BR\",\"@id\":\"https:\/\/www.fiemg.com.br\/regional-rio-doce\/noticias\/iniciativa-reuniu-colaboradores-do-sesi-senai-e-fiemg-regional-rio-doce-em-atividades-esportivas-que-incentivam-bem-estar-integracao-e-habitos-saudaveis\/#primaryimage\",\"url\":\"https:\/\/www.fiemg.com.br\/regional-rio-doce\/wp-content\/uploads\/sites\/19\/2026\/03\/corrida-1.png\",\"contentUrl\":\"https:\/\/www.fiemg.com.br\/regional-rio-doce\/wp-content\/uploads\/sites\/19\/2026\/03\/corrida-1.png\",\"width\":1600,\"height\":1600},{\"@type\":\"BreadcrumbList\",\"@id\":\"https:\/\/www.fiemg.com.br\/regional-rio-doce\/noticias\/iniciativa-reuniu-colaboradores-do-sesi-senai-e-fiemg-regional-rio-doce-em-atividades-esportivas-que-incentivam-bem-estar-integracao-e-habitos-saudaveis\/#breadcrumb\",\"itemListElement\":[{\"@type\":\"ListItem\",\"position\":1,\"name\":\"In\u00edcio\",\"item\":\"https:\/\/www.fiemg.com.br\/regional-rio-doce\/\"},{\"@type\":\"ListItem\",\"position\":2,\"name\":\"Cuide-se RUN movimenta Governador Valadares e refor\u00e7a compromisso da FIEMG com sa\u00fade e qualidade de vida\"}]},{\"@type\":\"WebSite\",\"@id\":\"https:\/\/www.fiemg.com.br\/regional-rio-doce\/#website\",\"url\":\"https:\/\/www.fiemg.com.br\/regional-rio-doce\/\",\"name\":\"Regional Rio doce\",\"description\":\"Federa\u00e7\u00e3o das Ind\u00fastrias do Estado de Minas Gerais\",\"publisher\":{\"@id\":\"https:\/\/www.fiemg.com.br\/regional-rio-doce\/#organization\"},\"potentialAction\":[{\"@type\":\"SearchAction\",\"target\":{\"@type\":\"EntryPoint\",\"urlTemplate\":\"https:\/\/www.fiemg.com.br\/regional-rio-doce\/?s={search_term_string}\"},\"query-input\":{\"@type\":\"PropertyValueSpecification\",\"valueRequired\":true,\"valueName\":\"search_term_string\"}}],\"inLanguage\":\"pt-BR\"},{\"@type\":\"Organization\",\"@id\":\"https:\/\/www.fiemg.com.br\/regional-rio-doce\/#organization\",\"name\":\"Regional Rio doce\",\"url\":\"https:\/\/www.fiemg.com.br\/regional-rio-doce\/\",\"logo\":{\"@type\":\"ImageObject\",\"inLanguage\":\"pt-BR\",\"@id\":\"https:\/\/www.fiemg.com.br\/regional-rio-doce\/#\/schema\/logo\/image\/\",\"url\":\"https:\/\/www.fiemg.com.br\/regional-rio-doce\/wp-content\/uploads\/sites\/19\/2023\/02\/Ativo-1.png\",\"contentUrl\":\"https:\/\/www.fiemg.com.br\/regional-rio-doce\/wp-content\/uploads\/sites\/19\/2023\/02\/Ativo-1.png\",\"width\":563,\"height\":149,\"caption\":\"Regional Rio doce\"},\"image\":{\"@id\":\"https:\/\/www.fiemg.com.br\/regional-rio-doce\/#\/schema\/logo\/image\/\"}}]}<\/script>\n<!-- \/ Yoast SEO plugin. -->","yoast_head_json":{"title":"Cuide-se RUN movimenta Governador Valadares e refor\u00e7a compromisso da FIEMG com sa\u00fade e qualidade de vida - Regional Rio doce","description":"Iniciativa reuniu colaboradores do SESI, SENAI e FIEMG Regional Rio Doce em atividades esportivas que incentivam bem-estar, integra\u00e7\u00e3o e h\u00e1bitos saud\u00e1veis","robots":{"index":"index","follow":"follow","max-snippet":"max-snippet:-1","max-image-preview":"max-image-preview:large","max-video-preview":"max-video-preview:-1"},"canonical":"https:\/\/www.fiemg.com.br\/regional-rio-doce\/noticias\/iniciativa-reuniu-colaboradores-do-sesi-senai-e-fiemg-regional-rio-doce-em-atividades-esportivas-que-incentivam-bem-estar-integracao-e-habitos-saudaveis\/","og_locale":"pt_BR","og_type":"article","og_title":"Cuide-se RUN movimenta Governador Valadares e refor\u00e7a compromisso da FIEMG com sa\u00fade e qualidade de vida - Regional Rio doce","og_description":"Iniciativa reuniu colaboradores do SESI, SENAI e FIEMG Regional Rio Doce em atividades esportivas que incentivam bem-estar, integra\u00e7\u00e3o e h\u00e1bitos saud\u00e1veis","og_url":"https:\/\/www.fiemg.com.br\/regional-rio-doce\/noticias\/iniciativa-reuniu-colaboradores-do-sesi-senai-e-fiemg-regional-rio-doce-em-atividades-esportivas-que-incentivam-bem-estar-integracao-e-habitos-saudaveis\/","og_site_name":"Regional Rio doce","article_modified_time":"2026-03-10T14:41:20+00:00","og_image":[{"width":1024,"height":1024,"url":"https:\/\/www.fiemg.com.br\/regional-rio-doce\/wp-content\/uploads\/sites\/19\/2026\/03\/corrida-1-1024x1024.png","type":"image\/png"}],"twitter_card":"summary_large_image","twitter_misc":{"Est. tempo de leitura":"2 minutos"},"schema":{"@context":"https:\/\/schema.org","@graph":[{"@type":"WebPage","@id":"https:\/\/www.fiemg.com.br\/regional-rio-doce\/noticias\/iniciativa-reuniu-colaboradores-do-sesi-senai-e-fiemg-regional-rio-doce-em-atividades-esportivas-que-incentivam-bem-estar-integracao-e-habitos-saudaveis\/","url":"https:\/\/www.fiemg.com.br\/regional-rio-doce\/noticias\/iniciativa-reuniu-colaboradores-do-sesi-senai-e-fiemg-regional-rio-doce-em-atividades-esportivas-que-incentivam-bem-estar-integracao-e-habitos-saudaveis\/","name":"Cuide-se RUN movimenta Governador Valadares e refor\u00e7a compromisso da FIEMG com sa\u00fade e qualidade de vida - Regional Rio doce","isPartOf":{"@id":"https:\/\/www.fiemg.com.br\/regional-rio-doce\/#website"},"primaryImageOfPage":{"@id":"https:\/\/www.fiemg.com.br\/regional-rio-doce\/noticias\/iniciativa-reuniu-colaboradores-do-sesi-senai-e-fiemg-regional-rio-doce-em-atividades-esportivas-que-incentivam-bem-estar-integracao-e-habitos-saudaveis\/#primaryimage"},"image":{"@id":"https:\/\/www.fiemg.com.br\/regional-rio-doce\/noticias\/iniciativa-reuniu-colaboradores-do-sesi-senai-e-fiemg-regional-rio-doce-em-atividades-esportivas-que-incentivam-bem-estar-integracao-e-habitos-saudaveis\/#primaryimage"},"thumbnailUrl":"https:\/\/www.fiemg.com.br\/regional-rio-doce\/wp-content\/uploads\/sites\/19\/2026\/03\/corrida-1.png","datePublished":"2026-03-10T14:41:12+00:00","dateModified":"2026-03-10T14:41:20+00:00","description":"Iniciativa reuniu colaboradores do SESI, SENAI e FIEMG Regional Rio Doce em atividades esportivas que incentivam bem-estar, integra\u00e7\u00e3o e h\u00e1bitos saud\u00e1veis","breadcrumb":{"@id":"https:\/\/www.fiemg.com.br\/regional-rio-doce\/noticias\/iniciativa-reuniu-colaboradores-do-sesi-senai-e-fiemg-regional-rio-doce-em-atividades-esportivas-que-incentivam-bem-estar-integracao-e-habitos-saudaveis\/#breadcrumb"},"inLanguage":"pt-BR","potentialAction":[{"@type":"ReadAction","target":["https:\/\/www.fiemg.com.br\/regional-rio-doce\/noticias\/iniciativa-reuniu-colaboradores-do-sesi-senai-e-fiemg-regional-rio-doce-em-atividades-esportivas-que-incentivam-bem-estar-integracao-e-habitos-saudaveis\/"]}]},{"@type":"ImageObject","inLanguage":"pt-BR","@id":"https:\/\/www.fiemg.com.br\/regional-rio-doce\/noticias\/iniciativa-reuniu-colaboradores-do-sesi-senai-e-fiemg-regional-rio-doce-em-atividades-esportivas-que-incentivam-bem-estar-integracao-e-habitos-saudaveis\/#primaryimage","url":"https:\/\/www.fiemg.com.br\/regional-rio-doce\/wp-content\/uploads\/sites\/19\/2026\/03\/corrida-1.png","contentUrl":"https:\/\/www.fiemg.com.br\/regional-rio-doce\/wp-content\/uploads\/sites\/19\/2026\/03\/corrida-1.png","width":1600,"height":1600},{"@type":"BreadcrumbList","@id":"https:\/\/www.fiemg.com.br\/regional-rio-doce\/noticias\/iniciativa-reuniu-colaboradores-do-sesi-senai-e-fiemg-regional-rio-doce-em-atividades-esportivas-que-incentivam-bem-estar-integracao-e-habitos-saudaveis\/#breadcrumb","itemListElement":[{"@type":"ListItem","position":1,"name":"In\u00edcio","item":"https:\/\/www.fiemg.com.br\/regional-rio-doce\/"},{"@type":"ListItem","position":2,"name":"Cuide-se RUN movimenta Governador Valadares e refor\u00e7a compromisso da FIEMG com sa\u00fade e qualidade de vida"}]},{"@type":"WebSite","@id":"https:\/\/www.fiemg.com.br\/regional-rio-doce\/#website","url":"https:\/\/www.fiemg.com.br\/regional-rio-doce\/","name":"Regional Rio doce","description":"Federa\u00e7\u00e3o das Ind\u00fastrias do Estado de Minas Gerais","publisher":{"@id":"https:\/\/www.fiemg.com.br\/regional-rio-doce\/#organization"},"potentialAction":[{"@type":"SearchAction","target":{"@type":"EntryPoint","urlTemplate":"https:\/\/www.fiemg.com.br\/regional-rio-doce\/?s={search_term_string}"},"query-input":{"@type":"PropertyValueSpecification","valueRequired":true,"valueName":"search_term_string"}}],"inLanguage":"pt-BR"},{"@type":"Organization","@id":"https:\/\/www.fiemg.com.br\/regional-rio-doce\/#organization","name":"Regional Rio doce","url":"https:\/\/www.fiemg.com.br\/regional-rio-doce\/","logo":{"@type":"ImageObject","inLanguage":"pt-BR","@id":"https:\/\/www.fiemg.com.br\/regional-rio-doce\/#\/schema\/logo\/image\/","url":"https:\/\/www.fiemg.com.br\/regional-rio-doce\/wp-content\/uploads\/sites\/19\/2023\/02\/Ativo-1.png","contentUrl":"https:\/\/www.fiemg.com.br\/regional-rio-doce\/wp-content\/uploads\/sites\/19\/2023\/02\/Ativo-1.png","width":563,"height":149,"caption":"Regional Rio doce"},"image":{"@id":"https:\/\/www.fiemg.com.br\/regional-rio-doce\/#\/schema\/logo\/image\/"}}]}},"_links":{"self":[{"href":"https:\/\/www.fiemg.com.br\/regional-rio-doce\/wp-json\/wp\/v2\/noticias\/2366","targetHints":{"allow":["GET"]}}],"collection":[{"href":"https:\/\/www.fiemg.com.br\/regional-rio-doce\/wp-json\/wp\/v2\/noticias"}],"about":[{"href":"https:\/\/www.fiemg.com.br\/regional-rio-doce\/wp-json\/wp\/v2\/types\/noticias"}],"wp:featuredmedia":[{"embeddable":true,"href":"https:\/\/www.fiemg.com.br\/regional-rio-doce\/wp-json\/wp\/v2\/media\/2362"}],"wp:attachment":[{"href":"https:\/\/www.fiemg.com.br\/regional-rio-doce\/wp-json\/wp\/v2\/media?parent=2366"}],"wp:term":[{"taxonomy":"category","embeddable":true,"href":"https:\/\/www.fiemg.com.br\/regional-rio-doce\/wp-json\/wp\/v2\/categories?post=2366"},{"taxonomy":"post_tag","embeddable":true,"href":"https:\/\/www.fiemg.com.br\/regional-rio-doce\/wp-json\/wp\/v2\/tags?post=2366"}],"curies":[{"name":"wp","href":"https:\/\/api.w.org\/{rel}","templated":true}]}}