{"id":2449,"date":"2026-04-29T15:37:43","date_gmt":"2026-04-29T18:37:43","guid":{"rendered":"https:\/\/www.fiemg.com.br\/regional-rio-doce\/?post_type=noticias&#038;p=2449"},"modified":"2026-04-29T15:37:46","modified_gmt":"2026-04-29T18:37:46","slug":"conexao-elas-e-reforca-compromisso-com-o-empreendedorismo-feminino","status":"publish","type":"noticias","link":"https:\/\/www.fiemg.com.br\/regional-rio-doce\/noticias\/conexao-elas-e-reforca-compromisso-com-o-empreendedorismo-feminino\/","title":{"rendered":"&#8220;Conex\u00e3o Elas&#8221; e refor\u00e7a compromisso com o empreendedorismo feminino"},"content":{"rendered":"\n<p>A FIEMG Regional Rio Doce promoveu, em 25 de abril, em Governador Valadares, o Conex\u00e3o Elas, iniciativa voltada ao fortalecimento do empreendedorismo feminino e \u00e0 valoriza\u00e7\u00e3o da lideran\u00e7a das mulheres no ambiente de neg\u00f3cios. O evento reuniu empres\u00e1rias, gestoras e profissionais de diferentes setores, consolidando-se como um espa\u00e7o estrat\u00e9gico de articula\u00e7\u00e3o, troca de experi\u00eancias e gera\u00e7\u00e3o de conex\u00f5es qualificadas.<\/p>\n\n\n\n<p>O Conex\u00e3o Elas est\u00e1 alinhado \u00e0 atua\u00e7\u00e3o institucional da FIEMG no est\u00edmulo ao desenvolvimento econ\u00f4mico regional, por meio do fortalecimento de lideran\u00e7as e da promo\u00e7\u00e3o de um ambiente industrial mais diverso, inovador e competitivo. A entidade reconhece que a amplia\u00e7\u00e3o da participa\u00e7\u00e3o feminina em posi\u00e7\u00f5es de lideran\u00e7a contribui diretamente para o aumento da produtividade, da inova\u00e7\u00e3o e da sustentabilidade dos neg\u00f3cios.<\/p>\n\n\n\n<p>De acordo com Daniela Carvalho, analista de Servi\u00e7os Corporativos da FIEMG Regional Rio Doce, a iniciativa refor\u00e7a o direcionamento estrat\u00e9gico da Federa\u00e7\u00e3o. &#8220;O Conex\u00e3o Elas se consolida como um evento estrat\u00e9gico ao conectar mulheres que empreendem, lideram e impulsionam a transforma\u00e7\u00e3o de seus neg\u00f3cios. A FIEMG acredita que o fortalecimento dessas conex\u00f5es contribui para o avan\u00e7o da competitividade industrial&#8221;, destaca.<\/p>\n\n\n\n<figure class=\"wp-block-image aligncenter size-large\"><img fetchpriority=\"high\" decoding=\"async\" width=\"1024\" height=\"396\" src=\"https:\/\/www.fiemg.com.br\/regional-rio-doce\/wp-content\/uploads\/sites\/19\/2026\/04\/conexao_interna_2-1024x396.jpeg\" alt=\"FIEMG Regional Rio Doce realiza Conex\u00e3o Elas e refor\u00e7a compromisso com o empreendedorismo feminino\" class=\"wp-image-2451\" srcset=\"https:\/\/www.fiemg.com.br\/regional-rio-doce\/wp-content\/uploads\/sites\/19\/2026\/04\/conexao_interna_2-1024x396.jpeg 1024w, https:\/\/www.fiemg.com.br\/regional-rio-doce\/wp-content\/uploads\/sites\/19\/2026\/04\/conexao_interna_2-300x116.jpeg 300w, https:\/\/www.fiemg.com.br\/regional-rio-doce\/wp-content\/uploads\/sites\/19\/2026\/04\/conexao_interna_2-768x297.jpeg 768w, https:\/\/www.fiemg.com.br\/regional-rio-doce\/wp-content\/uploads\/sites\/19\/2026\/04\/conexao_interna_2.jpeg 1080w\" sizes=\"(max-width: 1024px) 100vw, 1024px\" \/><\/figure>\n\n\n\n<p><strong>Fortalecimento de lideran\u00e7as e est\u00edmulo \u00e0 competitividade<\/strong><\/p>\n\n\n\n<p>A programa\u00e7\u00e3o foi estruturada para promover o networking qualificado e o acesso a conte\u00fados relevantes, com foco em temas como lideran\u00e7a, posicionamento estrat\u00e9gico e gera\u00e7\u00e3o de oportunidades. O encontro tamb\u00e9m evidenciou a import\u00e2ncia das redes de relacionamento como vetor para o crescimento empresarial e para a amplia\u00e7\u00e3o da presen\u00e7a feminina em espa\u00e7os de decis\u00e3o.<\/p>\n\n\n\n<p>Ao atuar na realiza\u00e7\u00e3o do Conex\u00e3o Elas, a FIEMG Regional Rio Doce reafirma seu papel como agente de articula\u00e7\u00e3o do desenvolvimento industrial e social, apoiando iniciativas que impulsionam a qualifica\u00e7\u00e3o de lideran\u00e7as, a inova\u00e7\u00e3o e o aumento da competitividade das ind\u00fastrias da regi\u00e3o.<\/p>\n\n\n\n<p>Para a FIEMG, investir no fortalecimento do protagonismo feminino e na promo\u00e7\u00e3o de ambientes colaborativos \u00e9 fundamental para a constru\u00e7\u00e3o de um setor industrial mais din\u00e2mico, sustent\u00e1vel e preparado para os desafios contempor\u00e2neos.<br><br><strong>Imprensa FIEMG<\/strong><\/p>\n","protected":false},"featured_media":2452,"template":"","categories":[15],"tags":[286,71,156,95],"class_list":["post-2449","noticias","type-noticias","status-publish","has-post-thumbnail","hentry","category-desenvolvimento-industrial","tag-conexao-elas-2","tag-fiemg","tag-regional","tag-rio-doce"],"acf":[],"yoast_head":"<!-- This site is optimized with the Yoast SEO plugin v26.2 - https:\/\/yoast.com\/wordpress\/plugins\/seo\/ -->\n<title>&quot;Conex\u00e3o Elas&quot; e refor\u00e7a compromisso com o empreendedorismo feminino - Regional Rio doce<\/title>\n<meta name=\"description\" content=\"Iniciativa reuniu lideran\u00e7as em Governador Valadares e destacou o papel das mulheres no desenvolvimento econ\u00f4mico e industrial da regi\u00e3o\" \/>\n<meta name=\"robots\" content=\"index, follow, max-snippet:-1, max-image-preview:large, max-video-preview:-1\" \/>\n<link rel=\"canonical\" href=\"https:\/\/www.fiemg.com.br\/regional-rio-doce\/noticias\/conexao-elas-e-reforca-compromisso-com-o-empreendedorismo-feminino\/\" \/>\n<meta property=\"og:locale\" content=\"pt_BR\" \/>\n<meta property=\"og:type\" content=\"article\" \/>\n<meta property=\"og:title\" content=\"&quot;Conex\u00e3o Elas&quot; e refor\u00e7a compromisso com o empreendedorismo feminino - Regional Rio doce\" \/>\n<meta property=\"og:description\" content=\"Iniciativa reuniu lideran\u00e7as em Governador Valadares e destacou o papel das mulheres no desenvolvimento econ\u00f4mico e industrial da regi\u00e3o\" \/>\n<meta property=\"og:url\" content=\"https:\/\/www.fiemg.com.br\/regional-rio-doce\/noticias\/conexao-elas-e-reforca-compromisso-com-o-empreendedorismo-feminino\/\" \/>\n<meta property=\"og:site_name\" content=\"Regional Rio doce\" \/>\n<meta property=\"article:modified_time\" content=\"2026-04-29T18:37:46+00:00\" \/>\n<meta property=\"og:image\" content=\"https:\/\/www.fiemg.com.br\/regional-rio-doce\/wp-content\/uploads\/sites\/19\/2026\/04\/conexao_interna_thumb.jpeg\" \/>\n\t<meta property=\"og:image:width\" content=\"512\" \/>\n\t<meta property=\"og:image:height\" content=\"512\" \/>\n\t<meta property=\"og:image:type\" content=\"image\/jpeg\" \/>\n<meta name=\"twitter:card\" content=\"summary_large_image\" \/>\n<meta name=\"twitter:label1\" content=\"Est. tempo de leitura\" \/>\n\t<meta name=\"twitter:data1\" content=\"3 minutos\" \/>\n<script type=\"application\/ld+json\" class=\"yoast-schema-graph\">{\"@context\":\"https:\/\/schema.org\",\"@graph\":[{\"@type\":\"WebPage\",\"@id\":\"https:\/\/www.fiemg.com.br\/regional-rio-doce\/noticias\/conexao-elas-e-reforca-compromisso-com-o-empreendedorismo-feminino\/\",\"url\":\"https:\/\/www.fiemg.com.br\/regional-rio-doce\/noticias\/conexao-elas-e-reforca-compromisso-com-o-empreendedorismo-feminino\/\",\"name\":\"\\\"Conex\u00e3o Elas\\\" e refor\u00e7a compromisso com o empreendedorismo feminino - Regional Rio doce\",\"isPartOf\":{\"@id\":\"https:\/\/www.fiemg.com.br\/regional-rio-doce\/#website\"},\"primaryImageOfPage\":{\"@id\":\"https:\/\/www.fiemg.com.br\/regional-rio-doce\/noticias\/conexao-elas-e-reforca-compromisso-com-o-empreendedorismo-feminino\/#primaryimage\"},\"image\":{\"@id\":\"https:\/\/www.fiemg.com.br\/regional-rio-doce\/noticias\/conexao-elas-e-reforca-compromisso-com-o-empreendedorismo-feminino\/#primaryimage\"},\"thumbnailUrl\":\"https:\/\/www.fiemg.com.br\/regional-rio-doce\/wp-content\/uploads\/sites\/19\/2026\/04\/conexao_interna_thumb.jpeg\",\"datePublished\":\"2026-04-29T18:37:43+00:00\",\"dateModified\":\"2026-04-29T18:37:46+00:00\",\"description\":\"Iniciativa reuniu lideran\u00e7as em Governador Valadares e destacou o papel das mulheres no desenvolvimento econ\u00f4mico e industrial da regi\u00e3o\",\"breadcrumb\":{\"@id\":\"https:\/\/www.fiemg.com.br\/regional-rio-doce\/noticias\/conexao-elas-e-reforca-compromisso-com-o-empreendedorismo-feminino\/#breadcrumb\"},\"inLanguage\":\"pt-BR\",\"potentialAction\":[{\"@type\":\"ReadAction\",\"target\":[\"https:\/\/www.fiemg.com.br\/regional-rio-doce\/noticias\/conexao-elas-e-reforca-compromisso-com-o-empreendedorismo-feminino\/\"]}]},{\"@type\":\"ImageObject\",\"inLanguage\":\"pt-BR\",\"@id\":\"https:\/\/www.fiemg.com.br\/regional-rio-doce\/noticias\/conexao-elas-e-reforca-compromisso-com-o-empreendedorismo-feminino\/#primaryimage\",\"url\":\"https:\/\/www.fiemg.com.br\/regional-rio-doce\/wp-content\/uploads\/sites\/19\/2026\/04\/conexao_interna_thumb.jpeg\",\"contentUrl\":\"https:\/\/www.fiemg.com.br\/regional-rio-doce\/wp-content\/uploads\/sites\/19\/2026\/04\/conexao_interna_thumb.jpeg\",\"width\":512,\"height\":512,\"caption\":\"FIEMG Regional Rio Doce realiza Conex\u00e3o Elas e refor\u00e7a compromisso com o empreendedorismo feminino\"},{\"@type\":\"BreadcrumbList\",\"@id\":\"https:\/\/www.fiemg.com.br\/regional-rio-doce\/noticias\/conexao-elas-e-reforca-compromisso-com-o-empreendedorismo-feminino\/#breadcrumb\",\"itemListElement\":[{\"@type\":\"ListItem\",\"position\":1,\"name\":\"In\u00edcio\",\"item\":\"https:\/\/www.fiemg.com.br\/regional-rio-doce\/\"},{\"@type\":\"ListItem\",\"position\":2,\"name\":\"&#8220;Conex\u00e3o Elas&#8221; e refor\u00e7a compromisso com o empreendedorismo feminino\"}]},{\"@type\":\"WebSite\",\"@id\":\"https:\/\/www.fiemg.com.br\/regional-rio-doce\/#website\",\"url\":\"https:\/\/www.fiemg.com.br\/regional-rio-doce\/\",\"name\":\"Regional Rio doce\",\"description\":\"Federa\u00e7\u00e3o das Ind\u00fastrias do Estado de Minas Gerais\",\"publisher\":{\"@id\":\"https:\/\/www.fiemg.com.br\/regional-rio-doce\/#organization\"},\"potentialAction\":[{\"@type\":\"SearchAction\",\"target\":{\"@type\":\"EntryPoint\",\"urlTemplate\":\"https:\/\/www.fiemg.com.br\/regional-rio-doce\/?s={search_term_string}\"},\"query-input\":{\"@type\":\"PropertyValueSpecification\",\"valueRequired\":true,\"valueName\":\"search_term_string\"}}],\"inLanguage\":\"pt-BR\"},{\"@type\":\"Organization\",\"@id\":\"https:\/\/www.fiemg.com.br\/regional-rio-doce\/#organization\",\"name\":\"Regional Rio doce\",\"url\":\"https:\/\/www.fiemg.com.br\/regional-rio-doce\/\",\"logo\":{\"@type\":\"ImageObject\",\"inLanguage\":\"pt-BR\",\"@id\":\"https:\/\/www.fiemg.com.br\/regional-rio-doce\/#\/schema\/logo\/image\/\",\"url\":\"https:\/\/www.fiemg.com.br\/regional-rio-doce\/wp-content\/uploads\/sites\/19\/2023\/02\/Ativo-1.png\",\"contentUrl\":\"https:\/\/www.fiemg.com.br\/regional-rio-doce\/wp-content\/uploads\/sites\/19\/2023\/02\/Ativo-1.png\",\"width\":563,\"height\":149,\"caption\":\"Regional Rio doce\"},\"image\":{\"@id\":\"https:\/\/www.fiemg.com.br\/regional-rio-doce\/#\/schema\/logo\/image\/\"}}]}<\/script>\n<!-- \/ Yoast SEO plugin. -->","yoast_head_json":{"title":"\"Conex\u00e3o Elas\" e refor\u00e7a compromisso com o empreendedorismo feminino - Regional Rio doce","description":"Iniciativa reuniu lideran\u00e7as em Governador Valadares e destacou o papel das mulheres no desenvolvimento econ\u00f4mico e industrial da regi\u00e3o","robots":{"index":"index","follow":"follow","max-snippet":"max-snippet:-1","max-image-preview":"max-image-preview:large","max-video-preview":"max-video-preview:-1"},"canonical":"https:\/\/www.fiemg.com.br\/regional-rio-doce\/noticias\/conexao-elas-e-reforca-compromisso-com-o-empreendedorismo-feminino\/","og_locale":"pt_BR","og_type":"article","og_title":"\"Conex\u00e3o Elas\" e refor\u00e7a compromisso com o empreendedorismo feminino - Regional Rio doce","og_description":"Iniciativa reuniu lideran\u00e7as em Governador Valadares e destacou o papel das mulheres no desenvolvimento econ\u00f4mico e industrial da regi\u00e3o","og_url":"https:\/\/www.fiemg.com.br\/regional-rio-doce\/noticias\/conexao-elas-e-reforca-compromisso-com-o-empreendedorismo-feminino\/","og_site_name":"Regional Rio doce","article_modified_time":"2026-04-29T18:37:46+00:00","og_image":[{"width":512,"height":512,"url":"https:\/\/www.fiemg.com.br\/regional-rio-doce\/wp-content\/uploads\/sites\/19\/2026\/04\/conexao_interna_thumb.jpeg","type":"image\/jpeg"}],"twitter_card":"summary_large_image","twitter_misc":{"Est. tempo de leitura":"3 minutos"},"schema":{"@context":"https:\/\/schema.org","@graph":[{"@type":"WebPage","@id":"https:\/\/www.fiemg.com.br\/regional-rio-doce\/noticias\/conexao-elas-e-reforca-compromisso-com-o-empreendedorismo-feminino\/","url":"https:\/\/www.fiemg.com.br\/regional-rio-doce\/noticias\/conexao-elas-e-reforca-compromisso-com-o-empreendedorismo-feminino\/","name":"\"Conex\u00e3o Elas\" e refor\u00e7a compromisso com o empreendedorismo feminino - Regional Rio doce","isPartOf":{"@id":"https:\/\/www.fiemg.com.br\/regional-rio-doce\/#website"},"primaryImageOfPage":{"@id":"https:\/\/www.fiemg.com.br\/regional-rio-doce\/noticias\/conexao-elas-e-reforca-compromisso-com-o-empreendedorismo-feminino\/#primaryimage"},"image":{"@id":"https:\/\/www.fiemg.com.br\/regional-rio-doce\/noticias\/conexao-elas-e-reforca-compromisso-com-o-empreendedorismo-feminino\/#primaryimage"},"thumbnailUrl":"https:\/\/www.fiemg.com.br\/regional-rio-doce\/wp-content\/uploads\/sites\/19\/2026\/04\/conexao_interna_thumb.jpeg","datePublished":"2026-04-29T18:37:43+00:00","dateModified":"2026-04-29T18:37:46+00:00","description":"Iniciativa reuniu lideran\u00e7as em Governador Valadares e destacou o papel das mulheres no desenvolvimento econ\u00f4mico e industrial da regi\u00e3o","breadcrumb":{"@id":"https:\/\/www.fiemg.com.br\/regional-rio-doce\/noticias\/conexao-elas-e-reforca-compromisso-com-o-empreendedorismo-feminino\/#breadcrumb"},"inLanguage":"pt-BR","potentialAction":[{"@type":"ReadAction","target":["https:\/\/www.fiemg.com.br\/regional-rio-doce\/noticias\/conexao-elas-e-reforca-compromisso-com-o-empreendedorismo-feminino\/"]}]},{"@type":"ImageObject","inLanguage":"pt-BR","@id":"https:\/\/www.fiemg.com.br\/regional-rio-doce\/noticias\/conexao-elas-e-reforca-compromisso-com-o-empreendedorismo-feminino\/#primaryimage","url":"https:\/\/www.fiemg.com.br\/regional-rio-doce\/wp-content\/uploads\/sites\/19\/2026\/04\/conexao_interna_thumb.jpeg","contentUrl":"https:\/\/www.fiemg.com.br\/regional-rio-doce\/wp-content\/uploads\/sites\/19\/2026\/04\/conexao_interna_thumb.jpeg","width":512,"height":512,"caption":"FIEMG Regional Rio Doce realiza Conex\u00e3o Elas e refor\u00e7a compromisso com o empreendedorismo feminino"},{"@type":"BreadcrumbList","@id":"https:\/\/www.fiemg.com.br\/regional-rio-doce\/noticias\/conexao-elas-e-reforca-compromisso-com-o-empreendedorismo-feminino\/#breadcrumb","itemListElement":[{"@type":"ListItem","position":1,"name":"In\u00edcio","item":"https:\/\/www.fiemg.com.br\/regional-rio-doce\/"},{"@type":"ListItem","position":2,"name":"&#8220;Conex\u00e3o Elas&#8221; e refor\u00e7a compromisso com o empreendedorismo feminino"}]},{"@type":"WebSite","@id":"https:\/\/www.fiemg.com.br\/regional-rio-doce\/#website","url":"https:\/\/www.fiemg.com.br\/regional-rio-doce\/","name":"Regional Rio doce","description":"Federa\u00e7\u00e3o das Ind\u00fastrias do Estado de Minas Gerais","publisher":{"@id":"https:\/\/www.fiemg.com.br\/regional-rio-doce\/#organization"},"potentialAction":[{"@type":"SearchAction","target":{"@type":"EntryPoint","urlTemplate":"https:\/\/www.fiemg.com.br\/regional-rio-doce\/?s={search_term_string}"},"query-input":{"@type":"PropertyValueSpecification","valueRequired":true,"valueName":"search_term_string"}}],"inLanguage":"pt-BR"},{"@type":"Organization","@id":"https:\/\/www.fiemg.com.br\/regional-rio-doce\/#organization","name":"Regional Rio doce","url":"https:\/\/www.fiemg.com.br\/regional-rio-doce\/","logo":{"@type":"ImageObject","inLanguage":"pt-BR","@id":"https:\/\/www.fiemg.com.br\/regional-rio-doce\/#\/schema\/logo\/image\/","url":"https:\/\/www.fiemg.com.br\/regional-rio-doce\/wp-content\/uploads\/sites\/19\/2023\/02\/Ativo-1.png","contentUrl":"https:\/\/www.fiemg.com.br\/regional-rio-doce\/wp-content\/uploads\/sites\/19\/2023\/02\/Ativo-1.png","width":563,"height":149,"caption":"Regional Rio doce"},"image":{"@id":"https:\/\/www.fiemg.com.br\/regional-rio-doce\/#\/schema\/logo\/image\/"}}]}},"_links":{"self":[{"href":"https:\/\/www.fiemg.com.br\/regional-rio-doce\/wp-json\/wp\/v2\/noticias\/2449","targetHints":{"allow":["GET"]}}],"collection":[{"href":"https:\/\/www.fiemg.com.br\/regional-rio-doce\/wp-json\/wp\/v2\/noticias"}],"about":[{"href":"https:\/\/www.fiemg.com.br\/regional-rio-doce\/wp-json\/wp\/v2\/types\/noticias"}],"wp:featuredmedia":[{"embeddable":true,"href":"https:\/\/www.fiemg.com.br\/regional-rio-doce\/wp-json\/wp\/v2\/media\/2452"}],"wp:attachment":[{"href":"https:\/\/www.fiemg.com.br\/regional-rio-doce\/wp-json\/wp\/v2\/media?parent=2449"}],"wp:term":[{"taxonomy":"category","embeddable":true,"href":"https:\/\/www.fiemg.com.br\/regional-rio-doce\/wp-json\/wp\/v2\/categories?post=2449"},{"taxonomy":"post_tag","embeddable":true,"href":"https:\/\/www.fiemg.com.br\/regional-rio-doce\/wp-json\/wp\/v2\/tags?post=2449"}],"curies":[{"name":"wp","href":"https:\/\/api.w.org\/{rel}","templated":true}]}}