{"id":2868,"date":"2026-08-31T08:00:00","date_gmt":"2026-08-31T11:00:00","guid":{"rendered":"https:\/\/www.fiemg.com.br\/regional-rio-doce\/?post_type=noticias&#038;p=2868"},"modified":"2026-08-31T13:38:01","modified_gmt":"2026-08-31T16:38:01","slug":"sesi-abre-vagas-em-todas-as-unidades-de-minas-gerais","status":"publish","type":"noticias","link":"https:\/\/www.fiemg.com.br\/regional-rio-doce\/noticias\/sesi-abre-vagas-em-todas-as-unidades-de-minas-gerais\/","title":{"rendered":"Inscri\u00e7\u00f5es para processo seletivo das Escolas SESI terminam em 6 de setembro"},"content":{"rendered":"\n<p class=\"wp-block-paragraph\">Com uma proposta que integra conhecimento, tecnologia e criatividade, a Rede de Escolas SESI oferta mais de 7,2 mil vagas para novos alunos em 2027. As oportunidades contemplam estudantes da Educa\u00e7\u00e3o Infantil ao Ensino M\u00e9dio, em diferentes regi\u00f5es de Minas Gerais.<\/p>\n\n\n\n<p class=\"wp-block-paragraph\">Atualmente, a rede conta com quase 30 mil<strong> <\/strong>alunos matriculados e est\u00e1 presente em Minas Gerais com mais de 45 unidades escolares. Para o pr\u00f3ximo ciclo, as inscri\u00e7\u00f5es abertas at\u00e9 6 de setembro pelo site <a href=\"https:\/\/sesiescolas.fiemg.com.br\/?__hstc=121588759.c7263b2b6dc3f1cc3a573af6c88fe65c.1787765459125.1787765459125.1787765459125.1&amp;__hssc=121588759.1.1787765459125&amp;__hsfp=51d4ececcd9a92c2abaffa897e2b53b4\" id=\"https:\/\/sesiescolas.fiemg.com.br\/?__hstc=121588759.c7263b2b6dc3f1cc3a573af6c88fe65c.1787765459125.1787765459125.1787765459125.1&amp;__hssc=121588759.1.1787765459125&amp;__hsfp=51d4ececcd9a92c2abaffa897e2b53b4\" target=\"_blank\" rel=\"noreferrer noopener\"><strong>sesimg.com.br<\/strong><\/a> e s\u00e3o destinadas a toda a comunidade, n\u00e3o apenas aos filhos de trabalhadores da ind\u00fastria.<\/p>\n\n\n\n<p class=\"wp-block-paragraph\">Estudar em uma Escola SESI \u00e9 ter acesso a uma forma\u00e7\u00e3o que prepara crian\u00e7as e jovens para os desafios do presente e do futuro. Para participar do processo de admiss\u00e3o, o respons\u00e1vel deve acessar o site, selecionar a cidade e escolher a unidade escolar de interesse. Na p\u00e1gina de cada escola est\u00e3o dispon\u00edveis informa\u00e7\u00f5es como anos letivos ofertados, quadro de vagas, contatos e o edital espec\u00edfico da unidade, com todas as orienta\u00e7\u00f5es sobre o processo de admiss\u00e3o.<\/p>\n\n\n\n<p class=\"wp-block-paragraph\"><strong>Educa\u00e7\u00e3o preparada para o futuro<\/strong><\/p>\n\n\n\n<p class=\"wp-block-paragraph\">Nas Escolas SESI, a aprendizagem combina forma\u00e7\u00e3o acad\u00eamica, inova\u00e7\u00e3o e desenvolvimento de compet\u00eancias essenciais para a vida. Recursos como rob\u00f3tica, cultura maker, investiga\u00e7\u00e3o cient\u00edfica e tecnologia fazem parte das experi\u00eancias pedag\u00f3gicas, estimulando criatividade, autonomia, pensamento cr\u00edtico, colabora\u00e7\u00e3o e resolu\u00e7\u00e3o de problemas.<\/p>\n\n\n\n<p class=\"wp-block-paragraph\">Para a gerente de Educa\u00e7\u00e3o B\u00e1sica do SESI, Fl\u00e1via Bento, preparar os estudantes para o futuro exige uma forma\u00e7\u00e3o que acompanhe as transforma\u00e7\u00f5es do mundo sem deixar de valorizar o conhecimento e as rela\u00e7\u00f5es humanas. <\/p>\n\n\n\n<p class=\"wp-block-paragraph\">&#8220;Nossa proposta educacional integra excel\u00eancia acad\u00eamica, forma\u00e7\u00e3o humana e inova\u00e7\u00e3o de maneira \u00e9tica e intencional, valorizando os conhecimentos historicamente constru\u00eddos pela sociedade e, ao mesmo tempo, desenvolvendo as compet\u00eancias necess\u00e1rias para que cada estudante compreenda, transforme e atue de forma respons\u00e1vel no mundo em constante mudan\u00e7a&#8221;, avalia.<\/p>\n\n\n\n<p class=\"wp-block-paragraph\">Segundo a gerente, a tecnologia \u00e9 utilizada como uma ferramenta para potencializar a aprendizagem e ampliar as possibilidades de desenvolvimento dos estudantes. &#8220;No cotidiano escolar, a tecnologia \u00e9 utilizada como um recurso a servi\u00e7o da aprendizagem, potencializando a investiga\u00e7\u00e3o, a criatividade, a resolu\u00e7\u00e3o de problemas e o pensamento cr\u00edtico, sem perder de vista as rela\u00e7\u00f5es humanas, o protagonismo, a colabora\u00e7\u00e3o, a empatia e os valores que orientam a forma\u00e7\u00e3o integral&#8221;, conclui.<\/p>\n\n\n\n<p class=\"wp-block-paragraph\"><strong>Processo de admiss\u00e3o varia por etapa<\/strong><\/p>\n\n\n\n<p class=\"wp-block-paragraph\">O processo de admiss\u00e3o considera as caracter\u00edsticas de cada fase escolar. Para a Educa\u00e7\u00e3o Infantil e o 1\u00ba e 2\u00ba anos do Ensino Fundamental, n\u00e3o h\u00e1 aplica\u00e7\u00e3o de prova. Caso o n\u00famero de inscritos seja superior ao de vagas, a classifica\u00e7\u00e3o ser\u00e1 feita pela ordem de inscri\u00e7\u00e3o.<\/p>\n\n\n\n<p class=\"wp-block-paragraph\">A partir do 3\u00ba ano do Ensino Fundamental at\u00e9 o Ensino M\u00e9dio, os candidatos realizam avalia\u00e7\u00f5es de L\u00edngua Portuguesa e Matem\u00e1tica. As datas, hor\u00e1rios, locais e demais orienta\u00e7\u00f5es devem ser consultados no edital da unidade escolhida.<\/p>\n\n\n\n<p class=\"wp-block-paragraph\">Os resultados ser\u00e3o enviados por e-mail a partir de 22 de setembro. As fam\u00edlias devem acompanhar as mensagens no endere\u00e7o informado durante a inscri\u00e7\u00e3o para receber as orienta\u00e7\u00f5es sobre as pr\u00f3ximas etapas.<\/p>\n\n\n\n<p class=\"wp-block-paragraph\"><strong>Leia tamb\u00e9m: <a href=\"https:\/\/www.fiemg.com.br\/noticias\/tres-meses-para-o-enem-5-estrategias-para-acertar-nos-estudos-e-brilhar-na-prova\/\">ENEM 2026: 5 estrat\u00e9gias para acertar nos estudos e brilhar na prova<\/a><\/strong><\/p>\n\n\n\n<p class=\"wp-block-paragraph\"><strong>Servi\u00e7o<\/strong>:<\/p>\n\n\n\n<p class=\"wp-block-paragraph\"><strong>Admiss\u00e3o de novos alunos das Escolas SESI \u2013 2027<\/strong><strong><br><\/strong><strong>Inscri\u00e7\u00f5es:<\/strong>&nbsp;at\u00e9 6 de setembro de 2026<br><strong>Site:<\/strong>&nbsp;<a href=\"http:\/\/sesimg.com.br\/?__hstc=121588759.bf32c466a76fc5562d7336fff17d9dbd.1787764058096.1787764058096.1787764058096.1&amp;__hssc=121588759.3.1787764058096&amp;__hsfp=51d4ececcd9a92c2abaffa897e2b53b4\">sesimg.com.br<br><\/a><strong>Resultado:<\/strong>&nbsp;a partir de 22 de setembro, por e-mail<br><strong>Editais:<\/strong>&nbsp;cada unidade possui documento espec\u00edfico, dispon\u00edvel na p\u00e1gina da escola<br><strong>Apoio:<\/strong>&nbsp;candidatos com dificuldade de acesso \u00e0 internet podem procurar presencialmente a unidade escolhida.<\/p>\n\n\n\n<p class=\"wp-block-paragraph\"><em>Ana Paula Motta<\/em><em><br><\/em><strong>Imprensa FIEMG<\/strong><\/p>\n","protected":false},"featured_media":2890,"template":"","categories":[16],"tags":[81,355,356],"class_list":["post-2868","noticias","type-noticias","status-publish","has-post-thumbnail","hentry","category-educacao","tag-escola-sesi","tag-rede-escolas-sesi","tag-sesi-mg-2"],"acf":[],"yoast_head":"<!-- This site is optimized with the Yoast SEO plugin v27.7 - https:\/\/yoast.com\/product\/yoast-seo-wordpress\/ -->\n<title>Inscri\u00e7\u00f5es para processo seletivo das Escolas SESI terminam em 6 de setembro - Regional Rio doce<\/title>\n<meta name=\"description\" content=\"A Rede de Escolas SESI oferta mais de 7,2 mil vagas para novos alunos em 2027; as inscri\u00e7\u00f5es est\u00e3o abertas at\u00e9 6 de setembro.\" \/>\n<meta name=\"robots\" content=\"index, follow, max-snippet:-1, max-image-preview:large, max-video-preview:-1\" \/>\n<link rel=\"canonical\" href=\"https:\/\/www.fiemg.com.br\/regional-rio-doce\/noticias\/sesi-abre-vagas-em-todas-as-unidades-de-minas-gerais\/\" \/>\n<meta property=\"og:locale\" content=\"pt_BR\" \/>\n<meta property=\"og:type\" content=\"article\" \/>\n<meta property=\"og:title\" content=\"Inscri\u00e7\u00f5es para processo seletivo das Escolas SESI terminam em 6 de setembro - Regional Rio doce\" \/>\n<meta property=\"og:description\" content=\"A Rede de Escolas SESI oferta mais de 7,2 mil vagas para novos alunos em 2027; as inscri\u00e7\u00f5es est\u00e3o abertas at\u00e9 6 de setembro.\" \/>\n<meta property=\"og:url\" content=\"https:\/\/www.fiemg.com.br\/regional-rio-doce\/noticias\/sesi-abre-vagas-em-todas-as-unidades-de-minas-gerais\/\" \/>\n<meta property=\"og:site_name\" content=\"Regional Rio doce\" \/>\n<meta property=\"article:modified_time\" content=\"2026-08-31T16:38:01+00:00\" \/>\n<meta property=\"og:image\" content=\"https:\/\/www.fiemg.com.br\/regional-rio-doce\/wp-content\/uploads\/sites\/19\/2026\/08\/Banner-3-\u2014-512-x-512-px_5803663_3940436_9142750_7643967.png\" \/>\n\t<meta property=\"og:image:width\" content=\"512\" \/>\n\t<meta property=\"og:image:height\" content=\"512\" \/>\n\t<meta property=\"og:image:type\" content=\"image\/png\" \/>\n<meta name=\"twitter:card\" content=\"summary_large_image\" \/>\n<meta name=\"twitter:label1\" content=\"Est. tempo de leitura\" \/>\n\t<meta name=\"twitter:data1\" content=\"4 minutos\" \/>\n<script type=\"application\/ld+json\" class=\"yoast-schema-graph\">{\"@context\":\"https:\\\/\\\/schema.org\",\"@graph\":[{\"@type\":\"WebPage\",\"@id\":\"https:\\\/\\\/www.fiemg.com.br\\\/regional-rio-doce\\\/noticias\\\/sesi-abre-vagas-em-todas-as-unidades-de-minas-gerais\\\/\",\"url\":\"https:\\\/\\\/www.fiemg.com.br\\\/regional-rio-doce\\\/noticias\\\/sesi-abre-vagas-em-todas-as-unidades-de-minas-gerais\\\/\",\"name\":\"Inscri\u00e7\u00f5es para processo seletivo das Escolas SESI terminam em 6 de setembro - Regional Rio doce\",\"isPartOf\":{\"@id\":\"https:\\\/\\\/www.fiemg.com.br\\\/regional-rio-doce\\\/#website\"},\"primaryImageOfPage\":{\"@id\":\"https:\\\/\\\/www.fiemg.com.br\\\/regional-rio-doce\\\/noticias\\\/sesi-abre-vagas-em-todas-as-unidades-de-minas-gerais\\\/#primaryimage\"},\"image\":{\"@id\":\"https:\\\/\\\/www.fiemg.com.br\\\/regional-rio-doce\\\/noticias\\\/sesi-abre-vagas-em-todas-as-unidades-de-minas-gerais\\\/#primaryimage\"},\"thumbnailUrl\":\"https:\\\/\\\/www.fiemg.com.br\\\/regional-rio-doce\\\/wp-content\\\/uploads\\\/sites\\\/19\\\/2026\\\/08\\\/Banner-3-\u2014-512-x-512-px_5803663_3940436_9142750_7643967.png\",\"datePublished\":\"2026-08-31T11:00:00+00:00\",\"dateModified\":\"2026-08-31T16:38:01+00:00\",\"description\":\"A Rede de Escolas SESI oferta mais de 7,2 mil vagas para novos alunos em 2027; as inscri\u00e7\u00f5es est\u00e3o abertas at\u00e9 6 de setembro.\",\"breadcrumb\":{\"@id\":\"https:\\\/\\\/www.fiemg.com.br\\\/regional-rio-doce\\\/noticias\\\/sesi-abre-vagas-em-todas-as-unidades-de-minas-gerais\\\/#breadcrumb\"},\"inLanguage\":\"pt-BR\",\"potentialAction\":[{\"@type\":\"ReadAction\",\"target\":[\"https:\\\/\\\/www.fiemg.com.br\\\/regional-rio-doce\\\/noticias\\\/sesi-abre-vagas-em-todas-as-unidades-de-minas-gerais\\\/\"]}]},{\"@type\":\"ImageObject\",\"inLanguage\":\"pt-BR\",\"@id\":\"https:\\\/\\\/www.fiemg.com.br\\\/regional-rio-doce\\\/noticias\\\/sesi-abre-vagas-em-todas-as-unidades-de-minas-gerais\\\/#primaryimage\",\"url\":\"https:\\\/\\\/www.fiemg.com.br\\\/regional-rio-doce\\\/wp-content\\\/uploads\\\/sites\\\/19\\\/2026\\\/08\\\/Banner-3-\u2014-512-x-512-px_5803663_3940436_9142750_7643967.png\",\"contentUrl\":\"https:\\\/\\\/www.fiemg.com.br\\\/regional-rio-doce\\\/wp-content\\\/uploads\\\/sites\\\/19\\\/2026\\\/08\\\/Banner-3-\u2014-512-x-512-px_5803663_3940436_9142750_7643967.png\",\"width\":512,\"height\":512},{\"@type\":\"BreadcrumbList\",\"@id\":\"https:\\\/\\\/www.fiemg.com.br\\\/regional-rio-doce\\\/noticias\\\/sesi-abre-vagas-em-todas-as-unidades-de-minas-gerais\\\/#breadcrumb\",\"itemListElement\":[{\"@type\":\"ListItem\",\"position\":1,\"name\":\"In\u00edcio\",\"item\":\"https:\\\/\\\/www.fiemg.com.br\\\/regional-rio-doce\\\/\"},{\"@type\":\"ListItem\",\"position\":2,\"name\":\"Inscri\u00e7\u00f5es para processo seletivo das Escolas SESI terminam em 6 de setembro\"}]},{\"@type\":\"WebSite\",\"@id\":\"https:\\\/\\\/www.fiemg.com.br\\\/regional-rio-doce\\\/#website\",\"url\":\"https:\\\/\\\/www.fiemg.com.br\\\/regional-rio-doce\\\/\",\"name\":\"Regional Rio doce\",\"description\":\"Federa\u00e7\u00e3o das Ind\u00fastrias do Estado de Minas Gerais\",\"publisher\":{\"@id\":\"https:\\\/\\\/www.fiemg.com.br\\\/regional-rio-doce\\\/#organization\"},\"potentialAction\":[{\"@type\":\"SearchAction\",\"target\":{\"@type\":\"EntryPoint\",\"urlTemplate\":\"https:\\\/\\\/www.fiemg.com.br\\\/regional-rio-doce\\\/?s={search_term_string}\"},\"query-input\":{\"@type\":\"PropertyValueSpecification\",\"valueRequired\":true,\"valueName\":\"search_term_string\"}}],\"inLanguage\":\"pt-BR\"},{\"@type\":\"Organization\",\"@id\":\"https:\\\/\\\/www.fiemg.com.br\\\/regional-rio-doce\\\/#organization\",\"name\":\"Regional Rio doce\",\"url\":\"https:\\\/\\\/www.fiemg.com.br\\\/regional-rio-doce\\\/\",\"logo\":{\"@type\":\"ImageObject\",\"inLanguage\":\"pt-BR\",\"@id\":\"https:\\\/\\\/www.fiemg.com.br\\\/regional-rio-doce\\\/#\\\/schema\\\/logo\\\/image\\\/\",\"url\":\"https:\\\/\\\/www.fiemg.com.br\\\/regional-rio-doce\\\/wp-content\\\/uploads\\\/sites\\\/19\\\/2023\\\/02\\\/Ativo-1.png\",\"contentUrl\":\"https:\\\/\\\/www.fiemg.com.br\\\/regional-rio-doce\\\/wp-content\\\/uploads\\\/sites\\\/19\\\/2023\\\/02\\\/Ativo-1.png\",\"width\":563,\"height\":149,\"caption\":\"Regional Rio doce\"},\"image\":{\"@id\":\"https:\\\/\\\/www.fiemg.com.br\\\/regional-rio-doce\\\/#\\\/schema\\\/logo\\\/image\\\/\"}}]}<\/script>\n<!-- \/ Yoast SEO plugin. -->","yoast_head_json":{"title":"Inscri\u00e7\u00f5es para processo seletivo das Escolas SESI terminam em 6 de setembro - Regional Rio doce","description":"A Rede de Escolas SESI oferta mais de 7,2 mil vagas para novos alunos em 2027; as inscri\u00e7\u00f5es est\u00e3o abertas at\u00e9 6 de setembro.","robots":{"index":"index","follow":"follow","max-snippet":"max-snippet:-1","max-image-preview":"max-image-preview:large","max-video-preview":"max-video-preview:-1"},"canonical":"https:\/\/www.fiemg.com.br\/regional-rio-doce\/noticias\/sesi-abre-vagas-em-todas-as-unidades-de-minas-gerais\/","og_locale":"pt_BR","og_type":"article","og_title":"Inscri\u00e7\u00f5es para processo seletivo das Escolas SESI terminam em 6 de setembro - Regional Rio doce","og_description":"A Rede de Escolas SESI oferta mais de 7,2 mil vagas para novos alunos em 2027; as inscri\u00e7\u00f5es est\u00e3o abertas at\u00e9 6 de setembro.","og_url":"https:\/\/www.fiemg.com.br\/regional-rio-doce\/noticias\/sesi-abre-vagas-em-todas-as-unidades-de-minas-gerais\/","og_site_name":"Regional Rio doce","article_modified_time":"2026-08-31T16:38:01+00:00","og_image":[{"width":512,"height":512,"url":"https:\/\/www.fiemg.com.br\/regional-rio-doce\/wp-content\/uploads\/sites\/19\/2026\/08\/Banner-3-\u2014-512-x-512-px_5803663_3940436_9142750_7643967.png","type":"image\/png"}],"twitter_card":"summary_large_image","twitter_misc":{"Est. tempo de leitura":"4 minutos"},"schema":{"@context":"https:\/\/schema.org","@graph":[{"@type":"WebPage","@id":"https:\/\/www.fiemg.com.br\/regional-rio-doce\/noticias\/sesi-abre-vagas-em-todas-as-unidades-de-minas-gerais\/","url":"https:\/\/www.fiemg.com.br\/regional-rio-doce\/noticias\/sesi-abre-vagas-em-todas-as-unidades-de-minas-gerais\/","name":"Inscri\u00e7\u00f5es para processo seletivo das Escolas SESI terminam em 6 de setembro - Regional Rio doce","isPartOf":{"@id":"https:\/\/www.fiemg.com.br\/regional-rio-doce\/#website"},"primaryImageOfPage":{"@id":"https:\/\/www.fiemg.com.br\/regional-rio-doce\/noticias\/sesi-abre-vagas-em-todas-as-unidades-de-minas-gerais\/#primaryimage"},"image":{"@id":"https:\/\/www.fiemg.com.br\/regional-rio-doce\/noticias\/sesi-abre-vagas-em-todas-as-unidades-de-minas-gerais\/#primaryimage"},"thumbnailUrl":"https:\/\/www.fiemg.com.br\/regional-rio-doce\/wp-content\/uploads\/sites\/19\/2026\/08\/Banner-3-\u2014-512-x-512-px_5803663_3940436_9142750_7643967.png","datePublished":"2026-08-31T11:00:00+00:00","dateModified":"2026-08-31T16:38:01+00:00","description":"A Rede de Escolas SESI oferta mais de 7,2 mil vagas para novos alunos em 2027; as inscri\u00e7\u00f5es est\u00e3o abertas at\u00e9 6 de setembro.","breadcrumb":{"@id":"https:\/\/www.fiemg.com.br\/regional-rio-doce\/noticias\/sesi-abre-vagas-em-todas-as-unidades-de-minas-gerais\/#breadcrumb"},"inLanguage":"pt-BR","potentialAction":[{"@type":"ReadAction","target":["https:\/\/www.fiemg.com.br\/regional-rio-doce\/noticias\/sesi-abre-vagas-em-todas-as-unidades-de-minas-gerais\/"]}]},{"@type":"ImageObject","inLanguage":"pt-BR","@id":"https:\/\/www.fiemg.com.br\/regional-rio-doce\/noticias\/sesi-abre-vagas-em-todas-as-unidades-de-minas-gerais\/#primaryimage","url":"https:\/\/www.fiemg.com.br\/regional-rio-doce\/wp-content\/uploads\/sites\/19\/2026\/08\/Banner-3-\u2014-512-x-512-px_5803663_3940436_9142750_7643967.png","contentUrl":"https:\/\/www.fiemg.com.br\/regional-rio-doce\/wp-content\/uploads\/sites\/19\/2026\/08\/Banner-3-\u2014-512-x-512-px_5803663_3940436_9142750_7643967.png","width":512,"height":512},{"@type":"BreadcrumbList","@id":"https:\/\/www.fiemg.com.br\/regional-rio-doce\/noticias\/sesi-abre-vagas-em-todas-as-unidades-de-minas-gerais\/#breadcrumb","itemListElement":[{"@type":"ListItem","position":1,"name":"In\u00edcio","item":"https:\/\/www.fiemg.com.br\/regional-rio-doce\/"},{"@type":"ListItem","position":2,"name":"Inscri\u00e7\u00f5es para processo seletivo das Escolas SESI terminam em 6 de setembro"}]},{"@type":"WebSite","@id":"https:\/\/www.fiemg.com.br\/regional-rio-doce\/#website","url":"https:\/\/www.fiemg.com.br\/regional-rio-doce\/","name":"Regional Rio doce","description":"Federa\u00e7\u00e3o das Ind\u00fastrias do Estado de Minas Gerais","publisher":{"@id":"https:\/\/www.fiemg.com.br\/regional-rio-doce\/#organization"},"potentialAction":[{"@type":"SearchAction","target":{"@type":"EntryPoint","urlTemplate":"https:\/\/www.fiemg.com.br\/regional-rio-doce\/?s={search_term_string}"},"query-input":{"@type":"PropertyValueSpecification","valueRequired":true,"valueName":"search_term_string"}}],"inLanguage":"pt-BR"},{"@type":"Organization","@id":"https:\/\/www.fiemg.com.br\/regional-rio-doce\/#organization","name":"Regional Rio doce","url":"https:\/\/www.fiemg.com.br\/regional-rio-doce\/","logo":{"@type":"ImageObject","inLanguage":"pt-BR","@id":"https:\/\/www.fiemg.com.br\/regional-rio-doce\/#\/schema\/logo\/image\/","url":"https:\/\/www.fiemg.com.br\/regional-rio-doce\/wp-content\/uploads\/sites\/19\/2023\/02\/Ativo-1.png","contentUrl":"https:\/\/www.fiemg.com.br\/regional-rio-doce\/wp-content\/uploads\/sites\/19\/2023\/02\/Ativo-1.png","width":563,"height":149,"caption":"Regional Rio doce"},"image":{"@id":"https:\/\/www.fiemg.com.br\/regional-rio-doce\/#\/schema\/logo\/image\/"}}]}},"_links":{"self":[{"href":"https:\/\/www.fiemg.com.br\/regional-rio-doce\/wp-json\/wp\/v2\/noticias\/2868","targetHints":{"allow":["GET"]}}],"collection":[{"href":"https:\/\/www.fiemg.com.br\/regional-rio-doce\/wp-json\/wp\/v2\/noticias"}],"about":[{"href":"https:\/\/www.fiemg.com.br\/regional-rio-doce\/wp-json\/wp\/v2\/types\/noticias"}],"wp:featuredmedia":[{"embeddable":true,"href":"https:\/\/www.fiemg.com.br\/regional-rio-doce\/wp-json\/wp\/v2\/media\/2890"}],"wp:attachment":[{"href":"https:\/\/www.fiemg.com.br\/regional-rio-doce\/wp-json\/wp\/v2\/media?parent=2868"}],"wp:term":[{"taxonomy":"category","embeddable":true,"href":"https:\/\/www.fiemg.com.br\/regional-rio-doce\/wp-json\/wp\/v2\/categories?post=2868"},{"taxonomy":"post_tag","embeddable":true,"href":"https:\/\/www.fiemg.com.br\/regional-rio-doce\/wp-json\/wp\/v2\/tags?post=2868"}],"curies":[{"name":"wp","href":"https:\/\/api.w.org\/{rel}","templated":true}]}}