{"id":2882,"date":"2026-08-31T12:50:03","date_gmt":"2026-08-31T15:50:03","guid":{"rendered":"https:\/\/www.fiemg.com.br\/regional-rio-doce\/noticias\/evento-promovido-pelo-sinduscon-gv-reuniu-especialistas-e-empresarios-para-discutir-os-desafios-e-oportunidades-do-novo-sistema-tributario\/"},"modified":"2026-08-31T12:50:09","modified_gmt":"2026-08-31T15:50:09","slug":"evento-promovido-pelo-sinduscon-gv-reuniu-especialistas-e-empresarios-para-discutir-os-desafios-e-oportunidades-do-novo-sistema-tributario","status":"publish","type":"noticias","link":"https:\/\/www.fiemg.com.br\/regional-rio-doce\/noticias\/evento-promovido-pelo-sinduscon-gv-reuniu-especialistas-e-empresarios-para-discutir-os-desafios-e-oportunidades-do-novo-sistema-tributario\/","title":{"rendered":"FIEMG Regional Rio Doce apoia f\u00f3rum sobre Reforma Tribut\u00e1ria na constru\u00e7\u00e3o civil"},"content":{"rendered":"\n<p class=\"wp-block-paragraph\">A FIEMG Regional Rio Doce apoiou a realiza\u00e7\u00e3o do I F\u00f3rum de Engenharia e Constru\u00e7\u00e3o Civil: Impactos da Reforma Tribut\u00e1ria, promovido pelo Sindicato das Ind\u00fastrias da Constru\u00e7\u00e3o Civil de Governador Valadares (Sinduscon-GV), entidade empresarial filiada ao Sistema FIEMG. O evento ocorreu no dia 25 de agosto, no audit\u00f3rio da Regional, em Governador Valadares, e reuniu empres\u00e1rios, engenheiros, profissionais da constru\u00e7\u00e3o civil e representantes de institui\u00e7\u00f5es parceiras.<\/p>\n\n\n\n<p class=\"wp-block-paragraph\">A iniciativa teve como objetivo ampliar o entendimento do setor sobre as mudan\u00e7as previstas na Reforma Tribut\u00e1ria e seus reflexos na constru\u00e7\u00e3o civil, contribuindo para que as empresas se preparem para o novo cen\u00e1rio econ\u00f4mico e regulat\u00f3rio.<\/p>\n\n\n\n<p class=\"wp-block-paragraph\">Durante o f\u00f3rum, especialistas abordaram aspectos t\u00e9cnicos da Reforma Tribut\u00e1ria e os poss\u00edveis impactos sobre custos, planejamento, investimentos e gest\u00e3o dos neg\u00f3cios. A programa\u00e7\u00e3o contou com palestras, pain\u00e9is de debate e momentos de networking, proporcionando aos participantes acesso a informa\u00e7\u00f5es atualizadas e oportunidades para troca de experi\u00eancias.<\/p>\n\n\n\n<p class=\"wp-block-paragraph\">Como representante da ind\u00fastria na regi\u00e3o, a FIEMG Regional Rio Doce apoia iniciativas que promovem conhecimento, qualifica\u00e7\u00e3o empresarial e fortalecimento da competitividade dos setores produtivos. O apoio ao f\u00f3rum refor\u00e7a a atua\u00e7\u00e3o da entidade na dissemina\u00e7\u00e3o de informa\u00e7\u00f5es estrat\u00e9gicas que auxiliam as empresas na tomada de decis\u00f5es e contribuem para o desenvolvimento econ\u00f4mico regional.<\/p>\n\n\n\n<p class=\"wp-block-paragraph\">O encontro tamb\u00e9m destacou a import\u00e2ncia da atua\u00e7\u00e3o dos sindicatos empresariais filiados \u00e0 FIEMG na representa\u00e7\u00e3o dos interesses da ind\u00fastria e na promo\u00e7\u00e3o de iniciativas voltadas ao desenvolvimento dos setores produtivos. Nesse contexto, o Sinduscon-GV exerce papel relevante no fortalecimento da constru\u00e7\u00e3o civil regional, promovendo a\u00e7\u00f5es que favorecem o ambiente de neg\u00f3cios e a competitividade das empresas.<\/p>\n\n\n\n<p class=\"wp-block-paragraph\">Ao apoiar a iniciativa e receber o evento em sua sede, a FIEMG Regional Rio Doce refor\u00e7a sua atua\u00e7\u00e3o como parceira das entidades sindicais empresariais e como espa\u00e7o para debates sobre temas estrat\u00e9gicos que impactam a ind\u00fastria e o desenvolvimento regional.<\/p>\n\n\n\n<p class=\"wp-block-paragraph\">O I F\u00f3rum de Engenharia e Constru\u00e7\u00e3o Civil foi realizado pelo Sinduscon-GV, com patroc\u00ednio do CREA-MG e da M\u00fatua-MG e apoio da FIEMG Regional Rio Doce, Amplitus Engenharia, AnalysisCON e Ello.<\/p>\n\n\n\n<p class=\"wp-block-paragraph\"><\/p>\n","protected":false},"featured_media":2884,"template":"","categories":[15],"tags":[71,124,201],"class_list":["post-2882","noticias","type-noticias","status-publish","has-post-thumbnail","hentry","category-desenvolvimento-industrial","tag-fiemg","tag-fiemg-regional-rio-doce","tag-reforma-tributaria"],"acf":[],"yoast_head":"<!-- This site is optimized with the Yoast SEO plugin v27.7 - https:\/\/yoast.com\/product\/yoast-seo-wordpress\/ -->\n<title>FIEMG Regional Rio Doce apoia f\u00f3rum sobre Reforma Tribut\u00e1ria na constru\u00e7\u00e3o civil - Regional Rio doce<\/title>\n<meta name=\"robots\" content=\"index, follow, max-snippet:-1, max-image-preview:large, max-video-preview:-1\" \/>\n<link rel=\"canonical\" href=\"https:\/\/www.fiemg.com.br\/regional-rio-doce\/noticias\/evento-promovido-pelo-sinduscon-gv-reuniu-especialistas-e-empresarios-para-discutir-os-desafios-e-oportunidades-do-novo-sistema-tributario\/\" \/>\n<meta property=\"og:locale\" content=\"pt_BR\" \/>\n<meta property=\"og:type\" content=\"article\" \/>\n<meta property=\"og:title\" content=\"FIEMG Regional Rio Doce apoia f\u00f3rum sobre Reforma Tribut\u00e1ria na constru\u00e7\u00e3o civil - Regional Rio doce\" \/>\n<meta property=\"og:description\" content=\"A FIEMG Regional Rio Doce apoiou a realiza\u00e7\u00e3o do I F\u00f3rum de Engenharia e Constru\u00e7\u00e3o Civil: Impactos da Reforma Tribut\u00e1ria, promovido pelo Sindicato das Ind\u00fastrias da Constru\u00e7\u00e3o Civil de Governador Valadares (Sinduscon-GV), entidade empresarial filiada ao Sistema FIEMG. O evento ocorreu no dia 25 de agosto, no audit\u00f3rio da Regional, em Governador Valadares, e reuniu [&hellip;]\" \/>\n<meta property=\"og:url\" content=\"https:\/\/www.fiemg.com.br\/regional-rio-doce\/noticias\/evento-promovido-pelo-sinduscon-gv-reuniu-especialistas-e-empresarios-para-discutir-os-desafios-e-oportunidades-do-novo-sistema-tributario\/\" \/>\n<meta property=\"og:site_name\" content=\"Regional Rio doce\" \/>\n<meta property=\"article:modified_time\" content=\"2026-08-31T15:50:09+00:00\" \/>\n<meta property=\"og:image\" content=\"https:\/\/www.fiemg.com.br\/regional-rio-doce\/wp-content\/uploads\/sites\/19\/2023\/08\/default.png\" \/>\n\t<meta property=\"og:image:width\" content=\"300\" \/>\n\t<meta property=\"og:image:height\" content=\"300\" \/>\n\t<meta property=\"og:image:type\" content=\"image\/png\" \/>\n<meta name=\"twitter:card\" content=\"summary_large_image\" \/>\n<meta name=\"twitter:label1\" content=\"Est. tempo de leitura\" \/>\n\t<meta name=\"twitter:data1\" content=\"2 minutos\" \/>\n<script type=\"application\/ld+json\" class=\"yoast-schema-graph\">{\"@context\":\"https:\\\/\\\/schema.org\",\"@graph\":[{\"@type\":\"WebPage\",\"@id\":\"https:\\\/\\\/www.fiemg.com.br\\\/regional-rio-doce\\\/noticias\\\/evento-promovido-pelo-sinduscon-gv-reuniu-especialistas-e-empresarios-para-discutir-os-desafios-e-oportunidades-do-novo-sistema-tributario\\\/\",\"url\":\"https:\\\/\\\/www.fiemg.com.br\\\/regional-rio-doce\\\/noticias\\\/evento-promovido-pelo-sinduscon-gv-reuniu-especialistas-e-empresarios-para-discutir-os-desafios-e-oportunidades-do-novo-sistema-tributario\\\/\",\"name\":\"FIEMG Regional Rio Doce apoia f\u00f3rum sobre Reforma Tribut\u00e1ria na constru\u00e7\u00e3o civil - Regional Rio doce\",\"isPartOf\":{\"@id\":\"https:\\\/\\\/www.fiemg.com.br\\\/regional-rio-doce\\\/#website\"},\"primaryImageOfPage\":{\"@id\":\"https:\\\/\\\/www.fiemg.com.br\\\/regional-rio-doce\\\/noticias\\\/evento-promovido-pelo-sinduscon-gv-reuniu-especialistas-e-empresarios-para-discutir-os-desafios-e-oportunidades-do-novo-sistema-tributario\\\/#primaryimage\"},\"image\":{\"@id\":\"https:\\\/\\\/www.fiemg.com.br\\\/regional-rio-doce\\\/noticias\\\/evento-promovido-pelo-sinduscon-gv-reuniu-especialistas-e-empresarios-para-discutir-os-desafios-e-oportunidades-do-novo-sistema-tributario\\\/#primaryimage\"},\"thumbnailUrl\":\"https:\\\/\\\/www.fiemg.com.br\\\/regional-rio-doce\\\/wp-content\\\/uploads\\\/sites\\\/19\\\/2026\\\/08\\\/forum-riogal-rio-doce.png\",\"datePublished\":\"2026-08-31T15:50:03+00:00\",\"dateModified\":\"2026-08-31T15:50:09+00:00\",\"breadcrumb\":{\"@id\":\"https:\\\/\\\/www.fiemg.com.br\\\/regional-rio-doce\\\/noticias\\\/evento-promovido-pelo-sinduscon-gv-reuniu-especialistas-e-empresarios-para-discutir-os-desafios-e-oportunidades-do-novo-sistema-tributario\\\/#breadcrumb\"},\"inLanguage\":\"pt-BR\",\"potentialAction\":[{\"@type\":\"ReadAction\",\"target\":[\"https:\\\/\\\/www.fiemg.com.br\\\/regional-rio-doce\\\/noticias\\\/evento-promovido-pelo-sinduscon-gv-reuniu-especialistas-e-empresarios-para-discutir-os-desafios-e-oportunidades-do-novo-sistema-tributario\\\/\"]}]},{\"@type\":\"ImageObject\",\"inLanguage\":\"pt-BR\",\"@id\":\"https:\\\/\\\/www.fiemg.com.br\\\/regional-rio-doce\\\/noticias\\\/evento-promovido-pelo-sinduscon-gv-reuniu-especialistas-e-empresarios-para-discutir-os-desafios-e-oportunidades-do-novo-sistema-tributario\\\/#primaryimage\",\"url\":\"https:\\\/\\\/www.fiemg.com.br\\\/regional-rio-doce\\\/wp-content\\\/uploads\\\/sites\\\/19\\\/2026\\\/08\\\/forum-riogal-rio-doce.png\",\"contentUrl\":\"https:\\\/\\\/www.fiemg.com.br\\\/regional-rio-doce\\\/wp-content\\\/uploads\\\/sites\\\/19\\\/2026\\\/08\\\/forum-riogal-rio-doce.png\",\"width\":1600,\"height\":1600},{\"@type\":\"BreadcrumbList\",\"@id\":\"https:\\\/\\\/www.fiemg.com.br\\\/regional-rio-doce\\\/noticias\\\/evento-promovido-pelo-sinduscon-gv-reuniu-especialistas-e-empresarios-para-discutir-os-desafios-e-oportunidades-do-novo-sistema-tributario\\\/#breadcrumb\",\"itemListElement\":[{\"@type\":\"ListItem\",\"position\":1,\"name\":\"In\u00edcio\",\"item\":\"https:\\\/\\\/www.fiemg.com.br\\\/regional-rio-doce\\\/\"},{\"@type\":\"ListItem\",\"position\":2,\"name\":\"FIEMG Regional Rio Doce apoia f\u00f3rum sobre Reforma Tribut\u00e1ria na constru\u00e7\u00e3o civil\"}]},{\"@type\":\"WebSite\",\"@id\":\"https:\\\/\\\/www.fiemg.com.br\\\/regional-rio-doce\\\/#website\",\"url\":\"https:\\\/\\\/www.fiemg.com.br\\\/regional-rio-doce\\\/\",\"name\":\"Regional Rio doce\",\"description\":\"Federa\u00e7\u00e3o das Ind\u00fastrias do Estado de Minas Gerais\",\"publisher\":{\"@id\":\"https:\\\/\\\/www.fiemg.com.br\\\/regional-rio-doce\\\/#organization\"},\"potentialAction\":[{\"@type\":\"SearchAction\",\"target\":{\"@type\":\"EntryPoint\",\"urlTemplate\":\"https:\\\/\\\/www.fiemg.com.br\\\/regional-rio-doce\\\/?s={search_term_string}\"},\"query-input\":{\"@type\":\"PropertyValueSpecification\",\"valueRequired\":true,\"valueName\":\"search_term_string\"}}],\"inLanguage\":\"pt-BR\"},{\"@type\":\"Organization\",\"@id\":\"https:\\\/\\\/www.fiemg.com.br\\\/regional-rio-doce\\\/#organization\",\"name\":\"Regional Rio doce\",\"url\":\"https:\\\/\\\/www.fiemg.com.br\\\/regional-rio-doce\\\/\",\"logo\":{\"@type\":\"ImageObject\",\"inLanguage\":\"pt-BR\",\"@id\":\"https:\\\/\\\/www.fiemg.com.br\\\/regional-rio-doce\\\/#\\\/schema\\\/logo\\\/image\\\/\",\"url\":\"https:\\\/\\\/www.fiemg.com.br\\\/regional-rio-doce\\\/wp-content\\\/uploads\\\/sites\\\/19\\\/2023\\\/02\\\/Ativo-1.png\",\"contentUrl\":\"https:\\\/\\\/www.fiemg.com.br\\\/regional-rio-doce\\\/wp-content\\\/uploads\\\/sites\\\/19\\\/2023\\\/02\\\/Ativo-1.png\",\"width\":563,\"height\":149,\"caption\":\"Regional Rio doce\"},\"image\":{\"@id\":\"https:\\\/\\\/www.fiemg.com.br\\\/regional-rio-doce\\\/#\\\/schema\\\/logo\\\/image\\\/\"}}]}<\/script>\n<!-- \/ Yoast SEO plugin. -->","yoast_head_json":{"title":"FIEMG Regional Rio Doce apoia f\u00f3rum sobre Reforma Tribut\u00e1ria na constru\u00e7\u00e3o civil - Regional Rio doce","robots":{"index":"index","follow":"follow","max-snippet":"max-snippet:-1","max-image-preview":"max-image-preview:large","max-video-preview":"max-video-preview:-1"},"canonical":"https:\/\/www.fiemg.com.br\/regional-rio-doce\/noticias\/evento-promovido-pelo-sinduscon-gv-reuniu-especialistas-e-empresarios-para-discutir-os-desafios-e-oportunidades-do-novo-sistema-tributario\/","og_locale":"pt_BR","og_type":"article","og_title":"FIEMG Regional Rio Doce apoia f\u00f3rum sobre Reforma Tribut\u00e1ria na constru\u00e7\u00e3o civil - Regional Rio doce","og_description":"A FIEMG Regional Rio Doce apoiou a realiza\u00e7\u00e3o do I F\u00f3rum de Engenharia e Constru\u00e7\u00e3o Civil: Impactos da Reforma Tribut\u00e1ria, promovido pelo Sindicato das Ind\u00fastrias da Constru\u00e7\u00e3o Civil de Governador Valadares (Sinduscon-GV), entidade empresarial filiada ao Sistema FIEMG. O evento ocorreu no dia 25 de agosto, no audit\u00f3rio da Regional, em Governador Valadares, e reuniu [&hellip;]","og_url":"https:\/\/www.fiemg.com.br\/regional-rio-doce\/noticias\/evento-promovido-pelo-sinduscon-gv-reuniu-especialistas-e-empresarios-para-discutir-os-desafios-e-oportunidades-do-novo-sistema-tributario\/","og_site_name":"Regional Rio doce","article_modified_time":"2026-08-31T15:50:09+00:00","og_image":[{"width":300,"height":300,"url":"https:\/\/www.fiemg.com.br\/regional-rio-doce\/wp-content\/uploads\/sites\/19\/2023\/08\/default.png","type":"image\/png"}],"twitter_card":"summary_large_image","twitter_misc":{"Est. tempo de leitura":"2 minutos"},"schema":{"@context":"https:\/\/schema.org","@graph":[{"@type":"WebPage","@id":"https:\/\/www.fiemg.com.br\/regional-rio-doce\/noticias\/evento-promovido-pelo-sinduscon-gv-reuniu-especialistas-e-empresarios-para-discutir-os-desafios-e-oportunidades-do-novo-sistema-tributario\/","url":"https:\/\/www.fiemg.com.br\/regional-rio-doce\/noticias\/evento-promovido-pelo-sinduscon-gv-reuniu-especialistas-e-empresarios-para-discutir-os-desafios-e-oportunidades-do-novo-sistema-tributario\/","name":"FIEMG Regional Rio Doce apoia f\u00f3rum sobre Reforma Tribut\u00e1ria na constru\u00e7\u00e3o civil - Regional Rio doce","isPartOf":{"@id":"https:\/\/www.fiemg.com.br\/regional-rio-doce\/#website"},"primaryImageOfPage":{"@id":"https:\/\/www.fiemg.com.br\/regional-rio-doce\/noticias\/evento-promovido-pelo-sinduscon-gv-reuniu-especialistas-e-empresarios-para-discutir-os-desafios-e-oportunidades-do-novo-sistema-tributario\/#primaryimage"},"image":{"@id":"https:\/\/www.fiemg.com.br\/regional-rio-doce\/noticias\/evento-promovido-pelo-sinduscon-gv-reuniu-especialistas-e-empresarios-para-discutir-os-desafios-e-oportunidades-do-novo-sistema-tributario\/#primaryimage"},"thumbnailUrl":"https:\/\/www.fiemg.com.br\/regional-rio-doce\/wp-content\/uploads\/sites\/19\/2026\/08\/forum-riogal-rio-doce.png","datePublished":"2026-08-31T15:50:03+00:00","dateModified":"2026-08-31T15:50:09+00:00","breadcrumb":{"@id":"https:\/\/www.fiemg.com.br\/regional-rio-doce\/noticias\/evento-promovido-pelo-sinduscon-gv-reuniu-especialistas-e-empresarios-para-discutir-os-desafios-e-oportunidades-do-novo-sistema-tributario\/#breadcrumb"},"inLanguage":"pt-BR","potentialAction":[{"@type":"ReadAction","target":["https:\/\/www.fiemg.com.br\/regional-rio-doce\/noticias\/evento-promovido-pelo-sinduscon-gv-reuniu-especialistas-e-empresarios-para-discutir-os-desafios-e-oportunidades-do-novo-sistema-tributario\/"]}]},{"@type":"ImageObject","inLanguage":"pt-BR","@id":"https:\/\/www.fiemg.com.br\/regional-rio-doce\/noticias\/evento-promovido-pelo-sinduscon-gv-reuniu-especialistas-e-empresarios-para-discutir-os-desafios-e-oportunidades-do-novo-sistema-tributario\/#primaryimage","url":"https:\/\/www.fiemg.com.br\/regional-rio-doce\/wp-content\/uploads\/sites\/19\/2026\/08\/forum-riogal-rio-doce.png","contentUrl":"https:\/\/www.fiemg.com.br\/regional-rio-doce\/wp-content\/uploads\/sites\/19\/2026\/08\/forum-riogal-rio-doce.png","width":1600,"height":1600},{"@type":"BreadcrumbList","@id":"https:\/\/www.fiemg.com.br\/regional-rio-doce\/noticias\/evento-promovido-pelo-sinduscon-gv-reuniu-especialistas-e-empresarios-para-discutir-os-desafios-e-oportunidades-do-novo-sistema-tributario\/#breadcrumb","itemListElement":[{"@type":"ListItem","position":1,"name":"In\u00edcio","item":"https:\/\/www.fiemg.com.br\/regional-rio-doce\/"},{"@type":"ListItem","position":2,"name":"FIEMG Regional Rio Doce apoia f\u00f3rum sobre Reforma Tribut\u00e1ria na constru\u00e7\u00e3o civil"}]},{"@type":"WebSite","@id":"https:\/\/www.fiemg.com.br\/regional-rio-doce\/#website","url":"https:\/\/www.fiemg.com.br\/regional-rio-doce\/","name":"Regional Rio doce","description":"Federa\u00e7\u00e3o das Ind\u00fastrias do Estado de Minas Gerais","publisher":{"@id":"https:\/\/www.fiemg.com.br\/regional-rio-doce\/#organization"},"potentialAction":[{"@type":"SearchAction","target":{"@type":"EntryPoint","urlTemplate":"https:\/\/www.fiemg.com.br\/regional-rio-doce\/?s={search_term_string}"},"query-input":{"@type":"PropertyValueSpecification","valueRequired":true,"valueName":"search_term_string"}}],"inLanguage":"pt-BR"},{"@type":"Organization","@id":"https:\/\/www.fiemg.com.br\/regional-rio-doce\/#organization","name":"Regional Rio doce","url":"https:\/\/www.fiemg.com.br\/regional-rio-doce\/","logo":{"@type":"ImageObject","inLanguage":"pt-BR","@id":"https:\/\/www.fiemg.com.br\/regional-rio-doce\/#\/schema\/logo\/image\/","url":"https:\/\/www.fiemg.com.br\/regional-rio-doce\/wp-content\/uploads\/sites\/19\/2023\/02\/Ativo-1.png","contentUrl":"https:\/\/www.fiemg.com.br\/regional-rio-doce\/wp-content\/uploads\/sites\/19\/2023\/02\/Ativo-1.png","width":563,"height":149,"caption":"Regional Rio doce"},"image":{"@id":"https:\/\/www.fiemg.com.br\/regional-rio-doce\/#\/schema\/logo\/image\/"}}]}},"_links":{"self":[{"href":"https:\/\/www.fiemg.com.br\/regional-rio-doce\/wp-json\/wp\/v2\/noticias\/2882","targetHints":{"allow":["GET"]}}],"collection":[{"href":"https:\/\/www.fiemg.com.br\/regional-rio-doce\/wp-json\/wp\/v2\/noticias"}],"about":[{"href":"https:\/\/www.fiemg.com.br\/regional-rio-doce\/wp-json\/wp\/v2\/types\/noticias"}],"wp:featuredmedia":[{"embeddable":true,"href":"https:\/\/www.fiemg.com.br\/regional-rio-doce\/wp-json\/wp\/v2\/media\/2884"}],"wp:attachment":[{"href":"https:\/\/www.fiemg.com.br\/regional-rio-doce\/wp-json\/wp\/v2\/media?parent=2882"}],"wp:term":[{"taxonomy":"category","embeddable":true,"href":"https:\/\/www.fiemg.com.br\/regional-rio-doce\/wp-json\/wp\/v2\/categories?post=2882"},{"taxonomy":"post_tag","embeddable":true,"href":"https:\/\/www.fiemg.com.br\/regional-rio-doce\/wp-json\/wp\/v2\/tags?post=2882"}],"curies":[{"name":"wp","href":"https:\/\/api.w.org\/{rel}","templated":true}]}}