{"id":2885,"date":"2026-08-31T13:02:46","date_gmt":"2026-08-31T16:02:46","guid":{"rendered":"https:\/\/www.fiemg.com.br\/regional-rio-doce\/noticias\/iniciativa-contou-com-apoio-da-fiemg-regional-rio-doce\/"},"modified":"2026-08-31T13:02:49","modified_gmt":"2026-08-31T16:02:49","slug":"iniciativa-contou-com-apoio-da-fiemg-regional-rio-doce","status":"publish","type":"noticias","link":"https:\/\/www.fiemg.com.br\/regional-rio-doce\/noticias\/iniciativa-contou-com-apoio-da-fiemg-regional-rio-doce\/","title":{"rendered":"SINPAC-GV promove curso sobre vendas com Intelig\u00eancia Artificial"},"content":{"rendered":"\n<p class=\"wp-block-paragraph\">Entre os dias 25 e 27 de agosto, empres\u00e1rios, gestores e profissionais do setor de panifica\u00e7\u00e3o participaram do curso Vendas de Alta Performance com IA, promovido pelo Sindicato das Ind\u00fastrias de Panifica\u00e7\u00e3o e Confeitaria de Governador Valadares (SINPAC), entidade filiada \u00e0 FIEMG Regional Rio Doce. Realizada em Governador Valadares, a capacita\u00e7\u00e3o apresentou estrat\u00e9gias de vendas aliadas ao uso da intelig\u00eancia artificial para aumentar a produtividade, melhorar resultados e fortalecer o relacionamento com os clientes.<\/p>\n\n\n\n<p class=\"wp-block-paragraph\">Ministrado pelo consultor Paulo Mariottini, especialista com mais de 20 anos de experi\u00eancia em vendas e desenvolvimento de equipes, o curso proporcionou tr\u00eas dias de imers\u00e3o em temas relacionados \u00e0 gest\u00e3o comercial, inova\u00e7\u00e3o e aplica\u00e7\u00e3o pr\u00e1tica de ferramentas tecnol\u00f3gicas nos neg\u00f3cios.<\/p>\n\n\n\n<p class=\"wp-block-paragraph\">Durante a programa\u00e7\u00e3o, os participantes tiveram acesso a conte\u00fados sobre t\u00e9cnicas de vendas, posicionamento estrat\u00e9gico, relacionamento com clientes e utiliza\u00e7\u00e3o da intelig\u00eancia artificial como ferramenta de apoio \u00e0 tomada de decis\u00e3o e ao aumento da efici\u00eancia comercial.<\/p>\n\n\n\n<p class=\"wp-block-paragraph\">A iniciativa integra as a\u00e7\u00f5es do SINPAC voltadas ao desenvolvimento das empresas representadas e \u00e0 atualiza\u00e7\u00e3o dos profissionais do setor diante das transforma\u00e7\u00f5es do mercado. A proposta \u00e9 contribuir para que as ind\u00fastrias de panifica\u00e7\u00e3o e confeitaria estejam cada vez mais preparadas para incorporar novas tecnologias \u00e0s estrat\u00e9gias comerciais e \u00e0 gest\u00e3o dos neg\u00f3cios.<\/p>\n\n\n\n<p class=\"wp-block-paragraph\">Entre os participantes, a avalia\u00e7\u00e3o da capacita\u00e7\u00e3o foi positiva. O associado Max Millian destacou a qualidade do conte\u00fado apresentado e a possibilidade de aplicar os conhecimentos adquiridos na rotina profissional.<\/p>\n\n\n\n<p class=\"wp-block-paragraph\">\u201cFoi um curso muito bom, com foco especial em vendas e estrat\u00e9gias para melhorar os resultados. O consultor demonstrou dom\u00ednio do conte\u00fado e trouxe conhecimentos importantes para o nosso dia a dia profissional\u201d, afirmou.<\/p>\n\n\n\n<p class=\"wp-block-paragraph\">A a\u00e7\u00e3o contou com o apoio da FIEMG Regional Rio Doce, fortalecendo a parceria com o sindicato em iniciativas voltadas \u00e0 qualifica\u00e7\u00e3o empresarial e ao desenvolvimento da ind\u00fastria na regi\u00e3o.<\/p>\n\n\n\n<p class=\"wp-block-paragraph\">Ao promover capacita\u00e7\u00f5es e oportunidades de atualiza\u00e7\u00e3o profissional, o SINPAC refor\u00e7a sua atua\u00e7\u00e3o na representa\u00e7\u00e3o da ind\u00fastria de panifica\u00e7\u00e3o e confeitaria de Governador Valadares e na cria\u00e7\u00e3o de condi\u00e7\u00f5es para que as empresas do setor se tornem mais produtivas e competitivas.<\/p>\n\n\n\n<p class=\"wp-block-paragraph\"><\/p>\n","protected":false},"featured_media":2887,"template":"","categories":[15],"tags":[363,95],"class_list":["post-2885","noticias","type-noticias","status-publish","has-post-thumbnail","hentry","category-desenvolvimento-industrial","tag-ia","tag-rio-doce"],"acf":[],"yoast_head":"<!-- This site is optimized with the Yoast SEO plugin v27.7 - https:\/\/yoast.com\/product\/yoast-seo-wordpress\/ -->\n<title>SINPAC-GV promove curso sobre vendas com Intelig\u00eancia Artificial - Regional Rio doce<\/title>\n<meta name=\"description\" content=\"Iniciativa contou com apoio da FIEMG Regional Rio Doce\" \/>\n<meta name=\"robots\" content=\"index, follow, max-snippet:-1, max-image-preview:large, max-video-preview:-1\" \/>\n<link rel=\"canonical\" href=\"https:\/\/www.fiemg.com.br\/regional-rio-doce\/noticias\/iniciativa-contou-com-apoio-da-fiemg-regional-rio-doce\/\" \/>\n<meta property=\"og:locale\" content=\"pt_BR\" \/>\n<meta property=\"og:type\" content=\"article\" \/>\n<meta property=\"og:title\" content=\"SINPAC-GV promove curso sobre vendas com Intelig\u00eancia Artificial - Regional Rio doce\" \/>\n<meta property=\"og:description\" content=\"Iniciativa contou com apoio da FIEMG Regional Rio Doce\" \/>\n<meta property=\"og:url\" content=\"https:\/\/www.fiemg.com.br\/regional-rio-doce\/noticias\/iniciativa-contou-com-apoio-da-fiemg-regional-rio-doce\/\" \/>\n<meta property=\"og:site_name\" content=\"Regional Rio doce\" \/>\n<meta property=\"article:modified_time\" content=\"2026-08-31T16:02:49+00:00\" \/>\n<meta property=\"og:image\" content=\"https:\/\/www.fiemg.com.br\/regional-rio-doce\/wp-content\/uploads\/sites\/19\/2026\/08\/IA-Rio-doce-curso-1024x1024.png\" \/>\n\t<meta property=\"og:image:width\" content=\"1024\" \/>\n\t<meta property=\"og:image:height\" content=\"1024\" \/>\n\t<meta property=\"og:image:type\" content=\"image\/png\" \/>\n<meta name=\"twitter:card\" content=\"summary_large_image\" \/>\n<meta name=\"twitter:label1\" content=\"Est. tempo de leitura\" \/>\n\t<meta name=\"twitter:data1\" content=\"3 minutos\" \/>\n<script type=\"application\/ld+json\" class=\"yoast-schema-graph\">{\"@context\":\"https:\\\/\\\/schema.org\",\"@graph\":[{\"@type\":\"WebPage\",\"@id\":\"https:\\\/\\\/www.fiemg.com.br\\\/regional-rio-doce\\\/noticias\\\/iniciativa-contou-com-apoio-da-fiemg-regional-rio-doce\\\/\",\"url\":\"https:\\\/\\\/www.fiemg.com.br\\\/regional-rio-doce\\\/noticias\\\/iniciativa-contou-com-apoio-da-fiemg-regional-rio-doce\\\/\",\"name\":\"SINPAC-GV promove curso sobre vendas com Intelig\u00eancia Artificial - Regional Rio doce\",\"isPartOf\":{\"@id\":\"https:\\\/\\\/www.fiemg.com.br\\\/regional-rio-doce\\\/#website\"},\"primaryImageOfPage\":{\"@id\":\"https:\\\/\\\/www.fiemg.com.br\\\/regional-rio-doce\\\/noticias\\\/iniciativa-contou-com-apoio-da-fiemg-regional-rio-doce\\\/#primaryimage\"},\"image\":{\"@id\":\"https:\\\/\\\/www.fiemg.com.br\\\/regional-rio-doce\\\/noticias\\\/iniciativa-contou-com-apoio-da-fiemg-regional-rio-doce\\\/#primaryimage\"},\"thumbnailUrl\":\"https:\\\/\\\/www.fiemg.com.br\\\/regional-rio-doce\\\/wp-content\\\/uploads\\\/sites\\\/19\\\/2026\\\/08\\\/IA-Rio-doce-curso.png\",\"datePublished\":\"2026-08-31T16:02:46+00:00\",\"dateModified\":\"2026-08-31T16:02:49+00:00\",\"description\":\"Iniciativa contou com apoio da FIEMG Regional Rio Doce\",\"breadcrumb\":{\"@id\":\"https:\\\/\\\/www.fiemg.com.br\\\/regional-rio-doce\\\/noticias\\\/iniciativa-contou-com-apoio-da-fiemg-regional-rio-doce\\\/#breadcrumb\"},\"inLanguage\":\"pt-BR\",\"potentialAction\":[{\"@type\":\"ReadAction\",\"target\":[\"https:\\\/\\\/www.fiemg.com.br\\\/regional-rio-doce\\\/noticias\\\/iniciativa-contou-com-apoio-da-fiemg-regional-rio-doce\\\/\"]}]},{\"@type\":\"ImageObject\",\"inLanguage\":\"pt-BR\",\"@id\":\"https:\\\/\\\/www.fiemg.com.br\\\/regional-rio-doce\\\/noticias\\\/iniciativa-contou-com-apoio-da-fiemg-regional-rio-doce\\\/#primaryimage\",\"url\":\"https:\\\/\\\/www.fiemg.com.br\\\/regional-rio-doce\\\/wp-content\\\/uploads\\\/sites\\\/19\\\/2026\\\/08\\\/IA-Rio-doce-curso.png\",\"contentUrl\":\"https:\\\/\\\/www.fiemg.com.br\\\/regional-rio-doce\\\/wp-content\\\/uploads\\\/sites\\\/19\\\/2026\\\/08\\\/IA-Rio-doce-curso.png\",\"width\":1600,\"height\":1600},{\"@type\":\"BreadcrumbList\",\"@id\":\"https:\\\/\\\/www.fiemg.com.br\\\/regional-rio-doce\\\/noticias\\\/iniciativa-contou-com-apoio-da-fiemg-regional-rio-doce\\\/#breadcrumb\",\"itemListElement\":[{\"@type\":\"ListItem\",\"position\":1,\"name\":\"In\u00edcio\",\"item\":\"https:\\\/\\\/www.fiemg.com.br\\\/regional-rio-doce\\\/\"},{\"@type\":\"ListItem\",\"position\":2,\"name\":\"SINPAC-GV promove curso sobre vendas com Intelig\u00eancia Artificial\"}]},{\"@type\":\"WebSite\",\"@id\":\"https:\\\/\\\/www.fiemg.com.br\\\/regional-rio-doce\\\/#website\",\"url\":\"https:\\\/\\\/www.fiemg.com.br\\\/regional-rio-doce\\\/\",\"name\":\"Regional Rio doce\",\"description\":\"Federa\u00e7\u00e3o das Ind\u00fastrias do Estado de Minas Gerais\",\"publisher\":{\"@id\":\"https:\\\/\\\/www.fiemg.com.br\\\/regional-rio-doce\\\/#organization\"},\"potentialAction\":[{\"@type\":\"SearchAction\",\"target\":{\"@type\":\"EntryPoint\",\"urlTemplate\":\"https:\\\/\\\/www.fiemg.com.br\\\/regional-rio-doce\\\/?s={search_term_string}\"},\"query-input\":{\"@type\":\"PropertyValueSpecification\",\"valueRequired\":true,\"valueName\":\"search_term_string\"}}],\"inLanguage\":\"pt-BR\"},{\"@type\":\"Organization\",\"@id\":\"https:\\\/\\\/www.fiemg.com.br\\\/regional-rio-doce\\\/#organization\",\"name\":\"Regional Rio doce\",\"url\":\"https:\\\/\\\/www.fiemg.com.br\\\/regional-rio-doce\\\/\",\"logo\":{\"@type\":\"ImageObject\",\"inLanguage\":\"pt-BR\",\"@id\":\"https:\\\/\\\/www.fiemg.com.br\\\/regional-rio-doce\\\/#\\\/schema\\\/logo\\\/image\\\/\",\"url\":\"https:\\\/\\\/www.fiemg.com.br\\\/regional-rio-doce\\\/wp-content\\\/uploads\\\/sites\\\/19\\\/2023\\\/02\\\/Ativo-1.png\",\"contentUrl\":\"https:\\\/\\\/www.fiemg.com.br\\\/regional-rio-doce\\\/wp-content\\\/uploads\\\/sites\\\/19\\\/2023\\\/02\\\/Ativo-1.png\",\"width\":563,\"height\":149,\"caption\":\"Regional Rio doce\"},\"image\":{\"@id\":\"https:\\\/\\\/www.fiemg.com.br\\\/regional-rio-doce\\\/#\\\/schema\\\/logo\\\/image\\\/\"}}]}<\/script>\n<!-- \/ Yoast SEO plugin. -->","yoast_head_json":{"title":"SINPAC-GV promove curso sobre vendas com Intelig\u00eancia Artificial - Regional Rio doce","description":"Iniciativa contou com apoio da FIEMG Regional Rio Doce","robots":{"index":"index","follow":"follow","max-snippet":"max-snippet:-1","max-image-preview":"max-image-preview:large","max-video-preview":"max-video-preview:-1"},"canonical":"https:\/\/www.fiemg.com.br\/regional-rio-doce\/noticias\/iniciativa-contou-com-apoio-da-fiemg-regional-rio-doce\/","og_locale":"pt_BR","og_type":"article","og_title":"SINPAC-GV promove curso sobre vendas com Intelig\u00eancia Artificial - Regional Rio doce","og_description":"Iniciativa contou com apoio da FIEMG Regional Rio Doce","og_url":"https:\/\/www.fiemg.com.br\/regional-rio-doce\/noticias\/iniciativa-contou-com-apoio-da-fiemg-regional-rio-doce\/","og_site_name":"Regional Rio doce","article_modified_time":"2026-08-31T16:02:49+00:00","og_image":[{"width":1024,"height":1024,"url":"https:\/\/www.fiemg.com.br\/regional-rio-doce\/wp-content\/uploads\/sites\/19\/2026\/08\/IA-Rio-doce-curso-1024x1024.png","type":"image\/png"}],"twitter_card":"summary_large_image","twitter_misc":{"Est. tempo de leitura":"3 minutos"},"schema":{"@context":"https:\/\/schema.org","@graph":[{"@type":"WebPage","@id":"https:\/\/www.fiemg.com.br\/regional-rio-doce\/noticias\/iniciativa-contou-com-apoio-da-fiemg-regional-rio-doce\/","url":"https:\/\/www.fiemg.com.br\/regional-rio-doce\/noticias\/iniciativa-contou-com-apoio-da-fiemg-regional-rio-doce\/","name":"SINPAC-GV promove curso sobre vendas com Intelig\u00eancia Artificial - Regional Rio doce","isPartOf":{"@id":"https:\/\/www.fiemg.com.br\/regional-rio-doce\/#website"},"primaryImageOfPage":{"@id":"https:\/\/www.fiemg.com.br\/regional-rio-doce\/noticias\/iniciativa-contou-com-apoio-da-fiemg-regional-rio-doce\/#primaryimage"},"image":{"@id":"https:\/\/www.fiemg.com.br\/regional-rio-doce\/noticias\/iniciativa-contou-com-apoio-da-fiemg-regional-rio-doce\/#primaryimage"},"thumbnailUrl":"https:\/\/www.fiemg.com.br\/regional-rio-doce\/wp-content\/uploads\/sites\/19\/2026\/08\/IA-Rio-doce-curso.png","datePublished":"2026-08-31T16:02:46+00:00","dateModified":"2026-08-31T16:02:49+00:00","description":"Iniciativa contou com apoio da FIEMG Regional Rio Doce","breadcrumb":{"@id":"https:\/\/www.fiemg.com.br\/regional-rio-doce\/noticias\/iniciativa-contou-com-apoio-da-fiemg-regional-rio-doce\/#breadcrumb"},"inLanguage":"pt-BR","potentialAction":[{"@type":"ReadAction","target":["https:\/\/www.fiemg.com.br\/regional-rio-doce\/noticias\/iniciativa-contou-com-apoio-da-fiemg-regional-rio-doce\/"]}]},{"@type":"ImageObject","inLanguage":"pt-BR","@id":"https:\/\/www.fiemg.com.br\/regional-rio-doce\/noticias\/iniciativa-contou-com-apoio-da-fiemg-regional-rio-doce\/#primaryimage","url":"https:\/\/www.fiemg.com.br\/regional-rio-doce\/wp-content\/uploads\/sites\/19\/2026\/08\/IA-Rio-doce-curso.png","contentUrl":"https:\/\/www.fiemg.com.br\/regional-rio-doce\/wp-content\/uploads\/sites\/19\/2026\/08\/IA-Rio-doce-curso.png","width":1600,"height":1600},{"@type":"BreadcrumbList","@id":"https:\/\/www.fiemg.com.br\/regional-rio-doce\/noticias\/iniciativa-contou-com-apoio-da-fiemg-regional-rio-doce\/#breadcrumb","itemListElement":[{"@type":"ListItem","position":1,"name":"In\u00edcio","item":"https:\/\/www.fiemg.com.br\/regional-rio-doce\/"},{"@type":"ListItem","position":2,"name":"SINPAC-GV promove curso sobre vendas com Intelig\u00eancia Artificial"}]},{"@type":"WebSite","@id":"https:\/\/www.fiemg.com.br\/regional-rio-doce\/#website","url":"https:\/\/www.fiemg.com.br\/regional-rio-doce\/","name":"Regional Rio doce","description":"Federa\u00e7\u00e3o das Ind\u00fastrias do Estado de Minas Gerais","publisher":{"@id":"https:\/\/www.fiemg.com.br\/regional-rio-doce\/#organization"},"potentialAction":[{"@type":"SearchAction","target":{"@type":"EntryPoint","urlTemplate":"https:\/\/www.fiemg.com.br\/regional-rio-doce\/?s={search_term_string}"},"query-input":{"@type":"PropertyValueSpecification","valueRequired":true,"valueName":"search_term_string"}}],"inLanguage":"pt-BR"},{"@type":"Organization","@id":"https:\/\/www.fiemg.com.br\/regional-rio-doce\/#organization","name":"Regional Rio doce","url":"https:\/\/www.fiemg.com.br\/regional-rio-doce\/","logo":{"@type":"ImageObject","inLanguage":"pt-BR","@id":"https:\/\/www.fiemg.com.br\/regional-rio-doce\/#\/schema\/logo\/image\/","url":"https:\/\/www.fiemg.com.br\/regional-rio-doce\/wp-content\/uploads\/sites\/19\/2023\/02\/Ativo-1.png","contentUrl":"https:\/\/www.fiemg.com.br\/regional-rio-doce\/wp-content\/uploads\/sites\/19\/2023\/02\/Ativo-1.png","width":563,"height":149,"caption":"Regional Rio doce"},"image":{"@id":"https:\/\/www.fiemg.com.br\/regional-rio-doce\/#\/schema\/logo\/image\/"}}]}},"_links":{"self":[{"href":"https:\/\/www.fiemg.com.br\/regional-rio-doce\/wp-json\/wp\/v2\/noticias\/2885","targetHints":{"allow":["GET"]}}],"collection":[{"href":"https:\/\/www.fiemg.com.br\/regional-rio-doce\/wp-json\/wp\/v2\/noticias"}],"about":[{"href":"https:\/\/www.fiemg.com.br\/regional-rio-doce\/wp-json\/wp\/v2\/types\/noticias"}],"wp:featuredmedia":[{"embeddable":true,"href":"https:\/\/www.fiemg.com.br\/regional-rio-doce\/wp-json\/wp\/v2\/media\/2887"}],"wp:attachment":[{"href":"https:\/\/www.fiemg.com.br\/regional-rio-doce\/wp-json\/wp\/v2\/media?parent=2885"}],"wp:term":[{"taxonomy":"category","embeddable":true,"href":"https:\/\/www.fiemg.com.br\/regional-rio-doce\/wp-json\/wp\/v2\/categories?post=2885"},{"taxonomy":"post_tag","embeddable":true,"href":"https:\/\/www.fiemg.com.br\/regional-rio-doce\/wp-json\/wp\/v2\/tags?post=2885"}],"curies":[{"name":"wp","href":"https:\/\/api.w.org\/{rel}","templated":true}]}}