{"id":2909,"date":"2026-09-02T16:48:50","date_gmt":"2026-09-02T19:48:50","guid":{"rendered":"https:\/\/www.fiemg.com.br\/regional-rio-doce\/noticias\/fiemg-critica-aprovacao-da-pec-da-jornada-6x1-e-defende-preservacao-da-negociacao-coletiva-e-das-diferentes-escalas-de-trabalho\/"},"modified":"2026-09-02T16:48:53","modified_gmt":"2026-09-02T19:48:53","slug":"fiemg-critica-aprovacao-da-pec-da-jornada-6x1-e-defende-preservacao-da-negociacao-coletiva-e-das-diferentes-escalas-de-trabalho","status":"publish","type":"noticias","link":"https:\/\/www.fiemg.com.br\/regional-rio-doce\/noticias\/fiemg-critica-aprovacao-da-pec-da-jornada-6x1-e-defende-preservacao-da-negociacao-coletiva-e-das-diferentes-escalas-de-trabalho\/","title":{"rendered":"FIEMG critica aprova\u00e7\u00e3o da PEC da jornada 6&#215;1 e defende preserva\u00e7\u00e3o da negocia\u00e7\u00e3o coletiva e das diferentes escalas de trabalho"},"content":{"rendered":"\n<p class=\"wp-block-paragraph\">Ap\u00f3s a Comiss\u00e3o de Constitui\u00e7\u00e3o e Justi\u00e7a do Senado Federal aprovar a Proposta de Emenda \u00e0 Constitui\u00e7\u00e3o (PEC) que altera a jornada de trabalho, a FIEMG manifesta preocupa\u00e7\u00e3o com o texto e defende a preserva\u00e7\u00e3o da negocia\u00e7\u00e3o coletiva como instrumento para a defini\u00e7\u00e3o das jornadas e escalas de trabalho.<\/p>\n\n\n\n<p class=\"wp-block-paragraph\">Para a Federa\u00e7\u00e3o, a negocia\u00e7\u00e3o coletiva, prevista na Constitui\u00e7\u00e3o Federal, deveria ser respeitada para permitir que empresas e trabalhadores construam solu\u00e7\u00f5es adequadas \u00e0s caracter\u00edsticas de cada setor e atividade. A entidade tamb\u00e9m defende a manuten\u00e7\u00e3o de diferentes modelos de escala de trabalho, considerando as necessidades espec\u00edficas da produ\u00e7\u00e3o.<\/p>\n\n\n\n<p class=\"wp-block-paragraph\">\u201cA jornada de trabalho precisa considerar a realidade de cada setor e, muitas vezes, de cada empresa. N\u00e3o existe uma \u00fanica escala que atenda de forma adequada a todas as atividades produtivas. Por isso, \u00e9 importante que a organiza\u00e7\u00e3o da jornada seja constru\u00edda por meio da negocia\u00e7\u00e3o coletiva\u201d, afirma Fernanda Ribas, gerente trabalhista da FIEMG.<\/p>\n\n\n\n<p class=\"wp-block-paragraph\"><strong>Preserva\u00e7\u00e3o dos acordos e seguran\u00e7a jur\u00eddica<\/strong><\/p>\n\n\n\n<p class=\"wp-block-paragraph\">A Federa\u00e7\u00e3o tamb\u00e9m critica os efeitos que a mudan\u00e7a poder\u00e1 produzir sobre acordos e conven\u00e7\u00f5es coletivas atualmente em vigor, especialmente diante da possibilidade de altera\u00e7\u00e3o das condi\u00e7\u00f5es que foram negociadas entre empresas e trabalhadores e defende a preserva\u00e7\u00e3o integral das cl\u00e1usulas dos Acordos Coletivos de Trabalho (ACTs) e das Conven\u00e7\u00f5es Coletivas de Trabalho (CCTs) at\u00e9 o t\u00e9rmino de sua vig\u00eancia original.<\/p>\n\n\n\n<p class=\"wp-block-paragraph\">Para a entidade, a medida \u00e9 necess\u00e1ria para preservar a seguran\u00e7a jur\u00eddica e os compromissos j\u00e1 estabelecidos entre empresas e trabalhadores por meio da negocia\u00e7\u00e3o coletiva. Os acordos e as conven\u00e7\u00f5es podem ter vig\u00eancia de at\u00e9 dois anos e s\u00e3o considerados no planejamento de produ\u00e7\u00e3o, contratos, investimentos, pre\u00e7os e atendimento a clientes. A altera\u00e7\u00e3o desses instrumentos antes do prazo originalmente pactuado pode gerar inseguran\u00e7a jur\u00eddica e questionamentos na Justi\u00e7a do Trabalho.<\/p>\n\n\n\n<p class=\"wp-block-paragraph\">\u201cTemos in\u00fameras jornadas especiais que foram negociadas considerando os limites atuais. Essas negocia\u00e7\u00f5es t\u00eam validade e foram utilizadas pelas empresas para planejar produ\u00e7\u00e3o, contratos, entregas e investimentos. Uma mudan\u00e7a dessa magnitude n\u00e3o deveria desconsiderar condi\u00e7\u00f5es que foram legitimamente negociadas entre empresas e trabalhadores\u201d, destaca Fernanda.<\/p>\n\n\n\n<p class=\"wp-block-paragraph\">Segundo a FIEMG, a preserva\u00e7\u00e3o dos instrumentos coletivos at\u00e9 o fim de sua vig\u00eancia tamb\u00e9m prestigia a autonomia sindical e o reconhecimento constitucional das negocia\u00e7\u00f5es coletivas, evitando a anula\u00e7\u00e3o de cl\u00e1usulas validamente pactuadas.<\/p>\n\n\n\n<p class=\"wp-block-paragraph\">\u201cQuando se altera uma regra que j\u00e1 foi negociada e que tem prazo de vig\u00eancia, \u00e9 preciso considerar os efeitos jur\u00eddicos dessa decis\u00e3o. A empresa fez seu planejamento com base naquela realidade negociada. Se essa condi\u00e7\u00e3o \u00e9 alterada de uma hora para outra, pode haver inseguran\u00e7a jur\u00eddica e uma s\u00e9rie de questionamentos\u201d, explica a gerente trabalhista.<\/p>\n\n\n\n<p class=\"wp-block-paragraph\">A entidade defende que a legisla\u00e7\u00e3o estabele\u00e7a o limite da jornada, mas preserve a negocia\u00e7\u00e3o coletiva para a defini\u00e7\u00e3o das escalas, permitindo modelos compat\u00edveis com as caracter\u00edsticas das diferentes atividades produtivas.<\/p>\n\n\n\n<p class=\"wp-block-paragraph\">A proposta da FIEMG reconhece jornadas e escalas especiais estabelecidas por negocia\u00e7\u00e3o coletiva, como 12&#215;36, 4&#215;4 e turnos ininterruptos de revezamento cont\u00ednuo.<\/p>\n\n\n\n<p class=\"wp-block-paragraph\">\u201cA nossa defesa \u00e9 pelo di\u00e1logo e pelo equil\u00edbrio. \u00c9 poss\u00edvel discutir melhorias nas condi\u00e7\u00f5es de trabalho e qualidade de vida sem retirar de empresas e trabalhadores a possibilidade de construir, por meio da negocia\u00e7\u00e3o coletiva, a jornada mais adequada para cada realidade\u201d, conclui Fernanda Ribas.<\/p>\n\n\n\n<p class=\"wp-block-paragraph\"><strong>FIEMG refor\u00e7a alerta sobre impactos econ\u00f4micos<\/strong><\/p>\n\n\n\n<p class=\"wp-block-paragraph\">A discuss\u00e3o sobre a redu\u00e7\u00e3o da jornada tamb\u00e9m deveria considerar seus poss\u00edveis efeitos sobre a economia, segundo a FIEMG. Estudo elaborado pela Federa\u00e7\u00e3o em 2025 aponta que uma redu\u00e7\u00e3o da jornada sem a devida compensa\u00e7\u00e3o poderia provocar impacto de at\u00e9 16% no PIB brasileiro e levar \u00e0 perda de cerca de 18 milh\u00f5es de postos de trabalho. Os dados integram a argumenta\u00e7\u00e3o da entidade sobre a necessidade de que qualquer mudan\u00e7a deveria ser constru\u00edda de forma gradual e negociada, levando em considera\u00e7\u00e3o seus efeitos sobre empresas, trabalhadores e consumidores.<\/p>\n\n\n\n<p class=\"wp-block-paragraph\"><strong>Imprensa FIEMG<\/strong><\/p>\n\n\n\n<p class=\"wp-block-paragraph\"><\/p>\n","protected":false},"featured_media":2910,"template":"","categories":[15],"tags":[364,365,366,289],"class_list":["post-2909","noticias","type-noticias","status-publish","has-post-thumbnail","hentry","category-desenvolvimento-industrial","tag-escala-6x1","tag-escala-de-trabalho","tag-jornada-6x1","tag-jornada-de-trabalho"],"acf":[],"yoast_head":"<!-- This site is optimized with the Yoast SEO plugin v27.7 - https:\/\/yoast.com\/product\/yoast-seo-wordpress\/ -->\n<title>FIEMG critica aprova\u00e7\u00e3o da PEC da jornada 6x1 e defende preserva\u00e7\u00e3o da negocia\u00e7\u00e3o coletiva e das diferentes escalas de trabalho - Regional Rio doce<\/title>\n<meta name=\"robots\" content=\"index, follow, max-snippet:-1, max-image-preview:large, max-video-preview:-1\" \/>\n<link rel=\"canonical\" href=\"https:\/\/www.fiemg.com.br\/regional-rio-doce\/noticias\/fiemg-critica-aprovacao-da-pec-da-jornada-6x1-e-defende-preservacao-da-negociacao-coletiva-e-das-diferentes-escalas-de-trabalho\/\" \/>\n<meta property=\"og:locale\" content=\"pt_BR\" \/>\n<meta property=\"og:type\" content=\"article\" \/>\n<meta property=\"og:title\" content=\"FIEMG critica aprova\u00e7\u00e3o da PEC da jornada 6x1 e defende preserva\u00e7\u00e3o da negocia\u00e7\u00e3o coletiva e das diferentes escalas de trabalho - Regional Rio doce\" \/>\n<meta property=\"og:description\" content=\"Ap\u00f3s a Comiss\u00e3o de Constitui\u00e7\u00e3o e Justi\u00e7a do Senado Federal aprovar a Proposta de Emenda \u00e0 Constitui\u00e7\u00e3o (PEC) que altera a jornada de trabalho, a FIEMG manifesta preocupa\u00e7\u00e3o com o texto e defende a preserva\u00e7\u00e3o da negocia\u00e7\u00e3o coletiva como instrumento para a defini\u00e7\u00e3o das jornadas e escalas de trabalho. Para a Federa\u00e7\u00e3o, a negocia\u00e7\u00e3o coletiva, [&hellip;]\" \/>\n<meta property=\"og:url\" content=\"https:\/\/www.fiemg.com.br\/regional-rio-doce\/noticias\/fiemg-critica-aprovacao-da-pec-da-jornada-6x1-e-defende-preservacao-da-negociacao-coletiva-e-das-diferentes-escalas-de-trabalho\/\" \/>\n<meta property=\"og:site_name\" content=\"Regional Rio doce\" \/>\n<meta property=\"article:modified_time\" content=\"2026-09-02T19:48:53+00:00\" \/>\n<meta property=\"og:image\" content=\"https:\/\/www.fiemg.com.br\/regional-rio-doce\/wp-content\/uploads\/sites\/19\/2026\/09\/CARD_NOTA_IMPRENSA-100.jpg\" \/>\n\t<meta property=\"og:image:width\" content=\"1200\" \/>\n\t<meta property=\"og:image:height\" content=\"1200\" \/>\n\t<meta property=\"og:image:type\" content=\"image\/jpeg\" \/>\n<meta name=\"twitter:card\" content=\"summary_large_image\" \/>\n<meta name=\"twitter:label1\" content=\"Est. tempo de leitura\" \/>\n\t<meta name=\"twitter:data1\" content=\"4 minutos\" \/>\n<script type=\"application\/ld+json\" class=\"yoast-schema-graph\">{\"@context\":\"https:\\\/\\\/schema.org\",\"@graph\":[{\"@type\":\"WebPage\",\"@id\":\"https:\\\/\\\/www.fiemg.com.br\\\/regional-rio-doce\\\/noticias\\\/fiemg-critica-aprovacao-da-pec-da-jornada-6x1-e-defende-preservacao-da-negociacao-coletiva-e-das-diferentes-escalas-de-trabalho\\\/\",\"url\":\"https:\\\/\\\/www.fiemg.com.br\\\/regional-rio-doce\\\/noticias\\\/fiemg-critica-aprovacao-da-pec-da-jornada-6x1-e-defende-preservacao-da-negociacao-coletiva-e-das-diferentes-escalas-de-trabalho\\\/\",\"name\":\"FIEMG critica aprova\u00e7\u00e3o da PEC da jornada 6x1 e defende preserva\u00e7\u00e3o da negocia\u00e7\u00e3o coletiva e das diferentes escalas de trabalho - Regional Rio doce\",\"isPartOf\":{\"@id\":\"https:\\\/\\\/www.fiemg.com.br\\\/regional-rio-doce\\\/#website\"},\"primaryImageOfPage\":{\"@id\":\"https:\\\/\\\/www.fiemg.com.br\\\/regional-rio-doce\\\/noticias\\\/fiemg-critica-aprovacao-da-pec-da-jornada-6x1-e-defende-preservacao-da-negociacao-coletiva-e-das-diferentes-escalas-de-trabalho\\\/#primaryimage\"},\"image\":{\"@id\":\"https:\\\/\\\/www.fiemg.com.br\\\/regional-rio-doce\\\/noticias\\\/fiemg-critica-aprovacao-da-pec-da-jornada-6x1-e-defende-preservacao-da-negociacao-coletiva-e-das-diferentes-escalas-de-trabalho\\\/#primaryimage\"},\"thumbnailUrl\":\"https:\\\/\\\/www.fiemg.com.br\\\/regional-rio-doce\\\/wp-content\\\/uploads\\\/sites\\\/19\\\/2026\\\/09\\\/CARD_NOTA_IMPRENSA-100.jpg\",\"datePublished\":\"2026-09-02T19:48:50+00:00\",\"dateModified\":\"2026-09-02T19:48:53+00:00\",\"breadcrumb\":{\"@id\":\"https:\\\/\\\/www.fiemg.com.br\\\/regional-rio-doce\\\/noticias\\\/fiemg-critica-aprovacao-da-pec-da-jornada-6x1-e-defende-preservacao-da-negociacao-coletiva-e-das-diferentes-escalas-de-trabalho\\\/#breadcrumb\"},\"inLanguage\":\"pt-BR\",\"potentialAction\":[{\"@type\":\"ReadAction\",\"target\":[\"https:\\\/\\\/www.fiemg.com.br\\\/regional-rio-doce\\\/noticias\\\/fiemg-critica-aprovacao-da-pec-da-jornada-6x1-e-defende-preservacao-da-negociacao-coletiva-e-das-diferentes-escalas-de-trabalho\\\/\"]}]},{\"@type\":\"ImageObject\",\"inLanguage\":\"pt-BR\",\"@id\":\"https:\\\/\\\/www.fiemg.com.br\\\/regional-rio-doce\\\/noticias\\\/fiemg-critica-aprovacao-da-pec-da-jornada-6x1-e-defende-preservacao-da-negociacao-coletiva-e-das-diferentes-escalas-de-trabalho\\\/#primaryimage\",\"url\":\"https:\\\/\\\/www.fiemg.com.br\\\/regional-rio-doce\\\/wp-content\\\/uploads\\\/sites\\\/19\\\/2026\\\/09\\\/CARD_NOTA_IMPRENSA-100.jpg\",\"contentUrl\":\"https:\\\/\\\/www.fiemg.com.br\\\/regional-rio-doce\\\/wp-content\\\/uploads\\\/sites\\\/19\\\/2026\\\/09\\\/CARD_NOTA_IMPRENSA-100.jpg\",\"width\":1200,\"height\":1200},{\"@type\":\"BreadcrumbList\",\"@id\":\"https:\\\/\\\/www.fiemg.com.br\\\/regional-rio-doce\\\/noticias\\\/fiemg-critica-aprovacao-da-pec-da-jornada-6x1-e-defende-preservacao-da-negociacao-coletiva-e-das-diferentes-escalas-de-trabalho\\\/#breadcrumb\",\"itemListElement\":[{\"@type\":\"ListItem\",\"position\":1,\"name\":\"In\u00edcio\",\"item\":\"https:\\\/\\\/www.fiemg.com.br\\\/regional-rio-doce\\\/\"},{\"@type\":\"ListItem\",\"position\":2,\"name\":\"FIEMG critica aprova\u00e7\u00e3o da PEC da jornada 6&#215;1 e defende preserva\u00e7\u00e3o da negocia\u00e7\u00e3o coletiva e das diferentes escalas de trabalho\"}]},{\"@type\":\"WebSite\",\"@id\":\"https:\\\/\\\/www.fiemg.com.br\\\/regional-rio-doce\\\/#website\",\"url\":\"https:\\\/\\\/www.fiemg.com.br\\\/regional-rio-doce\\\/\",\"name\":\"Regional Rio doce\",\"description\":\"Federa\u00e7\u00e3o das Ind\u00fastrias do Estado de Minas Gerais\",\"publisher\":{\"@id\":\"https:\\\/\\\/www.fiemg.com.br\\\/regional-rio-doce\\\/#organization\"},\"potentialAction\":[{\"@type\":\"SearchAction\",\"target\":{\"@type\":\"EntryPoint\",\"urlTemplate\":\"https:\\\/\\\/www.fiemg.com.br\\\/regional-rio-doce\\\/?s={search_term_string}\"},\"query-input\":{\"@type\":\"PropertyValueSpecification\",\"valueRequired\":true,\"valueName\":\"search_term_string\"}}],\"inLanguage\":\"pt-BR\"},{\"@type\":\"Organization\",\"@id\":\"https:\\\/\\\/www.fiemg.com.br\\\/regional-rio-doce\\\/#organization\",\"name\":\"Regional Rio doce\",\"url\":\"https:\\\/\\\/www.fiemg.com.br\\\/regional-rio-doce\\\/\",\"logo\":{\"@type\":\"ImageObject\",\"inLanguage\":\"pt-BR\",\"@id\":\"https:\\\/\\\/www.fiemg.com.br\\\/regional-rio-doce\\\/#\\\/schema\\\/logo\\\/image\\\/\",\"url\":\"https:\\\/\\\/www.fiemg.com.br\\\/regional-rio-doce\\\/wp-content\\\/uploads\\\/sites\\\/19\\\/2023\\\/02\\\/Ativo-1.png\",\"contentUrl\":\"https:\\\/\\\/www.fiemg.com.br\\\/regional-rio-doce\\\/wp-content\\\/uploads\\\/sites\\\/19\\\/2023\\\/02\\\/Ativo-1.png\",\"width\":563,\"height\":149,\"caption\":\"Regional Rio doce\"},\"image\":{\"@id\":\"https:\\\/\\\/www.fiemg.com.br\\\/regional-rio-doce\\\/#\\\/schema\\\/logo\\\/image\\\/\"}}]}<\/script>\n<!-- \/ Yoast SEO plugin. -->","yoast_head_json":{"title":"FIEMG critica aprova\u00e7\u00e3o da PEC da jornada 6x1 e defende preserva\u00e7\u00e3o da negocia\u00e7\u00e3o coletiva e das diferentes escalas de trabalho - Regional Rio doce","robots":{"index":"index","follow":"follow","max-snippet":"max-snippet:-1","max-image-preview":"max-image-preview:large","max-video-preview":"max-video-preview:-1"},"canonical":"https:\/\/www.fiemg.com.br\/regional-rio-doce\/noticias\/fiemg-critica-aprovacao-da-pec-da-jornada-6x1-e-defende-preservacao-da-negociacao-coletiva-e-das-diferentes-escalas-de-trabalho\/","og_locale":"pt_BR","og_type":"article","og_title":"FIEMG critica aprova\u00e7\u00e3o da PEC da jornada 6x1 e defende preserva\u00e7\u00e3o da negocia\u00e7\u00e3o coletiva e das diferentes escalas de trabalho - Regional Rio doce","og_description":"Ap\u00f3s a Comiss\u00e3o de Constitui\u00e7\u00e3o e Justi\u00e7a do Senado Federal aprovar a Proposta de Emenda \u00e0 Constitui\u00e7\u00e3o (PEC) que altera a jornada de trabalho, a FIEMG manifesta preocupa\u00e7\u00e3o com o texto e defende a preserva\u00e7\u00e3o da negocia\u00e7\u00e3o coletiva como instrumento para a defini\u00e7\u00e3o das jornadas e escalas de trabalho. Para a Federa\u00e7\u00e3o, a negocia\u00e7\u00e3o coletiva, [&hellip;]","og_url":"https:\/\/www.fiemg.com.br\/regional-rio-doce\/noticias\/fiemg-critica-aprovacao-da-pec-da-jornada-6x1-e-defende-preservacao-da-negociacao-coletiva-e-das-diferentes-escalas-de-trabalho\/","og_site_name":"Regional Rio doce","article_modified_time":"2026-09-02T19:48:53+00:00","og_image":[{"width":1200,"height":1200,"url":"https:\/\/www.fiemg.com.br\/regional-rio-doce\/wp-content\/uploads\/sites\/19\/2026\/09\/CARD_NOTA_IMPRENSA-100.jpg","type":"image\/jpeg"}],"twitter_card":"summary_large_image","twitter_misc":{"Est. tempo de leitura":"4 minutos"},"schema":{"@context":"https:\/\/schema.org","@graph":[{"@type":"WebPage","@id":"https:\/\/www.fiemg.com.br\/regional-rio-doce\/noticias\/fiemg-critica-aprovacao-da-pec-da-jornada-6x1-e-defende-preservacao-da-negociacao-coletiva-e-das-diferentes-escalas-de-trabalho\/","url":"https:\/\/www.fiemg.com.br\/regional-rio-doce\/noticias\/fiemg-critica-aprovacao-da-pec-da-jornada-6x1-e-defende-preservacao-da-negociacao-coletiva-e-das-diferentes-escalas-de-trabalho\/","name":"FIEMG critica aprova\u00e7\u00e3o da PEC da jornada 6x1 e defende preserva\u00e7\u00e3o da negocia\u00e7\u00e3o coletiva e das diferentes escalas de trabalho - Regional Rio doce","isPartOf":{"@id":"https:\/\/www.fiemg.com.br\/regional-rio-doce\/#website"},"primaryImageOfPage":{"@id":"https:\/\/www.fiemg.com.br\/regional-rio-doce\/noticias\/fiemg-critica-aprovacao-da-pec-da-jornada-6x1-e-defende-preservacao-da-negociacao-coletiva-e-das-diferentes-escalas-de-trabalho\/#primaryimage"},"image":{"@id":"https:\/\/www.fiemg.com.br\/regional-rio-doce\/noticias\/fiemg-critica-aprovacao-da-pec-da-jornada-6x1-e-defende-preservacao-da-negociacao-coletiva-e-das-diferentes-escalas-de-trabalho\/#primaryimage"},"thumbnailUrl":"https:\/\/www.fiemg.com.br\/regional-rio-doce\/wp-content\/uploads\/sites\/19\/2026\/09\/CARD_NOTA_IMPRENSA-100.jpg","datePublished":"2026-09-02T19:48:50+00:00","dateModified":"2026-09-02T19:48:53+00:00","breadcrumb":{"@id":"https:\/\/www.fiemg.com.br\/regional-rio-doce\/noticias\/fiemg-critica-aprovacao-da-pec-da-jornada-6x1-e-defende-preservacao-da-negociacao-coletiva-e-das-diferentes-escalas-de-trabalho\/#breadcrumb"},"inLanguage":"pt-BR","potentialAction":[{"@type":"ReadAction","target":["https:\/\/www.fiemg.com.br\/regional-rio-doce\/noticias\/fiemg-critica-aprovacao-da-pec-da-jornada-6x1-e-defende-preservacao-da-negociacao-coletiva-e-das-diferentes-escalas-de-trabalho\/"]}]},{"@type":"ImageObject","inLanguage":"pt-BR","@id":"https:\/\/www.fiemg.com.br\/regional-rio-doce\/noticias\/fiemg-critica-aprovacao-da-pec-da-jornada-6x1-e-defende-preservacao-da-negociacao-coletiva-e-das-diferentes-escalas-de-trabalho\/#primaryimage","url":"https:\/\/www.fiemg.com.br\/regional-rio-doce\/wp-content\/uploads\/sites\/19\/2026\/09\/CARD_NOTA_IMPRENSA-100.jpg","contentUrl":"https:\/\/www.fiemg.com.br\/regional-rio-doce\/wp-content\/uploads\/sites\/19\/2026\/09\/CARD_NOTA_IMPRENSA-100.jpg","width":1200,"height":1200},{"@type":"BreadcrumbList","@id":"https:\/\/www.fiemg.com.br\/regional-rio-doce\/noticias\/fiemg-critica-aprovacao-da-pec-da-jornada-6x1-e-defende-preservacao-da-negociacao-coletiva-e-das-diferentes-escalas-de-trabalho\/#breadcrumb","itemListElement":[{"@type":"ListItem","position":1,"name":"In\u00edcio","item":"https:\/\/www.fiemg.com.br\/regional-rio-doce\/"},{"@type":"ListItem","position":2,"name":"FIEMG critica aprova\u00e7\u00e3o da PEC da jornada 6&#215;1 e defende preserva\u00e7\u00e3o da negocia\u00e7\u00e3o coletiva e das diferentes escalas de trabalho"}]},{"@type":"WebSite","@id":"https:\/\/www.fiemg.com.br\/regional-rio-doce\/#website","url":"https:\/\/www.fiemg.com.br\/regional-rio-doce\/","name":"Regional Rio doce","description":"Federa\u00e7\u00e3o das Ind\u00fastrias do Estado de Minas Gerais","publisher":{"@id":"https:\/\/www.fiemg.com.br\/regional-rio-doce\/#organization"},"potentialAction":[{"@type":"SearchAction","target":{"@type":"EntryPoint","urlTemplate":"https:\/\/www.fiemg.com.br\/regional-rio-doce\/?s={search_term_string}"},"query-input":{"@type":"PropertyValueSpecification","valueRequired":true,"valueName":"search_term_string"}}],"inLanguage":"pt-BR"},{"@type":"Organization","@id":"https:\/\/www.fiemg.com.br\/regional-rio-doce\/#organization","name":"Regional Rio doce","url":"https:\/\/www.fiemg.com.br\/regional-rio-doce\/","logo":{"@type":"ImageObject","inLanguage":"pt-BR","@id":"https:\/\/www.fiemg.com.br\/regional-rio-doce\/#\/schema\/logo\/image\/","url":"https:\/\/www.fiemg.com.br\/regional-rio-doce\/wp-content\/uploads\/sites\/19\/2023\/02\/Ativo-1.png","contentUrl":"https:\/\/www.fiemg.com.br\/regional-rio-doce\/wp-content\/uploads\/sites\/19\/2023\/02\/Ativo-1.png","width":563,"height":149,"caption":"Regional Rio doce"},"image":{"@id":"https:\/\/www.fiemg.com.br\/regional-rio-doce\/#\/schema\/logo\/image\/"}}]}},"_links":{"self":[{"href":"https:\/\/www.fiemg.com.br\/regional-rio-doce\/wp-json\/wp\/v2\/noticias\/2909","targetHints":{"allow":["GET"]}}],"collection":[{"href":"https:\/\/www.fiemg.com.br\/regional-rio-doce\/wp-json\/wp\/v2\/noticias"}],"about":[{"href":"https:\/\/www.fiemg.com.br\/regional-rio-doce\/wp-json\/wp\/v2\/types\/noticias"}],"wp:featuredmedia":[{"embeddable":true,"href":"https:\/\/www.fiemg.com.br\/regional-rio-doce\/wp-json\/wp\/v2\/media\/2910"}],"wp:attachment":[{"href":"https:\/\/www.fiemg.com.br\/regional-rio-doce\/wp-json\/wp\/v2\/media?parent=2909"}],"wp:term":[{"taxonomy":"category","embeddable":true,"href":"https:\/\/www.fiemg.com.br\/regional-rio-doce\/wp-json\/wp\/v2\/categories?post=2909"},{"taxonomy":"post_tag","embeddable":true,"href":"https:\/\/www.fiemg.com.br\/regional-rio-doce\/wp-json\/wp\/v2\/tags?post=2909"}],"curies":[{"name":"wp","href":"https:\/\/api.w.org\/{rel}","templated":true}]}}