{"id":1758,"date":"2024-06-21T14:07:11","date_gmt":"2024-06-21T17:07:11","guid":{"rendered":"https:\/\/www.fiemg.com.br\/regional-rio-doce\/?p=1758"},"modified":"2024-06-21T14:07:13","modified_gmt":"2024-06-21T17:07:13","slug":"jornada-de-integridade-empresarial-e-realizada-na-sede-da-fiemg-em-valadares","status":"publish","type":"post","link":"https:\/\/www.fiemg.com.br\/regional-rio-doce\/jornada-de-integridade-empresarial-e-realizada-na-sede-da-fiemg-em-valadares\/","title":{"rendered":"Jornada de Integridade Empresarial \u00e9 realizada na sede da FIEMG em Valadares"},"content":{"rendered":"\n<p><\/p>\n\n\n\n<p>Na \u00faltima quinta-feira (20), o audit\u00f3rio da Federa\u00e7\u00e3o das Ind\u00fastrias de Minas Gerais (FIEMG) em Governador Valadares foi palco da Jornada de Integridade Empresarial, evento promovido pela Controladoria-Geral do Munic\u00edpio em parceria com a FIEMG, e com o apoio da Associa\u00e7\u00e3o Comercial e Empresarial de Governador Valadares (ACE\/GV).<br><br>O objetivo do encontro foi fomentar o debate e incentivar a\u00e7\u00f5es de integridade no \u00e2mbito empresarial, al\u00e9m de promover a elabora\u00e7\u00e3o, implementa\u00e7\u00e3o e aprimoramento de programas de compliance, garantindo conformidade com leis e normas.<\/p>\n\n\n\n<p>Durante o evento, o auditor federal de finan\u00e7as e controle da Controladoria-Geral da Uni\u00e3o (CGU), Jo\u00e3o Victor da Silva Souza, ministrou a palestra &#8220;Integridade em A\u00e7\u00e3o: Programas de Compliance e as Estrat\u00e9gias de Fomento da CGU&#8221;. A palestra tratou da import\u00e2ncia de pol\u00edticas e pr\u00e1ticas que garantam a conformidade com leis e padr\u00f5es \u00e9ticos, fundamentais no combate \u00e0 corrup\u00e7\u00e3o tanto no setor p\u00fablico quanto no privado.<\/p>\n\n\n\n<p>Jo\u00e3o Victor destacou o entusiasmo com o convite da Prefeitura de Valadares, enfatizando que projetos de promo\u00e7\u00e3o da integridade privada s\u00e3o cruciais para criar uma cultura organizacional pautada pela \u00e9tica. \u201cEntende-se como integridade privada o conjunto de pol\u00edticas, procedimentos e pr\u00e1ticas destinadas a garantir a conformidade com as leis e os padr\u00f5es \u00e9ticos\u201d, explicou.<\/p>\n\n\n\n<p>Luciano Souto, controlador-geral do Munic\u00edpio, complementou. \u201cA\u00e7\u00f5es de integridade e compliance compreendem um conjunto de projetos e iniciativas que t\u00eam como objetivo promover a \u00e9tica, a retid\u00e3o, a probidade e a integridade em todos os setores, seja p\u00fablico ou privado\u201d, disse<\/p>\n\n\n\n<p>Stefano Couri, presidente da ACE\/GV, refor\u00e7ou a import\u00e2ncia do evento. \u201cEsta iniciativa da Prefeitura traz conhecimento para os empres\u00e1rios de nossa cidade, o que faz com que se promovam a\u00e7\u00f5es em conformidade com a lei. Isso fortalece a empresa e lhe confere mais respaldo e confiabilidade junto \u00e0 sociedade\u201d, afirmou.<\/p>\n\n\n\n<p>J\u00e1 engenheiro Paulo Guimar\u00e3es Rodrigues, propriet\u00e1rio de uma empresa de constru\u00e7\u00e3o civil, valorizou a oportunidade de troca de ideias. \u201cMuito importante ter a oportunidade de adquirir conhecimento com um representante da CGU para que n\u00f3s, que trabalhamos com \u00f3rg\u00e3os p\u00fablicos, possamos agir corretamente, sem infringir nenhuma lei, e colaborar com nossos parceiros e clientes\u201d, pontuou.<\/p>\n\n\n\n<p>A Jornada de Integridade Empresarial reuniu autoridades, empres\u00e1rios e especialistas para debater e promover pr\u00e1ticas de integridade e compliance. O apoio da FIEMG foi crucial para a realiza\u00e7\u00e3o do evento, reafirmando seu papel na promo\u00e7\u00e3o de um ambiente empresarial \u00e9tico e transparente.<\/p>\n\n\n\n<p><em>\u200bDaniela de Jesus Carvalho<\/em><br><strong>Imprensa FIEMG<\/strong><\/p>\n","protected":false},"excerpt":{"rendered":"<p>Na \u00faltima quinta-feira (20), o audit\u00f3rio da Federa\u00e7\u00e3o das Ind\u00fastrias de Minas Gerais (FIEMG) em Governador Valadares foi palco da Jornada de Integridade Empresarial, evento promovido pela Controladoria-Geral do Munic\u00edpio em parceria com a FIEMG, e com o apoio da Associa\u00e7\u00e3o Comercial e Empresarial de Governador Valadares (ACE\/GV). O objetivo do encontro foi fomentar o [&hellip;]<\/p>\n","protected":false},"author":61,"featured_media":1760,"comment_status":"open","ping_status":"open","sticky":false,"template":"","format":"standard","meta":{"footnotes":""},"categories":[5],"tags":[71,124,91,99,159],"class_list":["post-1758","post","type-post","status-publish","format-standard","has-post-thumbnail","hentry","category-capacitacao-empresarial","tag-fiemg","tag-fiemg-regional-rio-doce","tag-governador-valadares","tag-industria","tag-jornada-de-integridade-empresarial"],"acf":[],"yoast_head":"<!-- This site is optimized with the Yoast SEO plugin v26.2 - https:\/\/yoast.com\/wordpress\/plugins\/seo\/ -->\n<title>Jornada de Integridade Empresarial \u00e9 realizada na sede da FIEMG em Valadares - Regional Rio doce<\/title>\n<meta name=\"description\" content=\"Evento realizado pela controladoria-Geral do Munic\u00edpio debateu a\u00e7\u00f5es de integridade e compliance no \u00e2mbito empresarial\" \/>\n<meta name=\"robots\" content=\"index, follow, max-snippet:-1, max-image-preview:large, max-video-preview:-1\" \/>\n<link rel=\"canonical\" href=\"https:\/\/www.fiemg.com.br\/regional-rio-doce\/jornada-de-integridade-empresarial-e-realizada-na-sede-da-fiemg-em-valadares\/\" \/>\n<meta property=\"og:locale\" content=\"pt_BR\" \/>\n<meta property=\"og:type\" content=\"article\" \/>\n<meta property=\"og:title\" content=\"Jornada de Integridade Empresarial \u00e9 realizada na sede da FIEMG em Valadares - Regional Rio doce\" \/>\n<meta property=\"og:description\" content=\"Evento realizado pela controladoria-Geral do Munic\u00edpio debateu a\u00e7\u00f5es de integridade e compliance no \u00e2mbito empresarial\" \/>\n<meta property=\"og:url\" content=\"https:\/\/www.fiemg.com.br\/regional-rio-doce\/jornada-de-integridade-empresarial-e-realizada-na-sede-da-fiemg-em-valadares\/\" \/>\n<meta property=\"og:site_name\" content=\"Regional Rio doce\" \/>\n<meta property=\"article:published_time\" content=\"2024-06-21T17:07:11+00:00\" \/>\n<meta property=\"article:modified_time\" content=\"2024-06-21T17:07:13+00:00\" \/>\n<meta property=\"og:image\" content=\"https:\/\/www.fiemg.com.br\/regional-rio-doce\/wp-content\/uploads\/sites\/19\/2024\/06\/Jornada-Integridade-Empresarial-2.jpg\" \/>\n\t<meta property=\"og:image:width\" content=\"512\" \/>\n\t<meta property=\"og:image:height\" content=\"512\" \/>\n\t<meta property=\"og:image:type\" content=\"image\/jpeg\" \/>\n<meta name=\"author\" content=\"tmota\" \/>\n<meta name=\"twitter:card\" content=\"summary_large_image\" \/>\n<meta name=\"twitter:label1\" content=\"Escrito por\" \/>\n\t<meta name=\"twitter:data1\" content=\"tmota\" \/>\n\t<meta name=\"twitter:label2\" content=\"Est. tempo de leitura\" \/>\n\t<meta name=\"twitter:data2\" content=\"3 minutos\" \/>\n<script type=\"application\/ld+json\" class=\"yoast-schema-graph\">{\"@context\":\"https:\/\/schema.org\",\"@graph\":[{\"@type\":\"Article\",\"@id\":\"https:\/\/www.fiemg.com.br\/regional-rio-doce\/jornada-de-integridade-empresarial-e-realizada-na-sede-da-fiemg-em-valadares\/#article\",\"isPartOf\":{\"@id\":\"https:\/\/www.fiemg.com.br\/regional-rio-doce\/jornada-de-integridade-empresarial-e-realizada-na-sede-da-fiemg-em-valadares\/\"},\"author\":{\"name\":\"tmota\",\"@id\":\"https:\/\/www.fiemg.com.br\/regional-rio-doce\/#\/schema\/person\/0beed1f99aab98ae7845691a96d5fb23\"},\"headline\":\"Jornada de Integridade Empresarial \u00e9 realizada na sede da FIEMG em Valadares\",\"datePublished\":\"2024-06-21T17:07:11+00:00\",\"dateModified\":\"2024-06-21T17:07:13+00:00\",\"mainEntityOfPage\":{\"@id\":\"https:\/\/www.fiemg.com.br\/regional-rio-doce\/jornada-de-integridade-empresarial-e-realizada-na-sede-da-fiemg-em-valadares\/\"},\"wordCount\":451,\"commentCount\":0,\"publisher\":{\"@id\":\"https:\/\/www.fiemg.com.br\/regional-rio-doce\/#organization\"},\"image\":{\"@id\":\"https:\/\/www.fiemg.com.br\/regional-rio-doce\/jornada-de-integridade-empresarial-e-realizada-na-sede-da-fiemg-em-valadares\/#primaryimage\"},\"thumbnailUrl\":\"https:\/\/www.fiemg.com.br\/regional-rio-doce\/wp-content\/uploads\/sites\/19\/2024\/06\/Jornada-Integridade-Empresarial-2.jpg\",\"keywords\":[\"FIEMG\",\"FIEMG Regional Rio Doce\",\"governador valadares\",\"ind\u00fastria\",\"Jornada de Integridade Empresarial\"],\"articleSection\":[\"Capacita\u00e7\u00e3o Empresarial\"],\"inLanguage\":\"pt-BR\",\"potentialAction\":[{\"@type\":\"CommentAction\",\"name\":\"Comment\",\"target\":[\"https:\/\/www.fiemg.com.br\/regional-rio-doce\/jornada-de-integridade-empresarial-e-realizada-na-sede-da-fiemg-em-valadares\/#respond\"]}]},{\"@type\":\"WebPage\",\"@id\":\"https:\/\/www.fiemg.com.br\/regional-rio-doce\/jornada-de-integridade-empresarial-e-realizada-na-sede-da-fiemg-em-valadares\/\",\"url\":\"https:\/\/www.fiemg.com.br\/regional-rio-doce\/jornada-de-integridade-empresarial-e-realizada-na-sede-da-fiemg-em-valadares\/\",\"name\":\"Jornada de Integridade Empresarial \u00e9 realizada na sede da FIEMG em Valadares - Regional Rio doce\",\"isPartOf\":{\"@id\":\"https:\/\/www.fiemg.com.br\/regional-rio-doce\/#website\"},\"primaryImageOfPage\":{\"@id\":\"https:\/\/www.fiemg.com.br\/regional-rio-doce\/jornada-de-integridade-empresarial-e-realizada-na-sede-da-fiemg-em-valadares\/#primaryimage\"},\"image\":{\"@id\":\"https:\/\/www.fiemg.com.br\/regional-rio-doce\/jornada-de-integridade-empresarial-e-realizada-na-sede-da-fiemg-em-valadares\/#primaryimage\"},\"thumbnailUrl\":\"https:\/\/www.fiemg.com.br\/regional-rio-doce\/wp-content\/uploads\/sites\/19\/2024\/06\/Jornada-Integridade-Empresarial-2.jpg\",\"datePublished\":\"2024-06-21T17:07:11+00:00\",\"dateModified\":\"2024-06-21T17:07:13+00:00\",\"description\":\"Evento realizado pela controladoria-Geral do Munic\u00edpio debateu a\u00e7\u00f5es de integridade e compliance no \u00e2mbito empresarial\",\"breadcrumb\":{\"@id\":\"https:\/\/www.fiemg.com.br\/regional-rio-doce\/jornada-de-integridade-empresarial-e-realizada-na-sede-da-fiemg-em-valadares\/#breadcrumb\"},\"inLanguage\":\"pt-BR\",\"potentialAction\":[{\"@type\":\"ReadAction\",\"target\":[\"https:\/\/www.fiemg.com.br\/regional-rio-doce\/jornada-de-integridade-empresarial-e-realizada-na-sede-da-fiemg-em-valadares\/\"]}]},{\"@type\":\"ImageObject\",\"inLanguage\":\"pt-BR\",\"@id\":\"https:\/\/www.fiemg.com.br\/regional-rio-doce\/jornada-de-integridade-empresarial-e-realizada-na-sede-da-fiemg-em-valadares\/#primaryimage\",\"url\":\"https:\/\/www.fiemg.com.br\/regional-rio-doce\/wp-content\/uploads\/sites\/19\/2024\/06\/Jornada-Integridade-Empresarial-2.jpg\",\"contentUrl\":\"https:\/\/www.fiemg.com.br\/regional-rio-doce\/wp-content\/uploads\/sites\/19\/2024\/06\/Jornada-Integridade-Empresarial-2.jpg\",\"width\":512,\"height\":512},{\"@type\":\"BreadcrumbList\",\"@id\":\"https:\/\/www.fiemg.com.br\/regional-rio-doce\/jornada-de-integridade-empresarial-e-realizada-na-sede-da-fiemg-em-valadares\/#breadcrumb\",\"itemListElement\":[{\"@type\":\"ListItem\",\"position\":1,\"name\":\"In\u00edcio\",\"item\":\"https:\/\/www.fiemg.com.br\/regional-rio-doce\/\"},{\"@type\":\"ListItem\",\"position\":2,\"name\":\"Jornada de Integridade Empresarial \u00e9 realizada na sede da FIEMG em Valadares\"}]},{\"@type\":\"WebSite\",\"@id\":\"https:\/\/www.fiemg.com.br\/regional-rio-doce\/#website\",\"url\":\"https:\/\/www.fiemg.com.br\/regional-rio-doce\/\",\"name\":\"Regional Rio doce\",\"description\":\"Federa\u00e7\u00e3o das Ind\u00fastrias do Estado de Minas Gerais\",\"publisher\":{\"@id\":\"https:\/\/www.fiemg.com.br\/regional-rio-doce\/#organization\"},\"potentialAction\":[{\"@type\":\"SearchAction\",\"target\":{\"@type\":\"EntryPoint\",\"urlTemplate\":\"https:\/\/www.fiemg.com.br\/regional-rio-doce\/?s={search_term_string}\"},\"query-input\":{\"@type\":\"PropertyValueSpecification\",\"valueRequired\":true,\"valueName\":\"search_term_string\"}}],\"inLanguage\":\"pt-BR\"},{\"@type\":\"Organization\",\"@id\":\"https:\/\/www.fiemg.com.br\/regional-rio-doce\/#organization\",\"name\":\"Regional Rio doce\",\"url\":\"https:\/\/www.fiemg.com.br\/regional-rio-doce\/\",\"logo\":{\"@type\":\"ImageObject\",\"inLanguage\":\"pt-BR\",\"@id\":\"https:\/\/www.fiemg.com.br\/regional-rio-doce\/#\/schema\/logo\/image\/\",\"url\":\"https:\/\/www.fiemg.com.br\/regional-rio-doce\/wp-content\/uploads\/sites\/19\/2023\/02\/Ativo-1.png\",\"contentUrl\":\"https:\/\/www.fiemg.com.br\/regional-rio-doce\/wp-content\/uploads\/sites\/19\/2023\/02\/Ativo-1.png\",\"width\":563,\"height\":149,\"caption\":\"Regional Rio doce\"},\"image\":{\"@id\":\"https:\/\/www.fiemg.com.br\/regional-rio-doce\/#\/schema\/logo\/image\/\"}},{\"@type\":\"Person\",\"@id\":\"https:\/\/www.fiemg.com.br\/regional-rio-doce\/#\/schema\/person\/0beed1f99aab98ae7845691a96d5fb23\",\"name\":\"tmota\",\"image\":{\"@type\":\"ImageObject\",\"inLanguage\":\"pt-BR\",\"@id\":\"https:\/\/www.fiemg.com.br\/regional-rio-doce\/#\/schema\/person\/image\/\",\"url\":\"https:\/\/secure.gravatar.com\/avatar\/252e06e36a9eb4dfd418c333a1d30d193228f1fe21015a0aa050b99440dd85e6?s=96&d=mm&r=g\",\"contentUrl\":\"https:\/\/secure.gravatar.com\/avatar\/252e06e36a9eb4dfd418c333a1d30d193228f1fe21015a0aa050b99440dd85e6?s=96&d=mm&r=g\",\"caption\":\"tmota\"},\"url\":\"https:\/\/www.fiemg.com.br\/regional-rio-doce\/author\/tmota\/\"}]}<\/script>\n<!-- \/ Yoast SEO plugin. -->","yoast_head_json":{"title":"Jornada de Integridade Empresarial \u00e9 realizada na sede da FIEMG em Valadares - Regional Rio doce","description":"Evento realizado pela controladoria-Geral do Munic\u00edpio debateu a\u00e7\u00f5es de integridade e compliance no \u00e2mbito empresarial","robots":{"index":"index","follow":"follow","max-snippet":"max-snippet:-1","max-image-preview":"max-image-preview:large","max-video-preview":"max-video-preview:-1"},"canonical":"https:\/\/www.fiemg.com.br\/regional-rio-doce\/jornada-de-integridade-empresarial-e-realizada-na-sede-da-fiemg-em-valadares\/","og_locale":"pt_BR","og_type":"article","og_title":"Jornada de Integridade Empresarial \u00e9 realizada na sede da FIEMG em Valadares - Regional Rio doce","og_description":"Evento realizado pela controladoria-Geral do Munic\u00edpio debateu a\u00e7\u00f5es de integridade e compliance no \u00e2mbito empresarial","og_url":"https:\/\/www.fiemg.com.br\/regional-rio-doce\/jornada-de-integridade-empresarial-e-realizada-na-sede-da-fiemg-em-valadares\/","og_site_name":"Regional Rio doce","article_published_time":"2024-06-21T17:07:11+00:00","article_modified_time":"2024-06-21T17:07:13+00:00","og_image":[{"width":512,"height":512,"url":"https:\/\/www.fiemg.com.br\/regional-rio-doce\/wp-content\/uploads\/sites\/19\/2024\/06\/Jornada-Integridade-Empresarial-2.jpg","type":"image\/jpeg"}],"author":"tmota","twitter_card":"summary_large_image","twitter_misc":{"Escrito por":"tmota","Est. tempo de leitura":"3 minutos"},"schema":{"@context":"https:\/\/schema.org","@graph":[{"@type":"Article","@id":"https:\/\/www.fiemg.com.br\/regional-rio-doce\/jornada-de-integridade-empresarial-e-realizada-na-sede-da-fiemg-em-valadares\/#article","isPartOf":{"@id":"https:\/\/www.fiemg.com.br\/regional-rio-doce\/jornada-de-integridade-empresarial-e-realizada-na-sede-da-fiemg-em-valadares\/"},"author":{"name":"tmota","@id":"https:\/\/www.fiemg.com.br\/regional-rio-doce\/#\/schema\/person\/0beed1f99aab98ae7845691a96d5fb23"},"headline":"Jornada de Integridade Empresarial \u00e9 realizada na sede da FIEMG em Valadares","datePublished":"2024-06-21T17:07:11+00:00","dateModified":"2024-06-21T17:07:13+00:00","mainEntityOfPage":{"@id":"https:\/\/www.fiemg.com.br\/regional-rio-doce\/jornada-de-integridade-empresarial-e-realizada-na-sede-da-fiemg-em-valadares\/"},"wordCount":451,"commentCount":0,"publisher":{"@id":"https:\/\/www.fiemg.com.br\/regional-rio-doce\/#organization"},"image":{"@id":"https:\/\/www.fiemg.com.br\/regional-rio-doce\/jornada-de-integridade-empresarial-e-realizada-na-sede-da-fiemg-em-valadares\/#primaryimage"},"thumbnailUrl":"https:\/\/www.fiemg.com.br\/regional-rio-doce\/wp-content\/uploads\/sites\/19\/2024\/06\/Jornada-Integridade-Empresarial-2.jpg","keywords":["FIEMG","FIEMG Regional Rio Doce","governador valadares","ind\u00fastria","Jornada de Integridade Empresarial"],"articleSection":["Capacita\u00e7\u00e3o Empresarial"],"inLanguage":"pt-BR","potentialAction":[{"@type":"CommentAction","name":"Comment","target":["https:\/\/www.fiemg.com.br\/regional-rio-doce\/jornada-de-integridade-empresarial-e-realizada-na-sede-da-fiemg-em-valadares\/#respond"]}]},{"@type":"WebPage","@id":"https:\/\/www.fiemg.com.br\/regional-rio-doce\/jornada-de-integridade-empresarial-e-realizada-na-sede-da-fiemg-em-valadares\/","url":"https:\/\/www.fiemg.com.br\/regional-rio-doce\/jornada-de-integridade-empresarial-e-realizada-na-sede-da-fiemg-em-valadares\/","name":"Jornada de Integridade Empresarial \u00e9 realizada na sede da FIEMG em Valadares - Regional Rio doce","isPartOf":{"@id":"https:\/\/www.fiemg.com.br\/regional-rio-doce\/#website"},"primaryImageOfPage":{"@id":"https:\/\/www.fiemg.com.br\/regional-rio-doce\/jornada-de-integridade-empresarial-e-realizada-na-sede-da-fiemg-em-valadares\/#primaryimage"},"image":{"@id":"https:\/\/www.fiemg.com.br\/regional-rio-doce\/jornada-de-integridade-empresarial-e-realizada-na-sede-da-fiemg-em-valadares\/#primaryimage"},"thumbnailUrl":"https:\/\/www.fiemg.com.br\/regional-rio-doce\/wp-content\/uploads\/sites\/19\/2024\/06\/Jornada-Integridade-Empresarial-2.jpg","datePublished":"2024-06-21T17:07:11+00:00","dateModified":"2024-06-21T17:07:13+00:00","description":"Evento realizado pela controladoria-Geral do Munic\u00edpio debateu a\u00e7\u00f5es de integridade e compliance no \u00e2mbito empresarial","breadcrumb":{"@id":"https:\/\/www.fiemg.com.br\/regional-rio-doce\/jornada-de-integridade-empresarial-e-realizada-na-sede-da-fiemg-em-valadares\/#breadcrumb"},"inLanguage":"pt-BR","potentialAction":[{"@type":"ReadAction","target":["https:\/\/www.fiemg.com.br\/regional-rio-doce\/jornada-de-integridade-empresarial-e-realizada-na-sede-da-fiemg-em-valadares\/"]}]},{"@type":"ImageObject","inLanguage":"pt-BR","@id":"https:\/\/www.fiemg.com.br\/regional-rio-doce\/jornada-de-integridade-empresarial-e-realizada-na-sede-da-fiemg-em-valadares\/#primaryimage","url":"https:\/\/www.fiemg.com.br\/regional-rio-doce\/wp-content\/uploads\/sites\/19\/2024\/06\/Jornada-Integridade-Empresarial-2.jpg","contentUrl":"https:\/\/www.fiemg.com.br\/regional-rio-doce\/wp-content\/uploads\/sites\/19\/2024\/06\/Jornada-Integridade-Empresarial-2.jpg","width":512,"height":512},{"@type":"BreadcrumbList","@id":"https:\/\/www.fiemg.com.br\/regional-rio-doce\/jornada-de-integridade-empresarial-e-realizada-na-sede-da-fiemg-em-valadares\/#breadcrumb","itemListElement":[{"@type":"ListItem","position":1,"name":"In\u00edcio","item":"https:\/\/www.fiemg.com.br\/regional-rio-doce\/"},{"@type":"ListItem","position":2,"name":"Jornada de Integridade Empresarial \u00e9 realizada na sede da FIEMG em Valadares"}]},{"@type":"WebSite","@id":"https:\/\/www.fiemg.com.br\/regional-rio-doce\/#website","url":"https:\/\/www.fiemg.com.br\/regional-rio-doce\/","name":"Regional Rio doce","description":"Federa\u00e7\u00e3o das Ind\u00fastrias do Estado de Minas Gerais","publisher":{"@id":"https:\/\/www.fiemg.com.br\/regional-rio-doce\/#organization"},"potentialAction":[{"@type":"SearchAction","target":{"@type":"EntryPoint","urlTemplate":"https:\/\/www.fiemg.com.br\/regional-rio-doce\/?s={search_term_string}"},"query-input":{"@type":"PropertyValueSpecification","valueRequired":true,"valueName":"search_term_string"}}],"inLanguage":"pt-BR"},{"@type":"Organization","@id":"https:\/\/www.fiemg.com.br\/regional-rio-doce\/#organization","name":"Regional Rio doce","url":"https:\/\/www.fiemg.com.br\/regional-rio-doce\/","logo":{"@type":"ImageObject","inLanguage":"pt-BR","@id":"https:\/\/www.fiemg.com.br\/regional-rio-doce\/#\/schema\/logo\/image\/","url":"https:\/\/www.fiemg.com.br\/regional-rio-doce\/wp-content\/uploads\/sites\/19\/2023\/02\/Ativo-1.png","contentUrl":"https:\/\/www.fiemg.com.br\/regional-rio-doce\/wp-content\/uploads\/sites\/19\/2023\/02\/Ativo-1.png","width":563,"height":149,"caption":"Regional Rio doce"},"image":{"@id":"https:\/\/www.fiemg.com.br\/regional-rio-doce\/#\/schema\/logo\/image\/"}},{"@type":"Person","@id":"https:\/\/www.fiemg.com.br\/regional-rio-doce\/#\/schema\/person\/0beed1f99aab98ae7845691a96d5fb23","name":"tmota","image":{"@type":"ImageObject","inLanguage":"pt-BR","@id":"https:\/\/www.fiemg.com.br\/regional-rio-doce\/#\/schema\/person\/image\/","url":"https:\/\/secure.gravatar.com\/avatar\/252e06e36a9eb4dfd418c333a1d30d193228f1fe21015a0aa050b99440dd85e6?s=96&d=mm&r=g","contentUrl":"https:\/\/secure.gravatar.com\/avatar\/252e06e36a9eb4dfd418c333a1d30d193228f1fe21015a0aa050b99440dd85e6?s=96&d=mm&r=g","caption":"tmota"},"url":"https:\/\/www.fiemg.com.br\/regional-rio-doce\/author\/tmota\/"}]}},"_links":{"self":[{"href":"https:\/\/www.fiemg.com.br\/regional-rio-doce\/wp-json\/wp\/v2\/posts\/1758","targetHints":{"allow":["GET"]}}],"collection":[{"href":"https:\/\/www.fiemg.com.br\/regional-rio-doce\/wp-json\/wp\/v2\/posts"}],"about":[{"href":"https:\/\/www.fiemg.com.br\/regional-rio-doce\/wp-json\/wp\/v2\/types\/post"}],"author":[{"embeddable":true,"href":"https:\/\/www.fiemg.com.br\/regional-rio-doce\/wp-json\/wp\/v2\/users\/61"}],"replies":[{"embeddable":true,"href":"https:\/\/www.fiemg.com.br\/regional-rio-doce\/wp-json\/wp\/v2\/comments?post=1758"}],"version-history":[{"count":0,"href":"https:\/\/www.fiemg.com.br\/regional-rio-doce\/wp-json\/wp\/v2\/posts\/1758\/revisions"}],"wp:featuredmedia":[{"embeddable":true,"href":"https:\/\/www.fiemg.com.br\/regional-rio-doce\/wp-json\/wp\/v2\/media\/1760"}],"wp:attachment":[{"href":"https:\/\/www.fiemg.com.br\/regional-rio-doce\/wp-json\/wp\/v2\/media?parent=1758"}],"wp:term":[{"taxonomy":"category","embeddable":true,"href":"https:\/\/www.fiemg.com.br\/regional-rio-doce\/wp-json\/wp\/v2\/categories?post=1758"},{"taxonomy":"post_tag","embeddable":true,"href":"https:\/\/www.fiemg.com.br\/regional-rio-doce\/wp-json\/wp\/v2\/tags?post=1758"}],"curies":[{"name":"wp","href":"https:\/\/api.w.org\/{rel}","templated":true}]}}