{"id":1849,"date":"2024-09-27T09:59:27","date_gmt":"2024-09-27T12:59:27","guid":{"rendered":"https:\/\/www.fiemg.com.br\/regional-rio-doce\/?p=1849"},"modified":"2024-09-27T10:00:37","modified_gmt":"2024-09-27T13:00:37","slug":"evento-reune-grandes-nomes-e-impulsos-o-desenvolvimento-economico-local-com-destaque-para-a-fiemg-regional-rio-doce","status":"publish","type":"post","link":"https:\/\/www.fiemg.com.br\/regional-rio-doce\/evento-reune-grandes-nomes-e-impulsos-o-desenvolvimento-economico-local-com-destaque-para-a-fiemg-regional-rio-doce\/","title":{"rendered":"Minas Summit no Trecho Valadares: Inova\u00e7\u00e3o e Empreendedorismo em Foco"},"content":{"rendered":"\n<figure class=\"wp-block-image aligncenter size-large\"><img fetchpriority=\"high\" decoding=\"async\" width=\"1024\" height=\"438\" src=\"https:\/\/www.fiemg.com.br\/regional-rio-doce\/wp-content\/uploads\/sites\/19\/2024\/09\/rio-doce-1024x438.jpg\" alt=\"\" class=\"wp-image-1851\" srcset=\"https:\/\/www.fiemg.com.br\/regional-rio-doce\/wp-content\/uploads\/sites\/19\/2024\/09\/rio-doce-1024x438.jpg 1024w, https:\/\/www.fiemg.com.br\/regional-rio-doce\/wp-content\/uploads\/sites\/19\/2024\/09\/rio-doce-300x128.jpg 300w, https:\/\/www.fiemg.com.br\/regional-rio-doce\/wp-content\/uploads\/sites\/19\/2024\/09\/rio-doce-768x328.jpg 768w, https:\/\/www.fiemg.com.br\/regional-rio-doce\/wp-content\/uploads\/sites\/19\/2024\/09\/rio-doce.jpg 1127w\" sizes=\"(max-width: 1024px) 100vw, 1024px\" \/><\/figure>\n\n\n\n<p><br>Na \u00faltima ter\u00e7a-feira, 24 de setembro, Governador Valadares recebeu o <strong>Minas Summit no Trecho<\/strong> , um evento de sucesso que contou com a presen\u00e7a de quase 300 participantes no UNIVALE \u2013 Campus II. A tarde e a noite foram dedicadas \u00e0 inova\u00e7\u00e3o, empreendedorismo e neg\u00f3cios, destacando a for\u00e7a do ecossistema local, com a <strong>FIEMG Regional Rio Doce<\/strong> tendo um papel de destaque nas discuss\u00f5es.<\/p>\n\n\n\n<p>A edi\u00e7\u00e3o Valadares do Minas Summit, uma extens\u00e3o do <strong>Minas Summit<\/strong> , um dos maiores eventos de inova\u00e7\u00e3o corporativa do Brasil, percorre 12 cidades mineiras, levando o desenvolvimento \u00e0s regi\u00f5es por onde passa. Organizado pelo <strong>Grupo FCJ<\/strong> , o evento conecta diferentes ecossistemas e promove a inova\u00e7\u00e3o.<\/p>\n\n\n\n<p><strong>Cristiano Ribeiro Ferreira J\u00e1come<\/strong> , representante do <strong>SESI<\/strong> e <strong>SENAI<\/strong> , abordou as oportunidades econ\u00f4micas da regi\u00e3o, ressaltando o impacto positivo da ind\u00fastria e da qualifica\u00e7\u00e3o profissional. \u201cO fortalecimento da ind\u00fastria local aliado \u00e0 qualifica\u00e7\u00e3o da m\u00e3o de obra \u00e9 essencial para o crescimento econ\u00f4mico da regi\u00e3o\u201d, afirmou Cristiano, destacando o papel das entidades ligadas \u00e0 <strong>FIEMG<\/strong> no desenvolvimento do mercado local.<\/p>\n\n\n\n<p><strong>Eduardo Almeida<\/strong> , diretor de neg\u00f3cios do <strong>Galp\u00e3o 205<\/strong> , tamb\u00e9m comentou: \u201cO Minas Summit no Trecho \u00e9 uma excelente oportunidade para fortalecer o ecossistema de inova\u00e7\u00e3o local. A ades\u00e3o superou as expectativas, tanto em n\u00famero de inscritos quanto na qualidade das conex\u00f5es e parcerias geradas.\u201d<\/p>\n\n\n\n<p>A <strong>Rodada de Neg\u00f3cios<\/strong> , um dos pontos altos do evento, reuniu 30 empresas, proporcionando um espa\u00e7o din\u00e2mico de networking e novas oportunidades de neg\u00f3cios. Al\u00e9m disso, palestras e pain\u00e9is com especialistas renomados trouxeram discuss\u00f5es sobre inova\u00e7\u00e3o e empreendedorismo, reafirmando o compromisso do evento com o avan\u00e7o tecnol\u00f3gico e econ\u00f4mico da regi\u00e3o.<\/p>\n\n\n\n<p><strong>Stefano Couri<\/strong> , presidente da <strong>Associa\u00e7\u00e3o Comercial e Empresarial de Valadares<\/strong> , refor\u00e7ou o potencial da cidade: \u201cA presen\u00e7a de tantos empres\u00e1rios e a qualidade das discuss\u00f5es mostram que Valadares tem um grande potencial para se tornar um polo de inova\u00e7\u00e3o no estado.\u201d<\/p>\n\n\n\n<p>O <strong>Minas Summit no Trecho Valadares<\/strong> consolidou seu papel na democratiza\u00e7\u00e3o da inova\u00e7\u00e3o e deixou um legado significativo para o ecossistema local, ampliando a visibilidade da cidade no cen\u00e1rio de inova\u00e7\u00e3o e neg\u00f3cios.<\/p>\n\n\n\n<p>A iniciativa foi realizada em parceria com institui\u00e7\u00f5es como <strong>Grupo FCJ<\/strong> , <strong>Galp\u00e3o 205<\/strong> , <strong>205 Ventures<\/strong> , <strong>Adeleste<\/strong> , <strong>ACE-GV<\/strong> , <strong>CDL-GV<\/strong> , <strong>FIEMG Regional Rio Doce<\/strong> , <strong>Univale<\/strong> e <strong>Sebrae<\/strong> , e contorno com patroc\u00ednios de grandes marcas como <strong>Huawei Cloud<\/strong> , <strong>Board Academy<\/strong> , e <strong>Sicoob AC Credi<\/strong> , al\u00e9m do apoio do <strong>Governo de Minas Gerais<\/strong> e outras organiza\u00e7\u00f5es regionais.<\/p>\n","protected":false},"excerpt":{"rendered":"<p>Na \u00faltima ter\u00e7a-feira, 24 de setembro, Governador Valadares recebeu o Minas Summit no Trecho , um evento de sucesso que contou com a presen\u00e7a de quase 300 participantes no UNIVALE \u2013 Campus II. A tarde e a noite foram dedicadas \u00e0 inova\u00e7\u00e3o, empreendedorismo e neg\u00f3cios, destacando a for\u00e7a do ecossistema local, com a FIEMG Regional [&hellip;]<\/p>\n","protected":false},"author":21,"featured_media":1850,"comment_status":"open","ping_status":"open","sticky":false,"template":"","format":"standard","meta":{"footnotes":""},"categories":[14],"tags":[],"class_list":["post-1849","post","type-post","status-publish","format-standard","has-post-thumbnail","hentry","category-noticias"],"acf":[],"yoast_head":"<!-- This site is optimized with the Yoast SEO plugin v26.2 - https:\/\/yoast.com\/wordpress\/plugins\/seo\/ -->\n<title>Minas Summit no Trecho Valadares: Inova\u00e7\u00e3o e Empreendedorismo em Foco - Regional Rio doce<\/title>\n<meta name=\"description\" content=\"Evento re\u00fane grandes nomes e impulsos o desenvolvimento econ\u00f4mico local, com destaque para a FIEMG Regional Rio Doce\" \/>\n<meta name=\"robots\" content=\"index, follow, max-snippet:-1, max-image-preview:large, max-video-preview:-1\" \/>\n<link rel=\"canonical\" href=\"https:\/\/www.fiemg.com.br\/regional-rio-doce\/evento-reune-grandes-nomes-e-impulsos-o-desenvolvimento-economico-local-com-destaque-para-a-fiemg-regional-rio-doce\/\" \/>\n<meta property=\"og:locale\" content=\"pt_BR\" \/>\n<meta property=\"og:type\" content=\"article\" \/>\n<meta property=\"og:title\" content=\"Minas Summit no Trecho Valadares: Inova\u00e7\u00e3o e Empreendedorismo em Foco - Regional Rio doce\" \/>\n<meta property=\"og:description\" content=\"Evento re\u00fane grandes nomes e impulsos o desenvolvimento econ\u00f4mico local, com destaque para a FIEMG Regional Rio Doce\" \/>\n<meta property=\"og:url\" content=\"https:\/\/www.fiemg.com.br\/regional-rio-doce\/evento-reune-grandes-nomes-e-impulsos-o-desenvolvimento-economico-local-com-destaque-para-a-fiemg-regional-rio-doce\/\" \/>\n<meta property=\"og:site_name\" content=\"Regional Rio doce\" \/>\n<meta property=\"article:published_time\" content=\"2024-09-27T12:59:27+00:00\" \/>\n<meta property=\"article:modified_time\" content=\"2024-09-27T13:00:37+00:00\" \/>\n<meta property=\"og:image\" content=\"https:\/\/www.fiemg.com.br\/regional-rio-doce\/wp-content\/uploads\/sites\/19\/2024\/09\/rio-doce2.jpg\" \/>\n\t<meta property=\"og:image:width\" content=\"751\" \/>\n\t<meta property=\"og:image:height\" content=\"650\" \/>\n\t<meta property=\"og:image:type\" content=\"image\/jpeg\" \/>\n<meta name=\"author\" content=\"denisesilva\" \/>\n<meta name=\"twitter:card\" content=\"summary_large_image\" \/>\n<meta name=\"twitter:label1\" content=\"Escrito por\" \/>\n\t<meta name=\"twitter:data1\" content=\"denisesilva\" \/>\n\t<meta name=\"twitter:label2\" content=\"Est. tempo de leitura\" \/>\n\t<meta name=\"twitter:data2\" content=\"3 minutos\" \/>\n<script type=\"application\/ld+json\" class=\"yoast-schema-graph\">{\"@context\":\"https:\/\/schema.org\",\"@graph\":[{\"@type\":\"Article\",\"@id\":\"https:\/\/www.fiemg.com.br\/regional-rio-doce\/evento-reune-grandes-nomes-e-impulsos-o-desenvolvimento-economico-local-com-destaque-para-a-fiemg-regional-rio-doce\/#article\",\"isPartOf\":{\"@id\":\"https:\/\/www.fiemg.com.br\/regional-rio-doce\/evento-reune-grandes-nomes-e-impulsos-o-desenvolvimento-economico-local-com-destaque-para-a-fiemg-regional-rio-doce\/\"},\"author\":{\"name\":\"denisesilva\",\"@id\":\"https:\/\/www.fiemg.com.br\/regional-rio-doce\/#\/schema\/person\/dee4a06dfe5c215438248e665c515529\"},\"headline\":\"Minas Summit no Trecho Valadares: Inova\u00e7\u00e3o e Empreendedorismo em Foco\",\"datePublished\":\"2024-09-27T12:59:27+00:00\",\"dateModified\":\"2024-09-27T13:00:37+00:00\",\"mainEntityOfPage\":{\"@id\":\"https:\/\/www.fiemg.com.br\/regional-rio-doce\/evento-reune-grandes-nomes-e-impulsos-o-desenvolvimento-economico-local-com-destaque-para-a-fiemg-regional-rio-doce\/\"},\"wordCount\":444,\"commentCount\":0,\"publisher\":{\"@id\":\"https:\/\/www.fiemg.com.br\/regional-rio-doce\/#organization\"},\"image\":{\"@id\":\"https:\/\/www.fiemg.com.br\/regional-rio-doce\/evento-reune-grandes-nomes-e-impulsos-o-desenvolvimento-economico-local-com-destaque-para-a-fiemg-regional-rio-doce\/#primaryimage\"},\"thumbnailUrl\":\"https:\/\/www.fiemg.com.br\/regional-rio-doce\/wp-content\/uploads\/sites\/19\/2024\/09\/rio-doce2.jpg\",\"articleSection\":[\"Not\u00edcias\"],\"inLanguage\":\"pt-BR\",\"potentialAction\":[{\"@type\":\"CommentAction\",\"name\":\"Comment\",\"target\":[\"https:\/\/www.fiemg.com.br\/regional-rio-doce\/evento-reune-grandes-nomes-e-impulsos-o-desenvolvimento-economico-local-com-destaque-para-a-fiemg-regional-rio-doce\/#respond\"]}]},{\"@type\":\"WebPage\",\"@id\":\"https:\/\/www.fiemg.com.br\/regional-rio-doce\/evento-reune-grandes-nomes-e-impulsos-o-desenvolvimento-economico-local-com-destaque-para-a-fiemg-regional-rio-doce\/\",\"url\":\"https:\/\/www.fiemg.com.br\/regional-rio-doce\/evento-reune-grandes-nomes-e-impulsos-o-desenvolvimento-economico-local-com-destaque-para-a-fiemg-regional-rio-doce\/\",\"name\":\"Minas Summit no Trecho Valadares: Inova\u00e7\u00e3o e Empreendedorismo em Foco - Regional Rio doce\",\"isPartOf\":{\"@id\":\"https:\/\/www.fiemg.com.br\/regional-rio-doce\/#website\"},\"primaryImageOfPage\":{\"@id\":\"https:\/\/www.fiemg.com.br\/regional-rio-doce\/evento-reune-grandes-nomes-e-impulsos-o-desenvolvimento-economico-local-com-destaque-para-a-fiemg-regional-rio-doce\/#primaryimage\"},\"image\":{\"@id\":\"https:\/\/www.fiemg.com.br\/regional-rio-doce\/evento-reune-grandes-nomes-e-impulsos-o-desenvolvimento-economico-local-com-destaque-para-a-fiemg-regional-rio-doce\/#primaryimage\"},\"thumbnailUrl\":\"https:\/\/www.fiemg.com.br\/regional-rio-doce\/wp-content\/uploads\/sites\/19\/2024\/09\/rio-doce2.jpg\",\"datePublished\":\"2024-09-27T12:59:27+00:00\",\"dateModified\":\"2024-09-27T13:00:37+00:00\",\"description\":\"Evento re\u00fane grandes nomes e impulsos o desenvolvimento econ\u00f4mico local, com destaque para a FIEMG Regional Rio Doce\",\"breadcrumb\":{\"@id\":\"https:\/\/www.fiemg.com.br\/regional-rio-doce\/evento-reune-grandes-nomes-e-impulsos-o-desenvolvimento-economico-local-com-destaque-para-a-fiemg-regional-rio-doce\/#breadcrumb\"},\"inLanguage\":\"pt-BR\",\"potentialAction\":[{\"@type\":\"ReadAction\",\"target\":[\"https:\/\/www.fiemg.com.br\/regional-rio-doce\/evento-reune-grandes-nomes-e-impulsos-o-desenvolvimento-economico-local-com-destaque-para-a-fiemg-regional-rio-doce\/\"]}]},{\"@type\":\"ImageObject\",\"inLanguage\":\"pt-BR\",\"@id\":\"https:\/\/www.fiemg.com.br\/regional-rio-doce\/evento-reune-grandes-nomes-e-impulsos-o-desenvolvimento-economico-local-com-destaque-para-a-fiemg-regional-rio-doce\/#primaryimage\",\"url\":\"https:\/\/www.fiemg.com.br\/regional-rio-doce\/wp-content\/uploads\/sites\/19\/2024\/09\/rio-doce2.jpg\",\"contentUrl\":\"https:\/\/www.fiemg.com.br\/regional-rio-doce\/wp-content\/uploads\/sites\/19\/2024\/09\/rio-doce2.jpg\",\"width\":751,\"height\":650},{\"@type\":\"BreadcrumbList\",\"@id\":\"https:\/\/www.fiemg.com.br\/regional-rio-doce\/evento-reune-grandes-nomes-e-impulsos-o-desenvolvimento-economico-local-com-destaque-para-a-fiemg-regional-rio-doce\/#breadcrumb\",\"itemListElement\":[{\"@type\":\"ListItem\",\"position\":1,\"name\":\"In\u00edcio\",\"item\":\"https:\/\/www.fiemg.com.br\/regional-rio-doce\/\"},{\"@type\":\"ListItem\",\"position\":2,\"name\":\"Minas Summit no Trecho Valadares: Inova\u00e7\u00e3o e Empreendedorismo em Foco\"}]},{\"@type\":\"WebSite\",\"@id\":\"https:\/\/www.fiemg.com.br\/regional-rio-doce\/#website\",\"url\":\"https:\/\/www.fiemg.com.br\/regional-rio-doce\/\",\"name\":\"Regional Rio doce\",\"description\":\"Federa\u00e7\u00e3o das Ind\u00fastrias do Estado de Minas Gerais\",\"publisher\":{\"@id\":\"https:\/\/www.fiemg.com.br\/regional-rio-doce\/#organization\"},\"potentialAction\":[{\"@type\":\"SearchAction\",\"target\":{\"@type\":\"EntryPoint\",\"urlTemplate\":\"https:\/\/www.fiemg.com.br\/regional-rio-doce\/?s={search_term_string}\"},\"query-input\":{\"@type\":\"PropertyValueSpecification\",\"valueRequired\":true,\"valueName\":\"search_term_string\"}}],\"inLanguage\":\"pt-BR\"},{\"@type\":\"Organization\",\"@id\":\"https:\/\/www.fiemg.com.br\/regional-rio-doce\/#organization\",\"name\":\"Regional Rio doce\",\"url\":\"https:\/\/www.fiemg.com.br\/regional-rio-doce\/\",\"logo\":{\"@type\":\"ImageObject\",\"inLanguage\":\"pt-BR\",\"@id\":\"https:\/\/www.fiemg.com.br\/regional-rio-doce\/#\/schema\/logo\/image\/\",\"url\":\"https:\/\/www.fiemg.com.br\/regional-rio-doce\/wp-content\/uploads\/sites\/19\/2023\/02\/Ativo-1.png\",\"contentUrl\":\"https:\/\/www.fiemg.com.br\/regional-rio-doce\/wp-content\/uploads\/sites\/19\/2023\/02\/Ativo-1.png\",\"width\":563,\"height\":149,\"caption\":\"Regional Rio doce\"},\"image\":{\"@id\":\"https:\/\/www.fiemg.com.br\/regional-rio-doce\/#\/schema\/logo\/image\/\"}},{\"@type\":\"Person\",\"@id\":\"https:\/\/www.fiemg.com.br\/regional-rio-doce\/#\/schema\/person\/dee4a06dfe5c215438248e665c515529\",\"name\":\"denisesilva\",\"image\":{\"@type\":\"ImageObject\",\"inLanguage\":\"pt-BR\",\"@id\":\"https:\/\/www.fiemg.com.br\/regional-rio-doce\/#\/schema\/person\/image\/\",\"url\":\"https:\/\/secure.gravatar.com\/avatar\/8f4747f814a698ad213abc822497cba3c18b7ef5467c8b241d88b76e0de82754?s=96&d=mm&r=g\",\"contentUrl\":\"https:\/\/secure.gravatar.com\/avatar\/8f4747f814a698ad213abc822497cba3c18b7ef5467c8b241d88b76e0de82754?s=96&d=mm&r=g\",\"caption\":\"denisesilva\"},\"url\":\"https:\/\/www.fiemg.com.br\/regional-rio-doce\/author\/denisesilva\/\"}]}<\/script>\n<!-- \/ Yoast SEO plugin. -->","yoast_head_json":{"title":"Minas Summit no Trecho Valadares: Inova\u00e7\u00e3o e Empreendedorismo em Foco - Regional Rio doce","description":"Evento re\u00fane grandes nomes e impulsos o desenvolvimento econ\u00f4mico local, com destaque para a FIEMG Regional Rio Doce","robots":{"index":"index","follow":"follow","max-snippet":"max-snippet:-1","max-image-preview":"max-image-preview:large","max-video-preview":"max-video-preview:-1"},"canonical":"https:\/\/www.fiemg.com.br\/regional-rio-doce\/evento-reune-grandes-nomes-e-impulsos-o-desenvolvimento-economico-local-com-destaque-para-a-fiemg-regional-rio-doce\/","og_locale":"pt_BR","og_type":"article","og_title":"Minas Summit no Trecho Valadares: Inova\u00e7\u00e3o e Empreendedorismo em Foco - Regional Rio doce","og_description":"Evento re\u00fane grandes nomes e impulsos o desenvolvimento econ\u00f4mico local, com destaque para a FIEMG Regional Rio Doce","og_url":"https:\/\/www.fiemg.com.br\/regional-rio-doce\/evento-reune-grandes-nomes-e-impulsos-o-desenvolvimento-economico-local-com-destaque-para-a-fiemg-regional-rio-doce\/","og_site_name":"Regional Rio doce","article_published_time":"2024-09-27T12:59:27+00:00","article_modified_time":"2024-09-27T13:00:37+00:00","og_image":[{"width":751,"height":650,"url":"https:\/\/www.fiemg.com.br\/regional-rio-doce\/wp-content\/uploads\/sites\/19\/2024\/09\/rio-doce2.jpg","type":"image\/jpeg"}],"author":"denisesilva","twitter_card":"summary_large_image","twitter_misc":{"Escrito por":"denisesilva","Est. tempo de leitura":"3 minutos"},"schema":{"@context":"https:\/\/schema.org","@graph":[{"@type":"Article","@id":"https:\/\/www.fiemg.com.br\/regional-rio-doce\/evento-reune-grandes-nomes-e-impulsos-o-desenvolvimento-economico-local-com-destaque-para-a-fiemg-regional-rio-doce\/#article","isPartOf":{"@id":"https:\/\/www.fiemg.com.br\/regional-rio-doce\/evento-reune-grandes-nomes-e-impulsos-o-desenvolvimento-economico-local-com-destaque-para-a-fiemg-regional-rio-doce\/"},"author":{"name":"denisesilva","@id":"https:\/\/www.fiemg.com.br\/regional-rio-doce\/#\/schema\/person\/dee4a06dfe5c215438248e665c515529"},"headline":"Minas Summit no Trecho Valadares: Inova\u00e7\u00e3o e Empreendedorismo em Foco","datePublished":"2024-09-27T12:59:27+00:00","dateModified":"2024-09-27T13:00:37+00:00","mainEntityOfPage":{"@id":"https:\/\/www.fiemg.com.br\/regional-rio-doce\/evento-reune-grandes-nomes-e-impulsos-o-desenvolvimento-economico-local-com-destaque-para-a-fiemg-regional-rio-doce\/"},"wordCount":444,"commentCount":0,"publisher":{"@id":"https:\/\/www.fiemg.com.br\/regional-rio-doce\/#organization"},"image":{"@id":"https:\/\/www.fiemg.com.br\/regional-rio-doce\/evento-reune-grandes-nomes-e-impulsos-o-desenvolvimento-economico-local-com-destaque-para-a-fiemg-regional-rio-doce\/#primaryimage"},"thumbnailUrl":"https:\/\/www.fiemg.com.br\/regional-rio-doce\/wp-content\/uploads\/sites\/19\/2024\/09\/rio-doce2.jpg","articleSection":["Not\u00edcias"],"inLanguage":"pt-BR","potentialAction":[{"@type":"CommentAction","name":"Comment","target":["https:\/\/www.fiemg.com.br\/regional-rio-doce\/evento-reune-grandes-nomes-e-impulsos-o-desenvolvimento-economico-local-com-destaque-para-a-fiemg-regional-rio-doce\/#respond"]}]},{"@type":"WebPage","@id":"https:\/\/www.fiemg.com.br\/regional-rio-doce\/evento-reune-grandes-nomes-e-impulsos-o-desenvolvimento-economico-local-com-destaque-para-a-fiemg-regional-rio-doce\/","url":"https:\/\/www.fiemg.com.br\/regional-rio-doce\/evento-reune-grandes-nomes-e-impulsos-o-desenvolvimento-economico-local-com-destaque-para-a-fiemg-regional-rio-doce\/","name":"Minas Summit no Trecho Valadares: Inova\u00e7\u00e3o e Empreendedorismo em Foco - Regional Rio doce","isPartOf":{"@id":"https:\/\/www.fiemg.com.br\/regional-rio-doce\/#website"},"primaryImageOfPage":{"@id":"https:\/\/www.fiemg.com.br\/regional-rio-doce\/evento-reune-grandes-nomes-e-impulsos-o-desenvolvimento-economico-local-com-destaque-para-a-fiemg-regional-rio-doce\/#primaryimage"},"image":{"@id":"https:\/\/www.fiemg.com.br\/regional-rio-doce\/evento-reune-grandes-nomes-e-impulsos-o-desenvolvimento-economico-local-com-destaque-para-a-fiemg-regional-rio-doce\/#primaryimage"},"thumbnailUrl":"https:\/\/www.fiemg.com.br\/regional-rio-doce\/wp-content\/uploads\/sites\/19\/2024\/09\/rio-doce2.jpg","datePublished":"2024-09-27T12:59:27+00:00","dateModified":"2024-09-27T13:00:37+00:00","description":"Evento re\u00fane grandes nomes e impulsos o desenvolvimento econ\u00f4mico local, com destaque para a FIEMG Regional Rio Doce","breadcrumb":{"@id":"https:\/\/www.fiemg.com.br\/regional-rio-doce\/evento-reune-grandes-nomes-e-impulsos-o-desenvolvimento-economico-local-com-destaque-para-a-fiemg-regional-rio-doce\/#breadcrumb"},"inLanguage":"pt-BR","potentialAction":[{"@type":"ReadAction","target":["https:\/\/www.fiemg.com.br\/regional-rio-doce\/evento-reune-grandes-nomes-e-impulsos-o-desenvolvimento-economico-local-com-destaque-para-a-fiemg-regional-rio-doce\/"]}]},{"@type":"ImageObject","inLanguage":"pt-BR","@id":"https:\/\/www.fiemg.com.br\/regional-rio-doce\/evento-reune-grandes-nomes-e-impulsos-o-desenvolvimento-economico-local-com-destaque-para-a-fiemg-regional-rio-doce\/#primaryimage","url":"https:\/\/www.fiemg.com.br\/regional-rio-doce\/wp-content\/uploads\/sites\/19\/2024\/09\/rio-doce2.jpg","contentUrl":"https:\/\/www.fiemg.com.br\/regional-rio-doce\/wp-content\/uploads\/sites\/19\/2024\/09\/rio-doce2.jpg","width":751,"height":650},{"@type":"BreadcrumbList","@id":"https:\/\/www.fiemg.com.br\/regional-rio-doce\/evento-reune-grandes-nomes-e-impulsos-o-desenvolvimento-economico-local-com-destaque-para-a-fiemg-regional-rio-doce\/#breadcrumb","itemListElement":[{"@type":"ListItem","position":1,"name":"In\u00edcio","item":"https:\/\/www.fiemg.com.br\/regional-rio-doce\/"},{"@type":"ListItem","position":2,"name":"Minas Summit no Trecho Valadares: Inova\u00e7\u00e3o e Empreendedorismo em Foco"}]},{"@type":"WebSite","@id":"https:\/\/www.fiemg.com.br\/regional-rio-doce\/#website","url":"https:\/\/www.fiemg.com.br\/regional-rio-doce\/","name":"Regional Rio doce","description":"Federa\u00e7\u00e3o das Ind\u00fastrias do Estado de Minas Gerais","publisher":{"@id":"https:\/\/www.fiemg.com.br\/regional-rio-doce\/#organization"},"potentialAction":[{"@type":"SearchAction","target":{"@type":"EntryPoint","urlTemplate":"https:\/\/www.fiemg.com.br\/regional-rio-doce\/?s={search_term_string}"},"query-input":{"@type":"PropertyValueSpecification","valueRequired":true,"valueName":"search_term_string"}}],"inLanguage":"pt-BR"},{"@type":"Organization","@id":"https:\/\/www.fiemg.com.br\/regional-rio-doce\/#organization","name":"Regional Rio doce","url":"https:\/\/www.fiemg.com.br\/regional-rio-doce\/","logo":{"@type":"ImageObject","inLanguage":"pt-BR","@id":"https:\/\/www.fiemg.com.br\/regional-rio-doce\/#\/schema\/logo\/image\/","url":"https:\/\/www.fiemg.com.br\/regional-rio-doce\/wp-content\/uploads\/sites\/19\/2023\/02\/Ativo-1.png","contentUrl":"https:\/\/www.fiemg.com.br\/regional-rio-doce\/wp-content\/uploads\/sites\/19\/2023\/02\/Ativo-1.png","width":563,"height":149,"caption":"Regional Rio doce"},"image":{"@id":"https:\/\/www.fiemg.com.br\/regional-rio-doce\/#\/schema\/logo\/image\/"}},{"@type":"Person","@id":"https:\/\/www.fiemg.com.br\/regional-rio-doce\/#\/schema\/person\/dee4a06dfe5c215438248e665c515529","name":"denisesilva","image":{"@type":"ImageObject","inLanguage":"pt-BR","@id":"https:\/\/www.fiemg.com.br\/regional-rio-doce\/#\/schema\/person\/image\/","url":"https:\/\/secure.gravatar.com\/avatar\/8f4747f814a698ad213abc822497cba3c18b7ef5467c8b241d88b76e0de82754?s=96&d=mm&r=g","contentUrl":"https:\/\/secure.gravatar.com\/avatar\/8f4747f814a698ad213abc822497cba3c18b7ef5467c8b241d88b76e0de82754?s=96&d=mm&r=g","caption":"denisesilva"},"url":"https:\/\/www.fiemg.com.br\/regional-rio-doce\/author\/denisesilva\/"}]}},"_links":{"self":[{"href":"https:\/\/www.fiemg.com.br\/regional-rio-doce\/wp-json\/wp\/v2\/posts\/1849","targetHints":{"allow":["GET"]}}],"collection":[{"href":"https:\/\/www.fiemg.com.br\/regional-rio-doce\/wp-json\/wp\/v2\/posts"}],"about":[{"href":"https:\/\/www.fiemg.com.br\/regional-rio-doce\/wp-json\/wp\/v2\/types\/post"}],"author":[{"embeddable":true,"href":"https:\/\/www.fiemg.com.br\/regional-rio-doce\/wp-json\/wp\/v2\/users\/21"}],"replies":[{"embeddable":true,"href":"https:\/\/www.fiemg.com.br\/regional-rio-doce\/wp-json\/wp\/v2\/comments?post=1849"}],"version-history":[{"count":0,"href":"https:\/\/www.fiemg.com.br\/regional-rio-doce\/wp-json\/wp\/v2\/posts\/1849\/revisions"}],"wp:featuredmedia":[{"embeddable":true,"href":"https:\/\/www.fiemg.com.br\/regional-rio-doce\/wp-json\/wp\/v2\/media\/1850"}],"wp:attachment":[{"href":"https:\/\/www.fiemg.com.br\/regional-rio-doce\/wp-json\/wp\/v2\/media?parent=1849"}],"wp:term":[{"taxonomy":"category","embeddable":true,"href":"https:\/\/www.fiemg.com.br\/regional-rio-doce\/wp-json\/wp\/v2\/categories?post=1849"},{"taxonomy":"post_tag","embeddable":true,"href":"https:\/\/www.fiemg.com.br\/regional-rio-doce\/wp-json\/wp\/v2\/tags?post=1849"}],"curies":[{"name":"wp","href":"https:\/\/api.w.org\/{rel}","templated":true}]}}