{"id":1558,"date":"2023-08-09T16:33:50","date_gmt":"2023-08-09T19:33:50","guid":{"rendered":"https:\/\/www.fiemg.com.br\/regional-sede\/noticias\/panorama-tributario-e-economico-para-o-setor-da-alimentacao\/"},"modified":"2023-08-17T16:41:42","modified_gmt":"2023-08-17T19:41:42","slug":"panorama-tributario-e-economico-para-o-setor-da-alimentacao","status":"publish","type":"noticias","link":"https:\/\/www.fiemg.com.br\/regional-sede\/noticias\/panorama-tributario-e-economico-para-o-setor-da-alimentacao\/","title":{"rendered":"Panorama Tribut\u00e1rio e Econ\u00f4mico para o setor da alimenta\u00e7\u00e3o"},"content":{"rendered":"<p>O novo panorama tribut\u00e1rio foi um dos temas da reuni\u00e3o da C\u00e2mara da Ind\u00fastria de Alimentos e Bebidas, com intuito de analisar os benef\u00edcios conferidos a bares e restaurantes. O encontro foi promovido na tarde desta ter\u00e7a-feira (8), na sede FIEMG, em Belo Horizonte. Al\u00e9m deste, o cen\u00e1rio econ\u00f4mico do primeiro semestre tamb\u00e9m foi analisado e debatido entre o colegiado.<\/p>\n<p>A reuni\u00e3o contou com uma grande novidade, que foi a integra\u00e7\u00e3o da nova secret\u00e1ria executiva, Liliane Ribeiro Saldanha. \u201cFiquei muito feliz pelo convite e me coloquei a disposi\u00e7\u00e3o para contribuir nesse trabalho que \u00e9 muito importante para as ind\u00fastrias de alimentos e bebidas no nosso Estado\u201d, disse.<\/p>\n<p>Vin\u00edcius Dantas, presidente do colegiado, deu as boas-vindas a nova integrante e convocou os sindicatos membros para que envolvam seus diretores nas reuni\u00f5es da C\u00e2mara. \u201c\u00c9 importante a participa\u00e7\u00e3o de todos os diretores associados para que tomem conhecimento das discuss\u00f5es e das oportunidades que a gente traz aqui para o debate. A gente precisa de qu\u00f3rum nas nossas apresenta\u00e7\u00f5es\u201d, exalta Dantas.<\/p>\n<p>A ger\u00eancia tribut\u00e1ria da FIEMG, representada por Marcelo Malagoli e Ruta Eliza Reis, levou para discuss\u00e3o a reforma tribut\u00e1ria e um panorama voltado para o setor de alimentos e bebidas.<\/p>\n<p>\u201cO que t\u00e1 sendo previsto na reforma tribut\u00e1ria, atualmente, \u00e9 um tratamento diferenciado que pode ser dado a cada setor. Alguns desses pontos que devemos dar aten\u00e7\u00e3o, para entender o que ser\u00e1 considerado essencial e o que ser\u00e1 sup\u00e9rfluo dentro da ind\u00fastria de alimentos e bebidas, al\u00e9m de tentar garantir que produtos considerados isentos tenham uma tributa\u00e7\u00e3o favorecida\u201d, diz Malagoli.<\/p>\n<p>Reis, complementa o colega dizendo que \u201calgumas premissas a gente tem se preocupado em mapear e tentar defender que elas sejam cada vez mais claras\u201d, pontua a consultora.<\/p>\n<p>Jo\u00e3o Gabriel Pio, gerente de Estudos Econ\u00f4micos da FIEMG, apresentou um panorama do setor acerca dos seis primeiros meses do novo governo. Pio ressalta que houve uma mudan\u00e7a significativa nas expectativas de crescimento da economia brasileira e o cen\u00e1rio \u00e9 otimista. \u201cHoje, a expectativa \u00e9 de que o Brasil cres\u00e7a algo em torno de 2,3%. \u00c9 uma mudan\u00e7a muito significativa da expectativa de atividade econ\u00f4mica. Na trajet\u00f3ria dessas expectativas di\u00e1rias, percebemos que houve tamb\u00e9m uma mudan\u00e7a em termos de percep\u00e7\u00e3o de risco da economia brasileira\u201d, explica Pio.<\/p>\n<p>A reuni\u00e3o foi uma oportunidade para o colegiado colocar as pautas em dia e esclarecer d\u00favidas.<\/p>\n<p>Veja\u00a0<a href=\"https:\/\/www.flickr.com\/photos\/sistemafiemg\/sets\/72177720310359569\/\" target=\"_blank\" rel=\"noopener\"><strong>aqui<\/strong><\/a>\u00a0as fotos desse encontro.<\/p>\n<p><em>Ana Paula Motta<\/em><br \/>\n<strong>Imprensa FIEMG<\/strong><\/p>\n","protected":false},"featured_media":1567,"template":"","categories":[],"tags":[],"class_list":["post-1558","noticias","type-noticias","status-publish","has-post-thumbnail","hentry"],"acf":[],"yoast_head":"<!-- This site is optimized with the Yoast SEO plugin v26.2 - https:\/\/yoast.com\/wordpress\/plugins\/seo\/ -->\n<title>Panorama Tribut\u00e1rio e Econ\u00f4mico para o setor da alimenta\u00e7\u00e3o - FIEMG<\/title>\n<meta name=\"robots\" content=\"index, follow, max-snippet:-1, max-image-preview:large, max-video-preview:-1\" \/>\n<link rel=\"canonical\" href=\"https:\/\/www.fiemg.com.br\/regional-sede\/noticias\/panorama-tributario-e-economico-para-o-setor-da-alimentacao\/\" \/>\n<meta property=\"og:locale\" content=\"pt_BR\" \/>\n<meta property=\"og:type\" content=\"article\" \/>\n<meta property=\"og:title\" content=\"Panorama Tribut\u00e1rio e Econ\u00f4mico para o setor da alimenta\u00e7\u00e3o - FIEMG\" \/>\n<meta property=\"og:description\" content=\"O novo panorama tribut\u00e1rio foi um dos temas da reuni\u00e3o da C\u00e2mara da Ind\u00fastria de Alimentos e Bebidas, com intuito de analisar os benef\u00edcios conferidos a bares e restaurantes. O encontro foi promovido na tarde desta ter\u00e7a-feira (8), na sede FIEMG, em Belo Horizonte. Al\u00e9m deste, o cen\u00e1rio econ\u00f4mico do primeiro semestre tamb\u00e9m foi analisado [&hellip;]\" \/>\n<meta property=\"og:url\" content=\"https:\/\/www.fiemg.com.br\/regional-sede\/noticias\/panorama-tributario-e-economico-para-o-setor-da-alimentacao\/\" \/>\n<meta property=\"og:site_name\" content=\"FIEMG\" \/>\n<meta property=\"article:modified_time\" content=\"2023-08-17T19:41:42+00:00\" \/>\n<meta property=\"og:image\" content=\"https:\/\/www.fiemg.com.br\/regional-sede\/wp-content\/uploads\/sites\/21\/2023\/07\/default.png\" \/>\n\t<meta property=\"og:image:width\" content=\"300\" \/>\n\t<meta property=\"og:image:height\" content=\"300\" \/>\n\t<meta property=\"og:image:type\" content=\"image\/png\" \/>\n<meta name=\"twitter:card\" content=\"summary_large_image\" \/>\n<meta name=\"twitter:label1\" content=\"Est. tempo de leitura\" \/>\n\t<meta name=\"twitter:data1\" content=\"2 minutos\" \/>\n<script type=\"application\/ld+json\" class=\"yoast-schema-graph\">{\"@context\":\"https:\/\/schema.org\",\"@graph\":[{\"@type\":\"WebPage\",\"@id\":\"https:\/\/www.fiemg.com.br\/regional-sede\/noticias\/panorama-tributario-e-economico-para-o-setor-da-alimentacao\/\",\"url\":\"https:\/\/www.fiemg.com.br\/regional-sede\/noticias\/panorama-tributario-e-economico-para-o-setor-da-alimentacao\/\",\"name\":\"Panorama Tribut\u00e1rio e Econ\u00f4mico para o setor da alimenta\u00e7\u00e3o - FIEMG\",\"isPartOf\":{\"@id\":\"https:\/\/www.fiemg.com.br\/regional-sede\/#website\"},\"primaryImageOfPage\":{\"@id\":\"https:\/\/www.fiemg.com.br\/regional-sede\/noticias\/panorama-tributario-e-economico-para-o-setor-da-alimentacao\/#primaryimage\"},\"image\":{\"@id\":\"https:\/\/www.fiemg.com.br\/regional-sede\/noticias\/panorama-tributario-e-economico-para-o-setor-da-alimentacao\/#primaryimage\"},\"thumbnailUrl\":\"https:\/\/www.fiemg.com.br\/regional-sede\/wp-content\/uploads\/sites\/21\/2023\/08\/default.png\",\"datePublished\":\"2023-08-09T19:33:50+00:00\",\"dateModified\":\"2023-08-17T19:41:42+00:00\",\"breadcrumb\":{\"@id\":\"https:\/\/www.fiemg.com.br\/regional-sede\/noticias\/panorama-tributario-e-economico-para-o-setor-da-alimentacao\/#breadcrumb\"},\"inLanguage\":\"pt-BR\",\"potentialAction\":[{\"@type\":\"ReadAction\",\"target\":[\"https:\/\/www.fiemg.com.br\/regional-sede\/noticias\/panorama-tributario-e-economico-para-o-setor-da-alimentacao\/\"]}]},{\"@type\":\"ImageObject\",\"inLanguage\":\"pt-BR\",\"@id\":\"https:\/\/www.fiemg.com.br\/regional-sede\/noticias\/panorama-tributario-e-economico-para-o-setor-da-alimentacao\/#primaryimage\",\"url\":\"https:\/\/www.fiemg.com.br\/regional-sede\/wp-content\/uploads\/sites\/21\/2023\/08\/default.png\",\"contentUrl\":\"https:\/\/www.fiemg.com.br\/regional-sede\/wp-content\/uploads\/sites\/21\/2023\/08\/default.png\",\"width\":300,\"height\":300},{\"@type\":\"BreadcrumbList\",\"@id\":\"https:\/\/www.fiemg.com.br\/regional-sede\/noticias\/panorama-tributario-e-economico-para-o-setor-da-alimentacao\/#breadcrumb\",\"itemListElement\":[{\"@type\":\"ListItem\",\"position\":1,\"name\":\"In\u00edcio\",\"item\":\"https:\/\/www.fiemg.com.br\/regional-sede\/\"},{\"@type\":\"ListItem\",\"position\":2,\"name\":\"Panorama Tribut\u00e1rio e Econ\u00f4mico para o setor da alimenta\u00e7\u00e3o\"}]},{\"@type\":\"WebSite\",\"@id\":\"https:\/\/www.fiemg.com.br\/regional-sede\/#website\",\"url\":\"https:\/\/www.fiemg.com.br\/regional-sede\/\",\"name\":\"FIEMG\",\"description\":\"Federa\u00e7\u00e3o das Ind\u00fastrias do Estado de Minas Gerais\",\"publisher\":{\"@id\":\"https:\/\/www.fiemg.com.br\/regional-sede\/#organization\"},\"potentialAction\":[{\"@type\":\"SearchAction\",\"target\":{\"@type\":\"EntryPoint\",\"urlTemplate\":\"https:\/\/www.fiemg.com.br\/regional-sede\/?s={search_term_string}\"},\"query-input\":{\"@type\":\"PropertyValueSpecification\",\"valueRequired\":true,\"valueName\":\"search_term_string\"}}],\"inLanguage\":\"pt-BR\"},{\"@type\":\"Organization\",\"@id\":\"https:\/\/www.fiemg.com.br\/regional-sede\/#organization\",\"name\":\"FIEMG\",\"url\":\"https:\/\/www.fiemg.com.br\/regional-sede\/\",\"logo\":{\"@type\":\"ImageObject\",\"inLanguage\":\"pt-BR\",\"@id\":\"https:\/\/www.fiemg.com.br\/regional-sede\/#\/schema\/logo\/image\/\",\"url\":\"https:\/\/www.fiemg.com.br\/regional-sede\/wp-content\/uploads\/sites\/21\/2023\/02\/Ativo-1.png\",\"contentUrl\":\"https:\/\/www.fiemg.com.br\/regional-sede\/wp-content\/uploads\/sites\/21\/2023\/02\/Ativo-1.png\",\"width\":563,\"height\":149,\"caption\":\"FIEMG\"},\"image\":{\"@id\":\"https:\/\/www.fiemg.com.br\/regional-sede\/#\/schema\/logo\/image\/\"}}]}<\/script>\n<!-- \/ Yoast SEO plugin. -->","yoast_head_json":{"title":"Panorama Tribut\u00e1rio e Econ\u00f4mico para o setor da alimenta\u00e7\u00e3o - FIEMG","robots":{"index":"index","follow":"follow","max-snippet":"max-snippet:-1","max-image-preview":"max-image-preview:large","max-video-preview":"max-video-preview:-1"},"canonical":"https:\/\/www.fiemg.com.br\/regional-sede\/noticias\/panorama-tributario-e-economico-para-o-setor-da-alimentacao\/","og_locale":"pt_BR","og_type":"article","og_title":"Panorama Tribut\u00e1rio e Econ\u00f4mico para o setor da alimenta\u00e7\u00e3o - FIEMG","og_description":"O novo panorama tribut\u00e1rio foi um dos temas da reuni\u00e3o da C\u00e2mara da Ind\u00fastria de Alimentos e Bebidas, com intuito de analisar os benef\u00edcios conferidos a bares e restaurantes. O encontro foi promovido na tarde desta ter\u00e7a-feira (8), na sede FIEMG, em Belo Horizonte. Al\u00e9m deste, o cen\u00e1rio econ\u00f4mico do primeiro semestre tamb\u00e9m foi analisado [&hellip;]","og_url":"https:\/\/www.fiemg.com.br\/regional-sede\/noticias\/panorama-tributario-e-economico-para-o-setor-da-alimentacao\/","og_site_name":"FIEMG","article_modified_time":"2023-08-17T19:41:42+00:00","og_image":[{"width":300,"height":300,"url":"https:\/\/www.fiemg.com.br\/regional-sede\/wp-content\/uploads\/sites\/21\/2023\/07\/default.png","type":"image\/png"}],"twitter_card":"summary_large_image","twitter_misc":{"Est. tempo de leitura":"2 minutos"},"schema":{"@context":"https:\/\/schema.org","@graph":[{"@type":"WebPage","@id":"https:\/\/www.fiemg.com.br\/regional-sede\/noticias\/panorama-tributario-e-economico-para-o-setor-da-alimentacao\/","url":"https:\/\/www.fiemg.com.br\/regional-sede\/noticias\/panorama-tributario-e-economico-para-o-setor-da-alimentacao\/","name":"Panorama Tribut\u00e1rio e Econ\u00f4mico para o setor da alimenta\u00e7\u00e3o - FIEMG","isPartOf":{"@id":"https:\/\/www.fiemg.com.br\/regional-sede\/#website"},"primaryImageOfPage":{"@id":"https:\/\/www.fiemg.com.br\/regional-sede\/noticias\/panorama-tributario-e-economico-para-o-setor-da-alimentacao\/#primaryimage"},"image":{"@id":"https:\/\/www.fiemg.com.br\/regional-sede\/noticias\/panorama-tributario-e-economico-para-o-setor-da-alimentacao\/#primaryimage"},"thumbnailUrl":"https:\/\/www.fiemg.com.br\/regional-sede\/wp-content\/uploads\/sites\/21\/2023\/08\/default.png","datePublished":"2023-08-09T19:33:50+00:00","dateModified":"2023-08-17T19:41:42+00:00","breadcrumb":{"@id":"https:\/\/www.fiemg.com.br\/regional-sede\/noticias\/panorama-tributario-e-economico-para-o-setor-da-alimentacao\/#breadcrumb"},"inLanguage":"pt-BR","potentialAction":[{"@type":"ReadAction","target":["https:\/\/www.fiemg.com.br\/regional-sede\/noticias\/panorama-tributario-e-economico-para-o-setor-da-alimentacao\/"]}]},{"@type":"ImageObject","inLanguage":"pt-BR","@id":"https:\/\/www.fiemg.com.br\/regional-sede\/noticias\/panorama-tributario-e-economico-para-o-setor-da-alimentacao\/#primaryimage","url":"https:\/\/www.fiemg.com.br\/regional-sede\/wp-content\/uploads\/sites\/21\/2023\/08\/default.png","contentUrl":"https:\/\/www.fiemg.com.br\/regional-sede\/wp-content\/uploads\/sites\/21\/2023\/08\/default.png","width":300,"height":300},{"@type":"BreadcrumbList","@id":"https:\/\/www.fiemg.com.br\/regional-sede\/noticias\/panorama-tributario-e-economico-para-o-setor-da-alimentacao\/#breadcrumb","itemListElement":[{"@type":"ListItem","position":1,"name":"In\u00edcio","item":"https:\/\/www.fiemg.com.br\/regional-sede\/"},{"@type":"ListItem","position":2,"name":"Panorama Tribut\u00e1rio e Econ\u00f4mico para o setor da alimenta\u00e7\u00e3o"}]},{"@type":"WebSite","@id":"https:\/\/www.fiemg.com.br\/regional-sede\/#website","url":"https:\/\/www.fiemg.com.br\/regional-sede\/","name":"FIEMG","description":"Federa\u00e7\u00e3o das Ind\u00fastrias do Estado de Minas Gerais","publisher":{"@id":"https:\/\/www.fiemg.com.br\/regional-sede\/#organization"},"potentialAction":[{"@type":"SearchAction","target":{"@type":"EntryPoint","urlTemplate":"https:\/\/www.fiemg.com.br\/regional-sede\/?s={search_term_string}"},"query-input":{"@type":"PropertyValueSpecification","valueRequired":true,"valueName":"search_term_string"}}],"inLanguage":"pt-BR"},{"@type":"Organization","@id":"https:\/\/www.fiemg.com.br\/regional-sede\/#organization","name":"FIEMG","url":"https:\/\/www.fiemg.com.br\/regional-sede\/","logo":{"@type":"ImageObject","inLanguage":"pt-BR","@id":"https:\/\/www.fiemg.com.br\/regional-sede\/#\/schema\/logo\/image\/","url":"https:\/\/www.fiemg.com.br\/regional-sede\/wp-content\/uploads\/sites\/21\/2023\/02\/Ativo-1.png","contentUrl":"https:\/\/www.fiemg.com.br\/regional-sede\/wp-content\/uploads\/sites\/21\/2023\/02\/Ativo-1.png","width":563,"height":149,"caption":"FIEMG"},"image":{"@id":"https:\/\/www.fiemg.com.br\/regional-sede\/#\/schema\/logo\/image\/"}}]}},"_links":{"self":[{"href":"https:\/\/www.fiemg.com.br\/regional-sede\/wp-json\/wp\/v2\/noticias\/1558","targetHints":{"allow":["GET"]}}],"collection":[{"href":"https:\/\/www.fiemg.com.br\/regional-sede\/wp-json\/wp\/v2\/noticias"}],"about":[{"href":"https:\/\/www.fiemg.com.br\/regional-sede\/wp-json\/wp\/v2\/types\/noticias"}],"wp:featuredmedia":[{"embeddable":true,"href":"https:\/\/www.fiemg.com.br\/regional-sede\/wp-json\/wp\/v2\/media\/1567"}],"wp:attachment":[{"href":"https:\/\/www.fiemg.com.br\/regional-sede\/wp-json\/wp\/v2\/media?parent=1558"}],"wp:term":[{"taxonomy":"category","embeddable":true,"href":"https:\/\/www.fiemg.com.br\/regional-sede\/wp-json\/wp\/v2\/categories?post=1558"},{"taxonomy":"post_tag","embeddable":true,"href":"https:\/\/www.fiemg.com.br\/regional-sede\/wp-json\/wp\/v2\/tags?post=1558"}],"curies":[{"name":"wp","href":"https:\/\/api.w.org\/{rel}","templated":true}]}}