{"id":1676,"date":"2023-08-30T17:55:54","date_gmt":"2023-08-30T20:55:54","guid":{"rendered":"https:\/\/www.fiemg.com.br\/regional-sede\/noticias\/cartilha-explica-pontos-relevantes-da-reforma-tributaria\/"},"modified":"2023-08-30T17:58:33","modified_gmt":"2023-08-30T20:58:33","slug":"cartilha-explica-pontos-relevantes-da-reforma-tributaria","status":"publish","type":"noticias","link":"https:\/\/www.fiemg.com.br\/regional-sede\/noticias\/cartilha-explica-pontos-relevantes-da-reforma-tributaria\/","title":{"rendered":"Cartilha explica pontos relevantes da reforma tribut\u00e1ria"},"content":{"rendered":"\n<p><\/p>\n\n\n\n<p>Desde 2019, a FIEMG tem acompanhado de perto e de maneira estrat\u00e9gica as movimenta\u00e7\u00f5es sobre a reforma a tribut\u00e1ria. Nessa dire\u00e7\u00e3o, a Ger\u00eancia Tribut\u00e1ria da Federa\u00e7\u00e3o elaborou uma cartilha explicativa sobre os principais pontos da proposta, aprovada em julho deste ano pelo plen\u00e1rio da C\u00e2mara dos Deputados. O material est\u00e1 dispon\u00edvel para consulta no site da FIEMG, por meio <a href=\"https:\/\/www.fiemg.com.br\/wp-content\/uploads\/2023\/08\/FT000623A_CartilhaAnalisePEC_SAIDA.pdf\"><strong>deste <\/strong><\/a><a href=\"https:\/\/www.fiemg.com.br\/wp-content\/uploads\/2023\/08\/FT000623A_CartilhaAnalisePEC_SAIDA.pdf\" target=\"_blank\" rel=\"noreferrer noopener\"><strong>link<\/strong><\/a>.<\/p>\n\n\n\n<p>Entre outros pontos, a publica\u00e7\u00e3o aborda o hist\u00f3rico da tramita\u00e7\u00e3o do texto na Casa Legislativa, al\u00edquotas para produtos e servi\u00e7os, estrutura de tributos, cr\u00e9ditos acumulados do Imposto sobre Circula\u00e7\u00e3o de Mercadorias e Servi\u00e7os (ICMS) regime jur\u00eddico do Imposto sobre Propriedades de Ve\u00edculos Automotores (IPVA) e do Imposto Predial Territorial Urbano (IPTU).<\/p>\n\n\n\n<p>Conforme Thiago Feital, consultor da Ger\u00eancia Tribut\u00e1ria, a cartilha tem o prop\u00f3sito de \u201cdifundir a informa\u00e7\u00e3o e fomentar o debate p\u00fablico e a forma\u00e7\u00e3o de opini\u00e3o por parte da ind\u00fastria mineira e da sociedade em geral sobre a reforma tribut\u00e1ria\u201d. O material, salienta Feital, \u201canalisa e traduz em linguagem acess\u00edvel o conte\u00fado da PEC 45\/2019\u201d, pontua.<\/p>\n\n\n\n<p>O consultor avalia como complexa a tem\u00e1tica tribut\u00e1ria no Brasil e, por isso, \u00e9 importante acompanhar atentamente os movimentos no entorno da pauta. \u201c\u00c9 uma mudan\u00e7a substancial que vai alterar completamente a realidade da tributa\u00e7\u00e3o no pa\u00eds e os impactos dessa reforma poder\u00e3o ser sentidos durante muitos anos. Considerando que a mat\u00e9ria ainda est\u00e1 em discuss\u00e3o no Congresso, esse \u00e9 o momento para que a ind\u00fastria participe do debate, coloque o seu posicionamento e defenda seus interesses, mas para isso \u00e9 preciso primeiro conhecer o texto que est\u00e1 em debate\u201d, acrescenta.<\/p>\n\n\n\n<p>A FIEMG atua em diferentes segmentos de forma que o sistema tribut\u00e1rio brasileiro seja mais justo para a sociedade e o setor produtivo. Em mar\u00e7o deste ano, a Federa\u00e7\u00e3o entregou para deputados federais que integram um grupo de trabalho da reforma sugest\u00f5es da ind\u00fastria para a mat\u00e9ria.<\/p>\n","protected":false},"featured_media":1677,"template":"","categories":[15],"tags":[131,132,78,133,134],"class_list":["post-1676","noticias","type-noticias","status-publish","has-post-thumbnail","hentry","category-desenvolvimento-industrial","tag-camara-federal","tag-cartilha","tag-fiemg","tag-impostos","tag-reforma-tributaria"],"acf":[],"yoast_head":"<!-- This site is optimized with the Yoast SEO plugin v26.2 - https:\/\/yoast.com\/wordpress\/plugins\/seo\/ -->\n<title>Cartilha explica pontos relevantes da reforma tribut\u00e1ria - FIEMG<\/title>\n<meta name=\"description\" content=\"Elaborado pela Ger\u00eancia Tribut\u00e1ria da FIEMG, publica\u00e7\u00e3o analisa e traduz em linguagem acess\u00edvel conte\u00fado de PEC que contempla proposta\" \/>\n<meta name=\"robots\" content=\"index, follow, max-snippet:-1, max-image-preview:large, max-video-preview:-1\" \/>\n<link rel=\"canonical\" href=\"https:\/\/www.fiemg.com.br\/regional-sede\/noticias\/cartilha-explica-pontos-relevantes-da-reforma-tributaria\/\" \/>\n<meta property=\"og:locale\" content=\"pt_BR\" \/>\n<meta property=\"og:type\" content=\"article\" \/>\n<meta property=\"og:title\" content=\"Cartilha explica pontos relevantes da reforma tribut\u00e1ria - FIEMG\" \/>\n<meta property=\"og:description\" content=\"Elaborado pela Ger\u00eancia Tribut\u00e1ria da FIEMG, publica\u00e7\u00e3o analisa e traduz em linguagem acess\u00edvel conte\u00fado de PEC que contempla proposta\" \/>\n<meta property=\"og:url\" content=\"https:\/\/www.fiemg.com.br\/regional-sede\/noticias\/cartilha-explica-pontos-relevantes-da-reforma-tributaria\/\" \/>\n<meta property=\"og:site_name\" content=\"FIEMG\" \/>\n<meta property=\"article:modified_time\" content=\"2023-08-30T20:58:33+00:00\" \/>\n<meta property=\"og:image\" content=\"https:\/\/www.fiemg.com.br\/regional-sede\/wp-content\/uploads\/sites\/21\/2023\/08\/cartilha-reforma-tributaria.jpg\" \/>\n\t<meta property=\"og:image:width\" content=\"300\" \/>\n\t<meta property=\"og:image:height\" content=\"200\" \/>\n\t<meta property=\"og:image:type\" content=\"image\/jpeg\" \/>\n<meta name=\"twitter:card\" content=\"summary_large_image\" \/>\n<meta name=\"twitter:label1\" content=\"Est. tempo de leitura\" \/>\n\t<meta name=\"twitter:data1\" content=\"2 minutos\" \/>\n<script type=\"application\/ld+json\" class=\"yoast-schema-graph\">{\"@context\":\"https:\/\/schema.org\",\"@graph\":[{\"@type\":\"WebPage\",\"@id\":\"https:\/\/www.fiemg.com.br\/regional-sede\/noticias\/cartilha-explica-pontos-relevantes-da-reforma-tributaria\/\",\"url\":\"https:\/\/www.fiemg.com.br\/regional-sede\/noticias\/cartilha-explica-pontos-relevantes-da-reforma-tributaria\/\",\"name\":\"Cartilha explica pontos relevantes da reforma tribut\u00e1ria - FIEMG\",\"isPartOf\":{\"@id\":\"https:\/\/www.fiemg.com.br\/regional-sede\/#website\"},\"primaryImageOfPage\":{\"@id\":\"https:\/\/www.fiemg.com.br\/regional-sede\/noticias\/cartilha-explica-pontos-relevantes-da-reforma-tributaria\/#primaryimage\"},\"image\":{\"@id\":\"https:\/\/www.fiemg.com.br\/regional-sede\/noticias\/cartilha-explica-pontos-relevantes-da-reforma-tributaria\/#primaryimage\"},\"thumbnailUrl\":\"https:\/\/www.fiemg.com.br\/regional-sede\/wp-content\/uploads\/sites\/21\/2023\/08\/cartilha-reforma-tributaria.jpg\",\"datePublished\":\"2023-08-30T20:55:54+00:00\",\"dateModified\":\"2023-08-30T20:58:33+00:00\",\"description\":\"Elaborado pela Ger\u00eancia Tribut\u00e1ria da FIEMG, publica\u00e7\u00e3o analisa e traduz em linguagem acess\u00edvel conte\u00fado de PEC que contempla proposta\",\"breadcrumb\":{\"@id\":\"https:\/\/www.fiemg.com.br\/regional-sede\/noticias\/cartilha-explica-pontos-relevantes-da-reforma-tributaria\/#breadcrumb\"},\"inLanguage\":\"pt-BR\",\"potentialAction\":[{\"@type\":\"ReadAction\",\"target\":[\"https:\/\/www.fiemg.com.br\/regional-sede\/noticias\/cartilha-explica-pontos-relevantes-da-reforma-tributaria\/\"]}]},{\"@type\":\"ImageObject\",\"inLanguage\":\"pt-BR\",\"@id\":\"https:\/\/www.fiemg.com.br\/regional-sede\/noticias\/cartilha-explica-pontos-relevantes-da-reforma-tributaria\/#primaryimage\",\"url\":\"https:\/\/www.fiemg.com.br\/regional-sede\/wp-content\/uploads\/sites\/21\/2023\/08\/cartilha-reforma-tributaria.jpg\",\"contentUrl\":\"https:\/\/www.fiemg.com.br\/regional-sede\/wp-content\/uploads\/sites\/21\/2023\/08\/cartilha-reforma-tributaria.jpg\",\"width\":300,\"height\":200,\"caption\":\"Cartilha da FIEMG explica pontos da Reforma Tribut\u00e1ria\"},{\"@type\":\"BreadcrumbList\",\"@id\":\"https:\/\/www.fiemg.com.br\/regional-sede\/noticias\/cartilha-explica-pontos-relevantes-da-reforma-tributaria\/#breadcrumb\",\"itemListElement\":[{\"@type\":\"ListItem\",\"position\":1,\"name\":\"In\u00edcio\",\"item\":\"https:\/\/www.fiemg.com.br\/regional-sede\/\"},{\"@type\":\"ListItem\",\"position\":2,\"name\":\"Cartilha explica pontos relevantes da reforma tribut\u00e1ria\"}]},{\"@type\":\"WebSite\",\"@id\":\"https:\/\/www.fiemg.com.br\/regional-sede\/#website\",\"url\":\"https:\/\/www.fiemg.com.br\/regional-sede\/\",\"name\":\"FIEMG\",\"description\":\"Federa\u00e7\u00e3o das Ind\u00fastrias do Estado de Minas Gerais\",\"publisher\":{\"@id\":\"https:\/\/www.fiemg.com.br\/regional-sede\/#organization\"},\"potentialAction\":[{\"@type\":\"SearchAction\",\"target\":{\"@type\":\"EntryPoint\",\"urlTemplate\":\"https:\/\/www.fiemg.com.br\/regional-sede\/?s={search_term_string}\"},\"query-input\":{\"@type\":\"PropertyValueSpecification\",\"valueRequired\":true,\"valueName\":\"search_term_string\"}}],\"inLanguage\":\"pt-BR\"},{\"@type\":\"Organization\",\"@id\":\"https:\/\/www.fiemg.com.br\/regional-sede\/#organization\",\"name\":\"FIEMG\",\"url\":\"https:\/\/www.fiemg.com.br\/regional-sede\/\",\"logo\":{\"@type\":\"ImageObject\",\"inLanguage\":\"pt-BR\",\"@id\":\"https:\/\/www.fiemg.com.br\/regional-sede\/#\/schema\/logo\/image\/\",\"url\":\"https:\/\/www.fiemg.com.br\/regional-sede\/wp-content\/uploads\/sites\/21\/2023\/02\/Ativo-1.png\",\"contentUrl\":\"https:\/\/www.fiemg.com.br\/regional-sede\/wp-content\/uploads\/sites\/21\/2023\/02\/Ativo-1.png\",\"width\":563,\"height\":149,\"caption\":\"FIEMG\"},\"image\":{\"@id\":\"https:\/\/www.fiemg.com.br\/regional-sede\/#\/schema\/logo\/image\/\"}}]}<\/script>\n<!-- \/ Yoast SEO plugin. -->","yoast_head_json":{"title":"Cartilha explica pontos relevantes da reforma tribut\u00e1ria - FIEMG","description":"Elaborado pela Ger\u00eancia Tribut\u00e1ria da FIEMG, publica\u00e7\u00e3o analisa e traduz em linguagem acess\u00edvel conte\u00fado de PEC que contempla proposta","robots":{"index":"index","follow":"follow","max-snippet":"max-snippet:-1","max-image-preview":"max-image-preview:large","max-video-preview":"max-video-preview:-1"},"canonical":"https:\/\/www.fiemg.com.br\/regional-sede\/noticias\/cartilha-explica-pontos-relevantes-da-reforma-tributaria\/","og_locale":"pt_BR","og_type":"article","og_title":"Cartilha explica pontos relevantes da reforma tribut\u00e1ria - FIEMG","og_description":"Elaborado pela Ger\u00eancia Tribut\u00e1ria da FIEMG, publica\u00e7\u00e3o analisa e traduz em linguagem acess\u00edvel conte\u00fado de PEC que contempla proposta","og_url":"https:\/\/www.fiemg.com.br\/regional-sede\/noticias\/cartilha-explica-pontos-relevantes-da-reforma-tributaria\/","og_site_name":"FIEMG","article_modified_time":"2023-08-30T20:58:33+00:00","og_image":[{"width":300,"height":200,"url":"https:\/\/www.fiemg.com.br\/regional-sede\/wp-content\/uploads\/sites\/21\/2023\/08\/cartilha-reforma-tributaria.jpg","type":"image\/jpeg"}],"twitter_card":"summary_large_image","twitter_misc":{"Est. tempo de leitura":"2 minutos"},"schema":{"@context":"https:\/\/schema.org","@graph":[{"@type":"WebPage","@id":"https:\/\/www.fiemg.com.br\/regional-sede\/noticias\/cartilha-explica-pontos-relevantes-da-reforma-tributaria\/","url":"https:\/\/www.fiemg.com.br\/regional-sede\/noticias\/cartilha-explica-pontos-relevantes-da-reforma-tributaria\/","name":"Cartilha explica pontos relevantes da reforma tribut\u00e1ria - FIEMG","isPartOf":{"@id":"https:\/\/www.fiemg.com.br\/regional-sede\/#website"},"primaryImageOfPage":{"@id":"https:\/\/www.fiemg.com.br\/regional-sede\/noticias\/cartilha-explica-pontos-relevantes-da-reforma-tributaria\/#primaryimage"},"image":{"@id":"https:\/\/www.fiemg.com.br\/regional-sede\/noticias\/cartilha-explica-pontos-relevantes-da-reforma-tributaria\/#primaryimage"},"thumbnailUrl":"https:\/\/www.fiemg.com.br\/regional-sede\/wp-content\/uploads\/sites\/21\/2023\/08\/cartilha-reforma-tributaria.jpg","datePublished":"2023-08-30T20:55:54+00:00","dateModified":"2023-08-30T20:58:33+00:00","description":"Elaborado pela Ger\u00eancia Tribut\u00e1ria da FIEMG, publica\u00e7\u00e3o analisa e traduz em linguagem acess\u00edvel conte\u00fado de PEC que contempla proposta","breadcrumb":{"@id":"https:\/\/www.fiemg.com.br\/regional-sede\/noticias\/cartilha-explica-pontos-relevantes-da-reforma-tributaria\/#breadcrumb"},"inLanguage":"pt-BR","potentialAction":[{"@type":"ReadAction","target":["https:\/\/www.fiemg.com.br\/regional-sede\/noticias\/cartilha-explica-pontos-relevantes-da-reforma-tributaria\/"]}]},{"@type":"ImageObject","inLanguage":"pt-BR","@id":"https:\/\/www.fiemg.com.br\/regional-sede\/noticias\/cartilha-explica-pontos-relevantes-da-reforma-tributaria\/#primaryimage","url":"https:\/\/www.fiemg.com.br\/regional-sede\/wp-content\/uploads\/sites\/21\/2023\/08\/cartilha-reforma-tributaria.jpg","contentUrl":"https:\/\/www.fiemg.com.br\/regional-sede\/wp-content\/uploads\/sites\/21\/2023\/08\/cartilha-reforma-tributaria.jpg","width":300,"height":200,"caption":"Cartilha da FIEMG explica pontos da Reforma Tribut\u00e1ria"},{"@type":"BreadcrumbList","@id":"https:\/\/www.fiemg.com.br\/regional-sede\/noticias\/cartilha-explica-pontos-relevantes-da-reforma-tributaria\/#breadcrumb","itemListElement":[{"@type":"ListItem","position":1,"name":"In\u00edcio","item":"https:\/\/www.fiemg.com.br\/regional-sede\/"},{"@type":"ListItem","position":2,"name":"Cartilha explica pontos relevantes da reforma tribut\u00e1ria"}]},{"@type":"WebSite","@id":"https:\/\/www.fiemg.com.br\/regional-sede\/#website","url":"https:\/\/www.fiemg.com.br\/regional-sede\/","name":"FIEMG","description":"Federa\u00e7\u00e3o das Ind\u00fastrias do Estado de Minas Gerais","publisher":{"@id":"https:\/\/www.fiemg.com.br\/regional-sede\/#organization"},"potentialAction":[{"@type":"SearchAction","target":{"@type":"EntryPoint","urlTemplate":"https:\/\/www.fiemg.com.br\/regional-sede\/?s={search_term_string}"},"query-input":{"@type":"PropertyValueSpecification","valueRequired":true,"valueName":"search_term_string"}}],"inLanguage":"pt-BR"},{"@type":"Organization","@id":"https:\/\/www.fiemg.com.br\/regional-sede\/#organization","name":"FIEMG","url":"https:\/\/www.fiemg.com.br\/regional-sede\/","logo":{"@type":"ImageObject","inLanguage":"pt-BR","@id":"https:\/\/www.fiemg.com.br\/regional-sede\/#\/schema\/logo\/image\/","url":"https:\/\/www.fiemg.com.br\/regional-sede\/wp-content\/uploads\/sites\/21\/2023\/02\/Ativo-1.png","contentUrl":"https:\/\/www.fiemg.com.br\/regional-sede\/wp-content\/uploads\/sites\/21\/2023\/02\/Ativo-1.png","width":563,"height":149,"caption":"FIEMG"},"image":{"@id":"https:\/\/www.fiemg.com.br\/regional-sede\/#\/schema\/logo\/image\/"}}]}},"_links":{"self":[{"href":"https:\/\/www.fiemg.com.br\/regional-sede\/wp-json\/wp\/v2\/noticias\/1676","targetHints":{"allow":["GET"]}}],"collection":[{"href":"https:\/\/www.fiemg.com.br\/regional-sede\/wp-json\/wp\/v2\/noticias"}],"about":[{"href":"https:\/\/www.fiemg.com.br\/regional-sede\/wp-json\/wp\/v2\/types\/noticias"}],"wp:featuredmedia":[{"embeddable":true,"href":"https:\/\/www.fiemg.com.br\/regional-sede\/wp-json\/wp\/v2\/media\/1677"}],"wp:attachment":[{"href":"https:\/\/www.fiemg.com.br\/regional-sede\/wp-json\/wp\/v2\/media?parent=1676"}],"wp:term":[{"taxonomy":"category","embeddable":true,"href":"https:\/\/www.fiemg.com.br\/regional-sede\/wp-json\/wp\/v2\/categories?post=1676"},{"taxonomy":"post_tag","embeddable":true,"href":"https:\/\/www.fiemg.com.br\/regional-sede\/wp-json\/wp\/v2\/tags?post=1676"}],"curies":[{"name":"wp","href":"https:\/\/api.w.org\/{rel}","templated":true}]}}