{"id":1876,"date":"2023-09-22T11:02:15","date_gmt":"2023-09-22T14:02:15","guid":{"rendered":"https:\/\/www.fiemg.com.br\/regional-sede\/noticias\/fiemg-realiza-projeto-dirigente-2023-em-tiradentes\/"},"modified":"2023-09-22T11:05:21","modified_gmt":"2023-09-22T14:05:21","slug":"fiemg-realiza-projeto-dirigente-2023-em-tiradentes","status":"publish","type":"noticias","link":"https:\/\/www.fiemg.com.br\/regional-sede\/noticias\/fiemg-realiza-projeto-dirigente-2023-em-tiradentes\/","title":{"rendered":"FIEMG realiza Projeto Dirigente 2023 em Tiradentes"},"content":{"rendered":"\n<p>A FIEMG est\u00e1 realizando, at\u00e9 o dia 23 de setembro em Tiradentes, o &#8220;Projeto Dirigente 2023&#8221;, focado no tema &#8220;Transforma\u00e7\u00e3o digital para transformar a ind\u00fastria&#8221;. Iniciado em 21 de setembro, o encontro visa reunir lideran\u00e7as sindicais da ind\u00fastria mineira, discutindo propostas e estrat\u00e9gias que potencializem a competitividade do setor.<\/p>\n\n\n\n<p>Entre os destaques da programa\u00e7\u00e3o, est\u00e3o palestras como \u201cTransforma\u00e7\u00e3o Digital\u201d, ministrada por Carlos Eduardo Domingues Alves, vice-presidente da Cielo, e \u201cFinan\u00e7as Empresariais na Era da Transforma\u00e7\u00e3o Digital\u201d, com Vivian Sesto, s\u00f3cia da XP Investimentos.<\/p>\n\n\n\n<p>O evento, uma iniciativa da FIEMG, conta com o apoio do Sebrae Minas e patroc\u00ednio de empresas como VM&amp;S Advogados, Tutto Gusto Antipasto, Mais Previd\u00eancia, Matriz Capital e Cimento Nacional.<\/p>\n\n\n\n<p><em>Ana Paula Motta<\/em><br><strong>Imprensa FIEMG<\/strong><\/p>\n","protected":false},"featured_media":1877,"template":"","categories":[],"tags":[297,298],"class_list":["post-1876","noticias","type-noticias","status-publish","has-post-thumbnail","hentry","tag-projeto-dirigente-fiemg","tag-projeto-dirigente-tiradentes"],"acf":[],"yoast_head":"<!-- This site is optimized with the Yoast SEO plugin v26.2 - https:\/\/yoast.com\/wordpress\/plugins\/seo\/ -->\n<title>FIEMG realiza Projeto Dirigente 2023 em Tiradentes - FIEMG<\/title>\n<meta name=\"description\" content=\"Lideran\u00e7as industriais debatem transforma\u00e7\u00e3o digital e competitividade at\u00e9 23 de setembro\" \/>\n<meta name=\"robots\" content=\"index, follow, max-snippet:-1, max-image-preview:large, max-video-preview:-1\" \/>\n<link rel=\"canonical\" href=\"https:\/\/www.fiemg.com.br\/regional-sede\/noticias\/fiemg-realiza-projeto-dirigente-2023-em-tiradentes\/\" \/>\n<meta property=\"og:locale\" content=\"pt_BR\" \/>\n<meta property=\"og:type\" content=\"article\" \/>\n<meta property=\"og:title\" content=\"FIEMG realiza Projeto Dirigente 2023 em Tiradentes - FIEMG\" \/>\n<meta property=\"og:description\" content=\"Lideran\u00e7as industriais debatem transforma\u00e7\u00e3o digital e competitividade at\u00e9 23 de setembro\" \/>\n<meta property=\"og:url\" content=\"https:\/\/www.fiemg.com.br\/regional-sede\/noticias\/fiemg-realiza-projeto-dirigente-2023-em-tiradentes\/\" \/>\n<meta property=\"og:site_name\" content=\"FIEMG\" \/>\n<meta property=\"article:modified_time\" content=\"2023-09-22T14:05:21+00:00\" \/>\n<meta property=\"og:image\" content=\"https:\/\/www.fiemg.com.br\/regional-sede\/wp-content\/uploads\/sites\/21\/2023\/09\/projeto-dirigente-tiradentes-flavio-roscoe.jpg\" \/>\n\t<meta property=\"og:image:width\" content=\"300\" \/>\n\t<meta property=\"og:image:height\" content=\"200\" \/>\n\t<meta property=\"og:image:type\" content=\"image\/jpeg\" \/>\n<meta name=\"twitter:card\" content=\"summary_large_image\" \/>\n<meta name=\"twitter:label1\" content=\"Est. tempo de leitura\" \/>\n\t<meta name=\"twitter:data1\" content=\"1 minuto\" \/>\n<script type=\"application\/ld+json\" class=\"yoast-schema-graph\">{\"@context\":\"https:\/\/schema.org\",\"@graph\":[{\"@type\":\"WebPage\",\"@id\":\"https:\/\/www.fiemg.com.br\/regional-sede\/noticias\/fiemg-realiza-projeto-dirigente-2023-em-tiradentes\/\",\"url\":\"https:\/\/www.fiemg.com.br\/regional-sede\/noticias\/fiemg-realiza-projeto-dirigente-2023-em-tiradentes\/\",\"name\":\"FIEMG realiza Projeto Dirigente 2023 em Tiradentes - FIEMG\",\"isPartOf\":{\"@id\":\"https:\/\/www.fiemg.com.br\/regional-sede\/#website\"},\"primaryImageOfPage\":{\"@id\":\"https:\/\/www.fiemg.com.br\/regional-sede\/noticias\/fiemg-realiza-projeto-dirigente-2023-em-tiradentes\/#primaryimage\"},\"image\":{\"@id\":\"https:\/\/www.fiemg.com.br\/regional-sede\/noticias\/fiemg-realiza-projeto-dirigente-2023-em-tiradentes\/#primaryimage\"},\"thumbnailUrl\":\"https:\/\/www.fiemg.com.br\/regional-sede\/wp-content\/uploads\/sites\/21\/2023\/09\/projeto-dirigente-tiradentes-flavio-roscoe.jpg\",\"datePublished\":\"2023-09-22T14:02:15+00:00\",\"dateModified\":\"2023-09-22T14:05:21+00:00\",\"description\":\"Lideran\u00e7as industriais debatem transforma\u00e7\u00e3o digital e competitividade at\u00e9 23 de setembro\",\"breadcrumb\":{\"@id\":\"https:\/\/www.fiemg.com.br\/regional-sede\/noticias\/fiemg-realiza-projeto-dirigente-2023-em-tiradentes\/#breadcrumb\"},\"inLanguage\":\"pt-BR\",\"potentialAction\":[{\"@type\":\"ReadAction\",\"target\":[\"https:\/\/www.fiemg.com.br\/regional-sede\/noticias\/fiemg-realiza-projeto-dirigente-2023-em-tiradentes\/\"]}]},{\"@type\":\"ImageObject\",\"inLanguage\":\"pt-BR\",\"@id\":\"https:\/\/www.fiemg.com.br\/regional-sede\/noticias\/fiemg-realiza-projeto-dirigente-2023-em-tiradentes\/#primaryimage\",\"url\":\"https:\/\/www.fiemg.com.br\/regional-sede\/wp-content\/uploads\/sites\/21\/2023\/09\/projeto-dirigente-tiradentes-flavio-roscoe.jpg\",\"contentUrl\":\"https:\/\/www.fiemg.com.br\/regional-sede\/wp-content\/uploads\/sites\/21\/2023\/09\/projeto-dirigente-tiradentes-flavio-roscoe.jpg\",\"width\":300,\"height\":200},{\"@type\":\"BreadcrumbList\",\"@id\":\"https:\/\/www.fiemg.com.br\/regional-sede\/noticias\/fiemg-realiza-projeto-dirigente-2023-em-tiradentes\/#breadcrumb\",\"itemListElement\":[{\"@type\":\"ListItem\",\"position\":1,\"name\":\"In\u00edcio\",\"item\":\"https:\/\/www.fiemg.com.br\/regional-sede\/\"},{\"@type\":\"ListItem\",\"position\":2,\"name\":\"FIEMG realiza Projeto Dirigente 2023 em Tiradentes\"}]},{\"@type\":\"WebSite\",\"@id\":\"https:\/\/www.fiemg.com.br\/regional-sede\/#website\",\"url\":\"https:\/\/www.fiemg.com.br\/regional-sede\/\",\"name\":\"FIEMG\",\"description\":\"Federa\u00e7\u00e3o das Ind\u00fastrias do Estado de Minas Gerais\",\"publisher\":{\"@id\":\"https:\/\/www.fiemg.com.br\/regional-sede\/#organization\"},\"potentialAction\":[{\"@type\":\"SearchAction\",\"target\":{\"@type\":\"EntryPoint\",\"urlTemplate\":\"https:\/\/www.fiemg.com.br\/regional-sede\/?s={search_term_string}\"},\"query-input\":{\"@type\":\"PropertyValueSpecification\",\"valueRequired\":true,\"valueName\":\"search_term_string\"}}],\"inLanguage\":\"pt-BR\"},{\"@type\":\"Organization\",\"@id\":\"https:\/\/www.fiemg.com.br\/regional-sede\/#organization\",\"name\":\"FIEMG\",\"url\":\"https:\/\/www.fiemg.com.br\/regional-sede\/\",\"logo\":{\"@type\":\"ImageObject\",\"inLanguage\":\"pt-BR\",\"@id\":\"https:\/\/www.fiemg.com.br\/regional-sede\/#\/schema\/logo\/image\/\",\"url\":\"https:\/\/www.fiemg.com.br\/regional-sede\/wp-content\/uploads\/sites\/21\/2023\/02\/Ativo-1.png\",\"contentUrl\":\"https:\/\/www.fiemg.com.br\/regional-sede\/wp-content\/uploads\/sites\/21\/2023\/02\/Ativo-1.png\",\"width\":563,\"height\":149,\"caption\":\"FIEMG\"},\"image\":{\"@id\":\"https:\/\/www.fiemg.com.br\/regional-sede\/#\/schema\/logo\/image\/\"}}]}<\/script>\n<!-- \/ Yoast SEO plugin. -->","yoast_head_json":{"title":"FIEMG realiza Projeto Dirigente 2023 em Tiradentes - FIEMG","description":"Lideran\u00e7as industriais debatem transforma\u00e7\u00e3o digital e competitividade at\u00e9 23 de setembro","robots":{"index":"index","follow":"follow","max-snippet":"max-snippet:-1","max-image-preview":"max-image-preview:large","max-video-preview":"max-video-preview:-1"},"canonical":"https:\/\/www.fiemg.com.br\/regional-sede\/noticias\/fiemg-realiza-projeto-dirigente-2023-em-tiradentes\/","og_locale":"pt_BR","og_type":"article","og_title":"FIEMG realiza Projeto Dirigente 2023 em Tiradentes - FIEMG","og_description":"Lideran\u00e7as industriais debatem transforma\u00e7\u00e3o digital e competitividade at\u00e9 23 de setembro","og_url":"https:\/\/www.fiemg.com.br\/regional-sede\/noticias\/fiemg-realiza-projeto-dirigente-2023-em-tiradentes\/","og_site_name":"FIEMG","article_modified_time":"2023-09-22T14:05:21+00:00","og_image":[{"width":300,"height":200,"url":"https:\/\/www.fiemg.com.br\/regional-sede\/wp-content\/uploads\/sites\/21\/2023\/09\/projeto-dirigente-tiradentes-flavio-roscoe.jpg","type":"image\/jpeg"}],"twitter_card":"summary_large_image","twitter_misc":{"Est. tempo de leitura":"1 minuto"},"schema":{"@context":"https:\/\/schema.org","@graph":[{"@type":"WebPage","@id":"https:\/\/www.fiemg.com.br\/regional-sede\/noticias\/fiemg-realiza-projeto-dirigente-2023-em-tiradentes\/","url":"https:\/\/www.fiemg.com.br\/regional-sede\/noticias\/fiemg-realiza-projeto-dirigente-2023-em-tiradentes\/","name":"FIEMG realiza Projeto Dirigente 2023 em Tiradentes - FIEMG","isPartOf":{"@id":"https:\/\/www.fiemg.com.br\/regional-sede\/#website"},"primaryImageOfPage":{"@id":"https:\/\/www.fiemg.com.br\/regional-sede\/noticias\/fiemg-realiza-projeto-dirigente-2023-em-tiradentes\/#primaryimage"},"image":{"@id":"https:\/\/www.fiemg.com.br\/regional-sede\/noticias\/fiemg-realiza-projeto-dirigente-2023-em-tiradentes\/#primaryimage"},"thumbnailUrl":"https:\/\/www.fiemg.com.br\/regional-sede\/wp-content\/uploads\/sites\/21\/2023\/09\/projeto-dirigente-tiradentes-flavio-roscoe.jpg","datePublished":"2023-09-22T14:02:15+00:00","dateModified":"2023-09-22T14:05:21+00:00","description":"Lideran\u00e7as industriais debatem transforma\u00e7\u00e3o digital e competitividade at\u00e9 23 de setembro","breadcrumb":{"@id":"https:\/\/www.fiemg.com.br\/regional-sede\/noticias\/fiemg-realiza-projeto-dirigente-2023-em-tiradentes\/#breadcrumb"},"inLanguage":"pt-BR","potentialAction":[{"@type":"ReadAction","target":["https:\/\/www.fiemg.com.br\/regional-sede\/noticias\/fiemg-realiza-projeto-dirigente-2023-em-tiradentes\/"]}]},{"@type":"ImageObject","inLanguage":"pt-BR","@id":"https:\/\/www.fiemg.com.br\/regional-sede\/noticias\/fiemg-realiza-projeto-dirigente-2023-em-tiradentes\/#primaryimage","url":"https:\/\/www.fiemg.com.br\/regional-sede\/wp-content\/uploads\/sites\/21\/2023\/09\/projeto-dirigente-tiradentes-flavio-roscoe.jpg","contentUrl":"https:\/\/www.fiemg.com.br\/regional-sede\/wp-content\/uploads\/sites\/21\/2023\/09\/projeto-dirigente-tiradentes-flavio-roscoe.jpg","width":300,"height":200},{"@type":"BreadcrumbList","@id":"https:\/\/www.fiemg.com.br\/regional-sede\/noticias\/fiemg-realiza-projeto-dirigente-2023-em-tiradentes\/#breadcrumb","itemListElement":[{"@type":"ListItem","position":1,"name":"In\u00edcio","item":"https:\/\/www.fiemg.com.br\/regional-sede\/"},{"@type":"ListItem","position":2,"name":"FIEMG realiza Projeto Dirigente 2023 em Tiradentes"}]},{"@type":"WebSite","@id":"https:\/\/www.fiemg.com.br\/regional-sede\/#website","url":"https:\/\/www.fiemg.com.br\/regional-sede\/","name":"FIEMG","description":"Federa\u00e7\u00e3o das Ind\u00fastrias do Estado de Minas Gerais","publisher":{"@id":"https:\/\/www.fiemg.com.br\/regional-sede\/#organization"},"potentialAction":[{"@type":"SearchAction","target":{"@type":"EntryPoint","urlTemplate":"https:\/\/www.fiemg.com.br\/regional-sede\/?s={search_term_string}"},"query-input":{"@type":"PropertyValueSpecification","valueRequired":true,"valueName":"search_term_string"}}],"inLanguage":"pt-BR"},{"@type":"Organization","@id":"https:\/\/www.fiemg.com.br\/regional-sede\/#organization","name":"FIEMG","url":"https:\/\/www.fiemg.com.br\/regional-sede\/","logo":{"@type":"ImageObject","inLanguage":"pt-BR","@id":"https:\/\/www.fiemg.com.br\/regional-sede\/#\/schema\/logo\/image\/","url":"https:\/\/www.fiemg.com.br\/regional-sede\/wp-content\/uploads\/sites\/21\/2023\/02\/Ativo-1.png","contentUrl":"https:\/\/www.fiemg.com.br\/regional-sede\/wp-content\/uploads\/sites\/21\/2023\/02\/Ativo-1.png","width":563,"height":149,"caption":"FIEMG"},"image":{"@id":"https:\/\/www.fiemg.com.br\/regional-sede\/#\/schema\/logo\/image\/"}}]}},"_links":{"self":[{"href":"https:\/\/www.fiemg.com.br\/regional-sede\/wp-json\/wp\/v2\/noticias\/1876","targetHints":{"allow":["GET"]}}],"collection":[{"href":"https:\/\/www.fiemg.com.br\/regional-sede\/wp-json\/wp\/v2\/noticias"}],"about":[{"href":"https:\/\/www.fiemg.com.br\/regional-sede\/wp-json\/wp\/v2\/types\/noticias"}],"wp:featuredmedia":[{"embeddable":true,"href":"https:\/\/www.fiemg.com.br\/regional-sede\/wp-json\/wp\/v2\/media\/1877"}],"wp:attachment":[{"href":"https:\/\/www.fiemg.com.br\/regional-sede\/wp-json\/wp\/v2\/media?parent=1876"}],"wp:term":[{"taxonomy":"category","embeddable":true,"href":"https:\/\/www.fiemg.com.br\/regional-sede\/wp-json\/wp\/v2\/categories?post=1876"},{"taxonomy":"post_tag","embeddable":true,"href":"https:\/\/www.fiemg.com.br\/regional-sede\/wp-json\/wp\/v2\/tags?post=1876"}],"curies":[{"name":"wp","href":"https:\/\/api.w.org\/{rel}","templated":true}]}}