{"id":1898,"date":"2023-09-22T15:03:02","date_gmt":"2023-09-22T18:03:02","guid":{"rendered":"https:\/\/www.fiemg.com.br\/regional-sede\/noticias\/sinduscon-jf-promove-curso-de-gerenciamento-de-obras-em-parceria-com-fiemg-competitiva-e-senai-jf\/"},"modified":"2023-09-25T15:43:14","modified_gmt":"2023-09-25T18:43:14","slug":"sinduscon-jf-promove-curso-de-gerenciamento-de-obras-em-parceria-com-fiemg-competitiva-e-senai-jf","status":"publish","type":"noticias","link":"https:\/\/www.fiemg.com.br\/regional-sede\/noticias\/sinduscon-jf-promove-curso-de-gerenciamento-de-obras-em-parceria-com-fiemg-competitiva-e-senai-jf\/","title":{"rendered":"Sinduscon-JF promove curso de Gerenciamento de Obras em parceria com FIEMG Competitiva e SENAI JF"},"content":{"rendered":"\n<p>Com o objetivo de fornecer uma experi\u00eancia de capacita\u00e7\u00e3o e aprendizado de alta qualidade ao setor que representa, o Sindicato da Ind\u00fastria da Constru\u00e7\u00e3o Civil de Juiz de Fora (Sinduscon-JF) promoveu o Curso de Aperfei\u00e7oamento em Gerenciamento de Obras. O treinamento foi realizado, com sucesso, de 11 a 14 e de 18 a 19 de setembro, na unidade SENAI Jos\u00e9 Fagundes Netto, em Juiz de Fora.<\/p>\n\n\n\n<p>O curso foi uma parceria entre o Sinduscon-JF, o Programa FIEMG Competitiva, do IEL, e o SENAI JF, representando um esfor\u00e7o conjunto para fortalecer a capacita\u00e7\u00e3o e o desenvolvimento da Constru\u00e7\u00e3o Civil. A ideia central do treinamento foi aprimorar os conhecimentos habilidades t\u00e9cnicas e cient\u00edficas de profissionais do setor em Juiz de Fora e regi\u00e3o. Foi projetado para capacitar pessoas que atuam na Constru\u00e7\u00e3o e fornecer a eles ferramentas e informa\u00e7\u00f5es essenciais para atuarem com excel\u00eancia em suas profiss\u00f5es.<\/p>\n\n\n\n<p><\/p>\n\n\n\n<h2 class=\"wp-block-heading\"><strong>Treinamento de sucesso<\/strong><\/h2>\n\n\n\n<p><\/p>\n\n\n\n<p>O curso, ministrado pela instrutora do SENAI JFN, Monique Bonfante Ferreira, especialista em Gest\u00e3o Estrat\u00e9gica de Finan\u00e7as e Gest\u00e3o Empresarial, atraiu um p\u00fablico diversificado, incluindo mestres de obra, encarregados, pedreiros, profissionais de Almoxarifado, engenheiros e estudantes de Engenharia. Ao longo de 16 horas de instru\u00e7\u00e3o presencial, os participantes tiveram a oportunidade de aprimorar seus conhecimentos e habilidades no campo do gerenciamento de obras. O curso abordou uma ampla gama de t\u00f3picos essenciais, divididos em m\u00f3dulos detalhados:<\/p>\n\n\n\n<ul class=\"wp-block-list\">\n<li><strong>Conceitos B\u00e1sicos:<\/strong> Fundamentos do gerenciamento de obras, incluindo qualidade, ciclo PDCA, constru\u00e7\u00e3o enxuta e tipos de projetos;<\/li>\n\n\n\n<li><strong>Conhecendo a Obra:<\/strong> Detalhes pr\u00e1ticos, como canteiro de obras, contratos, an\u00e1lise de projetos e licita\u00e7\u00e3o;<\/li>\n\n\n\n<li><strong>Montando o Sistema de Gest\u00e3o:<\/strong> Planejamento estrat\u00e9gico, dimensionamento de equipes e seguran\u00e7a no trabalho;<\/li>\n\n\n\n<li><strong>Executando a Obra:<\/strong> Efici\u00eancia na gest\u00e3o da obra, controle da obra, medi\u00e7\u00f5es e inspe\u00e7\u00f5es;<\/li>\n\n\n\n<li><strong>Entregando a Obra:<\/strong> Satisfa\u00e7\u00e3o do cliente, inspe\u00e7\u00e3o final e elabora\u00e7\u00e3o do Manual do Usu\u00e1rio.<\/li>\n<\/ul>\n\n\n\n<p>A coordenadora do Sinduscon-JF, Glauci Fuz\u00e1rio, agradece em nome do Sindicato a todos os participantes; \u00e0 instrutora Monique Bonfante; aos parceiros do FIEMG Competitiva, representados pela analista de projetos L\u00edvia Ferraz; e ao SENAI JF pelo apoio na realiza\u00e7\u00e3o deste curso bem-sucedido. \u201cO treinamento representou uma experi\u00eancia de aprendizado valiosa e produtiva para a comunidade da Constru\u00e7\u00e3o Civil\u201d, disse.<\/p>\n\n\n\n<p>Para L\u00edvia Ferraz, os projetos de capacita\u00e7\u00f5es realizados pelo FIEMG Competitiva em parceria com o Sindicato s\u00e3o muito importantes para o fortalecimento do setor e para gerar engajamento entre as empresas associadas. \u201cIsso refor\u00e7a a import\u00e2ncia e as vantagens do associativismo. Al\u00e9m disso, \u00e9 uma \u00f3tima oportunidade de conectar a ind\u00fastria com o nosso parceiro SENAI\u201d, destacou.<\/p>\n\n\n\n<p><\/p>\n\n\n\n<h2 class=\"wp-block-heading\"><strong>O Programa FIEMG Competitiva<\/strong><\/h2>\n\n\n\n<p><\/p>\n\n\n\n<p>Atuando como agente de transforma\u00e7\u00e3o das ind\u00fastrias mineiras em parceria com os sindicatos empresariais desde 2018, o FIEMG Competitiva prop\u00f5e conte\u00fados que ir\u00e3o disseminar a transfer\u00eancia de novos conhecimentos e tecnologias, prover que os neg\u00f3cios sejam vi\u00e1veis e competitivos no presente, al\u00e9m de apresentar novas tend\u00eancias que dever\u00e3o transformar o futuro dos neg\u00f3cios.<\/p>\n\n\n\n<p>O Programa desenvolve projetos customizados para atendimento aos diversos setores industriais do estado, com impacto direto para ampliar oportunidades de neg\u00f3cios das empresas. O trabalho \u00e9 realizado por meio de consultorias, capacita\u00e7\u00f5es, estudos e encontros nos formatos presencial, online ou h\u00edbrido.<\/p>\n\n\n\n<p>Saiba mais sobre o Programa FIEMG Competitiva clicando <a href=\"https:\/\/www.fiemg.com.br\/area-de-interesse\/desenvolvimento-industrial\/programa-fiemg-competitiva\/\">AQUI<\/a>.<\/p>\n\n\n\n<p><\/p>\n\n\n\n<h2 class=\"wp-block-heading\"><strong>Como entrar em contato com o Sinduscon-JF<\/strong><\/h2>\n\n\n\n<p><\/p>\n\n\n\n<p>Fique atento aos eventos e oportunidades de capacita\u00e7\u00e3o oferecidas pelo Sinduscon-JF, por meio das atualiza\u00e7\u00f5es no site e redes sociais do Sindicato. Para informa\u00e7\u00f5es sobre como fazer parte da entidade que representa o setor da Constru\u00e7\u00e3o Civil em Juiz de Fora e trabalha por seu desenvolvimento, entre em contato: (32) 3221-5125 \/ (32) 98424-8342 \/ sindusconjf@fiemg.com.br.<\/p>\n\n\n\n<p><\/p>\n\n\n\n<p><em>Graciele Vianna<\/em><\/p>\n\n\n\n<p><strong>Imprensa FIEMG<\/strong><\/p>\n","protected":false},"featured_media":1902,"template":"","categories":[5],"tags":[],"class_list":["post-1898","noticias","type-noticias","status-publish","has-post-thumbnail","hentry","category-capacitacao-empresarial"],"acf":[],"yoast_head":"<!-- This site is optimized with the Yoast SEO plugin v26.2 - https:\/\/yoast.com\/wordpress\/plugins\/seo\/ -->\n<title>Sinduscon-JF promove curso de Gerenciamento de Obras em parceria com FIEMG Competitiva e SENAI JF - FIEMG<\/title>\n<meta name=\"robots\" content=\"index, follow, max-snippet:-1, max-image-preview:large, max-video-preview:-1\" \/>\n<link rel=\"canonical\" href=\"https:\/\/www.fiemg.com.br\/regional-sede\/noticias\/sinduscon-jf-promove-curso-de-gerenciamento-de-obras-em-parceria-com-fiemg-competitiva-e-senai-jf\/\" \/>\n<meta property=\"og:locale\" content=\"pt_BR\" \/>\n<meta property=\"og:type\" content=\"article\" \/>\n<meta property=\"og:title\" content=\"Sinduscon-JF promove curso de Gerenciamento de Obras em parceria com FIEMG Competitiva e SENAI JF - FIEMG\" \/>\n<meta property=\"og:description\" content=\"Com o objetivo de fornecer uma experi\u00eancia de capacita\u00e7\u00e3o e aprendizado de alta qualidade ao setor que representa, o Sindicato da Ind\u00fastria da Constru\u00e7\u00e3o Civil de Juiz de Fora (Sinduscon-JF) promoveu o Curso de Aperfei\u00e7oamento em Gerenciamento de Obras. O treinamento foi realizado, com sucesso, de 11 a 14 e de 18 a 19 de [&hellip;]\" \/>\n<meta property=\"og:url\" content=\"https:\/\/www.fiemg.com.br\/regional-sede\/noticias\/sinduscon-jf-promove-curso-de-gerenciamento-de-obras-em-parceria-com-fiemg-competitiva-e-senai-jf\/\" \/>\n<meta property=\"og:site_name\" content=\"FIEMG\" \/>\n<meta property=\"article:modified_time\" content=\"2023-09-25T18:43:14+00:00\" \/>\n<meta property=\"og:image\" content=\"https:\/\/www.fiemg.com.br\/regional-sede\/wp-content\/uploads\/sites\/21\/2023\/09\/curso-gerenciamento-obras-sindusconjf-e1695405511356.jpg\" \/>\n\t<meta property=\"og:image:width\" content=\"676\" \/>\n\t<meta property=\"og:image:height\" content=\"467\" \/>\n\t<meta property=\"og:image:type\" content=\"image\/jpeg\" \/>\n<meta name=\"twitter:card\" content=\"summary_large_image\" \/>\n<meta name=\"twitter:label1\" content=\"Est. tempo de leitura\" \/>\n\t<meta name=\"twitter:data1\" content=\"4 minutos\" \/>\n<script type=\"application\/ld+json\" class=\"yoast-schema-graph\">{\"@context\":\"https:\/\/schema.org\",\"@graph\":[{\"@type\":\"WebPage\",\"@id\":\"https:\/\/www.fiemg.com.br\/regional-sede\/noticias\/sinduscon-jf-promove-curso-de-gerenciamento-de-obras-em-parceria-com-fiemg-competitiva-e-senai-jf\/\",\"url\":\"https:\/\/www.fiemg.com.br\/regional-sede\/noticias\/sinduscon-jf-promove-curso-de-gerenciamento-de-obras-em-parceria-com-fiemg-competitiva-e-senai-jf\/\",\"name\":\"Sinduscon-JF promove curso de Gerenciamento de Obras em parceria com FIEMG Competitiva e SENAI JF - FIEMG\",\"isPartOf\":{\"@id\":\"https:\/\/www.fiemg.com.br\/regional-sede\/#website\"},\"primaryImageOfPage\":{\"@id\":\"https:\/\/www.fiemg.com.br\/regional-sede\/noticias\/sinduscon-jf-promove-curso-de-gerenciamento-de-obras-em-parceria-com-fiemg-competitiva-e-senai-jf\/#primaryimage\"},\"image\":{\"@id\":\"https:\/\/www.fiemg.com.br\/regional-sede\/noticias\/sinduscon-jf-promove-curso-de-gerenciamento-de-obras-em-parceria-com-fiemg-competitiva-e-senai-jf\/#primaryimage\"},\"thumbnailUrl\":\"https:\/\/www.fiemg.com.br\/regional-sede\/wp-content\/uploads\/sites\/21\/2023\/09\/curso-gerenciamento-obras-sindusconjf-e1695405511356.jpg\",\"datePublished\":\"2023-09-22T18:03:02+00:00\",\"dateModified\":\"2023-09-25T18:43:14+00:00\",\"breadcrumb\":{\"@id\":\"https:\/\/www.fiemg.com.br\/regional-sede\/noticias\/sinduscon-jf-promove-curso-de-gerenciamento-de-obras-em-parceria-com-fiemg-competitiva-e-senai-jf\/#breadcrumb\"},\"inLanguage\":\"pt-BR\",\"potentialAction\":[{\"@type\":\"ReadAction\",\"target\":[\"https:\/\/www.fiemg.com.br\/regional-sede\/noticias\/sinduscon-jf-promove-curso-de-gerenciamento-de-obras-em-parceria-com-fiemg-competitiva-e-senai-jf\/\"]}]},{\"@type\":\"ImageObject\",\"inLanguage\":\"pt-BR\",\"@id\":\"https:\/\/www.fiemg.com.br\/regional-sede\/noticias\/sinduscon-jf-promove-curso-de-gerenciamento-de-obras-em-parceria-com-fiemg-competitiva-e-senai-jf\/#primaryimage\",\"url\":\"https:\/\/www.fiemg.com.br\/regional-sede\/wp-content\/uploads\/sites\/21\/2023\/09\/curso-gerenciamento-obras-sindusconjf-e1695405511356.jpg\",\"contentUrl\":\"https:\/\/www.fiemg.com.br\/regional-sede\/wp-content\/uploads\/sites\/21\/2023\/09\/curso-gerenciamento-obras-sindusconjf-e1695405511356.jpg\",\"width\":676,\"height\":467,\"caption\":\"Sinduscon-JF promove curso de Aperfei\u00e7oamento em Gerenciamento de Obras em parceria com FIEMG Competitiva e SENAI JF\"},{\"@type\":\"BreadcrumbList\",\"@id\":\"https:\/\/www.fiemg.com.br\/regional-sede\/noticias\/sinduscon-jf-promove-curso-de-gerenciamento-de-obras-em-parceria-com-fiemg-competitiva-e-senai-jf\/#breadcrumb\",\"itemListElement\":[{\"@type\":\"ListItem\",\"position\":1,\"name\":\"In\u00edcio\",\"item\":\"https:\/\/www.fiemg.com.br\/regional-sede\/\"},{\"@type\":\"ListItem\",\"position\":2,\"name\":\"Sinduscon-JF promove curso de Gerenciamento de Obras em parceria com FIEMG Competitiva e SENAI JF\"}]},{\"@type\":\"WebSite\",\"@id\":\"https:\/\/www.fiemg.com.br\/regional-sede\/#website\",\"url\":\"https:\/\/www.fiemg.com.br\/regional-sede\/\",\"name\":\"FIEMG\",\"description\":\"Federa\u00e7\u00e3o das Ind\u00fastrias do Estado de Minas Gerais\",\"publisher\":{\"@id\":\"https:\/\/www.fiemg.com.br\/regional-sede\/#organization\"},\"potentialAction\":[{\"@type\":\"SearchAction\",\"target\":{\"@type\":\"EntryPoint\",\"urlTemplate\":\"https:\/\/www.fiemg.com.br\/regional-sede\/?s={search_term_string}\"},\"query-input\":{\"@type\":\"PropertyValueSpecification\",\"valueRequired\":true,\"valueName\":\"search_term_string\"}}],\"inLanguage\":\"pt-BR\"},{\"@type\":\"Organization\",\"@id\":\"https:\/\/www.fiemg.com.br\/regional-sede\/#organization\",\"name\":\"FIEMG\",\"url\":\"https:\/\/www.fiemg.com.br\/regional-sede\/\",\"logo\":{\"@type\":\"ImageObject\",\"inLanguage\":\"pt-BR\",\"@id\":\"https:\/\/www.fiemg.com.br\/regional-sede\/#\/schema\/logo\/image\/\",\"url\":\"https:\/\/www.fiemg.com.br\/regional-sede\/wp-content\/uploads\/sites\/21\/2023\/02\/Ativo-1.png\",\"contentUrl\":\"https:\/\/www.fiemg.com.br\/regional-sede\/wp-content\/uploads\/sites\/21\/2023\/02\/Ativo-1.png\",\"width\":563,\"height\":149,\"caption\":\"FIEMG\"},\"image\":{\"@id\":\"https:\/\/www.fiemg.com.br\/regional-sede\/#\/schema\/logo\/image\/\"}}]}<\/script>\n<!-- \/ Yoast SEO plugin. -->","yoast_head_json":{"title":"Sinduscon-JF promove curso de Gerenciamento de Obras em parceria com FIEMG Competitiva e SENAI JF - FIEMG","robots":{"index":"index","follow":"follow","max-snippet":"max-snippet:-1","max-image-preview":"max-image-preview:large","max-video-preview":"max-video-preview:-1"},"canonical":"https:\/\/www.fiemg.com.br\/regional-sede\/noticias\/sinduscon-jf-promove-curso-de-gerenciamento-de-obras-em-parceria-com-fiemg-competitiva-e-senai-jf\/","og_locale":"pt_BR","og_type":"article","og_title":"Sinduscon-JF promove curso de Gerenciamento de Obras em parceria com FIEMG Competitiva e SENAI JF - FIEMG","og_description":"Com o objetivo de fornecer uma experi\u00eancia de capacita\u00e7\u00e3o e aprendizado de alta qualidade ao setor que representa, o Sindicato da Ind\u00fastria da Constru\u00e7\u00e3o Civil de Juiz de Fora (Sinduscon-JF) promoveu o Curso de Aperfei\u00e7oamento em Gerenciamento de Obras. O treinamento foi realizado, com sucesso, de 11 a 14 e de 18 a 19 de [&hellip;]","og_url":"https:\/\/www.fiemg.com.br\/regional-sede\/noticias\/sinduscon-jf-promove-curso-de-gerenciamento-de-obras-em-parceria-com-fiemg-competitiva-e-senai-jf\/","og_site_name":"FIEMG","article_modified_time":"2023-09-25T18:43:14+00:00","og_image":[{"width":676,"height":467,"url":"https:\/\/www.fiemg.com.br\/regional-sede\/wp-content\/uploads\/sites\/21\/2023\/09\/curso-gerenciamento-obras-sindusconjf-e1695405511356.jpg","type":"image\/jpeg"}],"twitter_card":"summary_large_image","twitter_misc":{"Est. tempo de leitura":"4 minutos"},"schema":{"@context":"https:\/\/schema.org","@graph":[{"@type":"WebPage","@id":"https:\/\/www.fiemg.com.br\/regional-sede\/noticias\/sinduscon-jf-promove-curso-de-gerenciamento-de-obras-em-parceria-com-fiemg-competitiva-e-senai-jf\/","url":"https:\/\/www.fiemg.com.br\/regional-sede\/noticias\/sinduscon-jf-promove-curso-de-gerenciamento-de-obras-em-parceria-com-fiemg-competitiva-e-senai-jf\/","name":"Sinduscon-JF promove curso de Gerenciamento de Obras em parceria com FIEMG Competitiva e SENAI JF - FIEMG","isPartOf":{"@id":"https:\/\/www.fiemg.com.br\/regional-sede\/#website"},"primaryImageOfPage":{"@id":"https:\/\/www.fiemg.com.br\/regional-sede\/noticias\/sinduscon-jf-promove-curso-de-gerenciamento-de-obras-em-parceria-com-fiemg-competitiva-e-senai-jf\/#primaryimage"},"image":{"@id":"https:\/\/www.fiemg.com.br\/regional-sede\/noticias\/sinduscon-jf-promove-curso-de-gerenciamento-de-obras-em-parceria-com-fiemg-competitiva-e-senai-jf\/#primaryimage"},"thumbnailUrl":"https:\/\/www.fiemg.com.br\/regional-sede\/wp-content\/uploads\/sites\/21\/2023\/09\/curso-gerenciamento-obras-sindusconjf-e1695405511356.jpg","datePublished":"2023-09-22T18:03:02+00:00","dateModified":"2023-09-25T18:43:14+00:00","breadcrumb":{"@id":"https:\/\/www.fiemg.com.br\/regional-sede\/noticias\/sinduscon-jf-promove-curso-de-gerenciamento-de-obras-em-parceria-com-fiemg-competitiva-e-senai-jf\/#breadcrumb"},"inLanguage":"pt-BR","potentialAction":[{"@type":"ReadAction","target":["https:\/\/www.fiemg.com.br\/regional-sede\/noticias\/sinduscon-jf-promove-curso-de-gerenciamento-de-obras-em-parceria-com-fiemg-competitiva-e-senai-jf\/"]}]},{"@type":"ImageObject","inLanguage":"pt-BR","@id":"https:\/\/www.fiemg.com.br\/regional-sede\/noticias\/sinduscon-jf-promove-curso-de-gerenciamento-de-obras-em-parceria-com-fiemg-competitiva-e-senai-jf\/#primaryimage","url":"https:\/\/www.fiemg.com.br\/regional-sede\/wp-content\/uploads\/sites\/21\/2023\/09\/curso-gerenciamento-obras-sindusconjf-e1695405511356.jpg","contentUrl":"https:\/\/www.fiemg.com.br\/regional-sede\/wp-content\/uploads\/sites\/21\/2023\/09\/curso-gerenciamento-obras-sindusconjf-e1695405511356.jpg","width":676,"height":467,"caption":"Sinduscon-JF promove curso de Aperfei\u00e7oamento em Gerenciamento de Obras em parceria com FIEMG Competitiva e SENAI JF"},{"@type":"BreadcrumbList","@id":"https:\/\/www.fiemg.com.br\/regional-sede\/noticias\/sinduscon-jf-promove-curso-de-gerenciamento-de-obras-em-parceria-com-fiemg-competitiva-e-senai-jf\/#breadcrumb","itemListElement":[{"@type":"ListItem","position":1,"name":"In\u00edcio","item":"https:\/\/www.fiemg.com.br\/regional-sede\/"},{"@type":"ListItem","position":2,"name":"Sinduscon-JF promove curso de Gerenciamento de Obras em parceria com FIEMG Competitiva e SENAI JF"}]},{"@type":"WebSite","@id":"https:\/\/www.fiemg.com.br\/regional-sede\/#website","url":"https:\/\/www.fiemg.com.br\/regional-sede\/","name":"FIEMG","description":"Federa\u00e7\u00e3o das Ind\u00fastrias do Estado de Minas Gerais","publisher":{"@id":"https:\/\/www.fiemg.com.br\/regional-sede\/#organization"},"potentialAction":[{"@type":"SearchAction","target":{"@type":"EntryPoint","urlTemplate":"https:\/\/www.fiemg.com.br\/regional-sede\/?s={search_term_string}"},"query-input":{"@type":"PropertyValueSpecification","valueRequired":true,"valueName":"search_term_string"}}],"inLanguage":"pt-BR"},{"@type":"Organization","@id":"https:\/\/www.fiemg.com.br\/regional-sede\/#organization","name":"FIEMG","url":"https:\/\/www.fiemg.com.br\/regional-sede\/","logo":{"@type":"ImageObject","inLanguage":"pt-BR","@id":"https:\/\/www.fiemg.com.br\/regional-sede\/#\/schema\/logo\/image\/","url":"https:\/\/www.fiemg.com.br\/regional-sede\/wp-content\/uploads\/sites\/21\/2023\/02\/Ativo-1.png","contentUrl":"https:\/\/www.fiemg.com.br\/regional-sede\/wp-content\/uploads\/sites\/21\/2023\/02\/Ativo-1.png","width":563,"height":149,"caption":"FIEMG"},"image":{"@id":"https:\/\/www.fiemg.com.br\/regional-sede\/#\/schema\/logo\/image\/"}}]}},"_links":{"self":[{"href":"https:\/\/www.fiemg.com.br\/regional-sede\/wp-json\/wp\/v2\/noticias\/1898","targetHints":{"allow":["GET"]}}],"collection":[{"href":"https:\/\/www.fiemg.com.br\/regional-sede\/wp-json\/wp\/v2\/noticias"}],"about":[{"href":"https:\/\/www.fiemg.com.br\/regional-sede\/wp-json\/wp\/v2\/types\/noticias"}],"wp:featuredmedia":[{"embeddable":true,"href":"https:\/\/www.fiemg.com.br\/regional-sede\/wp-json\/wp\/v2\/media\/1902"}],"wp:attachment":[{"href":"https:\/\/www.fiemg.com.br\/regional-sede\/wp-json\/wp\/v2\/media?parent=1898"}],"wp:term":[{"taxonomy":"category","embeddable":true,"href":"https:\/\/www.fiemg.com.br\/regional-sede\/wp-json\/wp\/v2\/categories?post=1898"},{"taxonomy":"post_tag","embeddable":true,"href":"https:\/\/www.fiemg.com.br\/regional-sede\/wp-json\/wp\/v2\/tags?post=1898"}],"curies":[{"name":"wp","href":"https:\/\/api.w.org\/{rel}","templated":true}]}}