{"id":1974,"date":"2023-10-03T19:04:59","date_gmt":"2023-10-03T22:04:59","guid":{"rendered":"https:\/\/www.fiemg.com.br\/regional-sede\/noticias\/industria-mineira-incorpora-esg-a-estrategia-de-negocio\/"},"modified":"2023-10-04T14:10:08","modified_gmt":"2023-10-04T17:10:08","slug":"industria-mineira-incorpora-esg-a-estrategia-de-negocio","status":"publish","type":"noticias","link":"https:\/\/www.fiemg.com.br\/regional-sede\/noticias\/industria-mineira-incorpora-esg-a-estrategia-de-negocio\/","title":{"rendered":"Ind\u00fastria mineira incorpora ESG \u00e0 estrat\u00e9gia de neg\u00f3cio"},"content":{"rendered":"\n<p>Pr\u00e1ticas de governan\u00e7a ambiental, social e corporativa, abreviadas pela sigla em ingl\u00eas ESG (<em>Environmental, Social and Governance<\/em>), fazem parte das diretrizes de atua\u00e7\u00e3o da FIEMG e foram incorporadas \u00e0s a\u00e7\u00f5es estrat\u00e9gia da ind\u00fastria mineira. O tema ganhou notoriedade nos \u00faltimos anos e revela, segundo especialistas, a preocupa\u00e7\u00e3o do mercado e do setor produtivo de estar em sintonia com a sociedade e o meio ambiente. O ESG, inclusive, ser\u00e1 amplamente debatido por especialistas a partir de diferentes perceptivas na segunda edi\u00e7\u00e3o do <a href=\"https:\/\/www.fiemg.com.br\/imersao-industria\/\"><strong>Imers\u00e3o Ind\u00fastria <\/strong><\/a><a href=\"https:\/\/www.fiemg.com.br\/imersao-industria\/\" target=\"_blank\" rel=\"noreferrer noopener\"><strong>2023<\/strong><\/a>, por meio de palestras, mesas redondas e oficinas. O mais importante evento do setor produtivo mineiro ser\u00e1 realizado de 23 a 26 de outubro, no Minascentro, em Belo Horizonte. <\/p>\n\n\n\n<p>Entre os t\u00f3picos que ser\u00e3o abordados, est\u00e3o diversidade, inclus\u00e3o, inova\u00e7\u00e3o, competividade, energias renov\u00e1veis, relacionamento com a comunidade e implementa\u00e7\u00e3o do ESG nos neg\u00f3cios. Esse \u00faltimo ponto ter\u00e1 a participa\u00e7\u00e3o da gerente de Integridade da FIEMG, Aline Rabelo de Azevedo, que considera a ado\u00e7\u00e3o de a\u00e7\u00f5es sustent\u00e1veis fundamental para o setor produtivo, contribuindo para a adapta\u00e7\u00e3o das ind\u00fastrias em um cen\u00e1rio envolto em constantes mudan\u00e7as.<\/p>\n\n\n\n<p>Na vis\u00e3o da gerente, o ESG foi incorporado nos \u00faltimos anos \u00e0 estrat\u00e9gia dos neg\u00f3cios por diferentes circunst\u00e2ncias e uma delas diz respeito \u00e0 import\u00e2ncia da governan\u00e7a para os neg\u00f3cios. Aline de Azevedo entende que, a partir da governan\u00e7a, as empresas definem como vai exercer o prop\u00f3sito, cumprir a miss\u00e3o, gerenciar os riscos e estabelecer as estrat\u00e9gias.<\/p>\n\n\n\n<p>\u201cQuando passamos a considerar a import\u00e2ncia da governan\u00e7a para a equa\u00e7\u00e3o da sustentabilidade, acabamos estabelecendo bases s\u00f3lidas para a agenda ambiental e de responsabilidade social nas organiza\u00e7\u00f5es. Passamos de uma vis\u00e3o de gerenciamento de riscos socioambientais para uma vis\u00e3o de que esses temas devem estar inseridos na agenda estrat\u00e9gica das empresas\u201d, observa.<\/p>\n\n\n\n<p><strong>Um caminho sem volta<\/strong><\/p>\n\n\n\n<p>A gerente de Integridade enxerga o ESG incorporado aos neg\u00f3cios como uma situa\u00e7\u00e3o perene por implicar na maneira como as empresas se relacionam com o meio ambiente e a sociedade. \u201cA conscientiza\u00e7\u00e3o sobre quest\u00f5es ambientais, sociais e de governan\u00e7a tem crescido globalmente, impulsionando a demanda por empresas mais respons\u00e1veis e sustent\u00e1veis. Investidores, clientes, funcion\u00e1rios e reguladores est\u00e3o cada vez mais pressionando as empresas a adotarem medidas ESG e a resposta a essas press\u00f5es muitas vezes se torna parte integrante da estrat\u00e9gia de neg\u00f3cios\u201d, acrescenta.<\/p>\n\n\n\n<p>A opini\u00e3o da especialista sobre a relev\u00e2ncia das pr\u00e1ticas de sustentabilidade nas organiza\u00e7\u00f5es \u00e9 corroborada pelo diretor financeiro e de rela\u00e7\u00f5es com investidores da Emccamp, Andr\u00e9 Avelar. Para o gestor, o ESG deve estar enraizado na cultura das empresas, tendo a mesma dimens\u00e3o que os indicadores gerenciais.<\/p>\n\n\n\n<p>Avelar explica que na Emccamp a pauta de sustentabilidade faz parte do planejamento estrat\u00e9gico, elaborado em conjunto com outros setores da construtora. Assim como as outras tem\u00e1ticas, o ESG tem indicadores pr\u00f3prios, o que permite acompanhar e gerenciar os resultados.<\/p>\n\n\n\n<p>\u201cO ESG tem tanta import\u00e2ncia na Emccamp quanto o resultado financeiro e econ\u00f4mico. Os fundadores da empresa, tanto da primeira quanto da segunda gera\u00e7\u00e3o, se preocupam efetivamente com todos os stakeholders. A gente entende e v\u00ea verdadeiramente a preocupa\u00e7\u00e3o da companhia com a sociedade e como \u00e9 poss\u00edvel minimizar os efeitos para o meio ambiente em decorr\u00eancia da atividade da empresa\u201d, observa.<\/p>\n\n\n\n<p><strong>Menos desperd\u00edcio<\/strong><\/p>\n\n\n\n<p>Na Vida Veg, ind\u00fastria que funciona em Lavras, no Sul de Minas, de produtos 100% de origem vegana, o ESG est\u00e1 estabelecido desde o in\u00edcio das opera\u00e7\u00f5es da empresa no mercado, em 2015.<\/p>\n\n\n\n<p>\u201cA pol\u00edtica ESG da Vida Veg foi definida por meio de crit\u00e9rios estabelecidos com a nossa estrat\u00e9gia de mercado e, partir disso, foi constru\u00eddo um plano de a\u00e7\u00e3o ativo como forma de direcionar quem s\u00e3o os atores envolvidos e os prazos a serem executados, incluindo todos os setores da empresa\u201d, explica a analista de meio ambiente da empresa, Fl\u00e1via Santos.<\/p>\n\n\n\n<p>Controle dos requisitos legais, ado\u00e7\u00e3o de pol\u00edticas de riscos, cria\u00e7\u00e3o de indicadores, plano de comunica\u00e7\u00e3o com stakeholders, redu\u00e7\u00e3o de utiliza\u00e7\u00e3o de recursos naturais n\u00e3o produ\u00e7\u00e3o s\u00e3o algumas medidas com a pegada ESG implementadas pela Vida Veg, conforme a analista.<\/p>\n\n\n\n<p>Para cumprir os objetivos de sustentabilidade, a empresa realiza treinamentos com os funcion\u00e1rios, divulgando os aspectos mais relevantes associados ao tema. \u201cConseguimos perceber os resultados da empresa quanto \u00e0 diminui\u00e7\u00e3o de riscos a partir de pol\u00edticas e dos indicadores adotados. Observamos com maior clareza o que deve ser aprimorado, favorecendo redu\u00e7\u00e3o de custos, de desperd\u00edcio e maior controle organizacional e operacional dos nossos processos\u201d, diz a analista de meio ambiente ao se referir os resultados das pr\u00e1ticas sustent\u00e1veis.<br><br><em>Rafael Passos<br><\/em><strong>Imprensa FIEMG<\/strong><\/p>\n","protected":false},"featured_media":1975,"template":"","categories":[15],"tags":[349,68,74,195,80,142,350],"class_list":["post-1974","noticias","type-noticias","status-publish","has-post-thumbnail","hentry","category-desenvolvimento-industrial","tag-ambiental","tag-esg","tag-governanca","tag-imersao-industria","tag-industria","tag-minas-gerais","tag-social"],"acf":[],"yoast_head":"<!-- This site is optimized with the Yoast SEO plugin v26.2 - https:\/\/yoast.com\/wordpress\/plugins\/seo\/ -->\n<title>Ind\u00fastria mineira incorpora ESG \u00e0 estrat\u00e9gia de neg\u00f3cio - FIEMG<\/title>\n<meta name=\"description\" content=\"Tema, que envolve a\u00e7\u00f5es sustent\u00e1veis, \u00e9 tratado como prioridade pelo setor produtivo e ser\u00e1 debatido por especialistas no Imers\u00e3o Ind\u00fastria\" \/>\n<meta name=\"robots\" content=\"index, follow, max-snippet:-1, max-image-preview:large, max-video-preview:-1\" \/>\n<link rel=\"canonical\" href=\"https:\/\/www.fiemg.com.br\/regional-sede\/noticias\/industria-mineira-incorpora-esg-a-estrategia-de-negocio\/\" \/>\n<meta property=\"og:locale\" content=\"pt_BR\" \/>\n<meta property=\"og:type\" content=\"article\" \/>\n<meta property=\"og:title\" content=\"Ind\u00fastria mineira incorpora ESG \u00e0 estrat\u00e9gia de neg\u00f3cio - FIEMG\" \/>\n<meta property=\"og:description\" content=\"Tema, que envolve a\u00e7\u00f5es sustent\u00e1veis, \u00e9 tratado como prioridade pelo setor produtivo e ser\u00e1 debatido por especialistas no Imers\u00e3o Ind\u00fastria\" \/>\n<meta property=\"og:url\" content=\"https:\/\/www.fiemg.com.br\/regional-sede\/noticias\/industria-mineira-incorpora-esg-a-estrategia-de-negocio\/\" \/>\n<meta property=\"og:site_name\" content=\"FIEMG\" \/>\n<meta property=\"article:modified_time\" content=\"2023-10-04T17:10:08+00:00\" \/>\n<meta property=\"og:image\" content=\"https:\/\/www.fiemg.com.br\/regional-sede\/wp-content\/uploads\/sites\/21\/2023\/10\/ESG-menor.jpeg\" \/>\n\t<meta property=\"og:image:width\" content=\"300\" \/>\n\t<meta property=\"og:image:height\" content=\"200\" \/>\n\t<meta property=\"og:image:type\" content=\"image\/jpeg\" \/>\n<meta name=\"twitter:card\" content=\"summary_large_image\" \/>\n<meta name=\"twitter:label1\" content=\"Est. tempo de leitura\" \/>\n\t<meta name=\"twitter:data1\" content=\"4 minutos\" \/>\n<script type=\"application\/ld+json\" class=\"yoast-schema-graph\">{\"@context\":\"https:\/\/schema.org\",\"@graph\":[{\"@type\":\"WebPage\",\"@id\":\"https:\/\/www.fiemg.com.br\/regional-sede\/noticias\/industria-mineira-incorpora-esg-a-estrategia-de-negocio\/\",\"url\":\"https:\/\/www.fiemg.com.br\/regional-sede\/noticias\/industria-mineira-incorpora-esg-a-estrategia-de-negocio\/\",\"name\":\"Ind\u00fastria mineira incorpora ESG \u00e0 estrat\u00e9gia de neg\u00f3cio - FIEMG\",\"isPartOf\":{\"@id\":\"https:\/\/www.fiemg.com.br\/regional-sede\/#website\"},\"primaryImageOfPage\":{\"@id\":\"https:\/\/www.fiemg.com.br\/regional-sede\/noticias\/industria-mineira-incorpora-esg-a-estrategia-de-negocio\/#primaryimage\"},\"image\":{\"@id\":\"https:\/\/www.fiemg.com.br\/regional-sede\/noticias\/industria-mineira-incorpora-esg-a-estrategia-de-negocio\/#primaryimage\"},\"thumbnailUrl\":\"https:\/\/www.fiemg.com.br\/regional-sede\/wp-content\/uploads\/sites\/21\/2023\/10\/ESG-menor.jpeg\",\"datePublished\":\"2023-10-03T22:04:59+00:00\",\"dateModified\":\"2023-10-04T17:10:08+00:00\",\"description\":\"Tema, que envolve a\u00e7\u00f5es sustent\u00e1veis, \u00e9 tratado como prioridade pelo setor produtivo e ser\u00e1 debatido por especialistas no Imers\u00e3o Ind\u00fastria\",\"breadcrumb\":{\"@id\":\"https:\/\/www.fiemg.com.br\/regional-sede\/noticias\/industria-mineira-incorpora-esg-a-estrategia-de-negocio\/#breadcrumb\"},\"inLanguage\":\"pt-BR\",\"potentialAction\":[{\"@type\":\"ReadAction\",\"target\":[\"https:\/\/www.fiemg.com.br\/regional-sede\/noticias\/industria-mineira-incorpora-esg-a-estrategia-de-negocio\/\"]}]},{\"@type\":\"ImageObject\",\"inLanguage\":\"pt-BR\",\"@id\":\"https:\/\/www.fiemg.com.br\/regional-sede\/noticias\/industria-mineira-incorpora-esg-a-estrategia-de-negocio\/#primaryimage\",\"url\":\"https:\/\/www.fiemg.com.br\/regional-sede\/wp-content\/uploads\/sites\/21\/2023\/10\/ESG-menor.jpeg\",\"contentUrl\":\"https:\/\/www.fiemg.com.br\/regional-sede\/wp-content\/uploads\/sites\/21\/2023\/10\/ESG-menor.jpeg\",\"width\":300,\"height\":200,\"caption\":\"ESG incorporado \u00e0 estrat\u00e9gia dos neg\u00f3cios\"},{\"@type\":\"BreadcrumbList\",\"@id\":\"https:\/\/www.fiemg.com.br\/regional-sede\/noticias\/industria-mineira-incorpora-esg-a-estrategia-de-negocio\/#breadcrumb\",\"itemListElement\":[{\"@type\":\"ListItem\",\"position\":1,\"name\":\"In\u00edcio\",\"item\":\"https:\/\/www.fiemg.com.br\/regional-sede\/\"},{\"@type\":\"ListItem\",\"position\":2,\"name\":\"Ind\u00fastria mineira incorpora ESG \u00e0 estrat\u00e9gia de neg\u00f3cio\"}]},{\"@type\":\"WebSite\",\"@id\":\"https:\/\/www.fiemg.com.br\/regional-sede\/#website\",\"url\":\"https:\/\/www.fiemg.com.br\/regional-sede\/\",\"name\":\"FIEMG\",\"description\":\"Federa\u00e7\u00e3o das Ind\u00fastrias do Estado de Minas Gerais\",\"publisher\":{\"@id\":\"https:\/\/www.fiemg.com.br\/regional-sede\/#organization\"},\"potentialAction\":[{\"@type\":\"SearchAction\",\"target\":{\"@type\":\"EntryPoint\",\"urlTemplate\":\"https:\/\/www.fiemg.com.br\/regional-sede\/?s={search_term_string}\"},\"query-input\":{\"@type\":\"PropertyValueSpecification\",\"valueRequired\":true,\"valueName\":\"search_term_string\"}}],\"inLanguage\":\"pt-BR\"},{\"@type\":\"Organization\",\"@id\":\"https:\/\/www.fiemg.com.br\/regional-sede\/#organization\",\"name\":\"FIEMG\",\"url\":\"https:\/\/www.fiemg.com.br\/regional-sede\/\",\"logo\":{\"@type\":\"ImageObject\",\"inLanguage\":\"pt-BR\",\"@id\":\"https:\/\/www.fiemg.com.br\/regional-sede\/#\/schema\/logo\/image\/\",\"url\":\"https:\/\/www.fiemg.com.br\/regional-sede\/wp-content\/uploads\/sites\/21\/2023\/02\/Ativo-1.png\",\"contentUrl\":\"https:\/\/www.fiemg.com.br\/regional-sede\/wp-content\/uploads\/sites\/21\/2023\/02\/Ativo-1.png\",\"width\":563,\"height\":149,\"caption\":\"FIEMG\"},\"image\":{\"@id\":\"https:\/\/www.fiemg.com.br\/regional-sede\/#\/schema\/logo\/image\/\"}}]}<\/script>\n<!-- \/ Yoast SEO plugin. -->","yoast_head_json":{"title":"Ind\u00fastria mineira incorpora ESG \u00e0 estrat\u00e9gia de neg\u00f3cio - FIEMG","description":"Tema, que envolve a\u00e7\u00f5es sustent\u00e1veis, \u00e9 tratado como prioridade pelo setor produtivo e ser\u00e1 debatido por especialistas no Imers\u00e3o Ind\u00fastria","robots":{"index":"index","follow":"follow","max-snippet":"max-snippet:-1","max-image-preview":"max-image-preview:large","max-video-preview":"max-video-preview:-1"},"canonical":"https:\/\/www.fiemg.com.br\/regional-sede\/noticias\/industria-mineira-incorpora-esg-a-estrategia-de-negocio\/","og_locale":"pt_BR","og_type":"article","og_title":"Ind\u00fastria mineira incorpora ESG \u00e0 estrat\u00e9gia de neg\u00f3cio - FIEMG","og_description":"Tema, que envolve a\u00e7\u00f5es sustent\u00e1veis, \u00e9 tratado como prioridade pelo setor produtivo e ser\u00e1 debatido por especialistas no Imers\u00e3o Ind\u00fastria","og_url":"https:\/\/www.fiemg.com.br\/regional-sede\/noticias\/industria-mineira-incorpora-esg-a-estrategia-de-negocio\/","og_site_name":"FIEMG","article_modified_time":"2023-10-04T17:10:08+00:00","og_image":[{"width":300,"height":200,"url":"https:\/\/www.fiemg.com.br\/regional-sede\/wp-content\/uploads\/sites\/21\/2023\/10\/ESG-menor.jpeg","type":"image\/jpeg"}],"twitter_card":"summary_large_image","twitter_misc":{"Est. tempo de leitura":"4 minutos"},"schema":{"@context":"https:\/\/schema.org","@graph":[{"@type":"WebPage","@id":"https:\/\/www.fiemg.com.br\/regional-sede\/noticias\/industria-mineira-incorpora-esg-a-estrategia-de-negocio\/","url":"https:\/\/www.fiemg.com.br\/regional-sede\/noticias\/industria-mineira-incorpora-esg-a-estrategia-de-negocio\/","name":"Ind\u00fastria mineira incorpora ESG \u00e0 estrat\u00e9gia de neg\u00f3cio - FIEMG","isPartOf":{"@id":"https:\/\/www.fiemg.com.br\/regional-sede\/#website"},"primaryImageOfPage":{"@id":"https:\/\/www.fiemg.com.br\/regional-sede\/noticias\/industria-mineira-incorpora-esg-a-estrategia-de-negocio\/#primaryimage"},"image":{"@id":"https:\/\/www.fiemg.com.br\/regional-sede\/noticias\/industria-mineira-incorpora-esg-a-estrategia-de-negocio\/#primaryimage"},"thumbnailUrl":"https:\/\/www.fiemg.com.br\/regional-sede\/wp-content\/uploads\/sites\/21\/2023\/10\/ESG-menor.jpeg","datePublished":"2023-10-03T22:04:59+00:00","dateModified":"2023-10-04T17:10:08+00:00","description":"Tema, que envolve a\u00e7\u00f5es sustent\u00e1veis, \u00e9 tratado como prioridade pelo setor produtivo e ser\u00e1 debatido por especialistas no Imers\u00e3o Ind\u00fastria","breadcrumb":{"@id":"https:\/\/www.fiemg.com.br\/regional-sede\/noticias\/industria-mineira-incorpora-esg-a-estrategia-de-negocio\/#breadcrumb"},"inLanguage":"pt-BR","potentialAction":[{"@type":"ReadAction","target":["https:\/\/www.fiemg.com.br\/regional-sede\/noticias\/industria-mineira-incorpora-esg-a-estrategia-de-negocio\/"]}]},{"@type":"ImageObject","inLanguage":"pt-BR","@id":"https:\/\/www.fiemg.com.br\/regional-sede\/noticias\/industria-mineira-incorpora-esg-a-estrategia-de-negocio\/#primaryimage","url":"https:\/\/www.fiemg.com.br\/regional-sede\/wp-content\/uploads\/sites\/21\/2023\/10\/ESG-menor.jpeg","contentUrl":"https:\/\/www.fiemg.com.br\/regional-sede\/wp-content\/uploads\/sites\/21\/2023\/10\/ESG-menor.jpeg","width":300,"height":200,"caption":"ESG incorporado \u00e0 estrat\u00e9gia dos neg\u00f3cios"},{"@type":"BreadcrumbList","@id":"https:\/\/www.fiemg.com.br\/regional-sede\/noticias\/industria-mineira-incorpora-esg-a-estrategia-de-negocio\/#breadcrumb","itemListElement":[{"@type":"ListItem","position":1,"name":"In\u00edcio","item":"https:\/\/www.fiemg.com.br\/regional-sede\/"},{"@type":"ListItem","position":2,"name":"Ind\u00fastria mineira incorpora ESG \u00e0 estrat\u00e9gia de neg\u00f3cio"}]},{"@type":"WebSite","@id":"https:\/\/www.fiemg.com.br\/regional-sede\/#website","url":"https:\/\/www.fiemg.com.br\/regional-sede\/","name":"FIEMG","description":"Federa\u00e7\u00e3o das Ind\u00fastrias do Estado de Minas Gerais","publisher":{"@id":"https:\/\/www.fiemg.com.br\/regional-sede\/#organization"},"potentialAction":[{"@type":"SearchAction","target":{"@type":"EntryPoint","urlTemplate":"https:\/\/www.fiemg.com.br\/regional-sede\/?s={search_term_string}"},"query-input":{"@type":"PropertyValueSpecification","valueRequired":true,"valueName":"search_term_string"}}],"inLanguage":"pt-BR"},{"@type":"Organization","@id":"https:\/\/www.fiemg.com.br\/regional-sede\/#organization","name":"FIEMG","url":"https:\/\/www.fiemg.com.br\/regional-sede\/","logo":{"@type":"ImageObject","inLanguage":"pt-BR","@id":"https:\/\/www.fiemg.com.br\/regional-sede\/#\/schema\/logo\/image\/","url":"https:\/\/www.fiemg.com.br\/regional-sede\/wp-content\/uploads\/sites\/21\/2023\/02\/Ativo-1.png","contentUrl":"https:\/\/www.fiemg.com.br\/regional-sede\/wp-content\/uploads\/sites\/21\/2023\/02\/Ativo-1.png","width":563,"height":149,"caption":"FIEMG"},"image":{"@id":"https:\/\/www.fiemg.com.br\/regional-sede\/#\/schema\/logo\/image\/"}}]}},"_links":{"self":[{"href":"https:\/\/www.fiemg.com.br\/regional-sede\/wp-json\/wp\/v2\/noticias\/1974","targetHints":{"allow":["GET"]}}],"collection":[{"href":"https:\/\/www.fiemg.com.br\/regional-sede\/wp-json\/wp\/v2\/noticias"}],"about":[{"href":"https:\/\/www.fiemg.com.br\/regional-sede\/wp-json\/wp\/v2\/types\/noticias"}],"wp:featuredmedia":[{"embeddable":true,"href":"https:\/\/www.fiemg.com.br\/regional-sede\/wp-json\/wp\/v2\/media\/1975"}],"wp:attachment":[{"href":"https:\/\/www.fiemg.com.br\/regional-sede\/wp-json\/wp\/v2\/media?parent=1974"}],"wp:term":[{"taxonomy":"category","embeddable":true,"href":"https:\/\/www.fiemg.com.br\/regional-sede\/wp-json\/wp\/v2\/categories?post=1974"},{"taxonomy":"post_tag","embeddable":true,"href":"https:\/\/www.fiemg.com.br\/regional-sede\/wp-json\/wp\/v2\/tags?post=1974"}],"curies":[{"name":"wp","href":"https:\/\/api.w.org\/{rel}","templated":true}]}}