{"id":2042,"date":"2023-10-13T16:52:28","date_gmt":"2023-10-13T19:52:28","guid":{"rendered":"https:\/\/www.fiemg.com.br\/regional-sede\/noticias\/seminario-debate-tecnologia-e-inovacoes-do-setor-moveleiro\/"},"modified":"2023-10-13T16:53:47","modified_gmt":"2023-10-13T19:53:47","slug":"seminario-debate-tecnologia-e-inovacoes-do-setor-moveleiro","status":"publish","type":"noticias","link":"https:\/\/www.fiemg.com.br\/regional-sede\/noticias\/seminario-debate-tecnologia-e-inovacoes-do-setor-moveleiro\/","title":{"rendered":"Semin\u00e1rio debate tecnologia e inova\u00e7\u00f5es do setor moveleiro"},"content":{"rendered":"\n<p>O SENAI Cedetem em Contagem, na Regi\u00e3o Metropolitana de Belo Horizonte, promove de 16 a 18 de outubro, o 3\u00b0 Semin\u00e1rio de Desenvolvimento Empresarial e Inova\u00e7\u00e3o Tecnol\u00f3gica (Sedeitec). O evento ser\u00e1 on-line, gratuito e realizado em parceria com o Sindicato das Ind\u00fastrias do Mobili\u00e1rio e de Artefatos de Madeira de Minas Gerais (Sindimov-MG). As inscri\u00e7\u00f5es podem ser feitas neste <a href=\"https:\/\/www.sympla.com.br\/evento-online\/3-sedeitec-seminario-de-desenvolvimento-empresarial-e-inovacao-tecnologica-do-setor-moveleiro\/2189664?fbclid=PAAabRvXxS4UmPvjhV6PaY-7DjLrCj6JlZ2Z__iPZYw2SA3tFiXrkpIkpe0a8&amp;referrer=l.instagram.com&amp;share_id=copiarlink\" target=\"_blank\" rel=\"noreferrer noopener\"><strong>link<\/strong><\/a>.<\/p>\n\n\n\n<p>O objetivo \u00e9 aproximar empres\u00e1rios e profissionais do setor de madeira e mobili\u00e1rio da evolu\u00e7\u00e3o tecnol\u00f3gica de forma acess\u00edvel e democr\u00e1tica, quebrando paradigmas e receios comuns quando se pensa em inova\u00e7\u00e3o.<\/p>\n\n\n\n<p>Os temas debatidos no evento ser\u00e3o \u201cTecnologias e produ\u00e7\u00e3o &#8211; Um debate sobre a produ\u00e7\u00e3o tradicional e as tecnologias de apoio, visando produtividade e sustentabilidade da ind\u00fastria\u201d, \u201cEmpres\u00e1rio do futuro \u2013 Quais pautas ser\u00e3o cada dia mais exigidas dos empres\u00e1rios para a prosperidade no mercado\u201d, e \u201cA m\u00e3o de obra do futuro &#8211; De que forma as tecnologias e a intelig\u00eancia artificial influenciam na forma\u00e7\u00e3o e na empregabilidade dos jovens trabalhadores e nas ind\u00fastrias?\u201d.<\/p>\n","protected":false},"featured_media":2043,"template":"","categories":[15],"tags":[80,101,382,383],"class_list":["post-2042","noticias","type-noticias","status-publish","has-post-thumbnail","hentry","category-desenvolvimento-industrial","tag-industria","tag-senai","tag-setor-moveleiro","tag-sindimov"],"acf":[],"yoast_head":"<!-- This site is optimized with the Yoast SEO plugin v26.2 - https:\/\/yoast.com\/wordpress\/plugins\/seo\/ -->\n<title>Semin\u00e1rio debate tecnologia e inova\u00e7\u00f5es do setor moveleiro - FIEMG<\/title>\n<meta name=\"description\" content=\"Com inscri\u00e7\u00f5es abertas e gratuitas, evento ser\u00e1 realizado pelo SENAI Cedetem em parceria com o Sindimov\" \/>\n<meta name=\"robots\" content=\"index, follow, max-snippet:-1, max-image-preview:large, max-video-preview:-1\" \/>\n<link rel=\"canonical\" href=\"https:\/\/www.fiemg.com.br\/regional-sede\/noticias\/seminario-debate-tecnologia-e-inovacoes-do-setor-moveleiro\/\" \/>\n<meta property=\"og:locale\" content=\"pt_BR\" \/>\n<meta property=\"og:type\" content=\"article\" \/>\n<meta property=\"og:title\" content=\"Semin\u00e1rio debate tecnologia e inova\u00e7\u00f5es do setor moveleiro - FIEMG\" \/>\n<meta property=\"og:description\" content=\"Com inscri\u00e7\u00f5es abertas e gratuitas, evento ser\u00e1 realizado pelo SENAI Cedetem em parceria com o Sindimov\" \/>\n<meta property=\"og:url\" content=\"https:\/\/www.fiemg.com.br\/regional-sede\/noticias\/seminario-debate-tecnologia-e-inovacoes-do-setor-moveleiro\/\" \/>\n<meta property=\"og:site_name\" content=\"FIEMG\" \/>\n<meta property=\"article:modified_time\" content=\"2023-10-13T19:53:47+00:00\" \/>\n<meta property=\"og:image\" content=\"https:\/\/www.fiemg.com.br\/regional-sede\/wp-content\/uploads\/sites\/21\/2023\/10\/worksho-menor.jpeg\" \/>\n\t<meta property=\"og:image:width\" content=\"300\" \/>\n\t<meta property=\"og:image:height\" content=\"200\" \/>\n\t<meta property=\"og:image:type\" content=\"image\/jpeg\" \/>\n<meta name=\"twitter:card\" content=\"summary_large_image\" \/>\n<meta name=\"twitter:label1\" content=\"Est. tempo de leitura\" \/>\n\t<meta name=\"twitter:data1\" content=\"1 minuto\" \/>\n<script type=\"application\/ld+json\" class=\"yoast-schema-graph\">{\"@context\":\"https:\/\/schema.org\",\"@graph\":[{\"@type\":\"WebPage\",\"@id\":\"https:\/\/www.fiemg.com.br\/regional-sede\/noticias\/seminario-debate-tecnologia-e-inovacoes-do-setor-moveleiro\/\",\"url\":\"https:\/\/www.fiemg.com.br\/regional-sede\/noticias\/seminario-debate-tecnologia-e-inovacoes-do-setor-moveleiro\/\",\"name\":\"Semin\u00e1rio debate tecnologia e inova\u00e7\u00f5es do setor moveleiro - FIEMG\",\"isPartOf\":{\"@id\":\"https:\/\/www.fiemg.com.br\/regional-sede\/#website\"},\"primaryImageOfPage\":{\"@id\":\"https:\/\/www.fiemg.com.br\/regional-sede\/noticias\/seminario-debate-tecnologia-e-inovacoes-do-setor-moveleiro\/#primaryimage\"},\"image\":{\"@id\":\"https:\/\/www.fiemg.com.br\/regional-sede\/noticias\/seminario-debate-tecnologia-e-inovacoes-do-setor-moveleiro\/#primaryimage\"},\"thumbnailUrl\":\"https:\/\/www.fiemg.com.br\/regional-sede\/wp-content\/uploads\/sites\/21\/2023\/10\/worksho-menor.jpeg\",\"datePublished\":\"2023-10-13T19:52:28+00:00\",\"dateModified\":\"2023-10-13T19:53:47+00:00\",\"description\":\"Com inscri\u00e7\u00f5es abertas e gratuitas, evento ser\u00e1 realizado pelo SENAI Cedetem em parceria com o Sindimov\",\"breadcrumb\":{\"@id\":\"https:\/\/www.fiemg.com.br\/regional-sede\/noticias\/seminario-debate-tecnologia-e-inovacoes-do-setor-moveleiro\/#breadcrumb\"},\"inLanguage\":\"pt-BR\",\"potentialAction\":[{\"@type\":\"ReadAction\",\"target\":[\"https:\/\/www.fiemg.com.br\/regional-sede\/noticias\/seminario-debate-tecnologia-e-inovacoes-do-setor-moveleiro\/\"]}]},{\"@type\":\"ImageObject\",\"inLanguage\":\"pt-BR\",\"@id\":\"https:\/\/www.fiemg.com.br\/regional-sede\/noticias\/seminario-debate-tecnologia-e-inovacoes-do-setor-moveleiro\/#primaryimage\",\"url\":\"https:\/\/www.fiemg.com.br\/regional-sede\/wp-content\/uploads\/sites\/21\/2023\/10\/worksho-menor.jpeg\",\"contentUrl\":\"https:\/\/www.fiemg.com.br\/regional-sede\/wp-content\/uploads\/sites\/21\/2023\/10\/worksho-menor.jpeg\",\"width\":300,\"height\":200,\"caption\":\"Semin\u00e1rio debate tecnologia e inova\u00e7\u00f5es do setor moveleiro\"},{\"@type\":\"BreadcrumbList\",\"@id\":\"https:\/\/www.fiemg.com.br\/regional-sede\/noticias\/seminario-debate-tecnologia-e-inovacoes-do-setor-moveleiro\/#breadcrumb\",\"itemListElement\":[{\"@type\":\"ListItem\",\"position\":1,\"name\":\"In\u00edcio\",\"item\":\"https:\/\/www.fiemg.com.br\/regional-sede\/\"},{\"@type\":\"ListItem\",\"position\":2,\"name\":\"Semin\u00e1rio debate tecnologia e inova\u00e7\u00f5es do setor moveleiro\"}]},{\"@type\":\"WebSite\",\"@id\":\"https:\/\/www.fiemg.com.br\/regional-sede\/#website\",\"url\":\"https:\/\/www.fiemg.com.br\/regional-sede\/\",\"name\":\"FIEMG\",\"description\":\"Federa\u00e7\u00e3o das Ind\u00fastrias do Estado de Minas Gerais\",\"publisher\":{\"@id\":\"https:\/\/www.fiemg.com.br\/regional-sede\/#organization\"},\"potentialAction\":[{\"@type\":\"SearchAction\",\"target\":{\"@type\":\"EntryPoint\",\"urlTemplate\":\"https:\/\/www.fiemg.com.br\/regional-sede\/?s={search_term_string}\"},\"query-input\":{\"@type\":\"PropertyValueSpecification\",\"valueRequired\":true,\"valueName\":\"search_term_string\"}}],\"inLanguage\":\"pt-BR\"},{\"@type\":\"Organization\",\"@id\":\"https:\/\/www.fiemg.com.br\/regional-sede\/#organization\",\"name\":\"FIEMG\",\"url\":\"https:\/\/www.fiemg.com.br\/regional-sede\/\",\"logo\":{\"@type\":\"ImageObject\",\"inLanguage\":\"pt-BR\",\"@id\":\"https:\/\/www.fiemg.com.br\/regional-sede\/#\/schema\/logo\/image\/\",\"url\":\"https:\/\/www.fiemg.com.br\/regional-sede\/wp-content\/uploads\/sites\/21\/2023\/02\/Ativo-1.png\",\"contentUrl\":\"https:\/\/www.fiemg.com.br\/regional-sede\/wp-content\/uploads\/sites\/21\/2023\/02\/Ativo-1.png\",\"width\":563,\"height\":149,\"caption\":\"FIEMG\"},\"image\":{\"@id\":\"https:\/\/www.fiemg.com.br\/regional-sede\/#\/schema\/logo\/image\/\"}}]}<\/script>\n<!-- \/ Yoast SEO plugin. -->","yoast_head_json":{"title":"Semin\u00e1rio debate tecnologia e inova\u00e7\u00f5es do setor moveleiro - FIEMG","description":"Com inscri\u00e7\u00f5es abertas e gratuitas, evento ser\u00e1 realizado pelo SENAI Cedetem em parceria com o Sindimov","robots":{"index":"index","follow":"follow","max-snippet":"max-snippet:-1","max-image-preview":"max-image-preview:large","max-video-preview":"max-video-preview:-1"},"canonical":"https:\/\/www.fiemg.com.br\/regional-sede\/noticias\/seminario-debate-tecnologia-e-inovacoes-do-setor-moveleiro\/","og_locale":"pt_BR","og_type":"article","og_title":"Semin\u00e1rio debate tecnologia e inova\u00e7\u00f5es do setor moveleiro - FIEMG","og_description":"Com inscri\u00e7\u00f5es abertas e gratuitas, evento ser\u00e1 realizado pelo SENAI Cedetem em parceria com o Sindimov","og_url":"https:\/\/www.fiemg.com.br\/regional-sede\/noticias\/seminario-debate-tecnologia-e-inovacoes-do-setor-moveleiro\/","og_site_name":"FIEMG","article_modified_time":"2023-10-13T19:53:47+00:00","og_image":[{"width":300,"height":200,"url":"https:\/\/www.fiemg.com.br\/regional-sede\/wp-content\/uploads\/sites\/21\/2023\/10\/worksho-menor.jpeg","type":"image\/jpeg"}],"twitter_card":"summary_large_image","twitter_misc":{"Est. tempo de leitura":"1 minuto"},"schema":{"@context":"https:\/\/schema.org","@graph":[{"@type":"WebPage","@id":"https:\/\/www.fiemg.com.br\/regional-sede\/noticias\/seminario-debate-tecnologia-e-inovacoes-do-setor-moveleiro\/","url":"https:\/\/www.fiemg.com.br\/regional-sede\/noticias\/seminario-debate-tecnologia-e-inovacoes-do-setor-moveleiro\/","name":"Semin\u00e1rio debate tecnologia e inova\u00e7\u00f5es do setor moveleiro - FIEMG","isPartOf":{"@id":"https:\/\/www.fiemg.com.br\/regional-sede\/#website"},"primaryImageOfPage":{"@id":"https:\/\/www.fiemg.com.br\/regional-sede\/noticias\/seminario-debate-tecnologia-e-inovacoes-do-setor-moveleiro\/#primaryimage"},"image":{"@id":"https:\/\/www.fiemg.com.br\/regional-sede\/noticias\/seminario-debate-tecnologia-e-inovacoes-do-setor-moveleiro\/#primaryimage"},"thumbnailUrl":"https:\/\/www.fiemg.com.br\/regional-sede\/wp-content\/uploads\/sites\/21\/2023\/10\/worksho-menor.jpeg","datePublished":"2023-10-13T19:52:28+00:00","dateModified":"2023-10-13T19:53:47+00:00","description":"Com inscri\u00e7\u00f5es abertas e gratuitas, evento ser\u00e1 realizado pelo SENAI Cedetem em parceria com o Sindimov","breadcrumb":{"@id":"https:\/\/www.fiemg.com.br\/regional-sede\/noticias\/seminario-debate-tecnologia-e-inovacoes-do-setor-moveleiro\/#breadcrumb"},"inLanguage":"pt-BR","potentialAction":[{"@type":"ReadAction","target":["https:\/\/www.fiemg.com.br\/regional-sede\/noticias\/seminario-debate-tecnologia-e-inovacoes-do-setor-moveleiro\/"]}]},{"@type":"ImageObject","inLanguage":"pt-BR","@id":"https:\/\/www.fiemg.com.br\/regional-sede\/noticias\/seminario-debate-tecnologia-e-inovacoes-do-setor-moveleiro\/#primaryimage","url":"https:\/\/www.fiemg.com.br\/regional-sede\/wp-content\/uploads\/sites\/21\/2023\/10\/worksho-menor.jpeg","contentUrl":"https:\/\/www.fiemg.com.br\/regional-sede\/wp-content\/uploads\/sites\/21\/2023\/10\/worksho-menor.jpeg","width":300,"height":200,"caption":"Semin\u00e1rio debate tecnologia e inova\u00e7\u00f5es do setor moveleiro"},{"@type":"BreadcrumbList","@id":"https:\/\/www.fiemg.com.br\/regional-sede\/noticias\/seminario-debate-tecnologia-e-inovacoes-do-setor-moveleiro\/#breadcrumb","itemListElement":[{"@type":"ListItem","position":1,"name":"In\u00edcio","item":"https:\/\/www.fiemg.com.br\/regional-sede\/"},{"@type":"ListItem","position":2,"name":"Semin\u00e1rio debate tecnologia e inova\u00e7\u00f5es do setor moveleiro"}]},{"@type":"WebSite","@id":"https:\/\/www.fiemg.com.br\/regional-sede\/#website","url":"https:\/\/www.fiemg.com.br\/regional-sede\/","name":"FIEMG","description":"Federa\u00e7\u00e3o das Ind\u00fastrias do Estado de Minas Gerais","publisher":{"@id":"https:\/\/www.fiemg.com.br\/regional-sede\/#organization"},"potentialAction":[{"@type":"SearchAction","target":{"@type":"EntryPoint","urlTemplate":"https:\/\/www.fiemg.com.br\/regional-sede\/?s={search_term_string}"},"query-input":{"@type":"PropertyValueSpecification","valueRequired":true,"valueName":"search_term_string"}}],"inLanguage":"pt-BR"},{"@type":"Organization","@id":"https:\/\/www.fiemg.com.br\/regional-sede\/#organization","name":"FIEMG","url":"https:\/\/www.fiemg.com.br\/regional-sede\/","logo":{"@type":"ImageObject","inLanguage":"pt-BR","@id":"https:\/\/www.fiemg.com.br\/regional-sede\/#\/schema\/logo\/image\/","url":"https:\/\/www.fiemg.com.br\/regional-sede\/wp-content\/uploads\/sites\/21\/2023\/02\/Ativo-1.png","contentUrl":"https:\/\/www.fiemg.com.br\/regional-sede\/wp-content\/uploads\/sites\/21\/2023\/02\/Ativo-1.png","width":563,"height":149,"caption":"FIEMG"},"image":{"@id":"https:\/\/www.fiemg.com.br\/regional-sede\/#\/schema\/logo\/image\/"}}]}},"_links":{"self":[{"href":"https:\/\/www.fiemg.com.br\/regional-sede\/wp-json\/wp\/v2\/noticias\/2042","targetHints":{"allow":["GET"]}}],"collection":[{"href":"https:\/\/www.fiemg.com.br\/regional-sede\/wp-json\/wp\/v2\/noticias"}],"about":[{"href":"https:\/\/www.fiemg.com.br\/regional-sede\/wp-json\/wp\/v2\/types\/noticias"}],"wp:featuredmedia":[{"embeddable":true,"href":"https:\/\/www.fiemg.com.br\/regional-sede\/wp-json\/wp\/v2\/media\/2043"}],"wp:attachment":[{"href":"https:\/\/www.fiemg.com.br\/regional-sede\/wp-json\/wp\/v2\/media?parent=2042"}],"wp:term":[{"taxonomy":"category","embeddable":true,"href":"https:\/\/www.fiemg.com.br\/regional-sede\/wp-json\/wp\/v2\/categories?post=2042"},{"taxonomy":"post_tag","embeddable":true,"href":"https:\/\/www.fiemg.com.br\/regional-sede\/wp-json\/wp\/v2\/tags?post=2042"}],"curies":[{"name":"wp","href":"https:\/\/api.w.org\/{rel}","templated":true}]}}