{"id":2236,"date":"2023-11-09T04:23:00","date_gmt":"2023-11-09T07:23:00","guid":{"rendered":"https:\/\/www.fiemg.com.br\/regional-sede\/noticias\/procompi-2023-2026-inaugurando-uma-nova-era-de-competitividade-para-micro-e-pequenas-industrias\/"},"modified":"2023-11-10T10:32:12","modified_gmt":"2023-11-10T13:32:12","slug":"procompi-2023-2026-inaugurando-uma-nova-era-de-competitividade-para-micro-e-pequenas-industrias","status":"publish","type":"noticias","link":"https:\/\/www.fiemg.com.br\/regional-sede\/noticias\/procompi-2023-2026-inaugurando-uma-nova-era-de-competitividade-para-micro-e-pequenas-industrias\/","title":{"rendered":"PROCOMPI 2023-2026: Inaugurando uma Nova Era de Competitividade para Micro e Pequenas Ind\u00fastrias"},"content":{"rendered":"\n<figure class=\"wp-block-image size-full\"><img fetchpriority=\"high\" decoding=\"async\" width=\"600\" height=\"300\" src=\"https:\/\/www.fiemg.com.br\/regional-sede\/wp-content\/uploads\/sites\/21\/2023\/11\/Design-sem-nome.png\" alt=\"\" class=\"wp-image-2237\" srcset=\"https:\/\/www.fiemg.com.br\/regional-sede\/wp-content\/uploads\/sites\/21\/2023\/11\/Design-sem-nome.png 600w, https:\/\/www.fiemg.com.br\/regional-sede\/wp-content\/uploads\/sites\/21\/2023\/11\/Design-sem-nome-300x150.png 300w\" sizes=\"(max-width: 600px) 100vw, 600px\" \/><\/figure>\n\n\n\n<p>O Programa de Apoio \u00e0 Competitividade das Micro e Pequenas Ind\u00fastrias (PROCOMPI), uma colabora\u00e7\u00e3o entre a Confedera\u00e7\u00e3o Nacional da Ind\u00fastria (CNI) ) e o Servi\u00e7o Brasileiro de Apoio \u00e0s Micro e Pequenas Empresas (SEBRAE), tem orgulho de lan\u00e7ar seu novo ciclo de 2023 a 2026. Este programa, que tem sido um pilar de sucesso desde 1998, tem como foco principal elevar a competitividade das empresas de menor porte atrav\u00e9s de incentivos \u00e0 coopera\u00e7\u00e3o empresarial e ao desenvolvimento setorial e territorial.<br><br><strong>Projetos Inovadores para o Futuro da Ind\u00fastria<\/strong> &#8211;&nbsp; Com o encerramento bem-sucedido da 5\u00aa edi\u00e7\u00e3o em 2020, o PROCOMPI est\u00e1 pronto para introduzir um ciclo inovador, oferecendo projetos setoriais e tem\u00e1ticos alinhados \u00e0s necessidades emergentes das micro e pequenas ind\u00fastrias. A \u00eanfase ser\u00e1 em digitaliza\u00e7\u00e3o, inova\u00e7\u00e3o, sustentabilidade e gest\u00e3o, com aten\u00e7\u00e3o especial aos crit\u00e9rios ESG, pavimentando o caminho para a integra\u00e7\u00e3o com a Ind\u00fastria 4.0.<\/p>\n\n\n\n<p><strong>Parcerias que Promovem o Desenvolvimento Sustent\u00e1vel<\/strong> &#8211;&nbsp; Em Minas Gerais, a execu\u00e7\u00e3o do PROCOMPI \u00e9 uma sinergia entre o Instituto Euvaldo Lodi&nbsp; (IEL-MG), o SEBRAE e diversos sindicatos. Esse esfor\u00e7o conjunto visa fortalecer as ind\u00fastrias no contexto de seus territ\u00f3rios e setores, com uma previs\u00e3o de atender pelo menos 170 ind\u00fastrias em 2024.<br><br><strong>Impacto Comprovado e Expectativas para o Futuro<\/strong> &#8211;&nbsp; Com um legado de mais de duas d\u00e9cadas, o PROCOMPI j\u00e1 beneficiou mais de 8.800 empresas, investindo R$103,9 milh\u00f5es em projetos que resultaram em um impressionante aumento m\u00e9dio de 24% na produtividade. Em Minas Gerais, novos projetos est\u00e3o sendo implementados, abrangendo \u00e1reas importantes como lideran\u00e7a, finan\u00e7as, marketing e vendas, e otimiza\u00e7\u00e3o produtiva. <br> <br><strong>Capacita\u00e7\u00e3o e Consultoria para um Avan\u00e7o Cont\u00ednuo<\/strong> &#8211; As micro e pequenas empresas ter\u00e3o acesso a capacita\u00e7\u00f5es e consultorias especializadas, realizadas pelo IEL-MG em parceria com as unidades regionais do SEBRAE.<\/p>\n\n\n\n<figure class=\"wp-block-embed is-type-video is-provider-youtube wp-block-embed-youtube\"><div class=\"wp-block-embed__wrapper\">\n<iframe title=\"PROCOMPI | Programa de Apoio \u00e0 Competitividade das Micro e Pequenas Ind\u00fastrias\" width=\"800\" height=\"450\" src=\"https:\/\/www.youtube.com\/embed\/dR3SUs5TmJA?start=230&#038;feature=oembed\" frameborder=\"0\" allow=\"accelerometer; autoplay; clipboard-write; encrypted-media; gyroscope; picture-in-picture; web-share\" allowfullscreen><\/iframe>\n<\/div><\/figure>\n\n\n\n<p><em>Denise Lucas<\/em><br><strong>Imprensa FIEMG<\/strong><\/p>\n","protected":false},"featured_media":2238,"template":"","categories":[15],"tags":[75],"class_list":["post-2236","noticias","type-noticias","status-publish","has-post-thumbnail","hentry","category-desenvolvimento-industrial","tag-iel"],"acf":[],"yoast_head":"<!-- This site is optimized with the Yoast SEO plugin v26.2 - https:\/\/yoast.com\/wordpress\/plugins\/seo\/ -->\n<title>PROCOMPI 2023-2026: Inaugurando uma Nova Era de Competitividade para Micro e Pequenas Ind\u00fastrias - FIEMG<\/title>\n<meta name=\"description\" content=\"Parceria estrat\u00e9gica entre CNI e SEBRAE impulsiona a inova\u00e7\u00e3o e a sustentabilidade em neg\u00f3cios industriais de pequeno porte\" \/>\n<meta name=\"robots\" content=\"index, follow, max-snippet:-1, max-image-preview:large, max-video-preview:-1\" \/>\n<link rel=\"canonical\" href=\"https:\/\/www.fiemg.com.br\/regional-sede\/noticias\/procompi-2023-2026-inaugurando-uma-nova-era-de-competitividade-para-micro-e-pequenas-industrias\/\" \/>\n<meta property=\"og:locale\" content=\"pt_BR\" \/>\n<meta property=\"og:type\" content=\"article\" \/>\n<meta property=\"og:title\" content=\"PROCOMPI 2023-2026: Inaugurando uma Nova Era de Competitividade para Micro e Pequenas Ind\u00fastrias - FIEMG\" \/>\n<meta property=\"og:description\" content=\"Parceria estrat\u00e9gica entre CNI e SEBRAE impulsiona a inova\u00e7\u00e3o e a sustentabilidade em neg\u00f3cios industriais de pequeno porte\" \/>\n<meta property=\"og:url\" content=\"https:\/\/www.fiemg.com.br\/regional-sede\/noticias\/procompi-2023-2026-inaugurando-uma-nova-era-de-competitividade-para-micro-e-pequenas-industrias\/\" \/>\n<meta property=\"og:site_name\" content=\"FIEMG\" \/>\n<meta property=\"article:modified_time\" content=\"2023-11-10T13:32:12+00:00\" \/>\n<meta property=\"og:image\" content=\"https:\/\/www.fiemg.com.br\/regional-sede\/wp-content\/uploads\/sites\/21\/2023\/11\/Design-sem-nome-1.png\" \/>\n\t<meta property=\"og:image:width\" content=\"450\" \/>\n\t<meta property=\"og:image:height\" content=\"450\" \/>\n\t<meta property=\"og:image:type\" content=\"image\/png\" \/>\n<meta name=\"twitter:card\" content=\"summary_large_image\" \/>\n<meta name=\"twitter:label1\" content=\"Est. tempo de leitura\" \/>\n\t<meta name=\"twitter:data1\" content=\"2 minutos\" \/>\n<script type=\"application\/ld+json\" class=\"yoast-schema-graph\">{\"@context\":\"https:\/\/schema.org\",\"@graph\":[{\"@type\":\"WebPage\",\"@id\":\"https:\/\/www.fiemg.com.br\/regional-sede\/noticias\/procompi-2023-2026-inaugurando-uma-nova-era-de-competitividade-para-micro-e-pequenas-industrias\/\",\"url\":\"https:\/\/www.fiemg.com.br\/regional-sede\/noticias\/procompi-2023-2026-inaugurando-uma-nova-era-de-competitividade-para-micro-e-pequenas-industrias\/\",\"name\":\"PROCOMPI 2023-2026: Inaugurando uma Nova Era de Competitividade para Micro e Pequenas Ind\u00fastrias - FIEMG\",\"isPartOf\":{\"@id\":\"https:\/\/www.fiemg.com.br\/regional-sede\/#website\"},\"primaryImageOfPage\":{\"@id\":\"https:\/\/www.fiemg.com.br\/regional-sede\/noticias\/procompi-2023-2026-inaugurando-uma-nova-era-de-competitividade-para-micro-e-pequenas-industrias\/#primaryimage\"},\"image\":{\"@id\":\"https:\/\/www.fiemg.com.br\/regional-sede\/noticias\/procompi-2023-2026-inaugurando-uma-nova-era-de-competitividade-para-micro-e-pequenas-industrias\/#primaryimage\"},\"thumbnailUrl\":\"https:\/\/www.fiemg.com.br\/regional-sede\/wp-content\/uploads\/sites\/21\/2023\/11\/Design-sem-nome-1.png\",\"datePublished\":\"2023-11-09T07:23:00+00:00\",\"dateModified\":\"2023-11-10T13:32:12+00:00\",\"description\":\"Parceria estrat\u00e9gica entre CNI e SEBRAE impulsiona a inova\u00e7\u00e3o e a sustentabilidade em neg\u00f3cios industriais de pequeno porte\",\"breadcrumb\":{\"@id\":\"https:\/\/www.fiemg.com.br\/regional-sede\/noticias\/procompi-2023-2026-inaugurando-uma-nova-era-de-competitividade-para-micro-e-pequenas-industrias\/#breadcrumb\"},\"inLanguage\":\"pt-BR\",\"potentialAction\":[{\"@type\":\"ReadAction\",\"target\":[\"https:\/\/www.fiemg.com.br\/regional-sede\/noticias\/procompi-2023-2026-inaugurando-uma-nova-era-de-competitividade-para-micro-e-pequenas-industrias\/\"]}]},{\"@type\":\"ImageObject\",\"inLanguage\":\"pt-BR\",\"@id\":\"https:\/\/www.fiemg.com.br\/regional-sede\/noticias\/procompi-2023-2026-inaugurando-uma-nova-era-de-competitividade-para-micro-e-pequenas-industrias\/#primaryimage\",\"url\":\"https:\/\/www.fiemg.com.br\/regional-sede\/wp-content\/uploads\/sites\/21\/2023\/11\/Design-sem-nome-1.png\",\"contentUrl\":\"https:\/\/www.fiemg.com.br\/regional-sede\/wp-content\/uploads\/sites\/21\/2023\/11\/Design-sem-nome-1.png\",\"width\":450,\"height\":450},{\"@type\":\"BreadcrumbList\",\"@id\":\"https:\/\/www.fiemg.com.br\/regional-sede\/noticias\/procompi-2023-2026-inaugurando-uma-nova-era-de-competitividade-para-micro-e-pequenas-industrias\/#breadcrumb\",\"itemListElement\":[{\"@type\":\"ListItem\",\"position\":1,\"name\":\"In\u00edcio\",\"item\":\"https:\/\/www.fiemg.com.br\/regional-sede\/\"},{\"@type\":\"ListItem\",\"position\":2,\"name\":\"PROCOMPI 2023-2026: Inaugurando uma Nova Era de Competitividade para Micro e Pequenas Ind\u00fastrias\"}]},{\"@type\":\"WebSite\",\"@id\":\"https:\/\/www.fiemg.com.br\/regional-sede\/#website\",\"url\":\"https:\/\/www.fiemg.com.br\/regional-sede\/\",\"name\":\"FIEMG\",\"description\":\"Federa\u00e7\u00e3o das Ind\u00fastrias do Estado de Minas Gerais\",\"publisher\":{\"@id\":\"https:\/\/www.fiemg.com.br\/regional-sede\/#organization\"},\"potentialAction\":[{\"@type\":\"SearchAction\",\"target\":{\"@type\":\"EntryPoint\",\"urlTemplate\":\"https:\/\/www.fiemg.com.br\/regional-sede\/?s={search_term_string}\"},\"query-input\":{\"@type\":\"PropertyValueSpecification\",\"valueRequired\":true,\"valueName\":\"search_term_string\"}}],\"inLanguage\":\"pt-BR\"},{\"@type\":\"Organization\",\"@id\":\"https:\/\/www.fiemg.com.br\/regional-sede\/#organization\",\"name\":\"FIEMG\",\"url\":\"https:\/\/www.fiemg.com.br\/regional-sede\/\",\"logo\":{\"@type\":\"ImageObject\",\"inLanguage\":\"pt-BR\",\"@id\":\"https:\/\/www.fiemg.com.br\/regional-sede\/#\/schema\/logo\/image\/\",\"url\":\"https:\/\/www.fiemg.com.br\/regional-sede\/wp-content\/uploads\/sites\/21\/2023\/02\/Ativo-1.png\",\"contentUrl\":\"https:\/\/www.fiemg.com.br\/regional-sede\/wp-content\/uploads\/sites\/21\/2023\/02\/Ativo-1.png\",\"width\":563,\"height\":149,\"caption\":\"FIEMG\"},\"image\":{\"@id\":\"https:\/\/www.fiemg.com.br\/regional-sede\/#\/schema\/logo\/image\/\"}}]}<\/script>\n<!-- \/ Yoast SEO plugin. -->","yoast_head_json":{"title":"PROCOMPI 2023-2026: Inaugurando uma Nova Era de Competitividade para Micro e Pequenas Ind\u00fastrias - FIEMG","description":"Parceria estrat\u00e9gica entre CNI e SEBRAE impulsiona a inova\u00e7\u00e3o e a sustentabilidade em neg\u00f3cios industriais de pequeno porte","robots":{"index":"index","follow":"follow","max-snippet":"max-snippet:-1","max-image-preview":"max-image-preview:large","max-video-preview":"max-video-preview:-1"},"canonical":"https:\/\/www.fiemg.com.br\/regional-sede\/noticias\/procompi-2023-2026-inaugurando-uma-nova-era-de-competitividade-para-micro-e-pequenas-industrias\/","og_locale":"pt_BR","og_type":"article","og_title":"PROCOMPI 2023-2026: Inaugurando uma Nova Era de Competitividade para Micro e Pequenas Ind\u00fastrias - FIEMG","og_description":"Parceria estrat\u00e9gica entre CNI e SEBRAE impulsiona a inova\u00e7\u00e3o e a sustentabilidade em neg\u00f3cios industriais de pequeno porte","og_url":"https:\/\/www.fiemg.com.br\/regional-sede\/noticias\/procompi-2023-2026-inaugurando-uma-nova-era-de-competitividade-para-micro-e-pequenas-industrias\/","og_site_name":"FIEMG","article_modified_time":"2023-11-10T13:32:12+00:00","og_image":[{"width":450,"height":450,"url":"https:\/\/www.fiemg.com.br\/regional-sede\/wp-content\/uploads\/sites\/21\/2023\/11\/Design-sem-nome-1.png","type":"image\/png"}],"twitter_card":"summary_large_image","twitter_misc":{"Est. tempo de leitura":"2 minutos"},"schema":{"@context":"https:\/\/schema.org","@graph":[{"@type":"WebPage","@id":"https:\/\/www.fiemg.com.br\/regional-sede\/noticias\/procompi-2023-2026-inaugurando-uma-nova-era-de-competitividade-para-micro-e-pequenas-industrias\/","url":"https:\/\/www.fiemg.com.br\/regional-sede\/noticias\/procompi-2023-2026-inaugurando-uma-nova-era-de-competitividade-para-micro-e-pequenas-industrias\/","name":"PROCOMPI 2023-2026: Inaugurando uma Nova Era de Competitividade para Micro e Pequenas Ind\u00fastrias - FIEMG","isPartOf":{"@id":"https:\/\/www.fiemg.com.br\/regional-sede\/#website"},"primaryImageOfPage":{"@id":"https:\/\/www.fiemg.com.br\/regional-sede\/noticias\/procompi-2023-2026-inaugurando-uma-nova-era-de-competitividade-para-micro-e-pequenas-industrias\/#primaryimage"},"image":{"@id":"https:\/\/www.fiemg.com.br\/regional-sede\/noticias\/procompi-2023-2026-inaugurando-uma-nova-era-de-competitividade-para-micro-e-pequenas-industrias\/#primaryimage"},"thumbnailUrl":"https:\/\/www.fiemg.com.br\/regional-sede\/wp-content\/uploads\/sites\/21\/2023\/11\/Design-sem-nome-1.png","datePublished":"2023-11-09T07:23:00+00:00","dateModified":"2023-11-10T13:32:12+00:00","description":"Parceria estrat\u00e9gica entre CNI e SEBRAE impulsiona a inova\u00e7\u00e3o e a sustentabilidade em neg\u00f3cios industriais de pequeno porte","breadcrumb":{"@id":"https:\/\/www.fiemg.com.br\/regional-sede\/noticias\/procompi-2023-2026-inaugurando-uma-nova-era-de-competitividade-para-micro-e-pequenas-industrias\/#breadcrumb"},"inLanguage":"pt-BR","potentialAction":[{"@type":"ReadAction","target":["https:\/\/www.fiemg.com.br\/regional-sede\/noticias\/procompi-2023-2026-inaugurando-uma-nova-era-de-competitividade-para-micro-e-pequenas-industrias\/"]}]},{"@type":"ImageObject","inLanguage":"pt-BR","@id":"https:\/\/www.fiemg.com.br\/regional-sede\/noticias\/procompi-2023-2026-inaugurando-uma-nova-era-de-competitividade-para-micro-e-pequenas-industrias\/#primaryimage","url":"https:\/\/www.fiemg.com.br\/regional-sede\/wp-content\/uploads\/sites\/21\/2023\/11\/Design-sem-nome-1.png","contentUrl":"https:\/\/www.fiemg.com.br\/regional-sede\/wp-content\/uploads\/sites\/21\/2023\/11\/Design-sem-nome-1.png","width":450,"height":450},{"@type":"BreadcrumbList","@id":"https:\/\/www.fiemg.com.br\/regional-sede\/noticias\/procompi-2023-2026-inaugurando-uma-nova-era-de-competitividade-para-micro-e-pequenas-industrias\/#breadcrumb","itemListElement":[{"@type":"ListItem","position":1,"name":"In\u00edcio","item":"https:\/\/www.fiemg.com.br\/regional-sede\/"},{"@type":"ListItem","position":2,"name":"PROCOMPI 2023-2026: Inaugurando uma Nova Era de Competitividade para Micro e Pequenas Ind\u00fastrias"}]},{"@type":"WebSite","@id":"https:\/\/www.fiemg.com.br\/regional-sede\/#website","url":"https:\/\/www.fiemg.com.br\/regional-sede\/","name":"FIEMG","description":"Federa\u00e7\u00e3o das Ind\u00fastrias do Estado de Minas Gerais","publisher":{"@id":"https:\/\/www.fiemg.com.br\/regional-sede\/#organization"},"potentialAction":[{"@type":"SearchAction","target":{"@type":"EntryPoint","urlTemplate":"https:\/\/www.fiemg.com.br\/regional-sede\/?s={search_term_string}"},"query-input":{"@type":"PropertyValueSpecification","valueRequired":true,"valueName":"search_term_string"}}],"inLanguage":"pt-BR"},{"@type":"Organization","@id":"https:\/\/www.fiemg.com.br\/regional-sede\/#organization","name":"FIEMG","url":"https:\/\/www.fiemg.com.br\/regional-sede\/","logo":{"@type":"ImageObject","inLanguage":"pt-BR","@id":"https:\/\/www.fiemg.com.br\/regional-sede\/#\/schema\/logo\/image\/","url":"https:\/\/www.fiemg.com.br\/regional-sede\/wp-content\/uploads\/sites\/21\/2023\/02\/Ativo-1.png","contentUrl":"https:\/\/www.fiemg.com.br\/regional-sede\/wp-content\/uploads\/sites\/21\/2023\/02\/Ativo-1.png","width":563,"height":149,"caption":"FIEMG"},"image":{"@id":"https:\/\/www.fiemg.com.br\/regional-sede\/#\/schema\/logo\/image\/"}}]}},"_links":{"self":[{"href":"https:\/\/www.fiemg.com.br\/regional-sede\/wp-json\/wp\/v2\/noticias\/2236","targetHints":{"allow":["GET"]}}],"collection":[{"href":"https:\/\/www.fiemg.com.br\/regional-sede\/wp-json\/wp\/v2\/noticias"}],"about":[{"href":"https:\/\/www.fiemg.com.br\/regional-sede\/wp-json\/wp\/v2\/types\/noticias"}],"wp:featuredmedia":[{"embeddable":true,"href":"https:\/\/www.fiemg.com.br\/regional-sede\/wp-json\/wp\/v2\/media\/2238"}],"wp:attachment":[{"href":"https:\/\/www.fiemg.com.br\/regional-sede\/wp-json\/wp\/v2\/media?parent=2236"}],"wp:term":[{"taxonomy":"category","embeddable":true,"href":"https:\/\/www.fiemg.com.br\/regional-sede\/wp-json\/wp\/v2\/categories?post=2236"},{"taxonomy":"post_tag","embeddable":true,"href":"https:\/\/www.fiemg.com.br\/regional-sede\/wp-json\/wp\/v2\/tags?post=2236"}],"curies":[{"name":"wp","href":"https:\/\/api.w.org\/{rel}","templated":true}]}}