{"id":2298,"date":"2023-11-23T16:00:44","date_gmt":"2023-11-23T19:00:44","guid":{"rendered":"https:\/\/www.fiemg.com.br\/regional-sede\/noticias\/workshop-fundo-startup-industria-explora-o-potencial-dos-fundos-de-corporate-venture-capital\/"},"modified":"2023-11-23T16:01:36","modified_gmt":"2023-11-23T19:01:36","slug":"workshop-fundo-startup-industria-explora-o-potencial-dos-fundos-de-corporate-venture-capital","status":"publish","type":"noticias","link":"https:\/\/www.fiemg.com.br\/regional-sede\/noticias\/workshop-fundo-startup-industria-explora-o-potencial-dos-fundos-de-corporate-venture-capital\/","title":{"rendered":"Workshop &#8220;Fundo Startup Ind\u00fastria&#8221; explora o potencial dos Fundos de Corporate Venture Capital"},"content":{"rendered":"\n<p>O Conselho de Tecnologia e Inova\u00e7\u00e3o da FIEMG e o Sindinfor realizam na pr\u00f3xima semana o Workshop &#8220;Fundo Startup Ind\u00fastria&#8221;, um evento imperd\u00edvel para quem busca entender a excel\u00eancia dos Fundos de Venture Capital Corporativo e seu papel no desenvolvimento empresarial. Para garantir sua participa\u00e7\u00e3o, inscreva-se agora <a href=\"https:\/\/www.sympla.com.br\/evento\/fundo-startup-industria-a-excelencia-dos-fundos-de-venture-capital-corporativo\/2225437\">aqui<\/a>.<\/p>\n\n\n\n<p>O Workshop tem como objetivo explorar os bastidores da cria\u00e7\u00e3o e implementa\u00e7\u00e3o eficaz dos Fundos de Corporate Venture Capital, definindo um novo potencial empresarial. Com a presen\u00e7a de renomados especialistas nacionais em Fus\u00f5es e Aquisi\u00e7\u00f5es (M&amp;A) e Desenvolvimento de Startups em parceria com o mundo corporativo, o evento aprofundar\u00e1 a intrincada interse\u00e7\u00e3o entre capital e inova\u00e7\u00e3o.<\/p>\n\n\n\n<p><strong>T\u00f3picos em Discuss\u00e3o:<\/strong><\/p>\n\n\n\n<ul class=\"wp-block-list\">\n<li>O que \u00e9 um Fundo de Corporate Venture Capital e como ele \u00e9 utilizado.<\/li>\n\n\n\n<li>Como promover uma nova cultura operacional e estrat\u00e9gica.<\/li>\n\n\n\n<li>Apresenta\u00e7\u00e3o de casos reais de multinacionais.<\/li>\n\n\n\n<li>De que maneira esses fundos podem impulsionar a ind\u00fastria em sinergia com a corrida tecnol\u00f3gica.<\/li>\n\n\n\n<li>Principais tend\u00eancias de investimento na ind\u00fastria nos pr\u00f3ximos anos.<\/li>\n<\/ul>\n\n\n\n<p>Al\u00e9m disso, o evento lan\u00e7ar\u00e1 a inspiradora proposta do &#8220;Fundo Ind\u00fastria de Corporate Venture Capital&#8221;, com o objetivo de orquestrar a pr\u00f3xima onda de progresso industrial e transformar o cen\u00e1rio da inova\u00e7\u00e3o.<\/p>\n\n\n\n<p>Esta \u00e9 uma oportunidade \u00fanica de aprender com os melhores e se conectar com profissionais e empresas que est\u00e3o na vanguarda da inova\u00e7\u00e3o corporativa. <\/p>\n\n\n\n<p><strong>Servi\u00e7o<\/strong>:<br><strong>Workshop &#8220;Fundo Startup Ind\u00fastria&#8221;<\/strong><br><strong>Data:<\/strong> 29\/11 <br><strong>Hor\u00e1rio:<\/strong> 16h <br><strong>Onde:<\/strong> P7 Criativo (Rua Rio de Janeiro, 471, 24\u00ba andar &#8211; Centro &#8211; Belo Horizonte)<\/p>\n\n\n\n<p><a href=\"https:\/\/www.sympla.com.br\/evento\/fundo-startup-industria-a-excelencia-dos-fundos-de-venture-capital-corporativo\/2225437\">Clique aqui para se inscrever<\/a><\/p>\n\n\n\n<p>Marque a data em sua agenda e junte-se a n\u00f3s no dia 29\/11 \u00e0s 16h no P7 Criativo, para desvendar o potencial dos Fundos de Corporate Venture Capital e transformar o cen\u00e1rio empresarial!<\/p>\n\n\n\n<p><em>Ana Paula Motta<\/em><br><strong>Imprensa FIEMG<\/strong><\/p>\n","protected":false},"featured_media":2300,"template":"","categories":[15],"tags":[],"class_list":["post-2298","noticias","type-noticias","status-publish","has-post-thumbnail","hentry","category-desenvolvimento-industrial"],"acf":[],"yoast_head":"<!-- This site is optimized with the Yoast SEO plugin v26.2 - https:\/\/yoast.com\/wordpress\/plugins\/seo\/ -->\n<title>Workshop &quot;Fundo Startup Ind\u00fastria&quot; explora o potencial dos Fundos de Corporate Venture Capital - FIEMG<\/title>\n<meta name=\"description\" content=\"Evento no P7 Criativo abordara o papel de Fundos de Corporate Venture Capital no Desenvolvimento Empresarial em Minas Gerais\" \/>\n<meta name=\"robots\" content=\"index, follow, max-snippet:-1, max-image-preview:large, max-video-preview:-1\" \/>\n<link rel=\"canonical\" href=\"https:\/\/www.fiemg.com.br\/regional-sede\/noticias\/workshop-fundo-startup-industria-explora-o-potencial-dos-fundos-de-corporate-venture-capital\/\" \/>\n<meta property=\"og:locale\" content=\"pt_BR\" \/>\n<meta property=\"og:type\" content=\"article\" \/>\n<meta property=\"og:title\" content=\"Workshop &quot;Fundo Startup Ind\u00fastria&quot; explora o potencial dos Fundos de Corporate Venture Capital - FIEMG\" \/>\n<meta property=\"og:description\" content=\"Evento no P7 Criativo abordara o papel de Fundos de Corporate Venture Capital no Desenvolvimento Empresarial em Minas Gerais\" \/>\n<meta property=\"og:url\" content=\"https:\/\/www.fiemg.com.br\/regional-sede\/noticias\/workshop-fundo-startup-industria-explora-o-potencial-dos-fundos-de-corporate-venture-capital\/\" \/>\n<meta property=\"og:site_name\" content=\"FIEMG\" \/>\n<meta property=\"article:modified_time\" content=\"2023-11-23T19:01:36+00:00\" \/>\n<meta property=\"og:image\" content=\"https:\/\/www.fiemg.com.br\/regional-sede\/wp-content\/uploads\/sites\/21\/2023\/11\/fundo-startup-industria-workshop.jpg\" \/>\n\t<meta property=\"og:image:width\" content=\"300\" \/>\n\t<meta property=\"og:image:height\" content=\"200\" \/>\n\t<meta property=\"og:image:type\" content=\"image\/jpeg\" \/>\n<meta name=\"twitter:card\" content=\"summary_large_image\" \/>\n<meta name=\"twitter:label1\" content=\"Est. tempo de leitura\" \/>\n\t<meta name=\"twitter:data1\" content=\"2 minutos\" \/>\n<script type=\"application\/ld+json\" class=\"yoast-schema-graph\">{\"@context\":\"https:\/\/schema.org\",\"@graph\":[{\"@type\":\"WebPage\",\"@id\":\"https:\/\/www.fiemg.com.br\/regional-sede\/noticias\/workshop-fundo-startup-industria-explora-o-potencial-dos-fundos-de-corporate-venture-capital\/\",\"url\":\"https:\/\/www.fiemg.com.br\/regional-sede\/noticias\/workshop-fundo-startup-industria-explora-o-potencial-dos-fundos-de-corporate-venture-capital\/\",\"name\":\"Workshop \\\"Fundo Startup Ind\u00fastria\\\" explora o potencial dos Fundos de Corporate Venture Capital - FIEMG\",\"isPartOf\":{\"@id\":\"https:\/\/www.fiemg.com.br\/regional-sede\/#website\"},\"primaryImageOfPage\":{\"@id\":\"https:\/\/www.fiemg.com.br\/regional-sede\/noticias\/workshop-fundo-startup-industria-explora-o-potencial-dos-fundos-de-corporate-venture-capital\/#primaryimage\"},\"image\":{\"@id\":\"https:\/\/www.fiemg.com.br\/regional-sede\/noticias\/workshop-fundo-startup-industria-explora-o-potencial-dos-fundos-de-corporate-venture-capital\/#primaryimage\"},\"thumbnailUrl\":\"https:\/\/www.fiemg.com.br\/regional-sede\/wp-content\/uploads\/sites\/21\/2023\/11\/fundo-startup-industria-workshop.jpg\",\"datePublished\":\"2023-11-23T19:00:44+00:00\",\"dateModified\":\"2023-11-23T19:01:36+00:00\",\"description\":\"Evento no P7 Criativo abordara o papel de Fundos de Corporate Venture Capital no Desenvolvimento Empresarial em Minas Gerais\",\"breadcrumb\":{\"@id\":\"https:\/\/www.fiemg.com.br\/regional-sede\/noticias\/workshop-fundo-startup-industria-explora-o-potencial-dos-fundos-de-corporate-venture-capital\/#breadcrumb\"},\"inLanguage\":\"pt-BR\",\"potentialAction\":[{\"@type\":\"ReadAction\",\"target\":[\"https:\/\/www.fiemg.com.br\/regional-sede\/noticias\/workshop-fundo-startup-industria-explora-o-potencial-dos-fundos-de-corporate-venture-capital\/\"]}]},{\"@type\":\"ImageObject\",\"inLanguage\":\"pt-BR\",\"@id\":\"https:\/\/www.fiemg.com.br\/regional-sede\/noticias\/workshop-fundo-startup-industria-explora-o-potencial-dos-fundos-de-corporate-venture-capital\/#primaryimage\",\"url\":\"https:\/\/www.fiemg.com.br\/regional-sede\/wp-content\/uploads\/sites\/21\/2023\/11\/fundo-startup-industria-workshop.jpg\",\"contentUrl\":\"https:\/\/www.fiemg.com.br\/regional-sede\/wp-content\/uploads\/sites\/21\/2023\/11\/fundo-startup-industria-workshop.jpg\",\"width\":300,\"height\":200},{\"@type\":\"BreadcrumbList\",\"@id\":\"https:\/\/www.fiemg.com.br\/regional-sede\/noticias\/workshop-fundo-startup-industria-explora-o-potencial-dos-fundos-de-corporate-venture-capital\/#breadcrumb\",\"itemListElement\":[{\"@type\":\"ListItem\",\"position\":1,\"name\":\"In\u00edcio\",\"item\":\"https:\/\/www.fiemg.com.br\/regional-sede\/\"},{\"@type\":\"ListItem\",\"position\":2,\"name\":\"Workshop &#8220;Fundo Startup Ind\u00fastria&#8221; explora o potencial dos Fundos de Corporate Venture Capital\"}]},{\"@type\":\"WebSite\",\"@id\":\"https:\/\/www.fiemg.com.br\/regional-sede\/#website\",\"url\":\"https:\/\/www.fiemg.com.br\/regional-sede\/\",\"name\":\"FIEMG\",\"description\":\"Federa\u00e7\u00e3o das Ind\u00fastrias do Estado de Minas Gerais\",\"publisher\":{\"@id\":\"https:\/\/www.fiemg.com.br\/regional-sede\/#organization\"},\"potentialAction\":[{\"@type\":\"SearchAction\",\"target\":{\"@type\":\"EntryPoint\",\"urlTemplate\":\"https:\/\/www.fiemg.com.br\/regional-sede\/?s={search_term_string}\"},\"query-input\":{\"@type\":\"PropertyValueSpecification\",\"valueRequired\":true,\"valueName\":\"search_term_string\"}}],\"inLanguage\":\"pt-BR\"},{\"@type\":\"Organization\",\"@id\":\"https:\/\/www.fiemg.com.br\/regional-sede\/#organization\",\"name\":\"FIEMG\",\"url\":\"https:\/\/www.fiemg.com.br\/regional-sede\/\",\"logo\":{\"@type\":\"ImageObject\",\"inLanguage\":\"pt-BR\",\"@id\":\"https:\/\/www.fiemg.com.br\/regional-sede\/#\/schema\/logo\/image\/\",\"url\":\"https:\/\/www.fiemg.com.br\/regional-sede\/wp-content\/uploads\/sites\/21\/2023\/02\/Ativo-1.png\",\"contentUrl\":\"https:\/\/www.fiemg.com.br\/regional-sede\/wp-content\/uploads\/sites\/21\/2023\/02\/Ativo-1.png\",\"width\":563,\"height\":149,\"caption\":\"FIEMG\"},\"image\":{\"@id\":\"https:\/\/www.fiemg.com.br\/regional-sede\/#\/schema\/logo\/image\/\"}}]}<\/script>\n<!-- \/ Yoast SEO plugin. -->","yoast_head_json":{"title":"Workshop \"Fundo Startup Ind\u00fastria\" explora o potencial dos Fundos de Corporate Venture Capital - FIEMG","description":"Evento no P7 Criativo abordara o papel de Fundos de Corporate Venture Capital no Desenvolvimento Empresarial em Minas Gerais","robots":{"index":"index","follow":"follow","max-snippet":"max-snippet:-1","max-image-preview":"max-image-preview:large","max-video-preview":"max-video-preview:-1"},"canonical":"https:\/\/www.fiemg.com.br\/regional-sede\/noticias\/workshop-fundo-startup-industria-explora-o-potencial-dos-fundos-de-corporate-venture-capital\/","og_locale":"pt_BR","og_type":"article","og_title":"Workshop \"Fundo Startup Ind\u00fastria\" explora o potencial dos Fundos de Corporate Venture Capital - FIEMG","og_description":"Evento no P7 Criativo abordara o papel de Fundos de Corporate Venture Capital no Desenvolvimento Empresarial em Minas Gerais","og_url":"https:\/\/www.fiemg.com.br\/regional-sede\/noticias\/workshop-fundo-startup-industria-explora-o-potencial-dos-fundos-de-corporate-venture-capital\/","og_site_name":"FIEMG","article_modified_time":"2023-11-23T19:01:36+00:00","og_image":[{"width":300,"height":200,"url":"https:\/\/www.fiemg.com.br\/regional-sede\/wp-content\/uploads\/sites\/21\/2023\/11\/fundo-startup-industria-workshop.jpg","type":"image\/jpeg"}],"twitter_card":"summary_large_image","twitter_misc":{"Est. tempo de leitura":"2 minutos"},"schema":{"@context":"https:\/\/schema.org","@graph":[{"@type":"WebPage","@id":"https:\/\/www.fiemg.com.br\/regional-sede\/noticias\/workshop-fundo-startup-industria-explora-o-potencial-dos-fundos-de-corporate-venture-capital\/","url":"https:\/\/www.fiemg.com.br\/regional-sede\/noticias\/workshop-fundo-startup-industria-explora-o-potencial-dos-fundos-de-corporate-venture-capital\/","name":"Workshop \"Fundo Startup Ind\u00fastria\" explora o potencial dos Fundos de Corporate Venture Capital - FIEMG","isPartOf":{"@id":"https:\/\/www.fiemg.com.br\/regional-sede\/#website"},"primaryImageOfPage":{"@id":"https:\/\/www.fiemg.com.br\/regional-sede\/noticias\/workshop-fundo-startup-industria-explora-o-potencial-dos-fundos-de-corporate-venture-capital\/#primaryimage"},"image":{"@id":"https:\/\/www.fiemg.com.br\/regional-sede\/noticias\/workshop-fundo-startup-industria-explora-o-potencial-dos-fundos-de-corporate-venture-capital\/#primaryimage"},"thumbnailUrl":"https:\/\/www.fiemg.com.br\/regional-sede\/wp-content\/uploads\/sites\/21\/2023\/11\/fundo-startup-industria-workshop.jpg","datePublished":"2023-11-23T19:00:44+00:00","dateModified":"2023-11-23T19:01:36+00:00","description":"Evento no P7 Criativo abordara o papel de Fundos de Corporate Venture Capital no Desenvolvimento Empresarial em Minas Gerais","breadcrumb":{"@id":"https:\/\/www.fiemg.com.br\/regional-sede\/noticias\/workshop-fundo-startup-industria-explora-o-potencial-dos-fundos-de-corporate-venture-capital\/#breadcrumb"},"inLanguage":"pt-BR","potentialAction":[{"@type":"ReadAction","target":["https:\/\/www.fiemg.com.br\/regional-sede\/noticias\/workshop-fundo-startup-industria-explora-o-potencial-dos-fundos-de-corporate-venture-capital\/"]}]},{"@type":"ImageObject","inLanguage":"pt-BR","@id":"https:\/\/www.fiemg.com.br\/regional-sede\/noticias\/workshop-fundo-startup-industria-explora-o-potencial-dos-fundos-de-corporate-venture-capital\/#primaryimage","url":"https:\/\/www.fiemg.com.br\/regional-sede\/wp-content\/uploads\/sites\/21\/2023\/11\/fundo-startup-industria-workshop.jpg","contentUrl":"https:\/\/www.fiemg.com.br\/regional-sede\/wp-content\/uploads\/sites\/21\/2023\/11\/fundo-startup-industria-workshop.jpg","width":300,"height":200},{"@type":"BreadcrumbList","@id":"https:\/\/www.fiemg.com.br\/regional-sede\/noticias\/workshop-fundo-startup-industria-explora-o-potencial-dos-fundos-de-corporate-venture-capital\/#breadcrumb","itemListElement":[{"@type":"ListItem","position":1,"name":"In\u00edcio","item":"https:\/\/www.fiemg.com.br\/regional-sede\/"},{"@type":"ListItem","position":2,"name":"Workshop &#8220;Fundo Startup Ind\u00fastria&#8221; explora o potencial dos Fundos de Corporate Venture Capital"}]},{"@type":"WebSite","@id":"https:\/\/www.fiemg.com.br\/regional-sede\/#website","url":"https:\/\/www.fiemg.com.br\/regional-sede\/","name":"FIEMG","description":"Federa\u00e7\u00e3o das Ind\u00fastrias do Estado de Minas Gerais","publisher":{"@id":"https:\/\/www.fiemg.com.br\/regional-sede\/#organization"},"potentialAction":[{"@type":"SearchAction","target":{"@type":"EntryPoint","urlTemplate":"https:\/\/www.fiemg.com.br\/regional-sede\/?s={search_term_string}"},"query-input":{"@type":"PropertyValueSpecification","valueRequired":true,"valueName":"search_term_string"}}],"inLanguage":"pt-BR"},{"@type":"Organization","@id":"https:\/\/www.fiemg.com.br\/regional-sede\/#organization","name":"FIEMG","url":"https:\/\/www.fiemg.com.br\/regional-sede\/","logo":{"@type":"ImageObject","inLanguage":"pt-BR","@id":"https:\/\/www.fiemg.com.br\/regional-sede\/#\/schema\/logo\/image\/","url":"https:\/\/www.fiemg.com.br\/regional-sede\/wp-content\/uploads\/sites\/21\/2023\/02\/Ativo-1.png","contentUrl":"https:\/\/www.fiemg.com.br\/regional-sede\/wp-content\/uploads\/sites\/21\/2023\/02\/Ativo-1.png","width":563,"height":149,"caption":"FIEMG"},"image":{"@id":"https:\/\/www.fiemg.com.br\/regional-sede\/#\/schema\/logo\/image\/"}}]}},"_links":{"self":[{"href":"https:\/\/www.fiemg.com.br\/regional-sede\/wp-json\/wp\/v2\/noticias\/2298","targetHints":{"allow":["GET"]}}],"collection":[{"href":"https:\/\/www.fiemg.com.br\/regional-sede\/wp-json\/wp\/v2\/noticias"}],"about":[{"href":"https:\/\/www.fiemg.com.br\/regional-sede\/wp-json\/wp\/v2\/types\/noticias"}],"wp:featuredmedia":[{"embeddable":true,"href":"https:\/\/www.fiemg.com.br\/regional-sede\/wp-json\/wp\/v2\/media\/2300"}],"wp:attachment":[{"href":"https:\/\/www.fiemg.com.br\/regional-sede\/wp-json\/wp\/v2\/media?parent=2298"}],"wp:term":[{"taxonomy":"category","embeddable":true,"href":"https:\/\/www.fiemg.com.br\/regional-sede\/wp-json\/wp\/v2\/categories?post=2298"},{"taxonomy":"post_tag","embeddable":true,"href":"https:\/\/www.fiemg.com.br\/regional-sede\/wp-json\/wp\/v2\/tags?post=2298"}],"curies":[{"name":"wp","href":"https:\/\/api.w.org\/{rel}","templated":true}]}}