{"id":2334,"date":"2023-11-30T17:06:40","date_gmt":"2023-11-30T20:06:40","guid":{"rendered":"https:\/\/www.fiemg.com.br\/regional-sede\/noticias\/reuniao-do-conselho-de-tecnologia-e-inovacao-da-fiemg-destaca-avancos-e-estrategias\/"},"modified":"2023-11-30T17:08:50","modified_gmt":"2023-11-30T20:08:50","slug":"reuniao-do-conselho-de-tecnologia-e-inovacao-da-fiemg-destaca-avancos-e-estrategias","status":"publish","type":"noticias","link":"https:\/\/www.fiemg.com.br\/regional-sede\/noticias\/reuniao-do-conselho-de-tecnologia-e-inovacao-da-fiemg-destaca-avancos-e-estrategias\/","title":{"rendered":"Reuni\u00e3o do Conselho de Tecnologia e Inova\u00e7\u00e3o da FIEMG destaca avan\u00e7os e estrat\u00e9gias"},"content":{"rendered":"\n<p>A \u00faltima reuni\u00e3o ordin\u00e1ria do ano do Conselho de Tecnologia e Inova\u00e7\u00e3o da Federa\u00e7\u00e3o das Ind\u00fastrias de Minas Gerais (FIEMG) foi realizada nesta quarta-feira (29\/11), no P7 Criativo, em Belo Horizonte. O encontro reuniu l\u00edderes e especialistas para discutir importantes temas relacionados \u00e0 tecnologia, inova\u00e7\u00e3o e estrat\u00e9gias para o setor industrial.<\/p>\n\n\n\n<p>A abertura do evento foi conduzida pelo presidente do Conselho de Tecnologia e Inova\u00e7\u00e3o, F\u00e1bio Veras, que apresentou os convidados e ressaltou a import\u00e2ncia das pautas a serem discutidas. Veras tamb\u00e9m deu as boas-vindas ao novo membro do conselho, o diretor da CEMIG, Maur\u00edcio Dall&#8217;Agnese, enfatizando a relev\u00e2ncia de sua participa\u00e7\u00e3o no grupo de empresas envolvidas.<\/p>\n\n\n\n<p>O diretor de Rela\u00e7\u00f5es Institucionais e Governamentais da Brasscom, Paulo Sergio Sgobbi, apresentou uma atualiza\u00e7\u00e3o sobre o panorama dos Projetos de Lei em tramita\u00e7\u00e3o no Congresso Nacional relacionados \u00e0 tecnologia. Os principais t\u00f3picos abordados inclu\u00edram a regulamenta\u00e7\u00e3o da Intelig\u00eancia Artificial no Brasil, as Leis Complementares da Reforma Tribut\u00e1ria e a regulamenta\u00e7\u00e3o de plataformas digitais.<\/p>\n\n\n\n<p>C\u00e1ssio Spina, fundador da Anjos do Brasil, com sede em S\u00e3o Paulo, trouxe uma atualiza\u00e7\u00e3o sobre o Panorama de Investimentos Empresariais em Inova\u00e7\u00e3o, compartilhando insights valiosos sobre as tend\u00eancias atuais nesse campo.<\/p>\n\n\n\n<p>Al\u00e9m disso, a representante da ger\u00eancia de Integridade da FIEMG e membro titular do Comit\u00ea de ESG (Ambiental, Social e Governan\u00e7a), Aline Faria Santos Rabelo de Azevedo, apresentou o trabalho do comit\u00ea, enfatizando o objetivo de transformar a\u00e7\u00f5es ESG em vantagem competitiva e entrega de valor aos clientes da FIEMG. O comit\u00ea busca a integra\u00e7\u00e3o das a\u00e7\u00f5es ambientais, sociais e de governan\u00e7a em um n\u00edvel estrat\u00e9gico, alinhando-se com as boas pr\u00e1ticas de mercado e fortalecendo a imagem e a reputa\u00e7\u00e3o da FIEMG como um player comprometido com a responsabilidade social e ambiental.<\/p>\n\n\n\n<p>O evento demonstrou o compromisso da FIEMG em promover a inova\u00e7\u00e3o, a regulamenta\u00e7\u00e3o tecnol\u00f3gica e as pr\u00e1ticas ESG como parte fundamental da estrat\u00e9gia da ind\u00fastria em Minas Gerais, destacando a import\u00e2ncia desses temas para o desenvolvimento sustent\u00e1vel e competitivo do setor industrial.<\/p>\n\n\n\n<p>Leia tamb\u00e9m: <a href=\"https:\/\/www.fiemg.com.br\/noticias\/workshop-de-corporate-venture-capital-impulsiona-inovacao-industrial\/\"><strong>Workshop de Corporate Venture Capital impulsiona inova\u00e7\u00e3o industrial<\/strong><\/a><\/p>\n\n\n\n<p><em>Ana Paula Motta<\/em><br><strong>Imprensa FIEMG<\/strong><\/p>\n","protected":false},"featured_media":2330,"template":"","categories":[15],"tags":[],"class_list":["post-2334","noticias","type-noticias","status-publish","has-post-thumbnail","hentry","category-desenvolvimento-industrial"],"acf":[],"yoast_head":"<!-- This site is optimized with the Yoast SEO plugin v26.2 - https:\/\/yoast.com\/wordpress\/plugins\/seo\/ -->\n<title>Reuni\u00e3o do Conselho de Tecnologia e Inova\u00e7\u00e3o da FIEMG destaca avan\u00e7os e estrat\u00e9gias - FIEMG<\/title>\n<meta name=\"description\" content=\"Evento reuniu l\u00edderes e especialistas para discutir tecnologia, inova\u00e7\u00e3o, regulamenta\u00e7\u00f5es e a\u00e7\u00f5es ESG na ind\u00fastria\" \/>\n<meta name=\"robots\" content=\"index, follow, max-snippet:-1, max-image-preview:large, max-video-preview:-1\" \/>\n<link rel=\"canonical\" href=\"https:\/\/www.fiemg.com.br\/regional-sede\/noticias\/reuniao-do-conselho-de-tecnologia-e-inovacao-da-fiemg-destaca-avancos-e-estrategias\/\" \/>\n<meta property=\"og:locale\" content=\"pt_BR\" \/>\n<meta property=\"og:type\" content=\"article\" \/>\n<meta property=\"og:title\" content=\"Reuni\u00e3o do Conselho de Tecnologia e Inova\u00e7\u00e3o da FIEMG destaca avan\u00e7os e estrat\u00e9gias - FIEMG\" \/>\n<meta property=\"og:description\" content=\"Evento reuniu l\u00edderes e especialistas para discutir tecnologia, inova\u00e7\u00e3o, regulamenta\u00e7\u00f5es e a\u00e7\u00f5es ESG na ind\u00fastria\" \/>\n<meta property=\"og:url\" content=\"https:\/\/www.fiemg.com.br\/regional-sede\/noticias\/reuniao-do-conselho-de-tecnologia-e-inovacao-da-fiemg-destaca-avancos-e-estrategias\/\" \/>\n<meta property=\"og:site_name\" content=\"FIEMG\" \/>\n<meta property=\"article:modified_time\" content=\"2023-11-30T20:08:50+00:00\" \/>\n<meta property=\"og:image\" content=\"https:\/\/www.fiemg.com.br\/regional-sede\/wp-content\/uploads\/sites\/21\/2023\/11\/conselho-tecnologia-inovacao-fiemg.jpg\" \/>\n\t<meta property=\"og:image:width\" content=\"300\" \/>\n\t<meta property=\"og:image:height\" content=\"200\" \/>\n\t<meta property=\"og:image:type\" content=\"image\/jpeg\" \/>\n<meta name=\"twitter:card\" content=\"summary_large_image\" \/>\n<meta name=\"twitter:label1\" content=\"Est. tempo de leitura\" \/>\n\t<meta name=\"twitter:data1\" content=\"2 minutos\" \/>\n<script type=\"application\/ld+json\" class=\"yoast-schema-graph\">{\"@context\":\"https:\/\/schema.org\",\"@graph\":[{\"@type\":\"WebPage\",\"@id\":\"https:\/\/www.fiemg.com.br\/regional-sede\/noticias\/reuniao-do-conselho-de-tecnologia-e-inovacao-da-fiemg-destaca-avancos-e-estrategias\/\",\"url\":\"https:\/\/www.fiemg.com.br\/regional-sede\/noticias\/reuniao-do-conselho-de-tecnologia-e-inovacao-da-fiemg-destaca-avancos-e-estrategias\/\",\"name\":\"Reuni\u00e3o do Conselho de Tecnologia e Inova\u00e7\u00e3o da FIEMG destaca avan\u00e7os e estrat\u00e9gias - FIEMG\",\"isPartOf\":{\"@id\":\"https:\/\/www.fiemg.com.br\/regional-sede\/#website\"},\"primaryImageOfPage\":{\"@id\":\"https:\/\/www.fiemg.com.br\/regional-sede\/noticias\/reuniao-do-conselho-de-tecnologia-e-inovacao-da-fiemg-destaca-avancos-e-estrategias\/#primaryimage\"},\"image\":{\"@id\":\"https:\/\/www.fiemg.com.br\/regional-sede\/noticias\/reuniao-do-conselho-de-tecnologia-e-inovacao-da-fiemg-destaca-avancos-e-estrategias\/#primaryimage\"},\"thumbnailUrl\":\"https:\/\/www.fiemg.com.br\/regional-sede\/wp-content\/uploads\/sites\/21\/2023\/11\/conselho-tecnologia-inovacao-fiemg.jpg\",\"datePublished\":\"2023-11-30T20:06:40+00:00\",\"dateModified\":\"2023-11-30T20:08:50+00:00\",\"description\":\"Evento reuniu l\u00edderes e especialistas para discutir tecnologia, inova\u00e7\u00e3o, regulamenta\u00e7\u00f5es e a\u00e7\u00f5es ESG na ind\u00fastria\",\"breadcrumb\":{\"@id\":\"https:\/\/www.fiemg.com.br\/regional-sede\/noticias\/reuniao-do-conselho-de-tecnologia-e-inovacao-da-fiemg-destaca-avancos-e-estrategias\/#breadcrumb\"},\"inLanguage\":\"pt-BR\",\"potentialAction\":[{\"@type\":\"ReadAction\",\"target\":[\"https:\/\/www.fiemg.com.br\/regional-sede\/noticias\/reuniao-do-conselho-de-tecnologia-e-inovacao-da-fiemg-destaca-avancos-e-estrategias\/\"]}]},{\"@type\":\"ImageObject\",\"inLanguage\":\"pt-BR\",\"@id\":\"https:\/\/www.fiemg.com.br\/regional-sede\/noticias\/reuniao-do-conselho-de-tecnologia-e-inovacao-da-fiemg-destaca-avancos-e-estrategias\/#primaryimage\",\"url\":\"https:\/\/www.fiemg.com.br\/regional-sede\/wp-content\/uploads\/sites\/21\/2023\/11\/conselho-tecnologia-inovacao-fiemg.jpg\",\"contentUrl\":\"https:\/\/www.fiemg.com.br\/regional-sede\/wp-content\/uploads\/sites\/21\/2023\/11\/conselho-tecnologia-inovacao-fiemg.jpg\",\"width\":300,\"height\":200},{\"@type\":\"BreadcrumbList\",\"@id\":\"https:\/\/www.fiemg.com.br\/regional-sede\/noticias\/reuniao-do-conselho-de-tecnologia-e-inovacao-da-fiemg-destaca-avancos-e-estrategias\/#breadcrumb\",\"itemListElement\":[{\"@type\":\"ListItem\",\"position\":1,\"name\":\"In\u00edcio\",\"item\":\"https:\/\/www.fiemg.com.br\/regional-sede\/\"},{\"@type\":\"ListItem\",\"position\":2,\"name\":\"Reuni\u00e3o do Conselho de Tecnologia e Inova\u00e7\u00e3o da FIEMG destaca avan\u00e7os e estrat\u00e9gias\"}]},{\"@type\":\"WebSite\",\"@id\":\"https:\/\/www.fiemg.com.br\/regional-sede\/#website\",\"url\":\"https:\/\/www.fiemg.com.br\/regional-sede\/\",\"name\":\"FIEMG\",\"description\":\"Federa\u00e7\u00e3o das Ind\u00fastrias do Estado de Minas Gerais\",\"publisher\":{\"@id\":\"https:\/\/www.fiemg.com.br\/regional-sede\/#organization\"},\"potentialAction\":[{\"@type\":\"SearchAction\",\"target\":{\"@type\":\"EntryPoint\",\"urlTemplate\":\"https:\/\/www.fiemg.com.br\/regional-sede\/?s={search_term_string}\"},\"query-input\":{\"@type\":\"PropertyValueSpecification\",\"valueRequired\":true,\"valueName\":\"search_term_string\"}}],\"inLanguage\":\"pt-BR\"},{\"@type\":\"Organization\",\"@id\":\"https:\/\/www.fiemg.com.br\/regional-sede\/#organization\",\"name\":\"FIEMG\",\"url\":\"https:\/\/www.fiemg.com.br\/regional-sede\/\",\"logo\":{\"@type\":\"ImageObject\",\"inLanguage\":\"pt-BR\",\"@id\":\"https:\/\/www.fiemg.com.br\/regional-sede\/#\/schema\/logo\/image\/\",\"url\":\"https:\/\/www.fiemg.com.br\/regional-sede\/wp-content\/uploads\/sites\/21\/2023\/02\/Ativo-1.png\",\"contentUrl\":\"https:\/\/www.fiemg.com.br\/regional-sede\/wp-content\/uploads\/sites\/21\/2023\/02\/Ativo-1.png\",\"width\":563,\"height\":149,\"caption\":\"FIEMG\"},\"image\":{\"@id\":\"https:\/\/www.fiemg.com.br\/regional-sede\/#\/schema\/logo\/image\/\"}}]}<\/script>\n<!-- \/ Yoast SEO plugin. -->","yoast_head_json":{"title":"Reuni\u00e3o do Conselho de Tecnologia e Inova\u00e7\u00e3o da FIEMG destaca avan\u00e7os e estrat\u00e9gias - FIEMG","description":"Evento reuniu l\u00edderes e especialistas para discutir tecnologia, inova\u00e7\u00e3o, regulamenta\u00e7\u00f5es e a\u00e7\u00f5es ESG na ind\u00fastria","robots":{"index":"index","follow":"follow","max-snippet":"max-snippet:-1","max-image-preview":"max-image-preview:large","max-video-preview":"max-video-preview:-1"},"canonical":"https:\/\/www.fiemg.com.br\/regional-sede\/noticias\/reuniao-do-conselho-de-tecnologia-e-inovacao-da-fiemg-destaca-avancos-e-estrategias\/","og_locale":"pt_BR","og_type":"article","og_title":"Reuni\u00e3o do Conselho de Tecnologia e Inova\u00e7\u00e3o da FIEMG destaca avan\u00e7os e estrat\u00e9gias - FIEMG","og_description":"Evento reuniu l\u00edderes e especialistas para discutir tecnologia, inova\u00e7\u00e3o, regulamenta\u00e7\u00f5es e a\u00e7\u00f5es ESG na ind\u00fastria","og_url":"https:\/\/www.fiemg.com.br\/regional-sede\/noticias\/reuniao-do-conselho-de-tecnologia-e-inovacao-da-fiemg-destaca-avancos-e-estrategias\/","og_site_name":"FIEMG","article_modified_time":"2023-11-30T20:08:50+00:00","og_image":[{"width":300,"height":200,"url":"https:\/\/www.fiemg.com.br\/regional-sede\/wp-content\/uploads\/sites\/21\/2023\/11\/conselho-tecnologia-inovacao-fiemg.jpg","type":"image\/jpeg"}],"twitter_card":"summary_large_image","twitter_misc":{"Est. tempo de leitura":"2 minutos"},"schema":{"@context":"https:\/\/schema.org","@graph":[{"@type":"WebPage","@id":"https:\/\/www.fiemg.com.br\/regional-sede\/noticias\/reuniao-do-conselho-de-tecnologia-e-inovacao-da-fiemg-destaca-avancos-e-estrategias\/","url":"https:\/\/www.fiemg.com.br\/regional-sede\/noticias\/reuniao-do-conselho-de-tecnologia-e-inovacao-da-fiemg-destaca-avancos-e-estrategias\/","name":"Reuni\u00e3o do Conselho de Tecnologia e Inova\u00e7\u00e3o da FIEMG destaca avan\u00e7os e estrat\u00e9gias - FIEMG","isPartOf":{"@id":"https:\/\/www.fiemg.com.br\/regional-sede\/#website"},"primaryImageOfPage":{"@id":"https:\/\/www.fiemg.com.br\/regional-sede\/noticias\/reuniao-do-conselho-de-tecnologia-e-inovacao-da-fiemg-destaca-avancos-e-estrategias\/#primaryimage"},"image":{"@id":"https:\/\/www.fiemg.com.br\/regional-sede\/noticias\/reuniao-do-conselho-de-tecnologia-e-inovacao-da-fiemg-destaca-avancos-e-estrategias\/#primaryimage"},"thumbnailUrl":"https:\/\/www.fiemg.com.br\/regional-sede\/wp-content\/uploads\/sites\/21\/2023\/11\/conselho-tecnologia-inovacao-fiemg.jpg","datePublished":"2023-11-30T20:06:40+00:00","dateModified":"2023-11-30T20:08:50+00:00","description":"Evento reuniu l\u00edderes e especialistas para discutir tecnologia, inova\u00e7\u00e3o, regulamenta\u00e7\u00f5es e a\u00e7\u00f5es ESG na ind\u00fastria","breadcrumb":{"@id":"https:\/\/www.fiemg.com.br\/regional-sede\/noticias\/reuniao-do-conselho-de-tecnologia-e-inovacao-da-fiemg-destaca-avancos-e-estrategias\/#breadcrumb"},"inLanguage":"pt-BR","potentialAction":[{"@type":"ReadAction","target":["https:\/\/www.fiemg.com.br\/regional-sede\/noticias\/reuniao-do-conselho-de-tecnologia-e-inovacao-da-fiemg-destaca-avancos-e-estrategias\/"]}]},{"@type":"ImageObject","inLanguage":"pt-BR","@id":"https:\/\/www.fiemg.com.br\/regional-sede\/noticias\/reuniao-do-conselho-de-tecnologia-e-inovacao-da-fiemg-destaca-avancos-e-estrategias\/#primaryimage","url":"https:\/\/www.fiemg.com.br\/regional-sede\/wp-content\/uploads\/sites\/21\/2023\/11\/conselho-tecnologia-inovacao-fiemg.jpg","contentUrl":"https:\/\/www.fiemg.com.br\/regional-sede\/wp-content\/uploads\/sites\/21\/2023\/11\/conselho-tecnologia-inovacao-fiemg.jpg","width":300,"height":200},{"@type":"BreadcrumbList","@id":"https:\/\/www.fiemg.com.br\/regional-sede\/noticias\/reuniao-do-conselho-de-tecnologia-e-inovacao-da-fiemg-destaca-avancos-e-estrategias\/#breadcrumb","itemListElement":[{"@type":"ListItem","position":1,"name":"In\u00edcio","item":"https:\/\/www.fiemg.com.br\/regional-sede\/"},{"@type":"ListItem","position":2,"name":"Reuni\u00e3o do Conselho de Tecnologia e Inova\u00e7\u00e3o da FIEMG destaca avan\u00e7os e estrat\u00e9gias"}]},{"@type":"WebSite","@id":"https:\/\/www.fiemg.com.br\/regional-sede\/#website","url":"https:\/\/www.fiemg.com.br\/regional-sede\/","name":"FIEMG","description":"Federa\u00e7\u00e3o das Ind\u00fastrias do Estado de Minas Gerais","publisher":{"@id":"https:\/\/www.fiemg.com.br\/regional-sede\/#organization"},"potentialAction":[{"@type":"SearchAction","target":{"@type":"EntryPoint","urlTemplate":"https:\/\/www.fiemg.com.br\/regional-sede\/?s={search_term_string}"},"query-input":{"@type":"PropertyValueSpecification","valueRequired":true,"valueName":"search_term_string"}}],"inLanguage":"pt-BR"},{"@type":"Organization","@id":"https:\/\/www.fiemg.com.br\/regional-sede\/#organization","name":"FIEMG","url":"https:\/\/www.fiemg.com.br\/regional-sede\/","logo":{"@type":"ImageObject","inLanguage":"pt-BR","@id":"https:\/\/www.fiemg.com.br\/regional-sede\/#\/schema\/logo\/image\/","url":"https:\/\/www.fiemg.com.br\/regional-sede\/wp-content\/uploads\/sites\/21\/2023\/02\/Ativo-1.png","contentUrl":"https:\/\/www.fiemg.com.br\/regional-sede\/wp-content\/uploads\/sites\/21\/2023\/02\/Ativo-1.png","width":563,"height":149,"caption":"FIEMG"},"image":{"@id":"https:\/\/www.fiemg.com.br\/regional-sede\/#\/schema\/logo\/image\/"}}]}},"_links":{"self":[{"href":"https:\/\/www.fiemg.com.br\/regional-sede\/wp-json\/wp\/v2\/noticias\/2334","targetHints":{"allow":["GET"]}}],"collection":[{"href":"https:\/\/www.fiemg.com.br\/regional-sede\/wp-json\/wp\/v2\/noticias"}],"about":[{"href":"https:\/\/www.fiemg.com.br\/regional-sede\/wp-json\/wp\/v2\/types\/noticias"}],"wp:featuredmedia":[{"embeddable":true,"href":"https:\/\/www.fiemg.com.br\/regional-sede\/wp-json\/wp\/v2\/media\/2330"}],"wp:attachment":[{"href":"https:\/\/www.fiemg.com.br\/regional-sede\/wp-json\/wp\/v2\/media?parent=2334"}],"wp:term":[{"taxonomy":"category","embeddable":true,"href":"https:\/\/www.fiemg.com.br\/regional-sede\/wp-json\/wp\/v2\/categories?post=2334"},{"taxonomy":"post_tag","embeddable":true,"href":"https:\/\/www.fiemg.com.br\/regional-sede\/wp-json\/wp\/v2\/tags?post=2334"}],"curies":[{"name":"wp","href":"https:\/\/api.w.org\/{rel}","templated":true}]}}