{"id":2369,"date":"2023-12-12T15:56:39","date_gmt":"2023-12-12T18:56:39","guid":{"rendered":"https:\/\/www.fiemg.com.br\/regional-sede\/noticias\/descarbonizacao-industrial-e-a-relacao-com-a-cop28\/"},"modified":"2023-12-13T14:42:10","modified_gmt":"2023-12-13T17:42:10","slug":"descarbonizacao-industrial-e-a-relacao-com-a-cop28","status":"publish","type":"noticias","link":"https:\/\/www.fiemg.com.br\/regional-sede\/noticias\/descarbonizacao-industrial-e-a-relacao-com-a-cop28\/","title":{"rendered":"Descarboniza\u00e7\u00e3o industrial e a COP28"},"content":{"rendered":"\n<p>Com o encerramento da COP28, nesta ter\u00e7a-feira (12\/12), em Dubai, o pesquisador em tecnologia do Centro de Inova\u00e7\u00e3o e Tecnologia (CIT SENAI), Luiz Cl\u00e1udio de Melo, traz \u00e0 tona discuss\u00f5es importantes sobre a descarboniza\u00e7\u00e3o industrial. Essa \u00e9 uma iniciativa pioneira para o setor produtivo no desenvolvimento de tecnologias que intensifique esse processo.<\/p>\n\n\n\n<p>A COP28 &#8211; Confer\u00eancia sobre Altera\u00e7\u00f5es Clim\u00e1ticas da Organiza\u00e7\u00e3o das Na\u00e7\u00f5es Unidas (<em>UN Climate Change Conference<\/em>) \u2013 \u00e9 um evento de relev\u00e2ncia global sediado nos Emirados \u00c1rabes Unidos, em 2023, com o objetivo de unir esfor\u00e7os e avan\u00e7ar na redu\u00e7\u00e3o do aquecimento global, estabelecido pelo Acordo de Paris.<\/p>\n\n\n\n<p>\u201cEm um momento em que as altera\u00e7\u00f5es clim\u00e1ticas est\u00e3o sendo cada vez mais debatidas, \u00e9 importante falarmos cada vez mais sobre solu\u00e7\u00f5es tecnol\u00f3gicas e sustent\u00e1veis para o futuro. Pensando nisso, realizaremos uma s\u00e9rie de publica\u00e7\u00f5es que faremos sobre descarboniza\u00e7\u00e3o na ind\u00fastria e na sociedade, para trazer uma maior compreens\u00e3o e familiaridade com o assunto\u201d, informa Luiz Cl\u00e1udio.<\/p>\n\n\n\n<p>Sobre as mudan\u00e7as clim\u00e1ticas e a descarboniza\u00e7\u00e3o, o artigo destaca que essas tem\u00e1ticas se tornam cada vez mais urgente e crucial para o futuro da humanidade. \u00c9 nesse contexto que o Centro CIT SENAI de Descarboniza\u00e7\u00e3o Industrial, criado em junho de 2023 por iniciativa do Presidente da FIEMG, Fl\u00e1vio Roscoe, assume um papel de destaque.<\/p>\n\n\n\n<p>Luiz Cl\u00e1udio explica que o Acordo de Paris foi assinado por diversos pa\u00edses na COP21 e prop\u00f5e metas de redu\u00e7\u00e3o progressiva da emiss\u00e3o de CO<sub>2<\/sub> e uma das mais conhecidas \u00e9 o &#8220;NET ZERO 2050&#8221;, que prop\u00f5e zerar a emiss\u00e3o l\u00edquida de CO<sub>2<\/sub> at\u00e9 2050, tornando o mundo mais sustent\u00e1vel.<\/p>\n\n\n\n<p><strong>Descarboniza\u00e7\u00e3o e seu papel crucial<\/strong><\/p>\n\n\n\n<p>Segundo Luiz Cl\u00e1udio, a redu\u00e7\u00e3o ou elimina\u00e7\u00e3o das emiss\u00f5es de CO<sub>2<\/sub> est\u00e1 no cerne da descarboniza\u00e7\u00e3o. \u201cTecnologias e processos de descarboniza\u00e7\u00e3o s\u00e3o essenciais para atingir esse objetivo. Isso inclui a substitui\u00e7\u00e3o de combust\u00edveis f\u00f3sseis na produ\u00e7\u00e3o de energia el\u00e9trica por fontes renov\u00e1veis, como energia e\u00f3lica e solar, al\u00e9m da explora\u00e7\u00e3o do hidrog\u00eanio como uma alternativa vi\u00e1vel. \u201cAssim o termo Descarboniza\u00e7\u00e3o aparece com intuito da redu\u00e7\u00e3o, e no futuro a elimina\u00e7\u00e3o, da emiss\u00e3o de g\u00e1s carb\u00f4nico pela ind\u00fastria e a sociedade\u201d, afirma o pesquisador.<\/p>\n\n\n\n<p>O hidrog\u00eanio (H<sub>2<\/sub>), principalmente na forma de H<sub>2<\/sub> verde, produzido com eletricidade de fontes limpas, tem sido estudado como uma alternativa promissora aos combust\u00edveis f\u00f3sseis. No entanto, desafios relacionados ao armazenamento e distribui\u00e7\u00e3o ainda precisam ser superados, conforme Luiz Cl\u00e1udio.<\/p>\n\n\n\n<p>\u201cNos pr\u00f3ximos textos, exploraremos com mais detalhes o hidrog\u00eanio, suas aplica\u00e7\u00f5es e cores, bem como o CCUS, descrevendo tecnologias e exemplos de aplica\u00e7\u00e3o\u201d, pontua Luiz Cl\u00e1udio. Ele enfatiza que o Centro de Descarboniza\u00e7\u00e3o Industrial e eventos como a COP28 refletem a import\u00e2ncia de investimentos em solu\u00e7\u00f5es tecnol\u00f3gicas e sustent\u00e1veis para enfrentar os desafios das mudan\u00e7as clim\u00e1ticas e garantir um futuro mais verde e pr\u00f3spero.<\/p>\n\n\n\n<p>Leia na \u00edntegra o artigo do pesquisador Luiz Cl\u00e1udio de Melo no LinkedIn do CIT SENAI ou neste <a href=\"https:\/\/www.linkedin.com\/pulse\/cop28-o-co2-e-descarboniza%2525C3%2525A7%2525C3%2525A3o-citsenai-9pr2f%3FtrackingId=qRWlQ5IjGnyuFvw3nIpEVQ%253D%253D\/?trackingId=qRWlQ5IjGnyuFvw3nIpEVQ%3D%3D\">link<\/a> (lembramos que \u00e9 necess\u00e1rio estar logado em uma conta para acess\u00e1-lo).<\/p>\n\n\n\n<p><\/p>\n\n\n\n<p><em>Ana Paula Motta<\/em><br><strong>Imprensa FIEMG<\/strong><\/p>\n","protected":false},"featured_media":2370,"template":"","categories":[],"tags":[],"class_list":["post-2369","noticias","type-noticias","status-publish","has-post-thumbnail","hentry"],"acf":[],"yoast_head":"<!-- This site is optimized with the Yoast SEO plugin v26.2 - https:\/\/yoast.com\/wordpress\/plugins\/seo\/ -->\n<title>Descarboniza\u00e7\u00e3o industrial e a COP28 - FIEMG<\/title>\n<meta name=\"robots\" content=\"index, follow, max-snippet:-1, max-image-preview:large, max-video-preview:-1\" \/>\n<link rel=\"canonical\" href=\"https:\/\/www.fiemg.com.br\/regional-sede\/noticias\/descarbonizacao-industrial-e-a-relacao-com-a-cop28\/\" \/>\n<meta property=\"og:locale\" content=\"pt_BR\" \/>\n<meta property=\"og:type\" content=\"article\" \/>\n<meta property=\"og:title\" content=\"Descarboniza\u00e7\u00e3o industrial e a COP28 - FIEMG\" \/>\n<meta property=\"og:description\" content=\"Com o encerramento da COP28, nesta ter\u00e7a-feira (12\/12), em Dubai, o pesquisador em tecnologia do Centro de Inova\u00e7\u00e3o e Tecnologia (CIT SENAI), Luiz Cl\u00e1udio de Melo, traz \u00e0 tona discuss\u00f5es importantes sobre a descarboniza\u00e7\u00e3o industrial. Essa \u00e9 uma iniciativa pioneira para o setor produtivo no desenvolvimento de tecnologias que intensifique esse processo. A COP28 &#8211; [&hellip;]\" \/>\n<meta property=\"og:url\" content=\"https:\/\/www.fiemg.com.br\/regional-sede\/noticias\/descarbonizacao-industrial-e-a-relacao-com-a-cop28\/\" \/>\n<meta property=\"og:site_name\" content=\"FIEMG\" \/>\n<meta property=\"article:modified_time\" content=\"2023-12-13T17:42:10+00:00\" \/>\n<meta property=\"og:image\" content=\"https:\/\/www.fiemg.com.br\/regional-sede\/wp-content\/uploads\/sites\/21\/2023\/12\/cop-descarbonizacao-industrial-cit-1.jpg\" \/>\n\t<meta property=\"og:image:width\" content=\"300\" \/>\n\t<meta property=\"og:image:height\" content=\"200\" \/>\n\t<meta property=\"og:image:type\" content=\"image\/jpeg\" \/>\n<meta name=\"twitter:card\" content=\"summary_large_image\" \/>\n<meta name=\"twitter:label1\" content=\"Est. tempo de leitura\" \/>\n\t<meta name=\"twitter:data1\" content=\"4 minutos\" \/>\n<script type=\"application\/ld+json\" class=\"yoast-schema-graph\">{\"@context\":\"https:\/\/schema.org\",\"@graph\":[{\"@type\":\"WebPage\",\"@id\":\"https:\/\/www.fiemg.com.br\/regional-sede\/noticias\/descarbonizacao-industrial-e-a-relacao-com-a-cop28\/\",\"url\":\"https:\/\/www.fiemg.com.br\/regional-sede\/noticias\/descarbonizacao-industrial-e-a-relacao-com-a-cop28\/\",\"name\":\"Descarboniza\u00e7\u00e3o industrial e a COP28 - FIEMG\",\"isPartOf\":{\"@id\":\"https:\/\/www.fiemg.com.br\/regional-sede\/#website\"},\"primaryImageOfPage\":{\"@id\":\"https:\/\/www.fiemg.com.br\/regional-sede\/noticias\/descarbonizacao-industrial-e-a-relacao-com-a-cop28\/#primaryimage\"},\"image\":{\"@id\":\"https:\/\/www.fiemg.com.br\/regional-sede\/noticias\/descarbonizacao-industrial-e-a-relacao-com-a-cop28\/#primaryimage\"},\"thumbnailUrl\":\"https:\/\/www.fiemg.com.br\/regional-sede\/wp-content\/uploads\/sites\/21\/2023\/12\/cop-descarbonizacao-industrial-cit-1.jpg\",\"datePublished\":\"2023-12-12T18:56:39+00:00\",\"dateModified\":\"2023-12-13T17:42:10+00:00\",\"breadcrumb\":{\"@id\":\"https:\/\/www.fiemg.com.br\/regional-sede\/noticias\/descarbonizacao-industrial-e-a-relacao-com-a-cop28\/#breadcrumb\"},\"inLanguage\":\"pt-BR\",\"potentialAction\":[{\"@type\":\"ReadAction\",\"target\":[\"https:\/\/www.fiemg.com.br\/regional-sede\/noticias\/descarbonizacao-industrial-e-a-relacao-com-a-cop28\/\"]}]},{\"@type\":\"ImageObject\",\"inLanguage\":\"pt-BR\",\"@id\":\"https:\/\/www.fiemg.com.br\/regional-sede\/noticias\/descarbonizacao-industrial-e-a-relacao-com-a-cop28\/#primaryimage\",\"url\":\"https:\/\/www.fiemg.com.br\/regional-sede\/wp-content\/uploads\/sites\/21\/2023\/12\/cop-descarbonizacao-industrial-cit-1.jpg\",\"contentUrl\":\"https:\/\/www.fiemg.com.br\/regional-sede\/wp-content\/uploads\/sites\/21\/2023\/12\/cop-descarbonizacao-industrial-cit-1.jpg\",\"width\":300,\"height\":200},{\"@type\":\"BreadcrumbList\",\"@id\":\"https:\/\/www.fiemg.com.br\/regional-sede\/noticias\/descarbonizacao-industrial-e-a-relacao-com-a-cop28\/#breadcrumb\",\"itemListElement\":[{\"@type\":\"ListItem\",\"position\":1,\"name\":\"In\u00edcio\",\"item\":\"https:\/\/www.fiemg.com.br\/regional-sede\/\"},{\"@type\":\"ListItem\",\"position\":2,\"name\":\"Descarboniza\u00e7\u00e3o Industrial e a rela\u00e7\u00e3o com a COP28\"}]},{\"@type\":\"WebSite\",\"@id\":\"https:\/\/www.fiemg.com.br\/regional-sede\/#website\",\"url\":\"https:\/\/www.fiemg.com.br\/regional-sede\/\",\"name\":\"FIEMG\",\"description\":\"Federa\u00e7\u00e3o das Ind\u00fastrias do Estado de Minas Gerais\",\"publisher\":{\"@id\":\"https:\/\/www.fiemg.com.br\/regional-sede\/#organization\"},\"potentialAction\":[{\"@type\":\"SearchAction\",\"target\":{\"@type\":\"EntryPoint\",\"urlTemplate\":\"https:\/\/www.fiemg.com.br\/regional-sede\/?s={search_term_string}\"},\"query-input\":{\"@type\":\"PropertyValueSpecification\",\"valueRequired\":true,\"valueName\":\"search_term_string\"}}],\"inLanguage\":\"pt-BR\"},{\"@type\":\"Organization\",\"@id\":\"https:\/\/www.fiemg.com.br\/regional-sede\/#organization\",\"name\":\"FIEMG\",\"url\":\"https:\/\/www.fiemg.com.br\/regional-sede\/\",\"logo\":{\"@type\":\"ImageObject\",\"inLanguage\":\"pt-BR\",\"@id\":\"https:\/\/www.fiemg.com.br\/regional-sede\/#\/schema\/logo\/image\/\",\"url\":\"https:\/\/www.fiemg.com.br\/regional-sede\/wp-content\/uploads\/sites\/21\/2023\/02\/Ativo-1.png\",\"contentUrl\":\"https:\/\/www.fiemg.com.br\/regional-sede\/wp-content\/uploads\/sites\/21\/2023\/02\/Ativo-1.png\",\"width\":563,\"height\":149,\"caption\":\"FIEMG\"},\"image\":{\"@id\":\"https:\/\/www.fiemg.com.br\/regional-sede\/#\/schema\/logo\/image\/\"}}]}<\/script>\n<!-- \/ Yoast SEO plugin. -->","yoast_head_json":{"title":"Descarboniza\u00e7\u00e3o industrial e a COP28 - FIEMG","robots":{"index":"index","follow":"follow","max-snippet":"max-snippet:-1","max-image-preview":"max-image-preview:large","max-video-preview":"max-video-preview:-1"},"canonical":"https:\/\/www.fiemg.com.br\/regional-sede\/noticias\/descarbonizacao-industrial-e-a-relacao-com-a-cop28\/","og_locale":"pt_BR","og_type":"article","og_title":"Descarboniza\u00e7\u00e3o industrial e a COP28 - FIEMG","og_description":"Com o encerramento da COP28, nesta ter\u00e7a-feira (12\/12), em Dubai, o pesquisador em tecnologia do Centro de Inova\u00e7\u00e3o e Tecnologia (CIT SENAI), Luiz Cl\u00e1udio de Melo, traz \u00e0 tona discuss\u00f5es importantes sobre a descarboniza\u00e7\u00e3o industrial. Essa \u00e9 uma iniciativa pioneira para o setor produtivo no desenvolvimento de tecnologias que intensifique esse processo. A COP28 &#8211; [&hellip;]","og_url":"https:\/\/www.fiemg.com.br\/regional-sede\/noticias\/descarbonizacao-industrial-e-a-relacao-com-a-cop28\/","og_site_name":"FIEMG","article_modified_time":"2023-12-13T17:42:10+00:00","og_image":[{"width":300,"height":200,"url":"https:\/\/www.fiemg.com.br\/regional-sede\/wp-content\/uploads\/sites\/21\/2023\/12\/cop-descarbonizacao-industrial-cit-1.jpg","type":"image\/jpeg"}],"twitter_card":"summary_large_image","twitter_misc":{"Est. tempo de leitura":"4 minutos"},"schema":{"@context":"https:\/\/schema.org","@graph":[{"@type":"WebPage","@id":"https:\/\/www.fiemg.com.br\/regional-sede\/noticias\/descarbonizacao-industrial-e-a-relacao-com-a-cop28\/","url":"https:\/\/www.fiemg.com.br\/regional-sede\/noticias\/descarbonizacao-industrial-e-a-relacao-com-a-cop28\/","name":"Descarboniza\u00e7\u00e3o industrial e a COP28 - FIEMG","isPartOf":{"@id":"https:\/\/www.fiemg.com.br\/regional-sede\/#website"},"primaryImageOfPage":{"@id":"https:\/\/www.fiemg.com.br\/regional-sede\/noticias\/descarbonizacao-industrial-e-a-relacao-com-a-cop28\/#primaryimage"},"image":{"@id":"https:\/\/www.fiemg.com.br\/regional-sede\/noticias\/descarbonizacao-industrial-e-a-relacao-com-a-cop28\/#primaryimage"},"thumbnailUrl":"https:\/\/www.fiemg.com.br\/regional-sede\/wp-content\/uploads\/sites\/21\/2023\/12\/cop-descarbonizacao-industrial-cit-1.jpg","datePublished":"2023-12-12T18:56:39+00:00","dateModified":"2023-12-13T17:42:10+00:00","breadcrumb":{"@id":"https:\/\/www.fiemg.com.br\/regional-sede\/noticias\/descarbonizacao-industrial-e-a-relacao-com-a-cop28\/#breadcrumb"},"inLanguage":"pt-BR","potentialAction":[{"@type":"ReadAction","target":["https:\/\/www.fiemg.com.br\/regional-sede\/noticias\/descarbonizacao-industrial-e-a-relacao-com-a-cop28\/"]}]},{"@type":"ImageObject","inLanguage":"pt-BR","@id":"https:\/\/www.fiemg.com.br\/regional-sede\/noticias\/descarbonizacao-industrial-e-a-relacao-com-a-cop28\/#primaryimage","url":"https:\/\/www.fiemg.com.br\/regional-sede\/wp-content\/uploads\/sites\/21\/2023\/12\/cop-descarbonizacao-industrial-cit-1.jpg","contentUrl":"https:\/\/www.fiemg.com.br\/regional-sede\/wp-content\/uploads\/sites\/21\/2023\/12\/cop-descarbonizacao-industrial-cit-1.jpg","width":300,"height":200},{"@type":"BreadcrumbList","@id":"https:\/\/www.fiemg.com.br\/regional-sede\/noticias\/descarbonizacao-industrial-e-a-relacao-com-a-cop28\/#breadcrumb","itemListElement":[{"@type":"ListItem","position":1,"name":"In\u00edcio","item":"https:\/\/www.fiemg.com.br\/regional-sede\/"},{"@type":"ListItem","position":2,"name":"Descarboniza\u00e7\u00e3o Industrial e a rela\u00e7\u00e3o com a COP28"}]},{"@type":"WebSite","@id":"https:\/\/www.fiemg.com.br\/regional-sede\/#website","url":"https:\/\/www.fiemg.com.br\/regional-sede\/","name":"FIEMG","description":"Federa\u00e7\u00e3o das Ind\u00fastrias do Estado de Minas Gerais","publisher":{"@id":"https:\/\/www.fiemg.com.br\/regional-sede\/#organization"},"potentialAction":[{"@type":"SearchAction","target":{"@type":"EntryPoint","urlTemplate":"https:\/\/www.fiemg.com.br\/regional-sede\/?s={search_term_string}"},"query-input":{"@type":"PropertyValueSpecification","valueRequired":true,"valueName":"search_term_string"}}],"inLanguage":"pt-BR"},{"@type":"Organization","@id":"https:\/\/www.fiemg.com.br\/regional-sede\/#organization","name":"FIEMG","url":"https:\/\/www.fiemg.com.br\/regional-sede\/","logo":{"@type":"ImageObject","inLanguage":"pt-BR","@id":"https:\/\/www.fiemg.com.br\/regional-sede\/#\/schema\/logo\/image\/","url":"https:\/\/www.fiemg.com.br\/regional-sede\/wp-content\/uploads\/sites\/21\/2023\/02\/Ativo-1.png","contentUrl":"https:\/\/www.fiemg.com.br\/regional-sede\/wp-content\/uploads\/sites\/21\/2023\/02\/Ativo-1.png","width":563,"height":149,"caption":"FIEMG"},"image":{"@id":"https:\/\/www.fiemg.com.br\/regional-sede\/#\/schema\/logo\/image\/"}}]}},"_links":{"self":[{"href":"https:\/\/www.fiemg.com.br\/regional-sede\/wp-json\/wp\/v2\/noticias\/2369","targetHints":{"allow":["GET"]}}],"collection":[{"href":"https:\/\/www.fiemg.com.br\/regional-sede\/wp-json\/wp\/v2\/noticias"}],"about":[{"href":"https:\/\/www.fiemg.com.br\/regional-sede\/wp-json\/wp\/v2\/types\/noticias"}],"wp:featuredmedia":[{"embeddable":true,"href":"https:\/\/www.fiemg.com.br\/regional-sede\/wp-json\/wp\/v2\/media\/2370"}],"wp:attachment":[{"href":"https:\/\/www.fiemg.com.br\/regional-sede\/wp-json\/wp\/v2\/media?parent=2369"}],"wp:term":[{"taxonomy":"category","embeddable":true,"href":"https:\/\/www.fiemg.com.br\/regional-sede\/wp-json\/wp\/v2\/categories?post=2369"},{"taxonomy":"post_tag","embeddable":true,"href":"https:\/\/www.fiemg.com.br\/regional-sede\/wp-json\/wp\/v2\/tags?post=2369"}],"curies":[{"name":"wp","href":"https:\/\/api.w.org\/{rel}","templated":true}]}}