{"id":2451,"date":"2023-12-28T14:10:48","date_gmt":"2023-12-28T17:10:48","guid":{"rendered":"https:\/\/www.fiemg.com.br\/regional-sede\/noticias\/fiemg-diz-que-medidas-anunciadas-pelo-governo-geram-inseguranca-juridica\/"},"modified":"2023-12-28T14:10:50","modified_gmt":"2023-12-28T17:10:50","slug":"fiemg-diz-que-medidas-anunciadas-pelo-governo-geram-inseguranca-juridica","status":"publish","type":"noticias","link":"https:\/\/www.fiemg.com.br\/regional-sede\/noticias\/fiemg-diz-que-medidas-anunciadas-pelo-governo-geram-inseguranca-juridica\/","title":{"rendered":"FIEMG diz que medidas anunciadas pelo governo geram inseguran\u00e7a jur\u00eddica"},"content":{"rendered":"\n<p>O presidente da Federa\u00e7\u00e3o das Ind\u00fastrias do Estado de Minas Gerais (FIEMG), Fl\u00e1vio Roscoe, considerou as medidas anunciadas nesta quinta-feira (28\/12) pelo ministro da Fazenda, Fernando Haddad, como um \u201cequ\u00edvoco extraordin\u00e1rio\u201d e mais um motivo de inseguran\u00e7a jur\u00eddica para o contribuinte brasileiro. Roscoe lembrou que se tornaram recorrentes medidas equivocadas que geram inseguran\u00e7a jur\u00eddica para as empresas, como a Medida Provis\u00f3ria (MP) 11.085, que fixou cobran\u00e7a retroativa de PIS e Cofins.<\/p>\n\n\n\n<p>\u201cO Congresso j\u00e1 havia se manifestado sobre a desonera\u00e7\u00e3o da folha de sal\u00e1rios e, infelizmente, a sanha arrecadadora faz com que o \u00edmpeto em cima dos contribuintes aumente, inclusive penalizando aqueles setores que mais empregam. Essa desonera\u00e7\u00e3o \u00e9 sobre o trabalho\u201d, afirmou.<\/p>\n\n\n\n<p>Sobre a limita\u00e7\u00e3o das compensa\u00e7\u00f5es tribut\u00e1rias, Roscoe disse que retira direitos j\u00e1 adquiridos no Judici\u00e1rio. \u201cDecis\u00e3o judicial \u00e9 algo incondicional, j\u00e1 \u00e9 a \u00faltima inst\u00e2ncia, j\u00e1 houve recursos administrativos ou questionamentos por parte do Fisco na Justi\u00e7a. Agora, a empresa ganha e n\u00e3o pode se compensar. \u00c9 um equ\u00edvoco extraordin\u00e1rio\u201d.<\/p>\n\n\n\n<p>Por outro lado, Fl\u00e1vio Roscoe destacou a isen\u00e7\u00e3o de tributos dada pelo governo a sites internacionais, com perda de arrecada\u00e7\u00e3o. \u201cOu seja, quem trabalha e produz no Brasil paga imposto e vem sendo chamado para pagar mais imposto a todo momento para cobrir o d\u00e9ficit fiscal, mas quem produz no exterior n\u00e3o paga imposto. Esse \u00e9 um equ\u00edvoco que precisa ser corrigido e esperamos ter interlocu\u00e7\u00e3o urgente com o governo\u201d, afirmou.<\/p>\n","protected":false},"featured_media":2440,"template":"","categories":[15],"tags":[129,78,464,80],"class_list":["post-2451","noticias","type-noticias","status-publish","has-post-thumbnail","hentry","category-desenvolvimento-industrial","tag-desoneracao","tag-fiemg","tag-flavio-roscoe","tag-industria"],"acf":[],"yoast_head":"<!-- This site is optimized with the Yoast SEO plugin v26.2 - https:\/\/yoast.com\/wordpress\/plugins\/seo\/ -->\n<title>FIEMG diz que medidas anunciadas pelo governo geram inseguran\u00e7a jur\u00eddica - FIEMG<\/title>\n<meta name=\"description\" content=\"Fl\u00e1vio Roscoe se manifestou a respeito de a\u00e7\u00f5es econ\u00f4micas do Minist\u00e9rio da Fazenda\" \/>\n<meta name=\"robots\" content=\"index, follow, max-snippet:-1, max-image-preview:large, max-video-preview:-1\" \/>\n<link rel=\"canonical\" href=\"https:\/\/www.fiemg.com.br\/regional-sede\/noticias\/fiemg-diz-que-medidas-anunciadas-pelo-governo-geram-inseguranca-juridica\/\" \/>\n<meta property=\"og:locale\" content=\"pt_BR\" \/>\n<meta property=\"og:type\" content=\"article\" \/>\n<meta property=\"og:title\" content=\"FIEMG diz que medidas anunciadas pelo governo geram inseguran\u00e7a jur\u00eddica - FIEMG\" \/>\n<meta property=\"og:description\" content=\"Fl\u00e1vio Roscoe se manifestou a respeito de a\u00e7\u00f5es econ\u00f4micas do Minist\u00e9rio da Fazenda\" \/>\n<meta property=\"og:url\" content=\"https:\/\/www.fiemg.com.br\/regional-sede\/noticias\/fiemg-diz-que-medidas-anunciadas-pelo-governo-geram-inseguranca-juridica\/\" \/>\n<meta property=\"og:site_name\" content=\"FIEMG\" \/>\n<meta property=\"article:modified_time\" content=\"2023-12-28T17:10:50+00:00\" \/>\n<meta property=\"og:image\" content=\"https:\/\/www.fiemg.com.br\/regional-sede\/wp-content\/uploads\/sites\/21\/2023\/12\/roscoe_thumb-1.jpeg\" \/>\n\t<meta property=\"og:image:width\" content=\"300\" \/>\n\t<meta property=\"og:image:height\" content=\"200\" \/>\n\t<meta property=\"og:image:type\" content=\"image\/jpeg\" \/>\n<meta name=\"twitter:card\" content=\"summary_large_image\" \/>\n<meta name=\"twitter:label1\" content=\"Est. tempo de leitura\" \/>\n\t<meta name=\"twitter:data1\" content=\"2 minutos\" \/>\n<script type=\"application\/ld+json\" class=\"yoast-schema-graph\">{\"@context\":\"https:\/\/schema.org\",\"@graph\":[{\"@type\":\"WebPage\",\"@id\":\"https:\/\/www.fiemg.com.br\/regional-sede\/noticias\/fiemg-diz-que-medidas-anunciadas-pelo-governo-geram-inseguranca-juridica\/\",\"url\":\"https:\/\/www.fiemg.com.br\/regional-sede\/noticias\/fiemg-diz-que-medidas-anunciadas-pelo-governo-geram-inseguranca-juridica\/\",\"name\":\"FIEMG diz que medidas anunciadas pelo governo geram inseguran\u00e7a jur\u00eddica - FIEMG\",\"isPartOf\":{\"@id\":\"https:\/\/www.fiemg.com.br\/regional-sede\/#website\"},\"primaryImageOfPage\":{\"@id\":\"https:\/\/www.fiemg.com.br\/regional-sede\/noticias\/fiemg-diz-que-medidas-anunciadas-pelo-governo-geram-inseguranca-juridica\/#primaryimage\"},\"image\":{\"@id\":\"https:\/\/www.fiemg.com.br\/regional-sede\/noticias\/fiemg-diz-que-medidas-anunciadas-pelo-governo-geram-inseguranca-juridica\/#primaryimage\"},\"thumbnailUrl\":\"https:\/\/www.fiemg.com.br\/regional-sede\/wp-content\/uploads\/sites\/21\/2023\/12\/roscoe_thumb-1.jpeg\",\"datePublished\":\"2023-12-28T17:10:48+00:00\",\"dateModified\":\"2023-12-28T17:10:50+00:00\",\"description\":\"Fl\u00e1vio Roscoe se manifestou a respeito de a\u00e7\u00f5es econ\u00f4micas do Minist\u00e9rio da Fazenda\",\"breadcrumb\":{\"@id\":\"https:\/\/www.fiemg.com.br\/regional-sede\/noticias\/fiemg-diz-que-medidas-anunciadas-pelo-governo-geram-inseguranca-juridica\/#breadcrumb\"},\"inLanguage\":\"pt-BR\",\"potentialAction\":[{\"@type\":\"ReadAction\",\"target\":[\"https:\/\/www.fiemg.com.br\/regional-sede\/noticias\/fiemg-diz-que-medidas-anunciadas-pelo-governo-geram-inseguranca-juridica\/\"]}]},{\"@type\":\"ImageObject\",\"inLanguage\":\"pt-BR\",\"@id\":\"https:\/\/www.fiemg.com.br\/regional-sede\/noticias\/fiemg-diz-que-medidas-anunciadas-pelo-governo-geram-inseguranca-juridica\/#primaryimage\",\"url\":\"https:\/\/www.fiemg.com.br\/regional-sede\/wp-content\/uploads\/sites\/21\/2023\/12\/roscoe_thumb-1.jpeg\",\"contentUrl\":\"https:\/\/www.fiemg.com.br\/regional-sede\/wp-content\/uploads\/sites\/21\/2023\/12\/roscoe_thumb-1.jpeg\",\"width\":300,\"height\":200,\"caption\":\"Reforma tribut\u00e1ria \u00e9 um importante passo, mas ainda n\u00e3o \u00e9 a ideal, diz FIEMG\"},{\"@type\":\"BreadcrumbList\",\"@id\":\"https:\/\/www.fiemg.com.br\/regional-sede\/noticias\/fiemg-diz-que-medidas-anunciadas-pelo-governo-geram-inseguranca-juridica\/#breadcrumb\",\"itemListElement\":[{\"@type\":\"ListItem\",\"position\":1,\"name\":\"In\u00edcio\",\"item\":\"https:\/\/www.fiemg.com.br\/regional-sede\/\"},{\"@type\":\"ListItem\",\"position\":2,\"name\":\"FIEMG diz que medidas anunciadas pelo governo geram inseguran\u00e7a jur\u00eddica\"}]},{\"@type\":\"WebSite\",\"@id\":\"https:\/\/www.fiemg.com.br\/regional-sede\/#website\",\"url\":\"https:\/\/www.fiemg.com.br\/regional-sede\/\",\"name\":\"FIEMG\",\"description\":\"Federa\u00e7\u00e3o das Ind\u00fastrias do Estado de Minas Gerais\",\"publisher\":{\"@id\":\"https:\/\/www.fiemg.com.br\/regional-sede\/#organization\"},\"potentialAction\":[{\"@type\":\"SearchAction\",\"target\":{\"@type\":\"EntryPoint\",\"urlTemplate\":\"https:\/\/www.fiemg.com.br\/regional-sede\/?s={search_term_string}\"},\"query-input\":{\"@type\":\"PropertyValueSpecification\",\"valueRequired\":true,\"valueName\":\"search_term_string\"}}],\"inLanguage\":\"pt-BR\"},{\"@type\":\"Organization\",\"@id\":\"https:\/\/www.fiemg.com.br\/regional-sede\/#organization\",\"name\":\"FIEMG\",\"url\":\"https:\/\/www.fiemg.com.br\/regional-sede\/\",\"logo\":{\"@type\":\"ImageObject\",\"inLanguage\":\"pt-BR\",\"@id\":\"https:\/\/www.fiemg.com.br\/regional-sede\/#\/schema\/logo\/image\/\",\"url\":\"https:\/\/www.fiemg.com.br\/regional-sede\/wp-content\/uploads\/sites\/21\/2023\/02\/Ativo-1.png\",\"contentUrl\":\"https:\/\/www.fiemg.com.br\/regional-sede\/wp-content\/uploads\/sites\/21\/2023\/02\/Ativo-1.png\",\"width\":563,\"height\":149,\"caption\":\"FIEMG\"},\"image\":{\"@id\":\"https:\/\/www.fiemg.com.br\/regional-sede\/#\/schema\/logo\/image\/\"}}]}<\/script>\n<!-- \/ Yoast SEO plugin. -->","yoast_head_json":{"title":"FIEMG diz que medidas anunciadas pelo governo geram inseguran\u00e7a jur\u00eddica - FIEMG","description":"Fl\u00e1vio Roscoe se manifestou a respeito de a\u00e7\u00f5es econ\u00f4micas do Minist\u00e9rio da Fazenda","robots":{"index":"index","follow":"follow","max-snippet":"max-snippet:-1","max-image-preview":"max-image-preview:large","max-video-preview":"max-video-preview:-1"},"canonical":"https:\/\/www.fiemg.com.br\/regional-sede\/noticias\/fiemg-diz-que-medidas-anunciadas-pelo-governo-geram-inseguranca-juridica\/","og_locale":"pt_BR","og_type":"article","og_title":"FIEMG diz que medidas anunciadas pelo governo geram inseguran\u00e7a jur\u00eddica - FIEMG","og_description":"Fl\u00e1vio Roscoe se manifestou a respeito de a\u00e7\u00f5es econ\u00f4micas do Minist\u00e9rio da Fazenda","og_url":"https:\/\/www.fiemg.com.br\/regional-sede\/noticias\/fiemg-diz-que-medidas-anunciadas-pelo-governo-geram-inseguranca-juridica\/","og_site_name":"FIEMG","article_modified_time":"2023-12-28T17:10:50+00:00","og_image":[{"width":300,"height":200,"url":"https:\/\/www.fiemg.com.br\/regional-sede\/wp-content\/uploads\/sites\/21\/2023\/12\/roscoe_thumb-1.jpeg","type":"image\/jpeg"}],"twitter_card":"summary_large_image","twitter_misc":{"Est. tempo de leitura":"2 minutos"},"schema":{"@context":"https:\/\/schema.org","@graph":[{"@type":"WebPage","@id":"https:\/\/www.fiemg.com.br\/regional-sede\/noticias\/fiemg-diz-que-medidas-anunciadas-pelo-governo-geram-inseguranca-juridica\/","url":"https:\/\/www.fiemg.com.br\/regional-sede\/noticias\/fiemg-diz-que-medidas-anunciadas-pelo-governo-geram-inseguranca-juridica\/","name":"FIEMG diz que medidas anunciadas pelo governo geram inseguran\u00e7a jur\u00eddica - FIEMG","isPartOf":{"@id":"https:\/\/www.fiemg.com.br\/regional-sede\/#website"},"primaryImageOfPage":{"@id":"https:\/\/www.fiemg.com.br\/regional-sede\/noticias\/fiemg-diz-que-medidas-anunciadas-pelo-governo-geram-inseguranca-juridica\/#primaryimage"},"image":{"@id":"https:\/\/www.fiemg.com.br\/regional-sede\/noticias\/fiemg-diz-que-medidas-anunciadas-pelo-governo-geram-inseguranca-juridica\/#primaryimage"},"thumbnailUrl":"https:\/\/www.fiemg.com.br\/regional-sede\/wp-content\/uploads\/sites\/21\/2023\/12\/roscoe_thumb-1.jpeg","datePublished":"2023-12-28T17:10:48+00:00","dateModified":"2023-12-28T17:10:50+00:00","description":"Fl\u00e1vio Roscoe se manifestou a respeito de a\u00e7\u00f5es econ\u00f4micas do Minist\u00e9rio da Fazenda","breadcrumb":{"@id":"https:\/\/www.fiemg.com.br\/regional-sede\/noticias\/fiemg-diz-que-medidas-anunciadas-pelo-governo-geram-inseguranca-juridica\/#breadcrumb"},"inLanguage":"pt-BR","potentialAction":[{"@type":"ReadAction","target":["https:\/\/www.fiemg.com.br\/regional-sede\/noticias\/fiemg-diz-que-medidas-anunciadas-pelo-governo-geram-inseguranca-juridica\/"]}]},{"@type":"ImageObject","inLanguage":"pt-BR","@id":"https:\/\/www.fiemg.com.br\/regional-sede\/noticias\/fiemg-diz-que-medidas-anunciadas-pelo-governo-geram-inseguranca-juridica\/#primaryimage","url":"https:\/\/www.fiemg.com.br\/regional-sede\/wp-content\/uploads\/sites\/21\/2023\/12\/roscoe_thumb-1.jpeg","contentUrl":"https:\/\/www.fiemg.com.br\/regional-sede\/wp-content\/uploads\/sites\/21\/2023\/12\/roscoe_thumb-1.jpeg","width":300,"height":200,"caption":"Reforma tribut\u00e1ria \u00e9 um importante passo, mas ainda n\u00e3o \u00e9 a ideal, diz FIEMG"},{"@type":"BreadcrumbList","@id":"https:\/\/www.fiemg.com.br\/regional-sede\/noticias\/fiemg-diz-que-medidas-anunciadas-pelo-governo-geram-inseguranca-juridica\/#breadcrumb","itemListElement":[{"@type":"ListItem","position":1,"name":"In\u00edcio","item":"https:\/\/www.fiemg.com.br\/regional-sede\/"},{"@type":"ListItem","position":2,"name":"FIEMG diz que medidas anunciadas pelo governo geram inseguran\u00e7a jur\u00eddica"}]},{"@type":"WebSite","@id":"https:\/\/www.fiemg.com.br\/regional-sede\/#website","url":"https:\/\/www.fiemg.com.br\/regional-sede\/","name":"FIEMG","description":"Federa\u00e7\u00e3o das Ind\u00fastrias do Estado de Minas Gerais","publisher":{"@id":"https:\/\/www.fiemg.com.br\/regional-sede\/#organization"},"potentialAction":[{"@type":"SearchAction","target":{"@type":"EntryPoint","urlTemplate":"https:\/\/www.fiemg.com.br\/regional-sede\/?s={search_term_string}"},"query-input":{"@type":"PropertyValueSpecification","valueRequired":true,"valueName":"search_term_string"}}],"inLanguage":"pt-BR"},{"@type":"Organization","@id":"https:\/\/www.fiemg.com.br\/regional-sede\/#organization","name":"FIEMG","url":"https:\/\/www.fiemg.com.br\/regional-sede\/","logo":{"@type":"ImageObject","inLanguage":"pt-BR","@id":"https:\/\/www.fiemg.com.br\/regional-sede\/#\/schema\/logo\/image\/","url":"https:\/\/www.fiemg.com.br\/regional-sede\/wp-content\/uploads\/sites\/21\/2023\/02\/Ativo-1.png","contentUrl":"https:\/\/www.fiemg.com.br\/regional-sede\/wp-content\/uploads\/sites\/21\/2023\/02\/Ativo-1.png","width":563,"height":149,"caption":"FIEMG"},"image":{"@id":"https:\/\/www.fiemg.com.br\/regional-sede\/#\/schema\/logo\/image\/"}}]}},"_links":{"self":[{"href":"https:\/\/www.fiemg.com.br\/regional-sede\/wp-json\/wp\/v2\/noticias\/2451","targetHints":{"allow":["GET"]}}],"collection":[{"href":"https:\/\/www.fiemg.com.br\/regional-sede\/wp-json\/wp\/v2\/noticias"}],"about":[{"href":"https:\/\/www.fiemg.com.br\/regional-sede\/wp-json\/wp\/v2\/types\/noticias"}],"wp:featuredmedia":[{"embeddable":true,"href":"https:\/\/www.fiemg.com.br\/regional-sede\/wp-json\/wp\/v2\/media\/2440"}],"wp:attachment":[{"href":"https:\/\/www.fiemg.com.br\/regional-sede\/wp-json\/wp\/v2\/media?parent=2451"}],"wp:term":[{"taxonomy":"category","embeddable":true,"href":"https:\/\/www.fiemg.com.br\/regional-sede\/wp-json\/wp\/v2\/categories?post=2451"},{"taxonomy":"post_tag","embeddable":true,"href":"https:\/\/www.fiemg.com.br\/regional-sede\/wp-json\/wp\/v2\/tags?post=2451"}],"curies":[{"name":"wp","href":"https:\/\/api.w.org\/{rel}","templated":true}]}}